{"id":2234,"date":"2024-09-08T06:18:24","date_gmt":"2024-09-08T06:18:24","guid":{"rendered":"https:\/\/stourm.news\/?p=2234"},"modified":"2024-09-08T06:22:42","modified_gmt":"2024-09-08T06:22:42","slug":"morvan-marchal-tad-an-emsav-par-goulven-pennaod","status":"publish","type":"post","link":"https:\/\/stourm.news\/?p=2234","title":{"rendered":"Morvan Marchal, Tad an Emsav par Goulven Pennaod"},"content":{"rendered":"<p style=\"text-align: justify;\"><strong>\u00ab Souvent je songe \u00e0 vous dieux oubli\u00e9s des hommes&#8230; \u00bb<\/strong>, \u00e9crivait voici vingt ans Morvan MARCHAL dans un de ses meilleurs po\u00e8mes. Ce soir aussi je pense \u00e0 toi, Morvan Gozh, et deux ou trois camarades aux quatre coins de cette damn\u00e9e boule se souviennent peut-\u00eatre de ton visage que nous ne conna\u00eetrons plus. Voici trois mois, je t&rsquo;avais trouv\u00e9 tr\u00e8s affaibli sur ton lit d&rsquo;h\u00f4pital et il me vint \u00e0 l&rsquo;id\u00e9e de sugg\u00e9rer \u00e0 un ami du Mouvement de faire quelque chose pour rompre ta solitude. <strong>\u00ab Envoie donc, lui dis-je, un des jeunes de ton groupe voir le p\u00e8re Marchal \u00e0 l&rsquo;h\u00f4pital Lariboisi\u00e8re. \u00bb<\/strong> <strong>\u00ab Le P\u00e8re Marchal ? C&rsquo;est un Dominicain ? \u00bb<\/strong> me r\u00e9pondit-il. Sic transit&#8230;<\/p>\n<p style=\"text-align: justify;\">Eh non, le \u00ab p\u00e8re Marchal \u00bb \u00e9tait rien moins que Dominicain. C&rsquo;\u00e9tait seulement celui qui, apr\u00e8s la premi\u00e8re guerre mondiale, fonda Breiz Atao.<\/p>\n<p style=\"text-align: justify;\">Au d\u00e9but de juin dernier, c&rsquo;\u00e9tait le d\u00e9part d&rsquo;Abeozen. Ecrivant son n\u00e9crologe pour \u00ab Ar Vro \u00bb, je ne pensais pas que trois mois plus tard il me faudrait faire de m\u00eame pour Marchal. Depuis de longues ann\u00e9es il vivait extr\u00eamement retir\u00e9, clou\u00e9 sur son lit par une maladie impitoyable. De temps \u00e0 autre, quelques-uns de ses anciens compagnons l&rsquo;allaient voir. Trop peu nombreux et trop peu souvent : il y avait Paul Gaignet, R. Gl\u00e9marec, Jon Mirande, G\u00e9rard Toublanc et puis moi lorsque je n&rsquo;\u00e9tais pas \u00e0 l&rsquo;autre bout du monde ; Mordrel, R. Tullou et Th\u00e9o Jeusset s&rsquo;inqui\u00e9taient de lui. Quelques autres aussi sans doute, comme Eostig Sarzhaw et Kalondan : j&rsquo;ai cit\u00e9 des noms, ce n&rsquo;est pas pour \u00e9tablir un palmar\u00e8s assez vain, mais parce qu&rsquo;il faut bien dire que la plupart des \u00ab\u00a0grandes voix\u00a0\u00bb de \u00ab\u00a0l&rsquo;Emsav\u00a0\u00bb ne se sont jamais souci\u00e9es de savoir ce que pouvait bien devenir celui qui les avait politiquement engendr\u00e9s.<\/p>\n<p style=\"text-align: justify;\"><strong>\u00ab A Ch\u00e2teaugiron, me disait un pr\u00eatre que j&rsquo;aimais bien, nous avons l&rsquo;abattoir des vieux cur\u00e9s; o\u00f9 comptez-vous \u00e9tablir l&rsquo;abattoir des vieux druides, et quand ?\u00bb<\/strong> Maintenant nous le savons : c&rsquo;est dans cet infect h\u00f4pital Lariboisi\u00e8re, dans une salle commune sordide et surpeupl\u00e9e, que l&rsquo;Emsav a laiss\u00e9 mourir ses cr\u00e9ateurs. C&rsquo;est l\u00e0 que Morvan Marchal est mort le 16 ao\u00fbt, seul. C&rsquo;est de l\u00e0 qu&rsquo;il est parti, le 19, vers le cimeti\u00e8re de Pantin, accompagn\u00e9 de ses proches et du seul Gl\u00e9marec. Pas de biniou ni de flon-flon folklorique. Pas de discours sur sa tombe. Qu&rsquo;aurait-on dit d&rsquo;ailleurs ?<\/p>\n<p style=\"text-align: justify;\">Il aurait fallu publiquement dire des choses bien compromettantes pour des gens en place! Que par exemple, \u00e0 peine sorti du lyc\u00e9e, Morvan Marchal, fauchant une dizaine de francs dans le bureau de son p\u00e8re fit imprimer quelques centaines de tracts \u00e0 propos de je ne sais trop quelle c\u00e9l\u00e9bration officielle de du Guesclin; que sur ces tracts coll\u00e9s aux murs des maisons des bourgeois bien-pensants de Rennes, on pouvait lire : \u00ab\u00a0Du Guesclin est un tra\u00eetre ! Lisez Breiz Atao !\u00a0\u00bb. Il n&rsquo;est que juste d&rsquo;ajouter que ce nom maudit ne fit pas fr\u00e9mir le moindre de nos compatriotes. Qui pouvait bien conna\u00eetre Breiz Atao, mis \u00e0 part Job de Roinc\u00e9, Prado, Bricler, Mordrel, Debauvais et deux ou trois autres \u00ab bugel fall \u00bb ? Il aurait fallu raconter comment le jeune francequillon monarchiste s&rsquo;\u00e9tait d\u00e9couvert une vocation de chouan en lisant p\u00eale-m\u00eale Paul F\u00e9val, Th\u00e9odore Botrel et un livre d&rsquo;images sur les Am\u00e9rindiens&#8230; De quoi faire fr\u00e9mir nos t\u00eates pensantes aujourd&rsquo;hui, n&rsquo;est-ce pas ? Et cela marque le chemin que l&rsquo;on oublie parcouru gr\u00e2ce \u00e0 quelques hommes comme lui dans un h\u00f4pital ou le fond de la Sierra.<\/p>\n<p style=\"text-align: justify;\">Certes, Marchal n&rsquo;a pas invent\u00e9 \u00ab\u00a0l&rsquo;Emsav\u00a0\u00bb. Avant lui, et sans remonter au d\u00e9luge, il y a eu L&rsquo;Estourbeillon, Choleau, Taldir, Le Mercier d&rsquo;Erm, et bien d&rsquo;autres. Mais avec Marchal et Mordrel, c&rsquo;est un nouveau style breton de vie qui a surgi; depuis eux, il y a un probl\u00e8me breton, tenace, irritant, mena\u00e7ant parfois ; il y a des jeunes qui se soucient bien peu des brago\u00f9 bras et du vieux \u00ab\u00a0br\u00e9zounecq\u00a0\u00bb, ce dialecte rocailleux que parlent encore quelques mendiants arri\u00e9r\u00e9s et crasseux, des demi-sauvages, des barbares, \u00e0 l&rsquo;extr\u00eame ouest de la France \u00ab\u00a0notre m\u00e8re\u00a0\u00bb ; des jeunes qui vous rient au nez lorsque d&rsquo;aventure un quidam d\u00e9cor\u00e9 et bedonnant leur vient parler de \u00ab\u00a0petite patrie dans la grande patrie\u00a0\u00bb : gr\u00e2ce \u00e0 Marchal et \u00e0 Mordrel, il y a des Bretons et plus nombreux chaque jour qui ne reconnaissent que la Bretagne pour patrie.<\/p>\n<p style=\"text-align: justify;\">Le vrai combat a commenc\u00e9 le jour o\u00f9 fut cr\u00e9\u00e9e l&rsquo;Unvaniez Yaouankiz Vreiz \u00e0 laquelle un nationaliste fanatique, d\u00e9j\u00e0 bien connu par une \u00ab Enqu\u00eate sur le s\u00e9paratisme \u00bb, donna son premier insigne ; ce militant a nom Fa\u00f1ch Gourvil qui depuis&#8230; Mais malgr\u00e9 ce bien f\u00e2cheux patronage, l&rsquo;U.Y.V. prosp\u00e9ra et les noms de ceux qui y firent leurs premi\u00e8res armes sont aujourd&rsquo;hui bien connus : Hemon, Abeozen, Debauvais, Riou, Drezen, etc&#8230;<\/p>\n<p style=\"text-align: justify;\">Parfois Marchal se retira sous sa tente; lorsqu&rsquo;il \u00e9tait en d\u00e9saccord avec la majorit\u00e9, il pr\u00e9f\u00e9rait le silence \u00e0 une pol\u00e9mique toujours nuisible. Ce chouan \u00e9voluait sensiblement vers la gauche et il n&rsquo;est pas \u00e9tonnant qu&rsquo;on l&rsquo;ait retrouv\u00e9 \u00e0 La Bretagne F\u00e9d\u00e9rale puis lors du Manifeste des Bretons F\u00e9d\u00e9ralistes. Grand admirateur de Proudhon, il se sentait mal \u00e0 l&rsquo;aise avec la doctrine SAGA et l&rsquo;attitude politique de B. A. dans les ann\u00e9es qui ont pr\u00e9c\u00e9d\u00e9 la guerre.<\/p>\n<p style=\"text-align: justify;\">Mais retir\u00e9 de la vie politique active il ne d\u00e9laissait pas la Bretagne. Poursuivant sa qu\u00eate de la celticit\u00e9, il devait bient\u00f4t se joindre \u00e0 Rafig Tullou et, avec Bayer du Kern, donner vie \u00e0 cet \u00e9tonnant Kad et \u00e0 la Fraternit\u00e9 des Hommes du Ch\u00eane qui, aussi \u00e9loign\u00e9s du bardisme de dolmens en carton bouilli si bien magnifi\u00e9 par Jakez Riou, que d&rsquo;un christianisme parfois abusif, allaient susciter en Bretagne le premier mouvement s\u00e9rieux de recherche du celtisme authentique pr\u00e9-chr\u00e9tien. On peut passer rapidement sur les tentatives plus ou moins avort\u00e9es de r\u00e9surgence d&rsquo;un n\u00e9o-paganisme, encore qu&rsquo;il serait sans doute pr\u00e9matur\u00e9 d&rsquo;enterrer le Kredenn Geltiek, mais sans ce magnifique essai que fut la revue Nemeton publi\u00e9e entre 1942 et 1944 par Marchal et dans laquelle il faut lire son \u00ab Druidisme et les traditions initiatiques \u00bb, la litt\u00e9rature bretonne n&rsquo;aurait pas \u00e0 s&rsquo;enorgueillir des plus beaux po\u00e8mes de Gw. Berthou-Kerverziou, comme Epona, Nemeton, Manos ha Bena; le Gorsedd serait encore cet \u00ab emsav meurlarjez \u00bb de saltimbanques d\u00e9guis\u00e9s qu&rsquo;il fut entre les deux guerres; et enfin, il n&rsquo;y aurait jamais eu d&rsquo;Ogam ni peut-\u00eatre bien d&rsquo;Hor Yezh, \u00e2 Natrouissus !<\/p>\n<p style=\"text-align: justify;\">L\u00e0 encore Marchal a voulu \u00eatre Maen Nevez, l&rsquo;Artonouios, et s&rsquo;il avait \u00e9t\u00e9 reconnu \u00abarchidruide\u00bb par ses fr\u00e8res dans la clairi\u00e8re, c&rsquo;est qu&rsquo;il \u00e9tait v\u00e9ritablement le Ma\u00eetre qui enseigne. Sous un aspect volontiers rieur et d\u00e9bonnaire, ce joyeux compagnon \u00e9tait un homme d&rsquo;une grande sensibilit\u00e9 et d&rsquo;une tr\u00e8s vaste culture. Tr\u00e8s haut initi\u00e9 de la Ma\u00e7onnerie sp\u00e9culative, il \u00e9tait particuli\u00e8rement vers\u00e9 dans le symbolisme, et les ma\u00e7ons les plus \u00e9minents reconnaissaient sa ma\u00eetrise. Une de ses derni\u00e8res joies fut sans doute d&rsquo;apprendre la naissance d&rsquo;un atelier sp\u00e9cifiquement breton&#8230;<\/p>\n<p style=\"text-align: justify;\">Est-il besoin de dire que Marchal fut emprisonn\u00e9 en 1944 et qu&rsquo;il dut ensuite, comme tant d&rsquo;autres, refaire sa vie \u00e0 partir de z\u00e9ro. Cela aussi, comme pour Abeozen, ne fut pas pour peu dans sa maladie.<\/p>\n<p style=\"text-align: justify;\">\u00abTad an emsav\u00bb ai-je \u00e9crit en sous-titre : ce nom, <strong>\u00ab Danse- \u00e0-l&rsquo;ombre, capitaine de paroisse \u00bb<\/strong> comme il se nomma lui- m\u00eame, il le m\u00e9rite bien puisqu&rsquo;il fut v\u00e9ritablement le cr\u00e9ateur de l&rsquo;Emsav moderne. Sans bruit, sans vaine gloire, il a poursuivi sa t\u00e2che tant que la maladie lui a laiss\u00e9 quelque r\u00e9pit ; et aujourd&rsquo;hui encore il est toujours parmi nous, dans ce drapeau \u00ab\u00a0gwenn ha du\u00a0\u00bb qu&rsquo;il a dessin\u00e9 et qui demeure celui de la Bretagne nouvelle qui marche vers son destin.<\/p>\n<p style=\"text-align: right;\"><strong>Goulven\u00a0<\/strong><b>Pennaod, Ar Vro n\u00b022 (1963)<\/b><\/p>\n","protected":false},"excerpt":{"rendered":"<p>\u00ab Souvent je songe \u00e0 vous dieux oubli\u00e9s des hommes&#8230; \u00bb, \u00e9crivait voici vingt ans Morvan MARCHAL dans un de ses meilleurs po\u00e8mes. Ce soir aussi je pense \u00e0 toi, Morvan Gozh, et deux ou trois camarades aux quatre coins de cette damn\u00e9e boule se souviennent peut-\u00eatre de ton visage que nous ne conna\u00eetrons plus. [&hellip;]<\/p>\n","protected":false},"author":1,"featured_media":2238,"comment_status":"open","ping_status":"open","sticky":false,"template":"","format":"standard","meta":{"sb_editor_width":"","footnotes":""},"categories":[58,65],"tags":[],"class_list":["post-2234","post","type-post","status-publish","format-standard","has-post-thumbnail","hentry","category-breizh","category-principale"],"relative_dates":{"created":"2 ans ago","modified":"2 ans ago"},"yoast_head":"<!-- This site is optimized with the Yoast SEO plugin v26.3 - https:\/\/yoast.com\/wordpress\/plugins\/seo\/ -->\n<title>Morvan Marchal, Tad an Emsav par Goulven Pennaod - STOURM<\/title>\n<meta name=\"robots\" content=\"index, follow, max-snippet:-1, max-image-preview:large, max-video-preview:-1\" \/>\n<link rel=\"canonical\" href=\"https:\/\/stourm.news\/?p=2234\" \/>\n<meta property=\"og:locale\" content=\"fr_FR\" \/>\n<meta property=\"og:type\" content=\"article\" \/>\n<meta property=\"og:title\" content=\"Morvan Marchal, Tad an Emsav par Goulven Pennaod - STOURM\" \/>\n<meta property=\"og:description\" content=\"\u00ab Souvent je songe \u00e0 vous dieux oubli\u00e9s des hommes&#8230; \u00bb, \u00e9crivait voici vingt ans Morvan MARCHAL dans un de ses meilleurs po\u00e8mes. Ce soir aussi je pense \u00e0 toi, Morvan Gozh, et deux ou trois camarades aux quatre coins de cette damn\u00e9e boule se souviennent peut-\u00eatre de ton visage que nous ne conna\u00eetrons plus. [&hellip;]\" \/>\n<meta property=\"og:url\" content=\"https:\/\/stourm.news\/?p=2234\" \/>\n<meta property=\"og:site_name\" content=\"STOURM\" \/>\n<meta property=\"article:publisher\" content=\"https:\/\/www.facebook.com\/stourmnews\/\" \/>\n<meta property=\"article:published_time\" content=\"2024-09-08T06:18:24+00:00\" \/>\n<meta property=\"article:modified_time\" content=\"2024-09-08T06:22:42+00:00\" \/>\n<meta property=\"og:image\" content=\"https:\/\/stourm.news\/wp-content\/uploads\/2024\/09\/Capture-decran-2024-09-08-a-15.22.11.png\" \/>\n\t<meta property=\"og:image:width\" content=\"1206\" \/>\n\t<meta property=\"og:image:height\" content=\"870\" \/>\n\t<meta property=\"og:image:type\" content=\"image\/png\" \/>\n<meta name=\"author\" content=\"La r\u00e9daction\" \/>\n<meta name=\"twitter:card\" content=\"summary_large_image\" \/>\n<meta name=\"twitter:label1\" content=\"\u00c9crit par\" \/>\n\t<meta name=\"twitter:data1\" content=\"La r\u00e9daction\" \/>\n\t<meta name=\"twitter:label2\" content=\"Dur\u00e9e de lecture estim\u00e9e\" \/>\n\t<meta name=\"twitter:data2\" content=\"7 minutes\" \/>\n<script type=\"application\/ld+json\" class=\"yoast-schema-graph\">{\"@context\":\"https:\/\/schema.org\",\"@graph\":[{\"@type\":\"Article\",\"@id\":\"https:\/\/stourm.news\/?p=2234#article\",\"isPartOf\":{\"@id\":\"https:\/\/stourm.news\/?p=2234\"},\"author\":{\"name\":\"La r\u00e9daction\",\"@id\":\"https:\/\/stourm.news\/#\/schema\/person\/c3e1dc65988632e190969234ef046cf9\"},\"headline\":\"Morvan Marchal, Tad an Emsav par Goulven Pennaod\",\"datePublished\":\"2024-09-08T06:18:24+00:00\",\"dateModified\":\"2024-09-08T06:22:42+00:00\",\"mainEntityOfPage\":{\"@id\":\"https:\/\/stourm.news\/?p=2234\"},\"wordCount\":1432,\"commentCount\":0,\"publisher\":{\"@id\":\"https:\/\/stourm.news\/#organization\"},\"image\":{\"@id\":\"https:\/\/stourm.news\/?p=2234#primaryimage\"},\"thumbnailUrl\":\"https:\/\/stourm.news\/wp-content\/uploads\/2024\/09\/Capture-decran-2024-09-08-a-15.22.11.png\",\"articleSection\":[\"Breizh\",\"Principale\"],\"inLanguage\":\"fr-FR\",\"potentialAction\":[{\"@type\":\"CommentAction\",\"name\":\"Comment\",\"target\":[\"https:\/\/stourm.news\/?p=2234#respond\"]}]},{\"@type\":\"WebPage\",\"@id\":\"https:\/\/stourm.news\/?p=2234\",\"url\":\"https:\/\/stourm.news\/?p=2234\",\"name\":\"Morvan Marchal, Tad an Emsav par Goulven Pennaod - STOURM\",\"isPartOf\":{\"@id\":\"https:\/\/stourm.news\/#website\"},\"primaryImageOfPage\":{\"@id\":\"https:\/\/stourm.news\/?p=2234#primaryimage\"},\"image\":{\"@id\":\"https:\/\/stourm.news\/?p=2234#primaryimage\"},\"thumbnailUrl\":\"https:\/\/stourm.news\/wp-content\/uploads\/2024\/09\/Capture-decran-2024-09-08-a-15.22.11.png\",\"datePublished\":\"2024-09-08T06:18:24+00:00\",\"dateModified\":\"2024-09-08T06:22:42+00:00\",\"breadcrumb\":{\"@id\":\"https:\/\/stourm.news\/?p=2234#breadcrumb\"},\"inLanguage\":\"fr-FR\",\"potentialAction\":[{\"@type\":\"ReadAction\",\"target\":[\"https:\/\/stourm.news\/?p=2234\"]}]},{\"@type\":\"ImageObject\",\"inLanguage\":\"fr-FR\",\"@id\":\"https:\/\/stourm.news\/?p=2234#primaryimage\",\"url\":\"https:\/\/stourm.news\/wp-content\/uploads\/2024\/09\/Capture-decran-2024-09-08-a-15.22.11.png\",\"contentUrl\":\"https:\/\/stourm.news\/wp-content\/uploads\/2024\/09\/Capture-decran-2024-09-08-a-15.22.11.png\",\"width\":1206,\"height\":870},{\"@type\":\"BreadcrumbList\",\"@id\":\"https:\/\/stourm.news\/?p=2234#breadcrumb\",\"itemListElement\":[{\"@type\":\"ListItem\",\"position\":1,\"name\":\"Accueil\",\"item\":\"https:\/\/stourm.news\/\"},{\"@type\":\"ListItem\",\"position\":2,\"name\":\"Morvan Marchal, Tad an Emsav par Goulven Pennaod\"}]},{\"@type\":\"WebSite\",\"@id\":\"https:\/\/stourm.news\/#website\",\"url\":\"https:\/\/stourm.news\/\",\"name\":\"Stourm\",\"description\":\"Kazetenn Strollad Broadel Breizh\",\"publisher\":{\"@id\":\"https:\/\/stourm.news\/#organization\"},\"potentialAction\":[{\"@type\":\"SearchAction\",\"target\":{\"@type\":\"EntryPoint\",\"urlTemplate\":\"https:\/\/stourm.news\/?s={search_term_string}\"},\"query-input\":{\"@type\":\"PropertyValueSpecification\",\"valueRequired\":true,\"valueName\":\"search_term_string\"}}],\"inLanguage\":\"fr-FR\"},{\"@type\":\"Organization\",\"@id\":\"https:\/\/stourm.news\/#organization\",\"name\":\"Stourm\",\"url\":\"https:\/\/stourm.news\/\",\"logo\":{\"@type\":\"ImageObject\",\"inLanguage\":\"fr-FR\",\"@id\":\"https:\/\/stourm.news\/#\/schema\/logo\/image\/\",\"url\":\"https:\/\/stourm.news\/wp-content\/uploads\/2025\/11\/cropped-Capture-decran-2025-11-28-a-15.19.07.png\",\"contentUrl\":\"https:\/\/stourm.news\/wp-content\/uploads\/2025\/11\/cropped-Capture-decran-2025-11-28-a-15.19.07.png\",\"width\":1855,\"height\":383,\"caption\":\"Stourm\"},\"image\":{\"@id\":\"https:\/\/stourm.news\/#\/schema\/logo\/image\/\"},\"sameAs\":[\"https:\/\/www.facebook.com\/stourmnews\/\"]},{\"@type\":\"Person\",\"@id\":\"https:\/\/stourm.news\/#\/schema\/person\/c3e1dc65988632e190969234ef046cf9\",\"name\":\"La r\u00e9daction\",\"image\":{\"@type\":\"ImageObject\",\"inLanguage\":\"fr-FR\",\"@id\":\"https:\/\/stourm.news\/#\/schema\/person\/image\/\",\"url\":\"https:\/\/secure.gravatar.com\/avatar\/7463443f194b6b5fb706b074ca0ef59a0cfcfd720cb47764b0ec5a952ce422b3?s=96&d=mm&r=g\",\"contentUrl\":\"https:\/\/secure.gravatar.com\/avatar\/7463443f194b6b5fb706b074ca0ef59a0cfcfd720cb47764b0ec5a952ce422b3?s=96&d=mm&r=g\",\"caption\":\"La r\u00e9daction\"},\"sameAs\":[\"https:\/\/stourm.news\"],\"url\":\"https:\/\/stourm.news\/?author=1\"}]}<\/script>\n<!-- \/ Yoast SEO plugin. -->","yoast_head_json":{"title":"Morvan Marchal, Tad an Emsav par Goulven Pennaod - STOURM","robots":{"index":"index","follow":"follow","max-snippet":"max-snippet:-1","max-image-preview":"max-image-preview:large","max-video-preview":"max-video-preview:-1"},"canonical":"https:\/\/stourm.news\/?p=2234","og_locale":"fr_FR","og_type":"article","og_title":"Morvan Marchal, Tad an Emsav par Goulven Pennaod - STOURM","og_description":"\u00ab Souvent je songe \u00e0 vous dieux oubli\u00e9s des hommes&#8230; \u00bb, \u00e9crivait voici vingt ans Morvan MARCHAL dans un de ses meilleurs po\u00e8mes. Ce soir aussi je pense \u00e0 toi, Morvan Gozh, et deux ou trois camarades aux quatre coins de cette damn\u00e9e boule se souviennent peut-\u00eatre de ton visage que nous ne conna\u00eetrons plus. [&hellip;]","og_url":"https:\/\/stourm.news\/?p=2234","og_site_name":"STOURM","article_publisher":"https:\/\/www.facebook.com\/stourmnews\/","article_published_time":"2024-09-08T06:18:24+00:00","article_modified_time":"2024-09-08T06:22:42+00:00","og_image":[{"width":1206,"height":870,"url":"https:\/\/stourm.news\/wp-content\/uploads\/2024\/09\/Capture-decran-2024-09-08-a-15.22.11.png","type":"image\/png"}],"author":"La r\u00e9daction","twitter_card":"summary_large_image","twitter_misc":{"\u00c9crit par":"La r\u00e9daction","Dur\u00e9e de lecture estim\u00e9e":"7 minutes"},"schema":{"@context":"https:\/\/schema.org","@graph":[{"@type":"Article","@id":"https:\/\/stourm.news\/?p=2234#article","isPartOf":{"@id":"https:\/\/stourm.news\/?p=2234"},"author":{"name":"La r\u00e9daction","@id":"https:\/\/stourm.news\/#\/schema\/person\/c3e1dc65988632e190969234ef046cf9"},"headline":"Morvan Marchal, Tad an Emsav par Goulven Pennaod","datePublished":"2024-09-08T06:18:24+00:00","dateModified":"2024-09-08T06:22:42+00:00","mainEntityOfPage":{"@id":"https:\/\/stourm.news\/?p=2234"},"wordCount":1432,"commentCount":0,"publisher":{"@id":"https:\/\/stourm.news\/#organization"},"image":{"@id":"https:\/\/stourm.news\/?p=2234#primaryimage"},"thumbnailUrl":"https:\/\/stourm.news\/wp-content\/uploads\/2024\/09\/Capture-decran-2024-09-08-a-15.22.11.png","articleSection":["Breizh","Principale"],"inLanguage":"fr-FR","potentialAction":[{"@type":"CommentAction","name":"Comment","target":["https:\/\/stourm.news\/?p=2234#respond"]}]},{"@type":"WebPage","@id":"https:\/\/stourm.news\/?p=2234","url":"https:\/\/stourm.news\/?p=2234","name":"Morvan Marchal, Tad an Emsav par Goulven Pennaod - STOURM","isPartOf":{"@id":"https:\/\/stourm.news\/#website"},"primaryImageOfPage":{"@id":"https:\/\/stourm.news\/?p=2234#primaryimage"},"image":{"@id":"https:\/\/stourm.news\/?p=2234#primaryimage"},"thumbnailUrl":"https:\/\/stourm.news\/wp-content\/uploads\/2024\/09\/Capture-decran-2024-09-08-a-15.22.11.png","datePublished":"2024-09-08T06:18:24+00:00","dateModified":"2024-09-08T06:22:42+00:00","breadcrumb":{"@id":"https:\/\/stourm.news\/?p=2234#breadcrumb"},"inLanguage":"fr-FR","potentialAction":[{"@type":"ReadAction","target":["https:\/\/stourm.news\/?p=2234"]}]},{"@type":"ImageObject","inLanguage":"fr-FR","@id":"https:\/\/stourm.news\/?p=2234#primaryimage","url":"https:\/\/stourm.news\/wp-content\/uploads\/2024\/09\/Capture-decran-2024-09-08-a-15.22.11.png","contentUrl":"https:\/\/stourm.news\/wp-content\/uploads\/2024\/09\/Capture-decran-2024-09-08-a-15.22.11.png","width":1206,"height":870},{"@type":"BreadcrumbList","@id":"https:\/\/stourm.news\/?p=2234#breadcrumb","itemListElement":[{"@type":"ListItem","position":1,"name":"Accueil","item":"https:\/\/stourm.news\/"},{"@type":"ListItem","position":2,"name":"Morvan Marchal, Tad an Emsav par Goulven Pennaod"}]},{"@type":"WebSite","@id":"https:\/\/stourm.news\/#website","url":"https:\/\/stourm.news\/","name":"Stourm","description":"Kazetenn Strollad Broadel Breizh","publisher":{"@id":"https:\/\/stourm.news\/#organization"},"potentialAction":[{"@type":"SearchAction","target":{"@type":"EntryPoint","urlTemplate":"https:\/\/stourm.news\/?s={search_term_string}"},"query-input":{"@type":"PropertyValueSpecification","valueRequired":true,"valueName":"search_term_string"}}],"inLanguage":"fr-FR"},{"@type":"Organization","@id":"https:\/\/stourm.news\/#organization","name":"Stourm","url":"https:\/\/stourm.news\/","logo":{"@type":"ImageObject","inLanguage":"fr-FR","@id":"https:\/\/stourm.news\/#\/schema\/logo\/image\/","url":"https:\/\/stourm.news\/wp-content\/uploads\/2025\/11\/cropped-Capture-decran-2025-11-28-a-15.19.07.png","contentUrl":"https:\/\/stourm.news\/wp-content\/uploads\/2025\/11\/cropped-Capture-decran-2025-11-28-a-15.19.07.png","width":1855,"height":383,"caption":"Stourm"},"image":{"@id":"https:\/\/stourm.news\/#\/schema\/logo\/image\/"},"sameAs":["https:\/\/www.facebook.com\/stourmnews\/"]},{"@type":"Person","@id":"https:\/\/stourm.news\/#\/schema\/person\/c3e1dc65988632e190969234ef046cf9","name":"La r\u00e9daction","image":{"@type":"ImageObject","inLanguage":"fr-FR","@id":"https:\/\/stourm.news\/#\/schema\/person\/image\/","url":"https:\/\/secure.gravatar.com\/avatar\/7463443f194b6b5fb706b074ca0ef59a0cfcfd720cb47764b0ec5a952ce422b3?s=96&d=mm&r=g","contentUrl":"https:\/\/secure.gravatar.com\/avatar\/7463443f194b6b5fb706b074ca0ef59a0cfcfd720cb47764b0ec5a952ce422b3?s=96&d=mm&r=g","caption":"La r\u00e9daction"},"sameAs":["https:\/\/stourm.news"],"url":"https:\/\/stourm.news\/?author=1"}]}},"_links":{"self":[{"href":"https:\/\/stourm.news\/index.php?rest_route=\/wp\/v2\/posts\/2234","targetHints":{"allow":["GET"]}}],"collection":[{"href":"https:\/\/stourm.news\/index.php?rest_route=\/wp\/v2\/posts"}],"about":[{"href":"https:\/\/stourm.news\/index.php?rest_route=\/wp\/v2\/types\/post"}],"author":[{"embeddable":true,"href":"https:\/\/stourm.news\/index.php?rest_route=\/wp\/v2\/users\/1"}],"replies":[{"embeddable":true,"href":"https:\/\/stourm.news\/index.php?rest_route=%2Fwp%2Fv2%2Fcomments&post=2234"}],"version-history":[{"count":2,"href":"https:\/\/stourm.news\/index.php?rest_route=\/wp\/v2\/posts\/2234\/revisions"}],"predecessor-version":[{"id":2237,"href":"https:\/\/stourm.news\/index.php?rest_route=\/wp\/v2\/posts\/2234\/revisions\/2237"}],"wp:featuredmedia":[{"embeddable":true,"href":"https:\/\/stourm.news\/index.php?rest_route=\/wp\/v2\/media\/2238"}],"wp:attachment":[{"href":"https:\/\/stourm.news\/index.php?rest_route=%2Fwp%2Fv2%2Fmedia&parent=2234"}],"wp:term":[{"taxonomy":"category","embeddable":true,"href":"https:\/\/stourm.news\/index.php?rest_route=%2Fwp%2Fv2%2Fcategories&post=2234"},{"taxonomy":"post_tag","embeddable":true,"href":"https:\/\/stourm.news\/index.php?rest_route=%2Fwp%2Fv2%2Ftags&post=2234"}],"curies":[{"name":"wp","href":"https:\/\/api.w.org\/{rel}","templated":true}]}}