{"id":2243,"date":"2025-10-17T06:46:19","date_gmt":"2025-10-17T06:46:19","guid":{"rendered":"https:\/\/stourm.news\/?p=2243"},"modified":"2025-10-17T06:46:19","modified_gmt":"2025-10-17T06:46:19","slug":"ephemeride","status":"publish","type":"post","link":"https:\/\/stourm.news\/?p=2243","title":{"rendered":"\u00c9ph\u00e9m\u00e9ride"},"content":{"rendered":"<p>&nbsp;<\/p>\n<p>&nbsp;<\/p>\n<p>01 janvier 1771 : naissance de Jorj Kadoudal<\/p>\n<p>06 janvier 1944 : naissance de Yann Stivell, Goarnig Kozh (1928)<\/p>\n<p>09 janvier 1930 : naissance de Per Loquet<\/p>\n<p>27 janvier 1879 : naissance de Loeiz Herrieu<\/p>\n<p>31 janvier : naissance de Fransez Debeauvais<\/p>\n<p>31 janvier 1913 : naissance de Fransez Cervelle<\/p>\n<p>1er f\u00e9vrier 1925 : parution du premier num\u00e9ro de Gwalarn, naissance de Gilles Servant<\/p>\n<p>02 f\u00e9vrier 1908 : naissance de Fred Moyse<\/p>\n<p>09 f\u00e9vrier 1874 : naissance d&rsquo;Erwan ar Moal<\/p>\n<p>10 f\u00e9vrier 1858 : naissance de R\u00e9gis de l&rsquo;Estourbeillon<\/p>\n<p>12 f\u00e9vrier 1904 : naissance de \u00a0<b>P\u00ear Laora\u00f1s<\/b><\/p>\n<p>14 f\u00e9vrier 1894 : naissance de James Bouilleuses<\/p>\n<p>17 f\u00e9vrier : naissance de Youenn Olier, Denez Prigent<\/p>\n<p>18 f\u00e9vrier 1910 : naissance d&rsquo;Armand Keravel<\/p>\n<p>22 f\u00e9vrier : naissance d&rsquo;Abeozen<\/p>\n<p>23 f\u00e9vrier : naissance de Maurice Duhamel<\/p>\n<p>25 f\u00e9vrier 1899 : naissance de L\u00e9o Weisgeber<\/p>\n<p>27 f\u00e9vrier 1879 : naissance de Fran\u00e7ois-Marie Madec, <b><\/b><\/p>\n<p><b><span class=\"lang-br\" lang=\"br\">P\u00ear ar Rouz<\/span><\/b><\/p>\n<p>03 mars : naissance de Dorig Le Voyer<\/p>\n<p>07 mars : naissance de Maodez Glanndour<\/p>\n<p>14 mars : naissance de Charles Le Quintrec<\/p>\n<p>15 mars 1879 : naissance de Taldir Jaffrennou<\/p>\n<p>18 mars 1881 : naissance de Paul Le Flem<\/p>\n<p>21 mars 1921 : naissance de Guy Vissault de Co\u00ebtlogon<\/p>\n<p>22 mars 2023 : mort de C\u00e9cile Le Lirzin, tu\u00e9e \u00e0 Brest par des maghr\u00e9bins<\/p>\n<p>01 avril 1946 : fondation d&rsquo;Al Liamm<\/p>\n<p>02 avril : naissance d&rsquo;Anatole Le Bras<\/p>\n<p>03 avril : naissance d&rsquo;Angela Duval<\/p>\n<p>04 avril ; naissance de Jean Le Gall ( Fran\u00e7ois Marie Tr\u00e9tout)<\/p>\n<p>05 avril : naissance de L\u00e9on Fleuriot<\/p>\n<p>07 avril 1957 : naissance de Yann-Fanch Kemener<\/p>\n<p>13 avril 1751 : naissance d&rsquo;Armand de la Rou\u00ebrie<\/p>\n<p>15 avril 1895 : naissance de Jeanne Malivel<\/p>\n<p>20 avril 1909 : naissance de Fran\u00e7ois Falc&rsquo;hun<\/p>\n<p>22 avril 1876 : naissance de Charles Cotonnec<\/p>\n<p>25 avril 1950 : naissance de Gweltaz ar Fur<\/p>\n<p>27 avril 1906 : naissance de Xavier de Langlais<\/p>\n<p>29 avril 1901 : naissance d&rsquo;Olier Mordrel<\/p>\n<p>01 mai : fondation de l&rsquo;Office public de la Langue Bretonne<\/p>\n<p>01 mai 1899 : naissance de Jakez Riou<\/p>\n<p>03 mai 1922 : naissance de Pierre Hirgair<\/p>\n<p>04 mai 1872 : naissance de <span class=\"mw-page-title-main\">Vefa de Saint-Pierre<\/span><\/p>\n<p>06 mai 1906 : naissance de Job Jaffr\u00e9<\/p>\n<p>07 mai : naissance de Herry Caouissin<\/p>\n<p>10 mai 1908 : naissance de Guillaume Kerverziou, Jean Le Fustec<\/p>\n<p>14 mai 1914 : naissance de Joseph Martray, Marc Le Berre<\/p>\n<p>15 mai 1895 : naissance de Goulven Maz\u00e9as<\/p>\n<p>23 mai 1943 : fondation de Bodadeg ar Sonerion<\/p>\n<p>23 mai : ouverture de la premi\u00e8re \u00e9cole Diwan \u00e0 Lampaul-Ploudalm\u00e9zeau<\/p>\n<p>25 mai 1892 : naissance de Jeanne Le Coroller<\/p>\n<p>06 juin 1821 : naissance de Fran\u00e7ois-Marie Luzel<\/p>\n<p>15 juin 1864 : naissance de Guy Ropartz<\/p>\n<p>16 juin 1904 : naissance de Loeiz Andouard<\/p>\n<p>18 juin 1877 : naissance de Henri Quilgars<\/p>\n<p>25 juin 1931 : naissance de Glenmor<\/p>\n<p>5 juillet 1889 : naissance de Fanch Gourvil<\/p>\n<p>6 juillet : naissance de Th\u00e9odore Hersart de la Villemarqu\u00e9<\/p>\n<p>12 juillet 1904 : naissance de <b>Jorj Robin<\/b><\/p>\n<p>13 juillet : naissance de Morvan Marchal<\/p>\n<p>14 juillet 1863 : naissance de Charles Le Goffic<\/p>\n<p>21 juillet 1888 : naissance de Yann-Ber Calloc&rsquo;h<\/p>\n<p>22 juillet : fondation du CELIB<\/p>\n<p>23 juillet 1921 : naissance d&rsquo;Alan Heusaf<\/p>\n<p>24 juillet : naissance d&rsquo;\u00c9mile Ernault<\/p>\n<p>26 juillet : naissance de Yann Fou\u00e9r\u00e9<\/p>\n<p>28 juillet 1869 : naissance d&rsquo;\u00c9mile Masson<\/p>\n<p>30 juillet 1910 : naissance de Yann Kerlann<\/p>\n<p>31 juillet 1920 : naissance de Polig Montjarret<\/p>\n<p>31 juillet 1891 : naissance de Ronan Pichery<\/p>\n<p>20 ao\u00fbt 1914 : naissance de Yann Goulet<\/p>\n<p>21 ao\u00fbt 1881 : naissance de Marcel Guieyesse<\/p>\n<p>28 ao\u00fbt 1882 : naissance de Georges Le Rumeur<\/p>\n<p>&nbsp;<\/p>\n<p>04 ao\u00fbt 1927 : naissance de Pierre Lemoine<\/p>\n<p>7 ao\u00fbt 1932 : attentat de Rennes<\/p>\n<p>08 ao\u00fbt 1921 : Bernard de Parades<\/p>\n<p>01 septembre 1923 : naissance de Pierre Toulhoat<\/p>\n<p>03 septembre 1940 : naissance de Yann Talbot<\/p>\n<p>04 septembre 1861 : Erwan Berthou<\/p>\n<p>07 septembre 1875 : naissance de Tanguy Malmanche<\/p>\n<p>08 septembre 1908 : naissance de Herv\u00e9 \u00ab\u00a0Bob\u00a0\u00bb Le Helloco<\/p>\n<p>10 septembre 1901 : naissance de Yann Sohier<\/p>\n<p>11 septembre 1973 : coup d&rsquo;\u00e9tat du G\u00e9n\u00e9ral Augusto Pinochet<\/p>\n<p>12 septembre : fondation du Bleun Brug par l&rsquo;Abb\u00e9 YV Perrot<\/p>\n<p>13 septembre 1907 : naissance de Raymond Delaporte<\/p>\n<p>14 septembre 1868 : naissance de JB Botrel<\/p>\n<p>14 septembre 1899 : naissance de Youenn Drezen<\/p>\n<p>&nbsp;<\/p>\n<p>24 septembre 1853 : naissance de Jos Parker<\/p>\n<p>25 septembre 1963 : fondation du FLB<\/p>\n<p>26 septembre 1860 : naissance de Fran\u00e7ois Vall\u00e9e<\/p>\n<p>27 septembre 1935 : naissance de Donatien Laurent<\/p>\n<p>29 septembre : circulaire Combes, mort de Yann-Kel Kernaleguen<\/p>\n<p>https:\/\/books.openedition.org\/pur\/23581?lang=fr<\/p>\n<p>30 septembre 1874 : naissance de L\u00e9on Le Berre<\/p>\n<p>05 octobre 1977 : mort de Seamus Costello, chef de l&rsquo;INLA<\/p>\n<p>10 octobre 1870 : naissance d&rsquo;Andr\u00e9 Mellac<\/p>\n<p>11 octobre 1942 : cr\u00e9ation du Comit\u00e9 Consultatif de Bretagne<\/p>\n<p>15 octobre 1937 : naissance de Job an Irien<\/p>\n<p>17 octobre 1253 : naissance de Yves Herloy de Kermartin<\/p>\n<p>20 octobre 1811 : naissance de <b>Prosper Proux<\/b><\/p>\n<p>25 octobre : naissance de Ren\u00e9-Yves Creston<\/p>\n<p>25 octobre 1908 : naissance de C\u00e9lestin Lain\u00e9<\/p>\n<p>26 octobre 1936 : naissance de Yannig Baron<\/p>\n<p>29 octobre 1878 : naissance de Meven Mordiern<\/p>\n<p>03 novembre 1919 : naissance de Jef Le Penven<\/p>\n<p>06 novembre 1885 : naissance de l&rsquo;abb\u00e9 Lec&rsquo;hvien<\/p>\n<p>08 novembre 1892 : naissance de Anna Hirgair<\/p>\n<p>12 novembre 1911 : Francine Rosec \u00ab\u00a0Meavenn\u00a0\u00bb<\/p>\n<p>23 novembre 1908 : fondation de la Gorsedd de Bretagne<\/p>\n<p>28 novembre 1951 : naissance de Martial M\u00e9nard<\/p>\n<p>8 d\u00e9cembre 1877 : naissance de Paul Ladmirault<\/p>\n<p>11 d\u00e9cembre 1943 : naissance de Michel Herman<\/p>\n<p>13 d\u00e9cembre 1901 : naissance de Yann Bricler<\/p>\n<p>20 d\u00e9cembre 1899 : naissance de Herv\u00e9 Le Menu, fondateur du premier bagad<\/p>\n<p>26 d\u00e9cembre 1883 : naissance de Dom Alexis Presse<\/p>\n<p>27 d\u00e9cembre 1847 : naissance de Joseph Loth<\/p>\n<p>28 d\u00e9cembre 1904 : naissance d&rsquo;Hermann Bickler<\/p>\n<p>No\u00ebl Le Nestor<\/p>\n","protected":false},"excerpt":{"rendered":"<p>&nbsp; &nbsp; 01 janvier 1771 : naissance de Jorj Kadoudal 06 janvier 1944 : naissance de Yann Stivell, Goarnig Kozh (1928) 09 janvier 1930 : naissance de Per Loquet 27 janvier 1879 : naissance de Loeiz Herrieu 31 janvier : naissance de Fransez Debeauvais 31 janvier 1913 : naissance de Fransez Cervelle 1er f\u00e9vrier 1925 [&hellip;]<\/p>\n","protected":false},"author":1,"featured_media":0,"comment_status":"open","ping_status":"open","sticky":false,"template":"","format":"standard","meta":{"sb_editor_width":"","footnotes":""},"categories":[1],"tags":[],"class_list":["post-2243","post","type-post","status-publish","format-standard","hentry","category-uncategorized"],"relative_dates":{"created":"7 mois ago","modified":"7 mois ago"},"yoast_head":"<!-- This site is optimized with the Yoast SEO plugin v26.3 - https:\/\/yoast.com\/wordpress\/plugins\/seo\/ -->\n<title>\u00c9ph\u00e9m\u00e9ride - STOURM<\/title>\n<meta name=\"robots\" content=\"index, follow, max-snippet:-1, max-image-preview:large, max-video-preview:-1\" \/>\n<link rel=\"canonical\" href=\"https:\/\/stourm.news\/?p=2243\" \/>\n<meta property=\"og:locale\" content=\"fr_FR\" \/>\n<meta property=\"og:type\" content=\"article\" \/>\n<meta property=\"og:title\" content=\"\u00c9ph\u00e9m\u00e9ride - STOURM\" \/>\n<meta property=\"og:description\" content=\"&nbsp; &nbsp; 01 janvier 1771 : naissance de Jorj Kadoudal 06 janvier 1944 : naissance de Yann Stivell, Goarnig Kozh (1928) 09 janvier 1930 : naissance de Per Loquet 27 janvier 1879 : naissance de Loeiz Herrieu 31 janvier : naissance de Fransez Debeauvais 31 janvier 1913 : naissance de Fransez Cervelle 1er f\u00e9vrier 1925 [&hellip;]\" \/>\n<meta property=\"og:url\" content=\"https:\/\/stourm.news\/?p=2243\" \/>\n<meta property=\"og:site_name\" content=\"STOURM\" \/>\n<meta property=\"article:publisher\" content=\"https:\/\/www.facebook.com\/stourmnews\/\" \/>\n<meta property=\"article:published_time\" content=\"2025-10-17T06:46:19+00:00\" \/>\n<meta name=\"author\" content=\"La r\u00e9daction\" \/>\n<meta name=\"twitter:card\" content=\"summary_large_image\" \/>\n<meta name=\"twitter:label1\" content=\"\u00c9crit par\" \/>\n\t<meta name=\"twitter:data1\" content=\"La r\u00e9daction\" \/>\n\t<meta name=\"twitter:label2\" content=\"Dur\u00e9e de lecture estim\u00e9e\" \/>\n\t<meta name=\"twitter:data2\" content=\"5 minutes\" \/>\n<script type=\"application\/ld+json\" class=\"yoast-schema-graph\">{\"@context\":\"https:\/\/schema.org\",\"@graph\":[{\"@type\":\"Article\",\"@id\":\"https:\/\/stourm.news\/?p=2243#article\",\"isPartOf\":{\"@id\":\"https:\/\/stourm.news\/?p=2243\"},\"author\":{\"name\":\"La r\u00e9daction\",\"@id\":\"https:\/\/stourm.news\/#\/schema\/person\/c3e1dc65988632e190969234ef046cf9\"},\"headline\":\"\u00c9ph\u00e9m\u00e9ride\",\"datePublished\":\"2025-10-17T06:46:19+00:00\",\"mainEntityOfPage\":{\"@id\":\"https:\/\/stourm.news\/?p=2243\"},\"wordCount\":734,\"commentCount\":0,\"publisher\":{\"@id\":\"https:\/\/stourm.news\/#organization\"},\"articleSection\":[\"Uncategorized\"],\"inLanguage\":\"fr-FR\",\"potentialAction\":[{\"@type\":\"CommentAction\",\"name\":\"Comment\",\"target\":[\"https:\/\/stourm.news\/?p=2243#respond\"]}]},{\"@type\":\"WebPage\",\"@id\":\"https:\/\/stourm.news\/?p=2243\",\"url\":\"https:\/\/stourm.news\/?p=2243\",\"name\":\"\u00c9ph\u00e9m\u00e9ride - STOURM\",\"isPartOf\":{\"@id\":\"https:\/\/stourm.news\/#website\"},\"datePublished\":\"2025-10-17T06:46:19+00:00\",\"breadcrumb\":{\"@id\":\"https:\/\/stourm.news\/?p=2243#breadcrumb\"},\"inLanguage\":\"fr-FR\",\"potentialAction\":[{\"@type\":\"ReadAction\",\"target\":[\"https:\/\/stourm.news\/?p=2243\"]}]},{\"@type\":\"BreadcrumbList\",\"@id\":\"https:\/\/stourm.news\/?p=2243#breadcrumb\",\"itemListElement\":[{\"@type\":\"ListItem\",\"position\":1,\"name\":\"Accueil\",\"item\":\"https:\/\/stourm.news\/\"},{\"@type\":\"ListItem\",\"position\":2,\"name\":\"\u00c9ph\u00e9m\u00e9ride\"}]},{\"@type\":\"WebSite\",\"@id\":\"https:\/\/stourm.news\/#website\",\"url\":\"https:\/\/stourm.news\/\",\"name\":\"Stourm\",\"description\":\"Kazetenn Strollad Broadel Breizh\",\"publisher\":{\"@id\":\"https:\/\/stourm.news\/#organization\"},\"potentialAction\":[{\"@type\":\"SearchAction\",\"target\":{\"@type\":\"EntryPoint\",\"urlTemplate\":\"https:\/\/stourm.news\/?s={search_term_string}\"},\"query-input\":{\"@type\":\"PropertyValueSpecification\",\"valueRequired\":true,\"valueName\":\"search_term_string\"}}],\"inLanguage\":\"fr-FR\"},{\"@type\":\"Organization\",\"@id\":\"https:\/\/stourm.news\/#organization\",\"name\":\"Stourm\",\"url\":\"https:\/\/stourm.news\/\",\"logo\":{\"@type\":\"ImageObject\",\"inLanguage\":\"fr-FR\",\"@id\":\"https:\/\/stourm.news\/#\/schema\/logo\/image\/\",\"url\":\"https:\/\/stourm.news\/wp-content\/uploads\/2025\/11\/cropped-Capture-decran-2025-11-28-a-15.19.07.png\",\"contentUrl\":\"https:\/\/stourm.news\/wp-content\/uploads\/2025\/11\/cropped-Capture-decran-2025-11-28-a-15.19.07.png\",\"width\":1855,\"height\":383,\"caption\":\"Stourm\"},\"image\":{\"@id\":\"https:\/\/stourm.news\/#\/schema\/logo\/image\/\"},\"sameAs\":[\"https:\/\/www.facebook.com\/stourmnews\/\"]},{\"@type\":\"Person\",\"@id\":\"https:\/\/stourm.news\/#\/schema\/person\/c3e1dc65988632e190969234ef046cf9\",\"name\":\"La r\u00e9daction\",\"image\":{\"@type\":\"ImageObject\",\"inLanguage\":\"fr-FR\",\"@id\":\"https:\/\/stourm.news\/#\/schema\/person\/image\/\",\"url\":\"https:\/\/secure.gravatar.com\/avatar\/7463443f194b6b5fb706b074ca0ef59a0cfcfd720cb47764b0ec5a952ce422b3?s=96&d=mm&r=g\",\"contentUrl\":\"https:\/\/secure.gravatar.com\/avatar\/7463443f194b6b5fb706b074ca0ef59a0cfcfd720cb47764b0ec5a952ce422b3?s=96&d=mm&r=g\",\"caption\":\"La r\u00e9daction\"},\"sameAs\":[\"https:\/\/stourm.news\"],\"url\":\"https:\/\/stourm.news\/?author=1\"}]}<\/script>\n<!-- \/ Yoast SEO plugin. -->","yoast_head_json":{"title":"\u00c9ph\u00e9m\u00e9ride - STOURM","robots":{"index":"index","follow":"follow","max-snippet":"max-snippet:-1","max-image-preview":"max-image-preview:large","max-video-preview":"max-video-preview:-1"},"canonical":"https:\/\/stourm.news\/?p=2243","og_locale":"fr_FR","og_type":"article","og_title":"\u00c9ph\u00e9m\u00e9ride - STOURM","og_description":"&nbsp; &nbsp; 01 janvier 1771 : naissance de Jorj Kadoudal 06 janvier 1944 : naissance de Yann Stivell, Goarnig Kozh (1928) 09 janvier 1930 : naissance de Per Loquet 27 janvier 1879 : naissance de Loeiz Herrieu 31 janvier : naissance de Fransez Debeauvais 31 janvier 1913 : naissance de Fransez Cervelle 1er f\u00e9vrier 1925 [&hellip;]","og_url":"https:\/\/stourm.news\/?p=2243","og_site_name":"STOURM","article_publisher":"https:\/\/www.facebook.com\/stourmnews\/","article_published_time":"2025-10-17T06:46:19+00:00","author":"La r\u00e9daction","twitter_card":"summary_large_image","twitter_misc":{"\u00c9crit par":"La r\u00e9daction","Dur\u00e9e de lecture estim\u00e9e":"5 minutes"},"schema":{"@context":"https:\/\/schema.org","@graph":[{"@type":"Article","@id":"https:\/\/stourm.news\/?p=2243#article","isPartOf":{"@id":"https:\/\/stourm.news\/?p=2243"},"author":{"name":"La r\u00e9daction","@id":"https:\/\/stourm.news\/#\/schema\/person\/c3e1dc65988632e190969234ef046cf9"},"headline":"\u00c9ph\u00e9m\u00e9ride","datePublished":"2025-10-17T06:46:19+00:00","mainEntityOfPage":{"@id":"https:\/\/stourm.news\/?p=2243"},"wordCount":734,"commentCount":0,"publisher":{"@id":"https:\/\/stourm.news\/#organization"},"articleSection":["Uncategorized"],"inLanguage":"fr-FR","potentialAction":[{"@type":"CommentAction","name":"Comment","target":["https:\/\/stourm.news\/?p=2243#respond"]}]},{"@type":"WebPage","@id":"https:\/\/stourm.news\/?p=2243","url":"https:\/\/stourm.news\/?p=2243","name":"\u00c9ph\u00e9m\u00e9ride - STOURM","isPartOf":{"@id":"https:\/\/stourm.news\/#website"},"datePublished":"2025-10-17T06:46:19+00:00","breadcrumb":{"@id":"https:\/\/stourm.news\/?p=2243#breadcrumb"},"inLanguage":"fr-FR","potentialAction":[{"@type":"ReadAction","target":["https:\/\/stourm.news\/?p=2243"]}]},{"@type":"BreadcrumbList","@id":"https:\/\/stourm.news\/?p=2243#breadcrumb","itemListElement":[{"@type":"ListItem","position":1,"name":"Accueil","item":"https:\/\/stourm.news\/"},{"@type":"ListItem","position":2,"name":"\u00c9ph\u00e9m\u00e9ride"}]},{"@type":"WebSite","@id":"https:\/\/stourm.news\/#website","url":"https:\/\/stourm.news\/","name":"Stourm","description":"Kazetenn Strollad Broadel Breizh","publisher":{"@id":"https:\/\/stourm.news\/#organization"},"potentialAction":[{"@type":"SearchAction","target":{"@type":"EntryPoint","urlTemplate":"https:\/\/stourm.news\/?s={search_term_string}"},"query-input":{"@type":"PropertyValueSpecification","valueRequired":true,"valueName":"search_term_string"}}],"inLanguage":"fr-FR"},{"@type":"Organization","@id":"https:\/\/stourm.news\/#organization","name":"Stourm","url":"https:\/\/stourm.news\/","logo":{"@type":"ImageObject","inLanguage":"fr-FR","@id":"https:\/\/stourm.news\/#\/schema\/logo\/image\/","url":"https:\/\/stourm.news\/wp-content\/uploads\/2025\/11\/cropped-Capture-decran-2025-11-28-a-15.19.07.png","contentUrl":"https:\/\/stourm.news\/wp-content\/uploads\/2025\/11\/cropped-Capture-decran-2025-11-28-a-15.19.07.png","width":1855,"height":383,"caption":"Stourm"},"image":{"@id":"https:\/\/stourm.news\/#\/schema\/logo\/image\/"},"sameAs":["https:\/\/www.facebook.com\/stourmnews\/"]},{"@type":"Person","@id":"https:\/\/stourm.news\/#\/schema\/person\/c3e1dc65988632e190969234ef046cf9","name":"La r\u00e9daction","image":{"@type":"ImageObject","inLanguage":"fr-FR","@id":"https:\/\/stourm.news\/#\/schema\/person\/image\/","url":"https:\/\/secure.gravatar.com\/avatar\/7463443f194b6b5fb706b074ca0ef59a0cfcfd720cb47764b0ec5a952ce422b3?s=96&d=mm&r=g","contentUrl":"https:\/\/secure.gravatar.com\/avatar\/7463443f194b6b5fb706b074ca0ef59a0cfcfd720cb47764b0ec5a952ce422b3?s=96&d=mm&r=g","caption":"La r\u00e9daction"},"sameAs":["https:\/\/stourm.news"],"url":"https:\/\/stourm.news\/?author=1"}]}},"_links":{"self":[{"href":"https:\/\/stourm.news\/index.php?rest_route=\/wp\/v2\/posts\/2243","targetHints":{"allow":["GET"]}}],"collection":[{"href":"https:\/\/stourm.news\/index.php?rest_route=\/wp\/v2\/posts"}],"about":[{"href":"https:\/\/stourm.news\/index.php?rest_route=\/wp\/v2\/types\/post"}],"author":[{"embeddable":true,"href":"https:\/\/stourm.news\/index.php?rest_route=\/wp\/v2\/users\/1"}],"replies":[{"embeddable":true,"href":"https:\/\/stourm.news\/index.php?rest_route=%2Fwp%2Fv2%2Fcomments&post=2243"}],"version-history":[{"count":2,"href":"https:\/\/stourm.news\/index.php?rest_route=\/wp\/v2\/posts\/2243\/revisions"}],"predecessor-version":[{"id":5970,"href":"https:\/\/stourm.news\/index.php?rest_route=\/wp\/v2\/posts\/2243\/revisions\/5970"}],"wp:attachment":[{"href":"https:\/\/stourm.news\/index.php?rest_route=%2Fwp%2Fv2%2Fmedia&parent=2243"}],"wp:term":[{"taxonomy":"category","embeddable":true,"href":"https:\/\/stourm.news\/index.php?rest_route=%2Fwp%2Fv2%2Fcategories&post=2243"},{"taxonomy":"post_tag","embeddable":true,"href":"https:\/\/stourm.news\/index.php?rest_route=%2Fwp%2Fv2%2Ftags&post=2243"}],"curies":[{"name":"wp","href":"https:\/\/api.w.org\/{rel}","templated":true}]}}