{"id":2244,"date":"2024-09-10T12:48:53","date_gmt":"2024-09-10T12:48:53","guid":{"rendered":"https:\/\/stourm.news\/?p=2244"},"modified":"2024-09-10T12:48:53","modified_gmt":"2024-09-10T12:48:53","slug":"10-septembre-1901-naissance-de-yann-sohier","status":"publish","type":"post","link":"https:\/\/stourm.news\/?p=2244","title":{"rendered":"10 septembre 1901 : naissance de Yann Sohier"},"content":{"rendered":"<p style=\"text-align: justify;\">Yann Sohier na\u00eet le 10 septembre 1901 \u00e0 Loud\u00e9ac. Il est le fils de Jean-Marie Sohier, gendarme \u00e0 cheval, et de Louise Sohier.<\/p>\n<p style=\"text-align: justify;\">La famille se d\u00e9place successivement au Sel-de-Bretagne (mai 1905-d\u00e9cembre 1906), puis \u00e0 Uzel (jusqu&rsquo;en ao\u00fbt 1907). Apr\u00e8s 15 ans de service, le p\u00e8re se reconvertit comme percepteur, d&rsquo;abord \u00e0 Peillac (Morbihan) en ao\u00fbt 1907, puis \u00e0 Lamballe, de 1912 \u00e0 1918.<\/p>\n<p style=\"text-align: justify;\">Yann Sohier poursuit ses \u00e9tudes d\u2019instituteur jusqu&rsquo;en 1921 \u00e0 l&rsquo;\u00c9cole normale de Saint-Brieuc. Originaire de Haute-Bretagne, il s&rsquo;efforce d&rsquo;apprendre la langue bretonne et r\u00e9ussit \u00e0 la lire et \u00e0 l&rsquo;\u00e9crire ais\u00e9ment, bien que n&rsquo;ayant jamais r\u00e9ussi \u00e0 la parler vraiment couramment. Il adh\u00e8re, d\u00e8s sa fondation semble-t-il, \u00e0 l&rsquo;Unvaniezh Yaouankiz Vreizh (Union de la jeunesse de Bretagne), o\u00f9 il est d\u00e9j\u00e0 en contact avec <strong>Fran\u00e7ois Debeauvais<\/strong> et <strong>Olier Mordrel<\/strong>. Il est s\u00e9duit \u00e0 cette m\u00eame \u00e9poque par le tout jeune Parti communiste fran\u00e7ais, auquel il n&rsquo;adh\u00e8re jamais. En octobre 1921, il est incorpor\u00e9 au 48e r\u00e9giment d\u2019infanterie, \u00e0 Guingamp. Ses activit\u00e9s militantes se poursuivent ; il se lie d&rsquo;amiti\u00e9 avec le fr\u00e8re Fran\u00e7ois Uguen, sp\u00e9cialiste des langues celtiques. Il est d\u00e9j\u00e0 militant du Groupe r\u00e9gionaliste breton. Il devient aussi antimilitariste. Lib\u00e9r\u00e9 de ses obligations militaires, il est nomm\u00e9 instituteur en Basse-Bretagne, \u00e0 Plouguiel, pr\u00e8s de Tr\u00e9guier.<\/p>\n<p style=\"text-align: justify;\">Il se marie le 31 janvier 1929 avec Anne Le Den, institutrice originaire de Lannilis, qui collabore \u00e0 Ar Falz sous le pseudonyme de Na\u00efg Sezny, et plus tard \u00e0 la revue p\u00e9dagogique An Eost. \u00c0 son mariage, c\u00e9l\u00e9br\u00e9 \u00e0 la cath\u00e9drale de Tr\u00e9guier, assistent, en plus de plusieurs membres de sa famille, <strong>Olier Mordrel<\/strong>, <strong>Fran\u00e7ois Debeauvais<\/strong> et son \u00e9pouse <strong>Anna Youenou<\/strong>, <strong>Morvan Marchal<\/strong> et plusieurs autres militants. Le couple passe six mois \u00e0 Prat puis, en ao\u00fbt 1929 est nomm\u00e9 \u00e0 Plourivo. Leur fille Mona (future Mona Ozouf), na\u00eet en 1931 et sera \u00e9lev\u00e9e en breton.<\/p>\n<p style=\"text-align: justify;\">Durant cette p\u00e9riode, son activit\u00e9 culturelle et politique prend une grande ampleur : il participe au Congr\u00e8s panceltique de Quimper de 1924, avec <strong>Fran\u00e7ois Debeauvais, Youenn Drezen, Jakez Riou, Abeozen, Marcel Guieysse<\/strong>, sous la banni\u00e8re du Groupe r\u00e9gionaliste breton. Il est au premier congr\u00e8s du <strong>parti autonomiste breton<\/strong> \u00e0 Rosporden, en septembre 1927, o\u00f9 le mouvement donne naissance au Parti autonomiste breton. Il devient un militant actif du nouveau parti. Au printemps 1929, il est \u00e9lu \u00e0 l&rsquo;unanimit\u00e9 secr\u00e9taire g\u00e9n\u00e9ral de la f\u00e9d\u00e9ration du Tr\u00e9gor du Parti autonomiste breton.<\/p>\n<p style=\"text-align: justify;\">Lors de la s\u00e9paration de 1931 \u00e0 la suite du d\u00e9part des f\u00e9d\u00e9ralistes (dont Maurice Duhamel), il soutient les nationalistes <strong>Fran\u00e7ois Debeauvais et Olier Mordrel<\/strong>. Le congr\u00e8s de Rennes du 11 avril 1931 d\u00e9cide l&rsquo;abandon du journal Breiz Atao, qui est remplac\u00e9 momentan\u00e9ment par War Zao, journal des nationalistes du Tr\u00e9gor, Go\u00eblo, Haute-Cornouaille, qui r\u00e9clame un retour au nationalisme sans exclure le s\u00e9paratisme.<\/p>\n<p style=\"text-align: justify;\">Au congr\u00e8s de Guingamp (ao\u00fbt 1931), le P.A.B. devient le <strong>Parti national breton<\/strong>. Le 27 d\u00e9cembre 1931, \u00e0 Landerneau, a lieu le premier congr\u00e8s du P.N.B.. Breiz Atao repara\u00eet, simple organe de liaison entre les militants. Voici ce qu&rsquo;en pense Sohier : \u00ab J&rsquo;ai donc lu le nouveau Breiz Atao et bien que je regretterai en partie l&rsquo;essentiel de la D\u00e9claration de Ch\u00e2teaulin qui nous donnait une base pr\u00e9cieuse pour la propagande, je pense qu&rsquo;il y a du travail \u00e0 faire sans songer \u00e0 vouloir pr\u00e9ciser ce que pourrait \u00eatre la Bretagne future. Mais il fallait choisir, et je me rallie \u00e0 cette id\u00e9e que je pr\u00e9f\u00e8re aux idioties de War Zao et de Breiz da zont \u00bb.<\/p>\n<p style=\"text-align: justify;\">Il fonde son bulletin Ar Falz (La Faucille) en janvier 1933 et en fait en moins de deux ans le centre de tout un mouvement en faveur du breton \u00e0 l&rsquo;\u00e9cole la\u00efque, auquel s&rsquo;int\u00e9ressent non seulement ses coll\u00e8gues instituteurs, mais encore des Bretons de toutes professions. Il r\u00e9dige la plupart des articles sous divers pseudonymes : Yann ar Ruz, Mestr skol bihan, Fa\u00f1ch Divadou, Yann Keryel. Il s&rsquo;inspire fortement de l&rsquo;\u00e9crivain Emile Masson, bretonnant, libertaire et internationaliste.<\/p>\n<p style=\"text-align: justify;\">Il continue \u00e0 travailler \u00e0 son manuel de breton <em>Me a lenno<\/em>, qui ne para\u00eet qu&rsquo;en 1941 (\u00e0 titre posthume, donc), avec une pr\u00e9face de Roparz Hemon.<\/p>\n<p style=\"text-align: justify;\">Il entretient des relations plus ou moins \u00e9troites avec une pl\u00e9iade d&rsquo;\u00e9crivains bretons, surtout Fa\u00f1ch Elies (Abeozen), Jakez Riou, Youenn Drezen, Loeiz Andouard, sans parler de Yann Kerlann qui collabore \u00e9troitement \u00e0 la r\u00e9daction d&rsquo;Ar Falz, et qu&rsquo;il choisira pour successeur.<\/p>\n<p style=\"text-align: justify;\">Il s&rsquo;occupe de sa famille et \u00e9l\u00e8ve en breton sa fille Mona, pour qui il traduit <em>Per ar C&rsquo;honikl<\/em> ! et <em>Hiawaza<\/em> de l&rsquo;Am\u00e9ricain Henry Longfellow. Il compose des po\u00e8mes comme <em>E tal ar groaz<\/em> (mis en musique par Alan Stivell sur Trema&rsquo;n Inis en 1976).<\/p>\n<p style=\"text-align: justify;\">Son activit\u00e9 politique se ralentit. Il adh\u00e8re, sans doute d\u00e8s 1931 au <strong>Parti national breton<\/strong> ; mais il se trouve en d\u00e9saccord avec le programme Saga pr\u00e9sent\u00e9 dans Breiz Atao par Olier Mordrel en mars 1933. Son engagement politique tr\u00e8s marqu\u00e9 ne l&#8217;emp\u00eache pas de fr\u00e9quenter Marcel Cachin, communiste breton et directeur du journal L&rsquo;Humanit\u00e9. Celui-ci poss\u00e8de une maison \u00e0 Lancerf, pr\u00e8s de Plourivo. Il tint \u00e0 faire la connaissance de Sohier. Les deux hommes se revirent \u00e0 plusieurs reprises.<\/p>\n<p style=\"text-align: justify;\">Mais, d\u00e8s 1934-1935, des ennuis financiers s&rsquo;abattent sur Ar Falz.<\/p>\n<p style=\"text-align: justify;\">Yann Sohier meurt d&rsquo;une bronchopneumonie le 21 mars 1935.<\/p>\n<p style=\"text-align: justify;\">Une foule h\u00e9t\u00e9roclite assista \u00e0 ses obs\u00e8ques c\u00e9l\u00e9br\u00e9es deux jours plus tard en l&rsquo;\u00e9glise de Plourivo. Entre autres, l&rsquo;abb\u00e9 Perrot, les fr\u00e8res Herry et Ronan Caouissin, le communiste et directeur du journal L&rsquo;Humanit\u00e9 Marcel Cachin, Olier Mordrel, Yann Kerlann, Anna Youenou. Le cercueil est recouvert du Gwenn ha Du. Olier Mordrel, sur la demande de madame Sohier, parle au nom de Breiz Atao, en lan\u00e7ant comme conclusion :<strong> \u00ab La Bretagne aux Bretons \u00bb<\/strong>.<\/p>\n<p style=\"text-align: justify;\">Dans le num\u00e9ro de mars-avril 1937 du bulletin de l&rsquo;union des \u0153uvres bretonnes, la une reprend le portrait de Sohier et affiche une de ses citations suivante : \u00ab\u00a0C&rsquo;est par le breton devenu un instrument de culture que pourra se faire le redressement culturel de notre race et que la Bretagne pourra regarder le monde et r\u00e9aliser tout son destin\u00a0\u00bb.<\/p>\n<p style=\"text-align: justify;\">Sohier ne s\u00e9para jamais, dans son esprit, la lutte pour la langue bretonne de celle pour l&rsquo;\u00e9mancipation des classes populaires. Il voulait que le breton soit enseign\u00e9 dans les \u00e9coles du pays.<\/p>\n<p>&nbsp;<\/p>\n","protected":false},"excerpt":{"rendered":"<p>Yann Sohier na\u00eet le 10 septembre 1901 \u00e0 Loud\u00e9ac. Il est le fils de Jean-Marie Sohier, gendarme \u00e0 cheval, et de Louise Sohier. La famille se d\u00e9place successivement au Sel-de-Bretagne (mai 1905-d\u00e9cembre 1906), puis \u00e0 Uzel (jusqu&rsquo;en ao\u00fbt 1907). Apr\u00e8s 15 ans de service, le p\u00e8re se reconvertit comme percepteur, d&rsquo;abord \u00e0 Peillac (Morbihan) en [&hellip;]<\/p>\n","protected":false},"author":1,"featured_media":2245,"comment_status":"open","ping_status":"open","sticky":false,"template":"","format":"standard","meta":{"sb_editor_width":"","footnotes":""},"categories":[74,50,65],"tags":[],"class_list":["post-2244","post","type-post","status-publish","format-standard","has-post-thumbnail","hentry","category-emsav","category-histoire-de-bretagne","category-principale"],"relative_dates":{"created":"2 ans ago","modified":"2 ans ago"},"yoast_head":"<!-- This site is optimized with the Yoast SEO plugin v26.3 - https:\/\/yoast.com\/wordpress\/plugins\/seo\/ -->\n<title>10 septembre 1901 : naissance de Yann Sohier - STOURM<\/title>\n<meta name=\"robots\" content=\"index, follow, max-snippet:-1, max-image-preview:large, max-video-preview:-1\" \/>\n<link rel=\"canonical\" href=\"https:\/\/stourm.news\/?p=2244\" \/>\n<meta property=\"og:locale\" content=\"fr_FR\" \/>\n<meta property=\"og:type\" content=\"article\" \/>\n<meta property=\"og:title\" content=\"10 septembre 1901 : naissance de Yann Sohier - STOURM\" \/>\n<meta property=\"og:description\" content=\"Yann Sohier na\u00eet le 10 septembre 1901 \u00e0 Loud\u00e9ac. Il est le fils de Jean-Marie Sohier, gendarme \u00e0 cheval, et de Louise Sohier. La famille se d\u00e9place successivement au Sel-de-Bretagne (mai 1905-d\u00e9cembre 1906), puis \u00e0 Uzel (jusqu&rsquo;en ao\u00fbt 1907). Apr\u00e8s 15 ans de service, le p\u00e8re se reconvertit comme percepteur, d&rsquo;abord \u00e0 Peillac (Morbihan) en [&hellip;]\" \/>\n<meta property=\"og:url\" content=\"https:\/\/stourm.news\/?p=2244\" \/>\n<meta property=\"og:site_name\" content=\"STOURM\" \/>\n<meta property=\"article:publisher\" content=\"https:\/\/www.facebook.com\/stourmnews\/\" \/>\n<meta property=\"article:published_time\" content=\"2024-09-10T12:48:53+00:00\" \/>\n<meta property=\"og:image\" content=\"https:\/\/stourm.news\/wp-content\/uploads\/2024\/09\/yann-sohier-722x1024-1.jpg\" \/>\n\t<meta property=\"og:image:width\" content=\"722\" \/>\n\t<meta property=\"og:image:height\" content=\"1024\" \/>\n\t<meta property=\"og:image:type\" content=\"image\/jpeg\" \/>\n<meta name=\"author\" content=\"La r\u00e9daction\" \/>\n<meta name=\"twitter:card\" content=\"summary_large_image\" \/>\n<meta name=\"twitter:label1\" content=\"\u00c9crit par\" \/>\n\t<meta name=\"twitter:data1\" content=\"La r\u00e9daction\" \/>\n\t<meta name=\"twitter:label2\" content=\"Dur\u00e9e de lecture estim\u00e9e\" \/>\n\t<meta name=\"twitter:data2\" content=\"6 minutes\" \/>\n<script type=\"application\/ld+json\" class=\"yoast-schema-graph\">{\"@context\":\"https:\/\/schema.org\",\"@graph\":[{\"@type\":\"Article\",\"@id\":\"https:\/\/stourm.news\/?p=2244#article\",\"isPartOf\":{\"@id\":\"https:\/\/stourm.news\/?p=2244\"},\"author\":{\"name\":\"La r\u00e9daction\",\"@id\":\"https:\/\/stourm.news\/#\/schema\/person\/c3e1dc65988632e190969234ef046cf9\"},\"headline\":\"10 septembre 1901 : naissance de Yann Sohier\",\"datePublished\":\"2024-09-10T12:48:53+00:00\",\"mainEntityOfPage\":{\"@id\":\"https:\/\/stourm.news\/?p=2244\"},\"wordCount\":1114,\"commentCount\":0,\"publisher\":{\"@id\":\"https:\/\/stourm.news\/#organization\"},\"image\":{\"@id\":\"https:\/\/stourm.news\/?p=2244#primaryimage\"},\"thumbnailUrl\":\"https:\/\/stourm.news\/wp-content\/uploads\/2024\/09\/yann-sohier-722x1024-1.jpg\",\"articleSection\":[\"Emsav\",\"Histoire de Bretagne\",\"Principale\"],\"inLanguage\":\"fr-FR\",\"potentialAction\":[{\"@type\":\"CommentAction\",\"name\":\"Comment\",\"target\":[\"https:\/\/stourm.news\/?p=2244#respond\"]}]},{\"@type\":\"WebPage\",\"@id\":\"https:\/\/stourm.news\/?p=2244\",\"url\":\"https:\/\/stourm.news\/?p=2244\",\"name\":\"10 septembre 1901 : naissance de Yann Sohier - STOURM\",\"isPartOf\":{\"@id\":\"https:\/\/stourm.news\/#website\"},\"primaryImageOfPage\":{\"@id\":\"https:\/\/stourm.news\/?p=2244#primaryimage\"},\"image\":{\"@id\":\"https:\/\/stourm.news\/?p=2244#primaryimage\"},\"thumbnailUrl\":\"https:\/\/stourm.news\/wp-content\/uploads\/2024\/09\/yann-sohier-722x1024-1.jpg\",\"datePublished\":\"2024-09-10T12:48:53+00:00\",\"breadcrumb\":{\"@id\":\"https:\/\/stourm.news\/?p=2244#breadcrumb\"},\"inLanguage\":\"fr-FR\",\"potentialAction\":[{\"@type\":\"ReadAction\",\"target\":[\"https:\/\/stourm.news\/?p=2244\"]}]},{\"@type\":\"ImageObject\",\"inLanguage\":\"fr-FR\",\"@id\":\"https:\/\/stourm.news\/?p=2244#primaryimage\",\"url\":\"https:\/\/stourm.news\/wp-content\/uploads\/2024\/09\/yann-sohier-722x1024-1.jpg\",\"contentUrl\":\"https:\/\/stourm.news\/wp-content\/uploads\/2024\/09\/yann-sohier-722x1024-1.jpg\",\"width\":722,\"height\":1024},{\"@type\":\"BreadcrumbList\",\"@id\":\"https:\/\/stourm.news\/?p=2244#breadcrumb\",\"itemListElement\":[{\"@type\":\"ListItem\",\"position\":1,\"name\":\"Accueil\",\"item\":\"https:\/\/stourm.news\/\"},{\"@type\":\"ListItem\",\"position\":2,\"name\":\"10 septembre 1901 : naissance de Yann Sohier\"}]},{\"@type\":\"WebSite\",\"@id\":\"https:\/\/stourm.news\/#website\",\"url\":\"https:\/\/stourm.news\/\",\"name\":\"Stourm\",\"description\":\"Kazetenn Strollad Broadel Breizh\",\"publisher\":{\"@id\":\"https:\/\/stourm.news\/#organization\"},\"potentialAction\":[{\"@type\":\"SearchAction\",\"target\":{\"@type\":\"EntryPoint\",\"urlTemplate\":\"https:\/\/stourm.news\/?s={search_term_string}\"},\"query-input\":{\"@type\":\"PropertyValueSpecification\",\"valueRequired\":true,\"valueName\":\"search_term_string\"}}],\"inLanguage\":\"fr-FR\"},{\"@type\":\"Organization\",\"@id\":\"https:\/\/stourm.news\/#organization\",\"name\":\"Stourm\",\"url\":\"https:\/\/stourm.news\/\",\"logo\":{\"@type\":\"ImageObject\",\"inLanguage\":\"fr-FR\",\"@id\":\"https:\/\/stourm.news\/#\/schema\/logo\/image\/\",\"url\":\"https:\/\/stourm.news\/wp-content\/uploads\/2025\/11\/cropped-Capture-decran-2025-11-28-a-15.19.07.png\",\"contentUrl\":\"https:\/\/stourm.news\/wp-content\/uploads\/2025\/11\/cropped-Capture-decran-2025-11-28-a-15.19.07.png\",\"width\":1855,\"height\":383,\"caption\":\"Stourm\"},\"image\":{\"@id\":\"https:\/\/stourm.news\/#\/schema\/logo\/image\/\"},\"sameAs\":[\"https:\/\/www.facebook.com\/stourmnews\/\"]},{\"@type\":\"Person\",\"@id\":\"https:\/\/stourm.news\/#\/schema\/person\/c3e1dc65988632e190969234ef046cf9\",\"name\":\"La r\u00e9daction\",\"image\":{\"@type\":\"ImageObject\",\"inLanguage\":\"fr-FR\",\"@id\":\"https:\/\/stourm.news\/#\/schema\/person\/image\/\",\"url\":\"https:\/\/secure.gravatar.com\/avatar\/7463443f194b6b5fb706b074ca0ef59a0cfcfd720cb47764b0ec5a952ce422b3?s=96&d=mm&r=g\",\"contentUrl\":\"https:\/\/secure.gravatar.com\/avatar\/7463443f194b6b5fb706b074ca0ef59a0cfcfd720cb47764b0ec5a952ce422b3?s=96&d=mm&r=g\",\"caption\":\"La r\u00e9daction\"},\"sameAs\":[\"https:\/\/stourm.news\"],\"url\":\"https:\/\/stourm.news\/?author=1\"}]}<\/script>\n<!-- \/ Yoast SEO plugin. -->","yoast_head_json":{"title":"10 septembre 1901 : naissance de Yann Sohier - STOURM","robots":{"index":"index","follow":"follow","max-snippet":"max-snippet:-1","max-image-preview":"max-image-preview:large","max-video-preview":"max-video-preview:-1"},"canonical":"https:\/\/stourm.news\/?p=2244","og_locale":"fr_FR","og_type":"article","og_title":"10 septembre 1901 : naissance de Yann Sohier - STOURM","og_description":"Yann Sohier na\u00eet le 10 septembre 1901 \u00e0 Loud\u00e9ac. Il est le fils de Jean-Marie Sohier, gendarme \u00e0 cheval, et de Louise Sohier. La famille se d\u00e9place successivement au Sel-de-Bretagne (mai 1905-d\u00e9cembre 1906), puis \u00e0 Uzel (jusqu&rsquo;en ao\u00fbt 1907). Apr\u00e8s 15 ans de service, le p\u00e8re se reconvertit comme percepteur, d&rsquo;abord \u00e0 Peillac (Morbihan) en [&hellip;]","og_url":"https:\/\/stourm.news\/?p=2244","og_site_name":"STOURM","article_publisher":"https:\/\/www.facebook.com\/stourmnews\/","article_published_time":"2024-09-10T12:48:53+00:00","og_image":[{"width":722,"height":1024,"url":"https:\/\/stourm.news\/wp-content\/uploads\/2024\/09\/yann-sohier-722x1024-1.jpg","type":"image\/jpeg"}],"author":"La r\u00e9daction","twitter_card":"summary_large_image","twitter_misc":{"\u00c9crit par":"La r\u00e9daction","Dur\u00e9e de lecture estim\u00e9e":"6 minutes"},"schema":{"@context":"https:\/\/schema.org","@graph":[{"@type":"Article","@id":"https:\/\/stourm.news\/?p=2244#article","isPartOf":{"@id":"https:\/\/stourm.news\/?p=2244"},"author":{"name":"La r\u00e9daction","@id":"https:\/\/stourm.news\/#\/schema\/person\/c3e1dc65988632e190969234ef046cf9"},"headline":"10 septembre 1901 : naissance de Yann Sohier","datePublished":"2024-09-10T12:48:53+00:00","mainEntityOfPage":{"@id":"https:\/\/stourm.news\/?p=2244"},"wordCount":1114,"commentCount":0,"publisher":{"@id":"https:\/\/stourm.news\/#organization"},"image":{"@id":"https:\/\/stourm.news\/?p=2244#primaryimage"},"thumbnailUrl":"https:\/\/stourm.news\/wp-content\/uploads\/2024\/09\/yann-sohier-722x1024-1.jpg","articleSection":["Emsav","Histoire de Bretagne","Principale"],"inLanguage":"fr-FR","potentialAction":[{"@type":"CommentAction","name":"Comment","target":["https:\/\/stourm.news\/?p=2244#respond"]}]},{"@type":"WebPage","@id":"https:\/\/stourm.news\/?p=2244","url":"https:\/\/stourm.news\/?p=2244","name":"10 septembre 1901 : naissance de Yann Sohier - STOURM","isPartOf":{"@id":"https:\/\/stourm.news\/#website"},"primaryImageOfPage":{"@id":"https:\/\/stourm.news\/?p=2244#primaryimage"},"image":{"@id":"https:\/\/stourm.news\/?p=2244#primaryimage"},"thumbnailUrl":"https:\/\/stourm.news\/wp-content\/uploads\/2024\/09\/yann-sohier-722x1024-1.jpg","datePublished":"2024-09-10T12:48:53+00:00","breadcrumb":{"@id":"https:\/\/stourm.news\/?p=2244#breadcrumb"},"inLanguage":"fr-FR","potentialAction":[{"@type":"ReadAction","target":["https:\/\/stourm.news\/?p=2244"]}]},{"@type":"ImageObject","inLanguage":"fr-FR","@id":"https:\/\/stourm.news\/?p=2244#primaryimage","url":"https:\/\/stourm.news\/wp-content\/uploads\/2024\/09\/yann-sohier-722x1024-1.jpg","contentUrl":"https:\/\/stourm.news\/wp-content\/uploads\/2024\/09\/yann-sohier-722x1024-1.jpg","width":722,"height":1024},{"@type":"BreadcrumbList","@id":"https:\/\/stourm.news\/?p=2244#breadcrumb","itemListElement":[{"@type":"ListItem","position":1,"name":"Accueil","item":"https:\/\/stourm.news\/"},{"@type":"ListItem","position":2,"name":"10 septembre 1901 : naissance de Yann Sohier"}]},{"@type":"WebSite","@id":"https:\/\/stourm.news\/#website","url":"https:\/\/stourm.news\/","name":"Stourm","description":"Kazetenn Strollad Broadel Breizh","publisher":{"@id":"https:\/\/stourm.news\/#organization"},"potentialAction":[{"@type":"SearchAction","target":{"@type":"EntryPoint","urlTemplate":"https:\/\/stourm.news\/?s={search_term_string}"},"query-input":{"@type":"PropertyValueSpecification","valueRequired":true,"valueName":"search_term_string"}}],"inLanguage":"fr-FR"},{"@type":"Organization","@id":"https:\/\/stourm.news\/#organization","name":"Stourm","url":"https:\/\/stourm.news\/","logo":{"@type":"ImageObject","inLanguage":"fr-FR","@id":"https:\/\/stourm.news\/#\/schema\/logo\/image\/","url":"https:\/\/stourm.news\/wp-content\/uploads\/2025\/11\/cropped-Capture-decran-2025-11-28-a-15.19.07.png","contentUrl":"https:\/\/stourm.news\/wp-content\/uploads\/2025\/11\/cropped-Capture-decran-2025-11-28-a-15.19.07.png","width":1855,"height":383,"caption":"Stourm"},"image":{"@id":"https:\/\/stourm.news\/#\/schema\/logo\/image\/"},"sameAs":["https:\/\/www.facebook.com\/stourmnews\/"]},{"@type":"Person","@id":"https:\/\/stourm.news\/#\/schema\/person\/c3e1dc65988632e190969234ef046cf9","name":"La r\u00e9daction","image":{"@type":"ImageObject","inLanguage":"fr-FR","@id":"https:\/\/stourm.news\/#\/schema\/person\/image\/","url":"https:\/\/secure.gravatar.com\/avatar\/7463443f194b6b5fb706b074ca0ef59a0cfcfd720cb47764b0ec5a952ce422b3?s=96&d=mm&r=g","contentUrl":"https:\/\/secure.gravatar.com\/avatar\/7463443f194b6b5fb706b074ca0ef59a0cfcfd720cb47764b0ec5a952ce422b3?s=96&d=mm&r=g","caption":"La r\u00e9daction"},"sameAs":["https:\/\/stourm.news"],"url":"https:\/\/stourm.news\/?author=1"}]}},"_links":{"self":[{"href":"https:\/\/stourm.news\/index.php?rest_route=\/wp\/v2\/posts\/2244","targetHints":{"allow":["GET"]}}],"collection":[{"href":"https:\/\/stourm.news\/index.php?rest_route=\/wp\/v2\/posts"}],"about":[{"href":"https:\/\/stourm.news\/index.php?rest_route=\/wp\/v2\/types\/post"}],"author":[{"embeddable":true,"href":"https:\/\/stourm.news\/index.php?rest_route=\/wp\/v2\/users\/1"}],"replies":[{"embeddable":true,"href":"https:\/\/stourm.news\/index.php?rest_route=%2Fwp%2Fv2%2Fcomments&post=2244"}],"version-history":[{"count":1,"href":"https:\/\/stourm.news\/index.php?rest_route=\/wp\/v2\/posts\/2244\/revisions"}],"predecessor-version":[{"id":2246,"href":"https:\/\/stourm.news\/index.php?rest_route=\/wp\/v2\/posts\/2244\/revisions\/2246"}],"wp:featuredmedia":[{"embeddable":true,"href":"https:\/\/stourm.news\/index.php?rest_route=\/wp\/v2\/media\/2245"}],"wp:attachment":[{"href":"https:\/\/stourm.news\/index.php?rest_route=%2Fwp%2Fv2%2Fmedia&parent=2244"}],"wp:term":[{"taxonomy":"category","embeddable":true,"href":"https:\/\/stourm.news\/index.php?rest_route=%2Fwp%2Fv2%2Fcategories&post=2244"},{"taxonomy":"post_tag","embeddable":true,"href":"https:\/\/stourm.news\/index.php?rest_route=%2Fwp%2Fv2%2Ftags&post=2244"}],"curies":[{"name":"wp","href":"https:\/\/api.w.org\/{rel}","templated":true}]}}