{"id":2247,"date":"2024-09-11T06:17:43","date_gmt":"2024-09-11T06:17:43","guid":{"rendered":"https:\/\/stourm.news\/?p=2247"},"modified":"2024-09-11T06:17:43","modified_gmt":"2024-09-11T06:17:43","slug":"lancien-rapporteur-de-lonu-pour-les-minorites-denonce-les-discriminations-linguistiques-qui-visent-les-peuples-de-lhexagone","status":"publish","type":"post","link":"https:\/\/stourm.news\/?p=2247","title":{"rendered":"L&rsquo;ancien rapporteur de l&rsquo;ONU pour les minorit\u00e9s d\u00e9nonce les discriminations linguistiques qui visent les peuples de l&rsquo;Hexagone"},"content":{"rendered":"<p style=\"text-align: justify;\">Dans un entretien accord\u00e9 au m\u00e9dia fran\u00e7ais <strong><a href=\"https:\/\/www.lexpress.fr\/culture\/langues-regionales-en-matiere-de-droits-linguistiques-la-france-merite-2-sur-10-QM2GYTKKPNFWTCD7D4J4QYRDQU\">L&rsquo;Express<\/a><\/strong>, le Canadien Fernand de Varennes, ancien rapporteur de l&rsquo;ONU pour les minorit\u00e9s de 2017 \u00e0 2024, a s\u00e9v\u00e8rement critiqu\u00e9 la France pour les discriminations syst\u00e9miques dont sont l&rsquo;objet les peuples de l&rsquo;Hexagone.<\/p>\n<p style=\"text-align: justify;\"><strong>\u00ab\u00a0Dans le domaine linguistique, elle porte atteinte \u00e0 la libert\u00e9 d\u2019expression et multiplie les mesures discriminatoires \u00e0 l\u2019\u00e9gard de ses minorit\u00e9s linguistiques\u00a0\u00bb<\/strong> tranche sans faux semblants M. de Varennes.<\/p>\n<p style=\"text-align: justify;\">Interrog\u00e9 sur l&rsquo;utilisation de l&rsquo;article 2 de constitution de la 5\u00e8me R\u00e9publique pour poursuivre sa campagne de destruction linguistique, M. de Varennes r\u00e9pond tout aussi clairement, soulignant l&rsquo;hypocrisie de la classe dirigeante fran\u00e7aise : <strong>\u00ab\u00a0Que le fran\u00e7ais soit la langue de la R\u00e9publique est une chose. Mais, dans la plupart des pays, l\u2019existence d\u2019une langue nationale n\u2019entra\u00eene pas l\u2019exclusion compl\u00e8te des autres langues. Consid\u00e9rer que l\u2019article 2 interdit l\u2019utilisation de toute autre langue est une interpr\u00e9tation qui nous semble d\u00e9raisonnable et disproportionn\u00e9e \u2013 et donc probablement discriminatoire en droit international. Au demeurant, l\u2019article 2 ne dit pas que le fran\u00e7ais est la \u00ab\u00a0seule\u00a0\u00bb langue de la R\u00e9publique. Et je rappelle que cette phrase a \u00e9t\u00e9 ajout\u00e9e en 1992 afin de contrecarrer l\u2019influence grandissante de l\u2019anglais, et de l\u2019anglais exclusivement. Il est donc ironique de constater que le Conseil constitutionnel l\u2019utilise aujourd\u2019hui pour limiter l\u2019utilisation des langues r\u00e9gionales alors que l\u2019anglais semble avoir libre cours en France.\u00a0\u00bb<\/strong><\/p>\n<p style=\"text-align: justify;\">Lorsqu&rsquo;elle est d\u00e9nonc\u00e9e au niveau international, cette politique d&rsquo;\u00e9radication suscite le silence cynique de l&rsquo;\u00c9tat fran\u00e7ais. <strong>\u00ab\u00a0La France n\u2019a jamais r\u00e9pondu. Silence radio !\u00a0\u00bb<\/strong> tonne le Canadien qui cite les autres \u00e9tats europ\u00e9ens en exemple : <strong>\u00ab\u00a0Voyez l\u2019Italie. Dans la province germanophone du Haut-Adige, on peut avoir acc\u00e8s \u00e0 l\u2019\u00e9ducation et \u00e0 certains services publics en langue allemande. En Belgique, pays \u00e0 majorit\u00e9 flamande, des mesures sont prises en faveur des langues minoritaires que sont le fran\u00e7ais et l\u2019allemand. Le Royaume-Uni prot\u00e8ge l\u2019irlandais, le gallois et l\u2019\u00e9cossais. Dans le nord de l\u2019Allemagne, il est possible de recevoir un enseignement bilingue en danois et en allemand\u00a0\u00bb<\/strong>.<\/p>\n<p style=\"text-align: justify;\">Fernand de Varennes d\u00e9nonce le double-standard qui pr\u00e9vaut face \u00e0 l&rsquo;anglais pourtant th\u00e9oriquement vis\u00e9 par l&rsquo;article 2 de la constitution : <strong>\u00ab\u00a0Des grandes \u00e9coles et des universit\u00e9s fran\u00e7aises proposent des masters uniquement en anglais alors qu\u2019il n\u2019en existe pas \u00e0 ma connaissance exclusivement en corse ou en breton. La pr\u00e9fecture de police propose \u00e9galement des documents en langue anglaise \u00e0 destination des touristes. Cela ne me g\u00eane pas, mais pourquoi ne pas faire la m\u00eame chose en occitan ou en alsacien ? Pourquoi favoriser toujours l\u2019anglais au d\u00e9triment des langues de France ?\u00a0\u00bb.<\/strong><\/p>\n<p style=\"text-align: justify;\">Enfin, M. de Varennes pointe l&rsquo;isolement croissant de l&rsquo;\u00c9tat fran\u00e7ais. <strong>\u00ab\u00a0Sous la R\u00e9volution, certains ont cru qu\u2019elles \u00e9taient les ennemies des id\u00e9es nouvelles. Mais nous sommes en 2024 ! Peut-\u00eatre serait-il temps de reconna\u00eetre que cette analyse \u00e9tait erron\u00e9e et que les droits humains ont \u00e9volu\u00e9 depuis le XVIIIe si\u00e8cle. Ce serait du reste l\u2019int\u00e9r\u00eat de la France, car la n\u00e9gation des droits des minorit\u00e9s linguistiques repr\u00e9sente une tache sur son image.\u00a0\u00bb<\/strong><\/p>\n<p style=\"text-align: justify;\">Ces d\u00e9clarations permettent de constater l&rsquo;\u00e9tat d&rsquo;isolement croissant de la France. Vieille puissance imp\u00e9rialiste, la France jacobine est engag\u00e9e dans une radicalisation id\u00e9ologique qui est guid\u00e9e depuis plus de 30 ans par l&rsquo;effondrement de l&rsquo;influence fran\u00e7aise. Pr\u00e9tendant vouloir et pouvoir endiguer l&rsquo;influence du monde anglophone, victorieux apr\u00e8s des si\u00e8cles de confrontation, ce sont des ennemis int\u00e9rieurs bien plus \u00e0 sa port\u00e9e qui ont \u00e9t\u00e9 m\u00e9thodiquement cibl\u00e9s par l&rsquo;\u00c9tat fran\u00e7ais : les peuples breton, basque, corse, alsacien, entre autres.<\/p>\n<p style=\"text-align: justify;\">Toutefois, l&rsquo;\u00c9tat fran\u00e7ais ne peut mener cette politique d&rsquo;\u00e9radication ethno-culturelle que gr\u00e2ce \u00e0 l&rsquo;apathie des peuples vis\u00e9s. En derni\u00e8re instance, un peuple qui consent \u00e0 son statut colonial ne peut se plaindre d&rsquo;\u00eatre trait\u00e9 en tant que tel. La seule r\u00e9ponse est l&rsquo;engagement politique pour la d\u00e9fense des droits nationaux des peuples occup\u00e9s et opprim\u00e9s par l&rsquo;\u00c9tat fran\u00e7ais.<\/p>\n<p style=\"text-align: right;\"><strong>Ewen Broc&rsquo;han<\/strong><\/p>\n<div class=\"article-body-link-list\"><\/div>\n","protected":false},"excerpt":{"rendered":"<p>Dans un entretien accord\u00e9 au m\u00e9dia fran\u00e7ais L&rsquo;Express, le Canadien Fernand de Varennes, ancien rapporteur de l&rsquo;ONU pour les minorit\u00e9s de 2017 \u00e0 2024, a s\u00e9v\u00e8rement critiqu\u00e9 la France pour les discriminations syst\u00e9miques dont sont l&rsquo;objet les peuples de l&rsquo;Hexagone. \u00ab\u00a0Dans le domaine linguistique, elle porte atteinte \u00e0 la libert\u00e9 d\u2019expression et multiplie les mesures [&hellip;]<\/p>\n","protected":false},"author":1,"featured_media":2248,"comment_status":"open","ping_status":"open","sticky":false,"template":"","format":"standard","meta":{"sb_editor_width":"","footnotes":""},"categories":[66,67,65],"tags":[],"class_list":["post-2247","post","type-post","status-publish","format-standard","has-post-thumbnail","hentry","category-international","category-politique","category-principale"],"relative_dates":{"created":"2 ans ago","modified":"2 ans ago"},"yoast_head":"<!-- This site is optimized with the Yoast SEO plugin v26.3 - https:\/\/yoast.com\/wordpress\/plugins\/seo\/ -->\n<title>L&#039;ancien rapporteur de l&#039;ONU pour les minorit\u00e9s d\u00e9nonce les discriminations linguistiques qui visent les peuples de l&#039;Hexagone - STOURM<\/title>\n<meta name=\"robots\" content=\"index, follow, max-snippet:-1, max-image-preview:large, max-video-preview:-1\" \/>\n<link rel=\"canonical\" href=\"https:\/\/stourm.news\/?p=2247\" \/>\n<meta property=\"og:locale\" content=\"fr_FR\" \/>\n<meta property=\"og:type\" content=\"article\" \/>\n<meta property=\"og:title\" content=\"L&#039;ancien rapporteur de l&#039;ONU pour les minorit\u00e9s d\u00e9nonce les discriminations linguistiques qui visent les peuples de l&#039;Hexagone - STOURM\" \/>\n<meta property=\"og:description\" content=\"Dans un entretien accord\u00e9 au m\u00e9dia fran\u00e7ais L&rsquo;Express, le Canadien Fernand de Varennes, ancien rapporteur de l&rsquo;ONU pour les minorit\u00e9s de 2017 \u00e0 2024, a s\u00e9v\u00e8rement critiqu\u00e9 la France pour les discriminations syst\u00e9miques dont sont l&rsquo;objet les peuples de l&rsquo;Hexagone. \u00ab\u00a0Dans le domaine linguistique, elle porte atteinte \u00e0 la libert\u00e9 d\u2019expression et multiplie les mesures [&hellip;]\" \/>\n<meta property=\"og:url\" content=\"https:\/\/stourm.news\/?p=2247\" \/>\n<meta property=\"og:site_name\" content=\"STOURM\" \/>\n<meta property=\"article:publisher\" content=\"https:\/\/www.facebook.com\/stourmnews\/\" \/>\n<meta property=\"article:published_time\" content=\"2024-09-11T06:17:43+00:00\" \/>\n<meta property=\"og:image\" content=\"https:\/\/stourm.news\/wp-content\/uploads\/2024\/09\/maxresdefault-1.jpg\" \/>\n\t<meta property=\"og:image:width\" content=\"1280\" \/>\n\t<meta property=\"og:image:height\" content=\"720\" \/>\n\t<meta property=\"og:image:type\" content=\"image\/jpeg\" \/>\n<meta name=\"author\" content=\"La r\u00e9daction\" \/>\n<meta name=\"twitter:card\" content=\"summary_large_image\" \/>\n<meta name=\"twitter:label1\" content=\"\u00c9crit par\" \/>\n\t<meta name=\"twitter:data1\" content=\"La r\u00e9daction\" \/>\n\t<meta name=\"twitter:label2\" content=\"Dur\u00e9e de lecture estim\u00e9e\" \/>\n\t<meta name=\"twitter:data2\" content=\"4 minutes\" \/>\n<script type=\"application\/ld+json\" class=\"yoast-schema-graph\">{\"@context\":\"https:\/\/schema.org\",\"@graph\":[{\"@type\":\"Article\",\"@id\":\"https:\/\/stourm.news\/?p=2247#article\",\"isPartOf\":{\"@id\":\"https:\/\/stourm.news\/?p=2247\"},\"author\":{\"name\":\"La r\u00e9daction\",\"@id\":\"https:\/\/stourm.news\/#\/schema\/person\/c3e1dc65988632e190969234ef046cf9\"},\"headline\":\"L&rsquo;ancien rapporteur de l&rsquo;ONU pour les minorit\u00e9s d\u00e9nonce les discriminations linguistiques qui visent les peuples de l&rsquo;Hexagone\",\"datePublished\":\"2024-09-11T06:17:43+00:00\",\"mainEntityOfPage\":{\"@id\":\"https:\/\/stourm.news\/?p=2247\"},\"wordCount\":754,\"commentCount\":1,\"publisher\":{\"@id\":\"https:\/\/stourm.news\/#organization\"},\"image\":{\"@id\":\"https:\/\/stourm.news\/?p=2247#primaryimage\"},\"thumbnailUrl\":\"https:\/\/stourm.news\/wp-content\/uploads\/2024\/09\/maxresdefault-1.jpg\",\"articleSection\":[\"International\",\"Politique\",\"Principale\"],\"inLanguage\":\"fr-FR\",\"potentialAction\":[{\"@type\":\"CommentAction\",\"name\":\"Comment\",\"target\":[\"https:\/\/stourm.news\/?p=2247#respond\"]}]},{\"@type\":\"WebPage\",\"@id\":\"https:\/\/stourm.news\/?p=2247\",\"url\":\"https:\/\/stourm.news\/?p=2247\",\"name\":\"L'ancien rapporteur de l'ONU pour les minorit\u00e9s d\u00e9nonce les discriminations linguistiques qui visent les peuples de l'Hexagone - STOURM\",\"isPartOf\":{\"@id\":\"https:\/\/stourm.news\/#website\"},\"primaryImageOfPage\":{\"@id\":\"https:\/\/stourm.news\/?p=2247#primaryimage\"},\"image\":{\"@id\":\"https:\/\/stourm.news\/?p=2247#primaryimage\"},\"thumbnailUrl\":\"https:\/\/stourm.news\/wp-content\/uploads\/2024\/09\/maxresdefault-1.jpg\",\"datePublished\":\"2024-09-11T06:17:43+00:00\",\"breadcrumb\":{\"@id\":\"https:\/\/stourm.news\/?p=2247#breadcrumb\"},\"inLanguage\":\"fr-FR\",\"potentialAction\":[{\"@type\":\"ReadAction\",\"target\":[\"https:\/\/stourm.news\/?p=2247\"]}]},{\"@type\":\"ImageObject\",\"inLanguage\":\"fr-FR\",\"@id\":\"https:\/\/stourm.news\/?p=2247#primaryimage\",\"url\":\"https:\/\/stourm.news\/wp-content\/uploads\/2024\/09\/maxresdefault-1.jpg\",\"contentUrl\":\"https:\/\/stourm.news\/wp-content\/uploads\/2024\/09\/maxresdefault-1.jpg\",\"width\":1280,\"height\":720},{\"@type\":\"BreadcrumbList\",\"@id\":\"https:\/\/stourm.news\/?p=2247#breadcrumb\",\"itemListElement\":[{\"@type\":\"ListItem\",\"position\":1,\"name\":\"Accueil\",\"item\":\"https:\/\/stourm.news\/\"},{\"@type\":\"ListItem\",\"position\":2,\"name\":\"L&rsquo;ancien rapporteur de l&rsquo;ONU pour les minorit\u00e9s d\u00e9nonce les discriminations linguistiques qui visent les peuples de l&rsquo;Hexagone\"}]},{\"@type\":\"WebSite\",\"@id\":\"https:\/\/stourm.news\/#website\",\"url\":\"https:\/\/stourm.news\/\",\"name\":\"Stourm\",\"description\":\"Kazetenn Strollad Broadel Breizh\",\"publisher\":{\"@id\":\"https:\/\/stourm.news\/#organization\"},\"potentialAction\":[{\"@type\":\"SearchAction\",\"target\":{\"@type\":\"EntryPoint\",\"urlTemplate\":\"https:\/\/stourm.news\/?s={search_term_string}\"},\"query-input\":{\"@type\":\"PropertyValueSpecification\",\"valueRequired\":true,\"valueName\":\"search_term_string\"}}],\"inLanguage\":\"fr-FR\"},{\"@type\":\"Organization\",\"@id\":\"https:\/\/stourm.news\/#organization\",\"name\":\"Stourm\",\"url\":\"https:\/\/stourm.news\/\",\"logo\":{\"@type\":\"ImageObject\",\"inLanguage\":\"fr-FR\",\"@id\":\"https:\/\/stourm.news\/#\/schema\/logo\/image\/\",\"url\":\"https:\/\/stourm.news\/wp-content\/uploads\/2025\/11\/cropped-Capture-decran-2025-11-28-a-15.19.07.png\",\"contentUrl\":\"https:\/\/stourm.news\/wp-content\/uploads\/2025\/11\/cropped-Capture-decran-2025-11-28-a-15.19.07.png\",\"width\":1855,\"height\":383,\"caption\":\"Stourm\"},\"image\":{\"@id\":\"https:\/\/stourm.news\/#\/schema\/logo\/image\/\"},\"sameAs\":[\"https:\/\/www.facebook.com\/stourmnews\/\"]},{\"@type\":\"Person\",\"@id\":\"https:\/\/stourm.news\/#\/schema\/person\/c3e1dc65988632e190969234ef046cf9\",\"name\":\"La r\u00e9daction\",\"image\":{\"@type\":\"ImageObject\",\"inLanguage\":\"fr-FR\",\"@id\":\"https:\/\/stourm.news\/#\/schema\/person\/image\/\",\"url\":\"https:\/\/secure.gravatar.com\/avatar\/7463443f194b6b5fb706b074ca0ef59a0cfcfd720cb47764b0ec5a952ce422b3?s=96&d=mm&r=g\",\"contentUrl\":\"https:\/\/secure.gravatar.com\/avatar\/7463443f194b6b5fb706b074ca0ef59a0cfcfd720cb47764b0ec5a952ce422b3?s=96&d=mm&r=g\",\"caption\":\"La r\u00e9daction\"},\"sameAs\":[\"https:\/\/stourm.news\"],\"url\":\"https:\/\/stourm.news\/?author=1\"}]}<\/script>\n<!-- \/ Yoast SEO plugin. -->","yoast_head_json":{"title":"L'ancien rapporteur de l'ONU pour les minorit\u00e9s d\u00e9nonce les discriminations linguistiques qui visent les peuples de l'Hexagone - STOURM","robots":{"index":"index","follow":"follow","max-snippet":"max-snippet:-1","max-image-preview":"max-image-preview:large","max-video-preview":"max-video-preview:-1"},"canonical":"https:\/\/stourm.news\/?p=2247","og_locale":"fr_FR","og_type":"article","og_title":"L'ancien rapporteur de l'ONU pour les minorit\u00e9s d\u00e9nonce les discriminations linguistiques qui visent les peuples de l'Hexagone - STOURM","og_description":"Dans un entretien accord\u00e9 au m\u00e9dia fran\u00e7ais L&rsquo;Express, le Canadien Fernand de Varennes, ancien rapporteur de l&rsquo;ONU pour les minorit\u00e9s de 2017 \u00e0 2024, a s\u00e9v\u00e8rement critiqu\u00e9 la France pour les discriminations syst\u00e9miques dont sont l&rsquo;objet les peuples de l&rsquo;Hexagone. \u00ab\u00a0Dans le domaine linguistique, elle porte atteinte \u00e0 la libert\u00e9 d\u2019expression et multiplie les mesures [&hellip;]","og_url":"https:\/\/stourm.news\/?p=2247","og_site_name":"STOURM","article_publisher":"https:\/\/www.facebook.com\/stourmnews\/","article_published_time":"2024-09-11T06:17:43+00:00","og_image":[{"width":1280,"height":720,"url":"https:\/\/stourm.news\/wp-content\/uploads\/2024\/09\/maxresdefault-1.jpg","type":"image\/jpeg"}],"author":"La r\u00e9daction","twitter_card":"summary_large_image","twitter_misc":{"\u00c9crit par":"La r\u00e9daction","Dur\u00e9e de lecture estim\u00e9e":"4 minutes"},"schema":{"@context":"https:\/\/schema.org","@graph":[{"@type":"Article","@id":"https:\/\/stourm.news\/?p=2247#article","isPartOf":{"@id":"https:\/\/stourm.news\/?p=2247"},"author":{"name":"La r\u00e9daction","@id":"https:\/\/stourm.news\/#\/schema\/person\/c3e1dc65988632e190969234ef046cf9"},"headline":"L&rsquo;ancien rapporteur de l&rsquo;ONU pour les minorit\u00e9s d\u00e9nonce les discriminations linguistiques qui visent les peuples de l&rsquo;Hexagone","datePublished":"2024-09-11T06:17:43+00:00","mainEntityOfPage":{"@id":"https:\/\/stourm.news\/?p=2247"},"wordCount":754,"commentCount":1,"publisher":{"@id":"https:\/\/stourm.news\/#organization"},"image":{"@id":"https:\/\/stourm.news\/?p=2247#primaryimage"},"thumbnailUrl":"https:\/\/stourm.news\/wp-content\/uploads\/2024\/09\/maxresdefault-1.jpg","articleSection":["International","Politique","Principale"],"inLanguage":"fr-FR","potentialAction":[{"@type":"CommentAction","name":"Comment","target":["https:\/\/stourm.news\/?p=2247#respond"]}]},{"@type":"WebPage","@id":"https:\/\/stourm.news\/?p=2247","url":"https:\/\/stourm.news\/?p=2247","name":"L'ancien rapporteur de l'ONU pour les minorit\u00e9s d\u00e9nonce les discriminations linguistiques qui visent les peuples de l'Hexagone - STOURM","isPartOf":{"@id":"https:\/\/stourm.news\/#website"},"primaryImageOfPage":{"@id":"https:\/\/stourm.news\/?p=2247#primaryimage"},"image":{"@id":"https:\/\/stourm.news\/?p=2247#primaryimage"},"thumbnailUrl":"https:\/\/stourm.news\/wp-content\/uploads\/2024\/09\/maxresdefault-1.jpg","datePublished":"2024-09-11T06:17:43+00:00","breadcrumb":{"@id":"https:\/\/stourm.news\/?p=2247#breadcrumb"},"inLanguage":"fr-FR","potentialAction":[{"@type":"ReadAction","target":["https:\/\/stourm.news\/?p=2247"]}]},{"@type":"ImageObject","inLanguage":"fr-FR","@id":"https:\/\/stourm.news\/?p=2247#primaryimage","url":"https:\/\/stourm.news\/wp-content\/uploads\/2024\/09\/maxresdefault-1.jpg","contentUrl":"https:\/\/stourm.news\/wp-content\/uploads\/2024\/09\/maxresdefault-1.jpg","width":1280,"height":720},{"@type":"BreadcrumbList","@id":"https:\/\/stourm.news\/?p=2247#breadcrumb","itemListElement":[{"@type":"ListItem","position":1,"name":"Accueil","item":"https:\/\/stourm.news\/"},{"@type":"ListItem","position":2,"name":"L&rsquo;ancien rapporteur de l&rsquo;ONU pour les minorit\u00e9s d\u00e9nonce les discriminations linguistiques qui visent les peuples de l&rsquo;Hexagone"}]},{"@type":"WebSite","@id":"https:\/\/stourm.news\/#website","url":"https:\/\/stourm.news\/","name":"Stourm","description":"Kazetenn Strollad Broadel Breizh","publisher":{"@id":"https:\/\/stourm.news\/#organization"},"potentialAction":[{"@type":"SearchAction","target":{"@type":"EntryPoint","urlTemplate":"https:\/\/stourm.news\/?s={search_term_string}"},"query-input":{"@type":"PropertyValueSpecification","valueRequired":true,"valueName":"search_term_string"}}],"inLanguage":"fr-FR"},{"@type":"Organization","@id":"https:\/\/stourm.news\/#organization","name":"Stourm","url":"https:\/\/stourm.news\/","logo":{"@type":"ImageObject","inLanguage":"fr-FR","@id":"https:\/\/stourm.news\/#\/schema\/logo\/image\/","url":"https:\/\/stourm.news\/wp-content\/uploads\/2025\/11\/cropped-Capture-decran-2025-11-28-a-15.19.07.png","contentUrl":"https:\/\/stourm.news\/wp-content\/uploads\/2025\/11\/cropped-Capture-decran-2025-11-28-a-15.19.07.png","width":1855,"height":383,"caption":"Stourm"},"image":{"@id":"https:\/\/stourm.news\/#\/schema\/logo\/image\/"},"sameAs":["https:\/\/www.facebook.com\/stourmnews\/"]},{"@type":"Person","@id":"https:\/\/stourm.news\/#\/schema\/person\/c3e1dc65988632e190969234ef046cf9","name":"La r\u00e9daction","image":{"@type":"ImageObject","inLanguage":"fr-FR","@id":"https:\/\/stourm.news\/#\/schema\/person\/image\/","url":"https:\/\/secure.gravatar.com\/avatar\/7463443f194b6b5fb706b074ca0ef59a0cfcfd720cb47764b0ec5a952ce422b3?s=96&d=mm&r=g","contentUrl":"https:\/\/secure.gravatar.com\/avatar\/7463443f194b6b5fb706b074ca0ef59a0cfcfd720cb47764b0ec5a952ce422b3?s=96&d=mm&r=g","caption":"La r\u00e9daction"},"sameAs":["https:\/\/stourm.news"],"url":"https:\/\/stourm.news\/?author=1"}]}},"_links":{"self":[{"href":"https:\/\/stourm.news\/index.php?rest_route=\/wp\/v2\/posts\/2247","targetHints":{"allow":["GET"]}}],"collection":[{"href":"https:\/\/stourm.news\/index.php?rest_route=\/wp\/v2\/posts"}],"about":[{"href":"https:\/\/stourm.news\/index.php?rest_route=\/wp\/v2\/types\/post"}],"author":[{"embeddable":true,"href":"https:\/\/stourm.news\/index.php?rest_route=\/wp\/v2\/users\/1"}],"replies":[{"embeddable":true,"href":"https:\/\/stourm.news\/index.php?rest_route=%2Fwp%2Fv2%2Fcomments&post=2247"}],"version-history":[{"count":1,"href":"https:\/\/stourm.news\/index.php?rest_route=\/wp\/v2\/posts\/2247\/revisions"}],"predecessor-version":[{"id":2249,"href":"https:\/\/stourm.news\/index.php?rest_route=\/wp\/v2\/posts\/2247\/revisions\/2249"}],"wp:featuredmedia":[{"embeddable":true,"href":"https:\/\/stourm.news\/index.php?rest_route=\/wp\/v2\/media\/2248"}],"wp:attachment":[{"href":"https:\/\/stourm.news\/index.php?rest_route=%2Fwp%2Fv2%2Fmedia&parent=2247"}],"wp:term":[{"taxonomy":"category","embeddable":true,"href":"https:\/\/stourm.news\/index.php?rest_route=%2Fwp%2Fv2%2Fcategories&post=2247"},{"taxonomy":"post_tag","embeddable":true,"href":"https:\/\/stourm.news\/index.php?rest_route=%2Fwp%2Fv2%2Ftags&post=2247"}],"curies":[{"name":"wp","href":"https:\/\/api.w.org\/{rel}","templated":true}]}}