{"id":2259,"date":"2024-09-11T11:08:35","date_gmt":"2024-09-11T11:08:35","guid":{"rendered":"https:\/\/stourm.news\/?p=2259"},"modified":"2024-09-11T11:08:35","modified_gmt":"2024-09-11T11:08:35","slug":"du-quatrieme-emsav-a-letat-breton-nous-faire-respecter-en-tant-que-nationalistes-bretons-editorial-2","status":"publish","type":"post","link":"https:\/\/stourm.news\/?p=2259","title":{"rendered":"Du quatri\u00e8me Emsav \u00e0 l&rsquo;\u00c9tat breton : nous faire respecter en tant que nationalistes bretons ! (\u00c9ditorial)"},"content":{"rendered":"<p style=\"text-align: justify;\">L&rsquo;Emsav est aujourd&rsquo;hui dans une impasse au point d&rsquo;avoir atteint un \u00e9tat de catalepsie avanc\u00e9. Au bouillonnement intellectuel du 19\u00e8me et 20\u00e8me si\u00e8cles, le 21\u00e8me si\u00e8cle n&rsquo;a, \u00e0 ce stade, rien produit ou presque qui soit notable, et encore moins utile \u00e0 la cause nationale. On ne voit agir sur les esprits aucune figure intellectuelle de premier plan l\u00e0 o\u00f9, il y a un si\u00e8cle, on les comptait par dizaines chez les \u00e9crivains, journalistes ou artistes bretons. L&rsquo;activisme politique conna\u00eet la m\u00eame l\u00e9thargie, engourdi par un embourgeoisement et un vieillissement manifestes, en plus de l&rsquo;influence d\u00e9l\u00e9t\u00e8re du r\u00e9gionalisme incapacitant.\u00a0En d&rsquo;autres termes, la Bretagne est dans une d\u00e9sastreuse complaisance vis-\u00e0-vis d&rsquo;elle-m\u00eame.<\/p>\n<p style=\"text-align: justify;\">Des sympt\u00f4mes r\u00e9cents en t\u00e9moignent encore. Malgr\u00e9 le d\u00e9vouement de ses membres, les effectifs de Diwan stagnent tandis que sa situation financi\u00e8re est plus pr\u00e9caire que jamais. En d\u00e9pit de la demande populaire, l&rsquo;\u00c9tat fran\u00e7ais peut saboter les ouvertures de classes bilingues sans craindre de mobilisation r\u00e9elle en r\u00e9action, rendant illusoire l&rsquo;objectif de 30,000 scolaris\u00e9s en langue bretonne d&rsquo;ici \u00e0 2027. Le paysage m\u00e9diatique, qu&rsquo;il s&rsquo;agisse de la presse \u00e9crite ou audiovisuelle, est un d\u00e9sert et ce n&rsquo;est pas la pitoyable production de \u00ab\u00a0France 3 Bretagne\u00a0\u00bb qui serait de nature \u00e0 infirmer ce constat. La Coop Breizh, maison d&rsquo;\u00e9ditions historique, a annonc\u00e9 cette semaine \u00eatre en cessation de paiement. Enfin, la mobilisation de diverses associations bretonnes pour la protection de la toponymie bretonne ne re\u00e7oit \u00e0 cette heure aucun soutien notable de la part du Conseil \u00ab\u00a0R\u00e9gional\u00a0\u00bb de Bretagne.<\/p>\n<p style=\"text-align: justify;\">L&rsquo;absence d&rsquo;\u00e9nergie, de volont\u00e9 et d&rsquo;audace frappe l&rsquo;observateur. Cette d\u00e9r\u00e9liction a plusieurs causes. En premier lieu, il s&rsquo;agit des r\u00e9sultats objectifs de la francisation brutale et syst\u00e9matique que poursuit encore l&rsquo;\u00c9tat fran\u00e7ais au 21\u00e8me si\u00e8cle, notamment par le biais de son \u00e9cole et de ses m\u00e9dias. En second lieu, le vieillissement d\u00e9mographique de la Bretagne, engendr\u00e9 par l&rsquo;effondrement de la natalit\u00e9 et l&rsquo;\u00e9migration, accouche d&rsquo;un paysage politique et culturel scl\u00e9ros\u00e9, voire s\u00e9nile, qui ne sait que ressasser des indignations de plus en plus \u00e9loign\u00e9es de l&rsquo;Emsav. Enfin, la d\u00e9rive politique vers la gauche du mouvement culturel, entam\u00e9e dans les ann\u00e9es 1960 avec la subversion de l&rsquo;Emsav par des \u00e9l\u00e9ments marxistes, a m\u00e9caniquement pr\u00e9dispos\u00e9 les intellectuels et militants bretons \u00e0 se laisser absorber par la gauche hexagonale sous l&rsquo;action du Parti Socialiste fran\u00e7ais et de son art de caporaliser par l&rsquo;usage de la subvention publique. Cette vassalisation indirecte par l&rsquo;\u00c9tat fran\u00e7ais via sa gauche politique s&rsquo;est concr\u00e9tis\u00e9e en 2004 apr\u00e8s la victoire de Jean-Yves Le Drian aux \u00e9lections \u00ab\u00a0r\u00e9gionales\u00a0\u00bb, avant d&rsquo;\u00eatre confirm\u00e9e en 2017 par celle de Lo\u00efg Chesnais-Girard. Si la gauche \u00ab\u00a0bretonne\u00a0\u00bb a indubitablement \u00e9t\u00e9 activiste et productive, elle a cherch\u00e9 \u00e0 d\u00e9voyer l&rsquo;Emsav, infectant l&rsquo;\u00e2me bretonne des conceptions \u00e9galitaires de la r\u00e9volution fran\u00e7aise. Cette <strong>trahison<\/strong> se paie aujourd&rsquo;hui au prix fort.<\/p>\n<p style=\"text-align: justify;\">Le mouvement nationaliste a \u00e9t\u00e9 durablement affaibli par la cr\u00e9ation de partis de gauche, par d\u00e9finition poreux aux id\u00e9es fran\u00e7aises, \u00e0 l&rsquo;instar de l&rsquo;UDB dans les ann\u00e9es 1960, puis d&rsquo;Emgann dans les ann\u00e9es 1980, mouvement marxiste-ind\u00e9pendantiste que Ga\u00ebl Roblin, sa figure la plus d\u00e9testable, a men\u00e9 \u00e0 la disparition au d\u00e9but des ann\u00e9es 2000. Malgr\u00e9 l&rsquo;action de POBL (Parti pour l&rsquo;Organisation d&rsquo;une Bretagne Libre) et d&rsquo;Adsav!, le nationalisme breton n&rsquo;est pas parvenu dans le premier quart du 21\u00e8me si\u00e8cle \u00e0 maintenir une structure solide, disciplin\u00e9e, dot\u00e9e de cadres comp\u00e9tents et dynamiques en mesure d&rsquo;enraciner l&rsquo;Emsav dans une partie des masses, notamment \u00e9lectoralement et culturellement. La formation du Parti National Breton, au d\u00e9but de l&rsquo;ann\u00e9e 2022, marque une opposition consciente \u00e0 cette tendance g\u00e9n\u00e9rale. En d\u00e9pit des puissants obstacles cit\u00e9s pr\u00e9c\u00e9demment, il s&rsquo;agit non seulement de maintenir le nationalisme breton dans le paysage politique de la Bretagne, mais aussi de stopper la catastrophique r\u00e9gression r\u00e9gionaliste incarn\u00e9e tant\u00f4t par l&rsquo;UDB, tant\u00f4t par le Parti Breton au plan politique, et par diverses associations qui leur sont associ\u00e9es au plan social ou culturel. Pour le PNB, pr\u00e9senter ses premiers candidats aux \u00e9lections, peu importe lesquelles, sera indubitablement un moment essentiel de cet effort pour le maintien de l&rsquo;Emsav dans une Bretagne politiquement moribonde.<\/p>\n<p style=\"text-align: justify;\">Cette rupture est d&rsquo;autant plus n\u00e9cessaire que les limites du paradigme du Troisi\u00e8me Emsav sont atteintes. Si le premier Emsav a \u00e9veill\u00e9 la conscience nationale bretonne par un travail d&rsquo;avant-garde, que le second Emsav a cr\u00e9\u00e9 les outils de la modernisation indispensable \u00e0 la nation bretonne et que le troisi\u00e8me Emsav a massifi\u00e9 cette modernisation par l&rsquo;action culturelle, le quatri\u00e8me Emsav se doit d&rsquo;\u00eatre pleinement \u00e9tatique et d&rsquo;avancer vers l&rsquo;\u00c9tat breton \u00e0 un moment de crise d\u00e9cisive pour l&rsquo;\u00c9tat fran\u00e7ais tel qu&rsquo;il existe depuis 1789. C&rsquo;est dans une phase d&rsquo;acc\u00e9l\u00e9ration historique que les revirements les plus puissants ont lieu. Le PNB doit agr\u00e9ger les Bretons qui r\u00e9alisent que l&rsquo;\u00c9tat breton est la seule alternative \u00e0 la d\u00e9ch\u00e9ance terminale de la France et faire d&rsquo;eux une force politique unifi\u00e9e. Le Parti National Breton, comme instrument du nationalisme breton, doit se faire respecter et apprendre \u00e0 ceux qui voudraient perp\u00e9tuer le sectarisme de gauche \u00e0 l&rsquo;\u00e9gard des nationalistes que cet exercice entra\u00eenera syst\u00e9matiquement une riposte, imm\u00e9diate et frontale. Cette affirmation sans concession est la clef de l&rsquo;\u00e9mergence du nationalisme breton sur les ruines des id\u00e9es fran\u00e7aises et de leurs facilitateurs en Bretagne.<\/p>\n<p style=\"text-align: right;\"><strong>Ewen Broc&rsquo;han<\/strong><\/p>\n<p>&nbsp;<\/p>\n","protected":false},"excerpt":{"rendered":"<p>L&rsquo;Emsav est aujourd&rsquo;hui dans une impasse au point d&rsquo;avoir atteint un \u00e9tat de catalepsie avanc\u00e9. Au bouillonnement intellectuel du 19\u00e8me et 20\u00e8me si\u00e8cles, le 21\u00e8me si\u00e8cle n&rsquo;a, \u00e0 ce stade, rien produit ou presque qui soit notable, et encore moins utile \u00e0 la cause nationale. On ne voit agir sur les esprits aucune figure intellectuelle [&hellip;]<\/p>\n","protected":false},"author":1,"featured_media":2258,"comment_status":"open","ping_status":"open","sticky":false,"template":"","format":"standard","meta":{"sb_editor_width":"","footnotes":""},"categories":[63,74,65],"tags":[],"class_list":["post-2259","post","type-post","status-publish","format-standard","has-post-thumbnail","hentry","category-editorial","category-emsav","category-principale"],"relative_dates":{"created":"2 ans ago","modified":"2 ans ago"},"yoast_head":"<!-- This site is optimized with the Yoast SEO plugin v26.3 - https:\/\/yoast.com\/wordpress\/plugins\/seo\/ -->\n<title>Du quatri\u00e8me Emsav \u00e0 l&#039;\u00c9tat breton : nous faire respecter en tant que nationalistes bretons ! (\u00c9ditorial) - STOURM<\/title>\n<meta name=\"robots\" content=\"index, follow, max-snippet:-1, max-image-preview:large, max-video-preview:-1\" \/>\n<link rel=\"canonical\" href=\"https:\/\/stourm.news\/?p=2259\" \/>\n<meta property=\"og:locale\" content=\"fr_FR\" \/>\n<meta property=\"og:type\" content=\"article\" \/>\n<meta property=\"og:title\" content=\"Du quatri\u00e8me Emsav \u00e0 l&#039;\u00c9tat breton : nous faire respecter en tant que nationalistes bretons ! (\u00c9ditorial) - STOURM\" \/>\n<meta property=\"og:description\" content=\"L&rsquo;Emsav est aujourd&rsquo;hui dans une impasse au point d&rsquo;avoir atteint un \u00e9tat de catalepsie avanc\u00e9. Au bouillonnement intellectuel du 19\u00e8me et 20\u00e8me si\u00e8cles, le 21\u00e8me si\u00e8cle n&rsquo;a, \u00e0 ce stade, rien produit ou presque qui soit notable, et encore moins utile \u00e0 la cause nationale. On ne voit agir sur les esprits aucune figure intellectuelle [&hellip;]\" \/>\n<meta property=\"og:url\" content=\"https:\/\/stourm.news\/?p=2259\" \/>\n<meta property=\"og:site_name\" content=\"STOURM\" \/>\n<meta property=\"article:publisher\" content=\"https:\/\/www.facebook.com\/stourmnews\/\" \/>\n<meta property=\"article:published_time\" content=\"2024-09-11T11:08:35+00:00\" \/>\n<meta property=\"og:image\" content=\"https:\/\/stourm.news\/wp-content\/uploads\/2024\/09\/Designer-2024-09-11T194559.424.jpg\" \/>\n\t<meta property=\"og:image:width\" content=\"1651\" \/>\n\t<meta property=\"og:image:height\" content=\"980\" \/>\n\t<meta property=\"og:image:type\" content=\"image\/jpeg\" \/>\n<meta name=\"author\" content=\"La r\u00e9daction\" \/>\n<meta name=\"twitter:card\" content=\"summary_large_image\" \/>\n<meta name=\"twitter:label1\" content=\"\u00c9crit par\" \/>\n\t<meta name=\"twitter:data1\" content=\"La r\u00e9daction\" \/>\n\t<meta name=\"twitter:label2\" content=\"Dur\u00e9e de lecture estim\u00e9e\" \/>\n\t<meta name=\"twitter:data2\" content=\"5 minutes\" \/>\n<script type=\"application\/ld+json\" class=\"yoast-schema-graph\">{\"@context\":\"https:\/\/schema.org\",\"@graph\":[{\"@type\":\"Article\",\"@id\":\"https:\/\/stourm.news\/?p=2259#article\",\"isPartOf\":{\"@id\":\"https:\/\/stourm.news\/?p=2259\"},\"author\":{\"name\":\"La r\u00e9daction\",\"@id\":\"https:\/\/stourm.news\/#\/schema\/person\/c3e1dc65988632e190969234ef046cf9\"},\"headline\":\"Du quatri\u00e8me Emsav \u00e0 l&rsquo;\u00c9tat breton : nous faire respecter en tant que nationalistes bretons ! (\u00c9ditorial)\",\"datePublished\":\"2024-09-11T11:08:35+00:00\",\"mainEntityOfPage\":{\"@id\":\"https:\/\/stourm.news\/?p=2259\"},\"wordCount\":1021,\"commentCount\":0,\"publisher\":{\"@id\":\"https:\/\/stourm.news\/#organization\"},\"image\":{\"@id\":\"https:\/\/stourm.news\/?p=2259#primaryimage\"},\"thumbnailUrl\":\"https:\/\/stourm.news\/wp-content\/uploads\/2024\/09\/Designer-2024-09-11T194559.424.jpg\",\"articleSection\":[\"Editorial\",\"Emsav\",\"Principale\"],\"inLanguage\":\"fr-FR\",\"potentialAction\":[{\"@type\":\"CommentAction\",\"name\":\"Comment\",\"target\":[\"https:\/\/stourm.news\/?p=2259#respond\"]}]},{\"@type\":\"WebPage\",\"@id\":\"https:\/\/stourm.news\/?p=2259\",\"url\":\"https:\/\/stourm.news\/?p=2259\",\"name\":\"Du quatri\u00e8me Emsav \u00e0 l'\u00c9tat breton : nous faire respecter en tant que nationalistes bretons ! (\u00c9ditorial) - STOURM\",\"isPartOf\":{\"@id\":\"https:\/\/stourm.news\/#website\"},\"primaryImageOfPage\":{\"@id\":\"https:\/\/stourm.news\/?p=2259#primaryimage\"},\"image\":{\"@id\":\"https:\/\/stourm.news\/?p=2259#primaryimage\"},\"thumbnailUrl\":\"https:\/\/stourm.news\/wp-content\/uploads\/2024\/09\/Designer-2024-09-11T194559.424.jpg\",\"datePublished\":\"2024-09-11T11:08:35+00:00\",\"breadcrumb\":{\"@id\":\"https:\/\/stourm.news\/?p=2259#breadcrumb\"},\"inLanguage\":\"fr-FR\",\"potentialAction\":[{\"@type\":\"ReadAction\",\"target\":[\"https:\/\/stourm.news\/?p=2259\"]}]},{\"@type\":\"ImageObject\",\"inLanguage\":\"fr-FR\",\"@id\":\"https:\/\/stourm.news\/?p=2259#primaryimage\",\"url\":\"https:\/\/stourm.news\/wp-content\/uploads\/2024\/09\/Designer-2024-09-11T194559.424.jpg\",\"contentUrl\":\"https:\/\/stourm.news\/wp-content\/uploads\/2024\/09\/Designer-2024-09-11T194559.424.jpg\",\"width\":1651,\"height\":980},{\"@type\":\"BreadcrumbList\",\"@id\":\"https:\/\/stourm.news\/?p=2259#breadcrumb\",\"itemListElement\":[{\"@type\":\"ListItem\",\"position\":1,\"name\":\"Accueil\",\"item\":\"https:\/\/stourm.news\/\"},{\"@type\":\"ListItem\",\"position\":2,\"name\":\"Du quatri\u00e8me Emsav \u00e0 l&rsquo;\u00c9tat breton : nous faire respecter en tant que nationalistes bretons ! (\u00c9ditorial)\"}]},{\"@type\":\"WebSite\",\"@id\":\"https:\/\/stourm.news\/#website\",\"url\":\"https:\/\/stourm.news\/\",\"name\":\"Stourm\",\"description\":\"Kazetenn Strollad Broadel Breizh\",\"publisher\":{\"@id\":\"https:\/\/stourm.news\/#organization\"},\"potentialAction\":[{\"@type\":\"SearchAction\",\"target\":{\"@type\":\"EntryPoint\",\"urlTemplate\":\"https:\/\/stourm.news\/?s={search_term_string}\"},\"query-input\":{\"@type\":\"PropertyValueSpecification\",\"valueRequired\":true,\"valueName\":\"search_term_string\"}}],\"inLanguage\":\"fr-FR\"},{\"@type\":\"Organization\",\"@id\":\"https:\/\/stourm.news\/#organization\",\"name\":\"Stourm\",\"url\":\"https:\/\/stourm.news\/\",\"logo\":{\"@type\":\"ImageObject\",\"inLanguage\":\"fr-FR\",\"@id\":\"https:\/\/stourm.news\/#\/schema\/logo\/image\/\",\"url\":\"https:\/\/stourm.news\/wp-content\/uploads\/2025\/11\/cropped-Capture-decran-2025-11-28-a-15.19.07.png\",\"contentUrl\":\"https:\/\/stourm.news\/wp-content\/uploads\/2025\/11\/cropped-Capture-decran-2025-11-28-a-15.19.07.png\",\"width\":1855,\"height\":383,\"caption\":\"Stourm\"},\"image\":{\"@id\":\"https:\/\/stourm.news\/#\/schema\/logo\/image\/\"},\"sameAs\":[\"https:\/\/www.facebook.com\/stourmnews\/\"]},{\"@type\":\"Person\",\"@id\":\"https:\/\/stourm.news\/#\/schema\/person\/c3e1dc65988632e190969234ef046cf9\",\"name\":\"La r\u00e9daction\",\"image\":{\"@type\":\"ImageObject\",\"inLanguage\":\"fr-FR\",\"@id\":\"https:\/\/stourm.news\/#\/schema\/person\/image\/\",\"url\":\"https:\/\/secure.gravatar.com\/avatar\/7463443f194b6b5fb706b074ca0ef59a0cfcfd720cb47764b0ec5a952ce422b3?s=96&d=mm&r=g\",\"contentUrl\":\"https:\/\/secure.gravatar.com\/avatar\/7463443f194b6b5fb706b074ca0ef59a0cfcfd720cb47764b0ec5a952ce422b3?s=96&d=mm&r=g\",\"caption\":\"La r\u00e9daction\"},\"sameAs\":[\"https:\/\/stourm.news\"],\"url\":\"https:\/\/stourm.news\/?author=1\"}]}<\/script>\n<!-- \/ Yoast SEO plugin. -->","yoast_head_json":{"title":"Du quatri\u00e8me Emsav \u00e0 l'\u00c9tat breton : nous faire respecter en tant que nationalistes bretons ! (\u00c9ditorial) - STOURM","robots":{"index":"index","follow":"follow","max-snippet":"max-snippet:-1","max-image-preview":"max-image-preview:large","max-video-preview":"max-video-preview:-1"},"canonical":"https:\/\/stourm.news\/?p=2259","og_locale":"fr_FR","og_type":"article","og_title":"Du quatri\u00e8me Emsav \u00e0 l'\u00c9tat breton : nous faire respecter en tant que nationalistes bretons ! (\u00c9ditorial) - STOURM","og_description":"L&rsquo;Emsav est aujourd&rsquo;hui dans une impasse au point d&rsquo;avoir atteint un \u00e9tat de catalepsie avanc\u00e9. Au bouillonnement intellectuel du 19\u00e8me et 20\u00e8me si\u00e8cles, le 21\u00e8me si\u00e8cle n&rsquo;a, \u00e0 ce stade, rien produit ou presque qui soit notable, et encore moins utile \u00e0 la cause nationale. On ne voit agir sur les esprits aucune figure intellectuelle [&hellip;]","og_url":"https:\/\/stourm.news\/?p=2259","og_site_name":"STOURM","article_publisher":"https:\/\/www.facebook.com\/stourmnews\/","article_published_time":"2024-09-11T11:08:35+00:00","og_image":[{"width":1651,"height":980,"url":"https:\/\/stourm.news\/wp-content\/uploads\/2024\/09\/Designer-2024-09-11T194559.424.jpg","type":"image\/jpeg"}],"author":"La r\u00e9daction","twitter_card":"summary_large_image","twitter_misc":{"\u00c9crit par":"La r\u00e9daction","Dur\u00e9e de lecture estim\u00e9e":"5 minutes"},"schema":{"@context":"https:\/\/schema.org","@graph":[{"@type":"Article","@id":"https:\/\/stourm.news\/?p=2259#article","isPartOf":{"@id":"https:\/\/stourm.news\/?p=2259"},"author":{"name":"La r\u00e9daction","@id":"https:\/\/stourm.news\/#\/schema\/person\/c3e1dc65988632e190969234ef046cf9"},"headline":"Du quatri\u00e8me Emsav \u00e0 l&rsquo;\u00c9tat breton : nous faire respecter en tant que nationalistes bretons ! (\u00c9ditorial)","datePublished":"2024-09-11T11:08:35+00:00","mainEntityOfPage":{"@id":"https:\/\/stourm.news\/?p=2259"},"wordCount":1021,"commentCount":0,"publisher":{"@id":"https:\/\/stourm.news\/#organization"},"image":{"@id":"https:\/\/stourm.news\/?p=2259#primaryimage"},"thumbnailUrl":"https:\/\/stourm.news\/wp-content\/uploads\/2024\/09\/Designer-2024-09-11T194559.424.jpg","articleSection":["Editorial","Emsav","Principale"],"inLanguage":"fr-FR","potentialAction":[{"@type":"CommentAction","name":"Comment","target":["https:\/\/stourm.news\/?p=2259#respond"]}]},{"@type":"WebPage","@id":"https:\/\/stourm.news\/?p=2259","url":"https:\/\/stourm.news\/?p=2259","name":"Du quatri\u00e8me Emsav \u00e0 l'\u00c9tat breton : nous faire respecter en tant que nationalistes bretons ! (\u00c9ditorial) - STOURM","isPartOf":{"@id":"https:\/\/stourm.news\/#website"},"primaryImageOfPage":{"@id":"https:\/\/stourm.news\/?p=2259#primaryimage"},"image":{"@id":"https:\/\/stourm.news\/?p=2259#primaryimage"},"thumbnailUrl":"https:\/\/stourm.news\/wp-content\/uploads\/2024\/09\/Designer-2024-09-11T194559.424.jpg","datePublished":"2024-09-11T11:08:35+00:00","breadcrumb":{"@id":"https:\/\/stourm.news\/?p=2259#breadcrumb"},"inLanguage":"fr-FR","potentialAction":[{"@type":"ReadAction","target":["https:\/\/stourm.news\/?p=2259"]}]},{"@type":"ImageObject","inLanguage":"fr-FR","@id":"https:\/\/stourm.news\/?p=2259#primaryimage","url":"https:\/\/stourm.news\/wp-content\/uploads\/2024\/09\/Designer-2024-09-11T194559.424.jpg","contentUrl":"https:\/\/stourm.news\/wp-content\/uploads\/2024\/09\/Designer-2024-09-11T194559.424.jpg","width":1651,"height":980},{"@type":"BreadcrumbList","@id":"https:\/\/stourm.news\/?p=2259#breadcrumb","itemListElement":[{"@type":"ListItem","position":1,"name":"Accueil","item":"https:\/\/stourm.news\/"},{"@type":"ListItem","position":2,"name":"Du quatri\u00e8me Emsav \u00e0 l&rsquo;\u00c9tat breton : nous faire respecter en tant que nationalistes bretons ! (\u00c9ditorial)"}]},{"@type":"WebSite","@id":"https:\/\/stourm.news\/#website","url":"https:\/\/stourm.news\/","name":"Stourm","description":"Kazetenn Strollad Broadel Breizh","publisher":{"@id":"https:\/\/stourm.news\/#organization"},"potentialAction":[{"@type":"SearchAction","target":{"@type":"EntryPoint","urlTemplate":"https:\/\/stourm.news\/?s={search_term_string}"},"query-input":{"@type":"PropertyValueSpecification","valueRequired":true,"valueName":"search_term_string"}}],"inLanguage":"fr-FR"},{"@type":"Organization","@id":"https:\/\/stourm.news\/#organization","name":"Stourm","url":"https:\/\/stourm.news\/","logo":{"@type":"ImageObject","inLanguage":"fr-FR","@id":"https:\/\/stourm.news\/#\/schema\/logo\/image\/","url":"https:\/\/stourm.news\/wp-content\/uploads\/2025\/11\/cropped-Capture-decran-2025-11-28-a-15.19.07.png","contentUrl":"https:\/\/stourm.news\/wp-content\/uploads\/2025\/11\/cropped-Capture-decran-2025-11-28-a-15.19.07.png","width":1855,"height":383,"caption":"Stourm"},"image":{"@id":"https:\/\/stourm.news\/#\/schema\/logo\/image\/"},"sameAs":["https:\/\/www.facebook.com\/stourmnews\/"]},{"@type":"Person","@id":"https:\/\/stourm.news\/#\/schema\/person\/c3e1dc65988632e190969234ef046cf9","name":"La r\u00e9daction","image":{"@type":"ImageObject","inLanguage":"fr-FR","@id":"https:\/\/stourm.news\/#\/schema\/person\/image\/","url":"https:\/\/secure.gravatar.com\/avatar\/7463443f194b6b5fb706b074ca0ef59a0cfcfd720cb47764b0ec5a952ce422b3?s=96&d=mm&r=g","contentUrl":"https:\/\/secure.gravatar.com\/avatar\/7463443f194b6b5fb706b074ca0ef59a0cfcfd720cb47764b0ec5a952ce422b3?s=96&d=mm&r=g","caption":"La r\u00e9daction"},"sameAs":["https:\/\/stourm.news"],"url":"https:\/\/stourm.news\/?author=1"}]}},"_links":{"self":[{"href":"https:\/\/stourm.news\/index.php?rest_route=\/wp\/v2\/posts\/2259","targetHints":{"allow":["GET"]}}],"collection":[{"href":"https:\/\/stourm.news\/index.php?rest_route=\/wp\/v2\/posts"}],"about":[{"href":"https:\/\/stourm.news\/index.php?rest_route=\/wp\/v2\/types\/post"}],"author":[{"embeddable":true,"href":"https:\/\/stourm.news\/index.php?rest_route=\/wp\/v2\/users\/1"}],"replies":[{"embeddable":true,"href":"https:\/\/stourm.news\/index.php?rest_route=%2Fwp%2Fv2%2Fcomments&post=2259"}],"version-history":[{"count":1,"href":"https:\/\/stourm.news\/index.php?rest_route=\/wp\/v2\/posts\/2259\/revisions"}],"predecessor-version":[{"id":2260,"href":"https:\/\/stourm.news\/index.php?rest_route=\/wp\/v2\/posts\/2259\/revisions\/2260"}],"wp:featuredmedia":[{"embeddable":true,"href":"https:\/\/stourm.news\/index.php?rest_route=\/wp\/v2\/media\/2258"}],"wp:attachment":[{"href":"https:\/\/stourm.news\/index.php?rest_route=%2Fwp%2Fv2%2Fmedia&parent=2259"}],"wp:term":[{"taxonomy":"category","embeddable":true,"href":"https:\/\/stourm.news\/index.php?rest_route=%2Fwp%2Fv2%2Fcategories&post=2259"},{"taxonomy":"post_tag","embeddable":true,"href":"https:\/\/stourm.news\/index.php?rest_route=%2Fwp%2Fv2%2Ftags&post=2259"}],"curies":[{"name":"wp","href":"https:\/\/api.w.org\/{rel}","templated":true}]}}