{"id":2261,"date":"2024-09-11T14:09:04","date_gmt":"2024-09-11T14:09:04","guid":{"rendered":"https:\/\/stourm.news\/?p=2261"},"modified":"2024-09-11T14:09:04","modified_gmt":"2024-09-11T14:09:04","slug":"manifestation-pour-la-reunification-de-la-bretagne-le-12-octobre","status":"publish","type":"post","link":"https:\/\/stourm.news\/?p=2261","title":{"rendered":"Manifestation pour la r\u00e9unification de la Bretagne le 12 octobre !"},"content":{"rendered":"<p style=\"text-align: justify;\">L&rsquo;association Bretagne R\u00e9unie appelle \u00e0 une journ\u00e9e d&rsquo;action pour la r\u00e9unification de la Bretagne.<\/p>\n<p style=\"text-align: justify;\"><strong>\u00ab\u00a0Fort de notre p\u00e9tition manuelle o\u00f9 nous avons collect\u00e9 105 000 signatures d\u2019\u00e9lecteurs de Loire-Atlantique-Pays nantais, une des 9 r\u00e9gions de Bretagne, nous exigeons que le pouvoir politique entame enfin le processus qui permettra le respect d\u00e9mocratique de l\u2019int\u00e9grit\u00e9 du territoire breton de Brest \u00e0 Clisson et de Quimper \u00e0 Foug\u00e8res\u00a0\u00bb<\/strong> \u00e9crit l&rsquo;association dans son appel national.<\/p>\n<p>Le programme pr\u00e9vu est d\u00e9taill\u00e9 comme suit :<\/p>\n<blockquote>\n<p style=\"text-align: justify;\">10h00 \u2013 Rendez-vous aux cinq sorties du d\u00e9partement de Loire-Atlantique<\/p>\n<ul style=\"text-align: justify;\">\n<li>Aire de repos \u00e0 MARZAN (Route de Vannes)<\/li>\n<li>Aire d\u2019arr\u00eat de PUCEUL (Route de Rennes)<\/li>\n<li>Aire de covoiturage de VALLET (Route de Clisson) pour le Vignoble Nantais<\/li>\n<li>Aire de covoiturage de PORT-SAINT-P\u00c8RE (3 Rue des \u00c9pinettes) pour le Pays de Retz.<\/li>\n<li>Parking du Leclerc d\u2019ANCENIS (Route de Nantes)<\/li>\n<\/ul>\n<p style=\"text-align: justify;\">Convoi sur une file vers le cours Saint-Pierre (derri\u00e8re la cath\u00e9drale)<\/p>\n<p style=\"text-align: justify;\">12h00 \u2013 Cours Saint-Pierre : animations, food trucks, bar<\/p>\n<p style=\"text-align: justify;\">15h00 \u2013 D\u00e9fil\u00e9<\/p>\n<p style=\"text-align: justify;\">16h00 \u2013 Retour Cours Saint-Pierre : prises de parole de personnalit\u00e9s bretonnes et FEST-DEIZ<\/p>\n<p style=\"text-align: justify;\">20h00 \u2013 Cl\u00f4ture de la journ\u00e9e<\/p>\n<\/blockquote>\n<p><img fetchpriority=\"high\" decoding=\"async\" class=\"alignnone wp-image-2262 size-full\" src=\"https:\/\/stourm.news\/wp-content\/uploads\/2024\/09\/GXIugfsXoAAYo46.jpeg\" alt=\"\" width=\"840\" height=\"1200\" srcset=\"https:\/\/stourm.news\/wp-content\/uploads\/2024\/09\/GXIugfsXoAAYo46.jpeg 840w, https:\/\/stourm.news\/wp-content\/uploads\/2024\/09\/GXIugfsXoAAYo46-210x300.jpeg 210w, https:\/\/stourm.news\/wp-content\/uploads\/2024\/09\/GXIugfsXoAAYo46-717x1024.jpeg 717w, https:\/\/stourm.news\/wp-content\/uploads\/2024\/09\/GXIugfsXoAAYo46-768x1097.jpeg 768w\" sizes=\"(max-width: 840px) 100vw, 840px\" \/><\/p>\n<p style=\"text-align: justify;\">La liste des personnalit\u00e9s bretonnes &#8211; en tout cas pr\u00e9sent\u00e9es comme telles &#8211; n&rsquo;a pas \u00e9t\u00e9 communiqu\u00e9e, \u00e0 notre regret. Le combat pour la r\u00e9unification de la Bretagne est une des expressions les plus vivantes de la nationalit\u00e9 bretonne dans le Pays Nantais.<\/p>\n<p style=\"text-align: right;\"><strong>Fragan Pencoat<\/strong><\/p>\n","protected":false},"excerpt":{"rendered":"<p>L&rsquo;association Bretagne R\u00e9unie appelle \u00e0 une journ\u00e9e d&rsquo;action pour la r\u00e9unification de la Bretagne. \u00ab\u00a0Fort de notre p\u00e9tition manuelle o\u00f9 nous avons collect\u00e9 105 000 signatures d\u2019\u00e9lecteurs de Loire-Atlantique-Pays nantais, une des 9 r\u00e9gions de Bretagne, nous exigeons que le pouvoir politique entame enfin le processus qui permettra le respect d\u00e9mocratique de l\u2019int\u00e9grit\u00e9 du territoire [&hellip;]<\/p>\n","protected":false},"author":1,"featured_media":2262,"comment_status":"open","ping_status":"open","sticky":false,"template":"","format":"standard","meta":{"sb_editor_width":"","footnotes":""},"categories":[58,74,65],"tags":[],"class_list":["post-2261","post","type-post","status-publish","format-standard","has-post-thumbnail","hentry","category-breizh","category-emsav","category-principale"],"relative_dates":{"created":"2 ans ago","modified":"2 ans ago"},"yoast_head":"<!-- This site is optimized with the Yoast SEO plugin v26.3 - https:\/\/yoast.com\/wordpress\/plugins\/seo\/ -->\n<title>Manifestation pour la r\u00e9unification de la Bretagne le 12 octobre ! - STOURM<\/title>\n<meta name=\"robots\" content=\"index, follow, max-snippet:-1, max-image-preview:large, max-video-preview:-1\" \/>\n<link rel=\"canonical\" href=\"https:\/\/stourm.news\/?p=2261\" \/>\n<meta property=\"og:locale\" content=\"fr_FR\" \/>\n<meta property=\"og:type\" content=\"article\" \/>\n<meta property=\"og:title\" content=\"Manifestation pour la r\u00e9unification de la Bretagne le 12 octobre ! - STOURM\" \/>\n<meta property=\"og:description\" content=\"L&rsquo;association Bretagne R\u00e9unie appelle \u00e0 une journ\u00e9e d&rsquo;action pour la r\u00e9unification de la Bretagne. \u00ab\u00a0Fort de notre p\u00e9tition manuelle o\u00f9 nous avons collect\u00e9 105 000 signatures d\u2019\u00e9lecteurs de Loire-Atlantique-Pays nantais, une des 9 r\u00e9gions de Bretagne, nous exigeons que le pouvoir politique entame enfin le processus qui permettra le respect d\u00e9mocratique de l\u2019int\u00e9grit\u00e9 du territoire [&hellip;]\" \/>\n<meta property=\"og:url\" content=\"https:\/\/stourm.news\/?p=2261\" \/>\n<meta property=\"og:site_name\" content=\"STOURM\" \/>\n<meta property=\"article:publisher\" content=\"https:\/\/www.facebook.com\/stourmnews\/\" \/>\n<meta property=\"article:published_time\" content=\"2024-09-11T14:09:04+00:00\" \/>\n<meta property=\"og:image\" content=\"https:\/\/stourm.news\/wp-content\/uploads\/2024\/09\/GXIugfsXoAAYo46.jpeg\" \/>\n\t<meta property=\"og:image:width\" content=\"840\" \/>\n\t<meta property=\"og:image:height\" content=\"1200\" \/>\n\t<meta property=\"og:image:type\" content=\"image\/jpeg\" \/>\n<meta name=\"author\" content=\"La r\u00e9daction\" \/>\n<meta name=\"twitter:card\" content=\"summary_large_image\" \/>\n<meta name=\"twitter:label1\" content=\"\u00c9crit par\" \/>\n\t<meta name=\"twitter:data1\" content=\"La r\u00e9daction\" \/>\n\t<meta name=\"twitter:label2\" content=\"Dur\u00e9e de lecture estim\u00e9e\" \/>\n\t<meta name=\"twitter:data2\" content=\"1 minute\" \/>\n<script type=\"application\/ld+json\" class=\"yoast-schema-graph\">{\"@context\":\"https:\/\/schema.org\",\"@graph\":[{\"@type\":\"Article\",\"@id\":\"https:\/\/stourm.news\/?p=2261#article\",\"isPartOf\":{\"@id\":\"https:\/\/stourm.news\/?p=2261\"},\"author\":{\"name\":\"La r\u00e9daction\",\"@id\":\"https:\/\/stourm.news\/#\/schema\/person\/c3e1dc65988632e190969234ef046cf9\"},\"headline\":\"Manifestation pour la r\u00e9unification de la Bretagne le 12 octobre !\",\"datePublished\":\"2024-09-11T14:09:04+00:00\",\"mainEntityOfPage\":{\"@id\":\"https:\/\/stourm.news\/?p=2261\"},\"wordCount\":250,\"commentCount\":0,\"publisher\":{\"@id\":\"https:\/\/stourm.news\/#organization\"},\"image\":{\"@id\":\"https:\/\/stourm.news\/?p=2261#primaryimage\"},\"thumbnailUrl\":\"https:\/\/stourm.news\/wp-content\/uploads\/2024\/09\/GXIugfsXoAAYo46.jpeg\",\"articleSection\":[\"Breizh\",\"Emsav\",\"Principale\"],\"inLanguage\":\"fr-FR\",\"potentialAction\":[{\"@type\":\"CommentAction\",\"name\":\"Comment\",\"target\":[\"https:\/\/stourm.news\/?p=2261#respond\"]}]},{\"@type\":\"WebPage\",\"@id\":\"https:\/\/stourm.news\/?p=2261\",\"url\":\"https:\/\/stourm.news\/?p=2261\",\"name\":\"Manifestation pour la r\u00e9unification de la Bretagne le 12 octobre ! - STOURM\",\"isPartOf\":{\"@id\":\"https:\/\/stourm.news\/#website\"},\"primaryImageOfPage\":{\"@id\":\"https:\/\/stourm.news\/?p=2261#primaryimage\"},\"image\":{\"@id\":\"https:\/\/stourm.news\/?p=2261#primaryimage\"},\"thumbnailUrl\":\"https:\/\/stourm.news\/wp-content\/uploads\/2024\/09\/GXIugfsXoAAYo46.jpeg\",\"datePublished\":\"2024-09-11T14:09:04+00:00\",\"breadcrumb\":{\"@id\":\"https:\/\/stourm.news\/?p=2261#breadcrumb\"},\"inLanguage\":\"fr-FR\",\"potentialAction\":[{\"@type\":\"ReadAction\",\"target\":[\"https:\/\/stourm.news\/?p=2261\"]}]},{\"@type\":\"ImageObject\",\"inLanguage\":\"fr-FR\",\"@id\":\"https:\/\/stourm.news\/?p=2261#primaryimage\",\"url\":\"https:\/\/stourm.news\/wp-content\/uploads\/2024\/09\/GXIugfsXoAAYo46.jpeg\",\"contentUrl\":\"https:\/\/stourm.news\/wp-content\/uploads\/2024\/09\/GXIugfsXoAAYo46.jpeg\",\"width\":840,\"height\":1200},{\"@type\":\"BreadcrumbList\",\"@id\":\"https:\/\/stourm.news\/?p=2261#breadcrumb\",\"itemListElement\":[{\"@type\":\"ListItem\",\"position\":1,\"name\":\"Accueil\",\"item\":\"https:\/\/stourm.news\/\"},{\"@type\":\"ListItem\",\"position\":2,\"name\":\"Manifestation pour la r\u00e9unification de la Bretagne le 12 octobre !\"}]},{\"@type\":\"WebSite\",\"@id\":\"https:\/\/stourm.news\/#website\",\"url\":\"https:\/\/stourm.news\/\",\"name\":\"Stourm\",\"description\":\"Kazetenn Strollad Broadel Breizh\",\"publisher\":{\"@id\":\"https:\/\/stourm.news\/#organization\"},\"potentialAction\":[{\"@type\":\"SearchAction\",\"target\":{\"@type\":\"EntryPoint\",\"urlTemplate\":\"https:\/\/stourm.news\/?s={search_term_string}\"},\"query-input\":{\"@type\":\"PropertyValueSpecification\",\"valueRequired\":true,\"valueName\":\"search_term_string\"}}],\"inLanguage\":\"fr-FR\"},{\"@type\":\"Organization\",\"@id\":\"https:\/\/stourm.news\/#organization\",\"name\":\"Stourm\",\"url\":\"https:\/\/stourm.news\/\",\"logo\":{\"@type\":\"ImageObject\",\"inLanguage\":\"fr-FR\",\"@id\":\"https:\/\/stourm.news\/#\/schema\/logo\/image\/\",\"url\":\"https:\/\/stourm.news\/wp-content\/uploads\/2025\/11\/cropped-Capture-decran-2025-11-28-a-15.19.07.png\",\"contentUrl\":\"https:\/\/stourm.news\/wp-content\/uploads\/2025\/11\/cropped-Capture-decran-2025-11-28-a-15.19.07.png\",\"width\":1855,\"height\":383,\"caption\":\"Stourm\"},\"image\":{\"@id\":\"https:\/\/stourm.news\/#\/schema\/logo\/image\/\"},\"sameAs\":[\"https:\/\/www.facebook.com\/stourmnews\/\"]},{\"@type\":\"Person\",\"@id\":\"https:\/\/stourm.news\/#\/schema\/person\/c3e1dc65988632e190969234ef046cf9\",\"name\":\"La r\u00e9daction\",\"image\":{\"@type\":\"ImageObject\",\"inLanguage\":\"fr-FR\",\"@id\":\"https:\/\/stourm.news\/#\/schema\/person\/image\/\",\"url\":\"https:\/\/secure.gravatar.com\/avatar\/7463443f194b6b5fb706b074ca0ef59a0cfcfd720cb47764b0ec5a952ce422b3?s=96&d=mm&r=g\",\"contentUrl\":\"https:\/\/secure.gravatar.com\/avatar\/7463443f194b6b5fb706b074ca0ef59a0cfcfd720cb47764b0ec5a952ce422b3?s=96&d=mm&r=g\",\"caption\":\"La r\u00e9daction\"},\"sameAs\":[\"https:\/\/stourm.news\"],\"url\":\"https:\/\/stourm.news\/?author=1\"}]}<\/script>\n<!-- \/ Yoast SEO plugin. -->","yoast_head_json":{"title":"Manifestation pour la r\u00e9unification de la Bretagne le 12 octobre ! - STOURM","robots":{"index":"index","follow":"follow","max-snippet":"max-snippet:-1","max-image-preview":"max-image-preview:large","max-video-preview":"max-video-preview:-1"},"canonical":"https:\/\/stourm.news\/?p=2261","og_locale":"fr_FR","og_type":"article","og_title":"Manifestation pour la r\u00e9unification de la Bretagne le 12 octobre ! - STOURM","og_description":"L&rsquo;association Bretagne R\u00e9unie appelle \u00e0 une journ\u00e9e d&rsquo;action pour la r\u00e9unification de la Bretagne. \u00ab\u00a0Fort de notre p\u00e9tition manuelle o\u00f9 nous avons collect\u00e9 105 000 signatures d\u2019\u00e9lecteurs de Loire-Atlantique-Pays nantais, une des 9 r\u00e9gions de Bretagne, nous exigeons que le pouvoir politique entame enfin le processus qui permettra le respect d\u00e9mocratique de l\u2019int\u00e9grit\u00e9 du territoire [&hellip;]","og_url":"https:\/\/stourm.news\/?p=2261","og_site_name":"STOURM","article_publisher":"https:\/\/www.facebook.com\/stourmnews\/","article_published_time":"2024-09-11T14:09:04+00:00","og_image":[{"width":840,"height":1200,"url":"https:\/\/stourm.news\/wp-content\/uploads\/2024\/09\/GXIugfsXoAAYo46.jpeg","type":"image\/jpeg"}],"author":"La r\u00e9daction","twitter_card":"summary_large_image","twitter_misc":{"\u00c9crit par":"La r\u00e9daction","Dur\u00e9e de lecture estim\u00e9e":"1 minute"},"schema":{"@context":"https:\/\/schema.org","@graph":[{"@type":"Article","@id":"https:\/\/stourm.news\/?p=2261#article","isPartOf":{"@id":"https:\/\/stourm.news\/?p=2261"},"author":{"name":"La r\u00e9daction","@id":"https:\/\/stourm.news\/#\/schema\/person\/c3e1dc65988632e190969234ef046cf9"},"headline":"Manifestation pour la r\u00e9unification de la Bretagne le 12 octobre !","datePublished":"2024-09-11T14:09:04+00:00","mainEntityOfPage":{"@id":"https:\/\/stourm.news\/?p=2261"},"wordCount":250,"commentCount":0,"publisher":{"@id":"https:\/\/stourm.news\/#organization"},"image":{"@id":"https:\/\/stourm.news\/?p=2261#primaryimage"},"thumbnailUrl":"https:\/\/stourm.news\/wp-content\/uploads\/2024\/09\/GXIugfsXoAAYo46.jpeg","articleSection":["Breizh","Emsav","Principale"],"inLanguage":"fr-FR","potentialAction":[{"@type":"CommentAction","name":"Comment","target":["https:\/\/stourm.news\/?p=2261#respond"]}]},{"@type":"WebPage","@id":"https:\/\/stourm.news\/?p=2261","url":"https:\/\/stourm.news\/?p=2261","name":"Manifestation pour la r\u00e9unification de la Bretagne le 12 octobre ! - STOURM","isPartOf":{"@id":"https:\/\/stourm.news\/#website"},"primaryImageOfPage":{"@id":"https:\/\/stourm.news\/?p=2261#primaryimage"},"image":{"@id":"https:\/\/stourm.news\/?p=2261#primaryimage"},"thumbnailUrl":"https:\/\/stourm.news\/wp-content\/uploads\/2024\/09\/GXIugfsXoAAYo46.jpeg","datePublished":"2024-09-11T14:09:04+00:00","breadcrumb":{"@id":"https:\/\/stourm.news\/?p=2261#breadcrumb"},"inLanguage":"fr-FR","potentialAction":[{"@type":"ReadAction","target":["https:\/\/stourm.news\/?p=2261"]}]},{"@type":"ImageObject","inLanguage":"fr-FR","@id":"https:\/\/stourm.news\/?p=2261#primaryimage","url":"https:\/\/stourm.news\/wp-content\/uploads\/2024\/09\/GXIugfsXoAAYo46.jpeg","contentUrl":"https:\/\/stourm.news\/wp-content\/uploads\/2024\/09\/GXIugfsXoAAYo46.jpeg","width":840,"height":1200},{"@type":"BreadcrumbList","@id":"https:\/\/stourm.news\/?p=2261#breadcrumb","itemListElement":[{"@type":"ListItem","position":1,"name":"Accueil","item":"https:\/\/stourm.news\/"},{"@type":"ListItem","position":2,"name":"Manifestation pour la r\u00e9unification de la Bretagne le 12 octobre !"}]},{"@type":"WebSite","@id":"https:\/\/stourm.news\/#website","url":"https:\/\/stourm.news\/","name":"Stourm","description":"Kazetenn Strollad Broadel Breizh","publisher":{"@id":"https:\/\/stourm.news\/#organization"},"potentialAction":[{"@type":"SearchAction","target":{"@type":"EntryPoint","urlTemplate":"https:\/\/stourm.news\/?s={search_term_string}"},"query-input":{"@type":"PropertyValueSpecification","valueRequired":true,"valueName":"search_term_string"}}],"inLanguage":"fr-FR"},{"@type":"Organization","@id":"https:\/\/stourm.news\/#organization","name":"Stourm","url":"https:\/\/stourm.news\/","logo":{"@type":"ImageObject","inLanguage":"fr-FR","@id":"https:\/\/stourm.news\/#\/schema\/logo\/image\/","url":"https:\/\/stourm.news\/wp-content\/uploads\/2025\/11\/cropped-Capture-decran-2025-11-28-a-15.19.07.png","contentUrl":"https:\/\/stourm.news\/wp-content\/uploads\/2025\/11\/cropped-Capture-decran-2025-11-28-a-15.19.07.png","width":1855,"height":383,"caption":"Stourm"},"image":{"@id":"https:\/\/stourm.news\/#\/schema\/logo\/image\/"},"sameAs":["https:\/\/www.facebook.com\/stourmnews\/"]},{"@type":"Person","@id":"https:\/\/stourm.news\/#\/schema\/person\/c3e1dc65988632e190969234ef046cf9","name":"La r\u00e9daction","image":{"@type":"ImageObject","inLanguage":"fr-FR","@id":"https:\/\/stourm.news\/#\/schema\/person\/image\/","url":"https:\/\/secure.gravatar.com\/avatar\/7463443f194b6b5fb706b074ca0ef59a0cfcfd720cb47764b0ec5a952ce422b3?s=96&d=mm&r=g","contentUrl":"https:\/\/secure.gravatar.com\/avatar\/7463443f194b6b5fb706b074ca0ef59a0cfcfd720cb47764b0ec5a952ce422b3?s=96&d=mm&r=g","caption":"La r\u00e9daction"},"sameAs":["https:\/\/stourm.news"],"url":"https:\/\/stourm.news\/?author=1"}]}},"_links":{"self":[{"href":"https:\/\/stourm.news\/index.php?rest_route=\/wp\/v2\/posts\/2261","targetHints":{"allow":["GET"]}}],"collection":[{"href":"https:\/\/stourm.news\/index.php?rest_route=\/wp\/v2\/posts"}],"about":[{"href":"https:\/\/stourm.news\/index.php?rest_route=\/wp\/v2\/types\/post"}],"author":[{"embeddable":true,"href":"https:\/\/stourm.news\/index.php?rest_route=\/wp\/v2\/users\/1"}],"replies":[{"embeddable":true,"href":"https:\/\/stourm.news\/index.php?rest_route=%2Fwp%2Fv2%2Fcomments&post=2261"}],"version-history":[{"count":1,"href":"https:\/\/stourm.news\/index.php?rest_route=\/wp\/v2\/posts\/2261\/revisions"}],"predecessor-version":[{"id":2263,"href":"https:\/\/stourm.news\/index.php?rest_route=\/wp\/v2\/posts\/2261\/revisions\/2263"}],"wp:featuredmedia":[{"embeddable":true,"href":"https:\/\/stourm.news\/index.php?rest_route=\/wp\/v2\/media\/2262"}],"wp:attachment":[{"href":"https:\/\/stourm.news\/index.php?rest_route=%2Fwp%2Fv2%2Fmedia&parent=2261"}],"wp:term":[{"taxonomy":"category","embeddable":true,"href":"https:\/\/stourm.news\/index.php?rest_route=%2Fwp%2Fv2%2Fcategories&post=2261"},{"taxonomy":"post_tag","embeddable":true,"href":"https:\/\/stourm.news\/index.php?rest_route=%2Fwp%2Fv2%2Ftags&post=2261"}],"curies":[{"name":"wp","href":"https:\/\/api.w.org\/{rel}","templated":true}]}}