{"id":2264,"date":"2024-09-11T14:35:31","date_gmt":"2024-09-11T14:35:31","guid":{"rendered":"https:\/\/stourm.news\/?p=2264"},"modified":"2024-09-11T14:35:31","modified_gmt":"2024-09-11T14:35:31","slug":"la-coop-breizh-depose-le-bilan","status":"publish","type":"post","link":"https:\/\/stourm.news\/?p=2264","title":{"rendered":"La Coop Breizh d\u00e9pose le bilan"},"content":{"rendered":"<p style=\"text-align: justify;\">Bas\u00e9e \u00e0 Sp\u00e9zet (29) et employant 17 salari\u00e9s, l\u2019entreprise doit faire face <strong>\u00e0 des difficult\u00e9s financi\u00e8res<\/strong> en raison, notamment, de l\u2019effondrement du march\u00e9 musical et des cons\u00e9quences du covid-19 qui avaient mis la maison d\u2019\u00e9dition \u00e0 l\u2019arr\u00eat durant plusieurs mois. Fond\u00e9e il y a 65 ans, l\u2019entreprise est sp\u00e9cialis\u00e9e dans la distribution de livres et de musique bretonne.<\/p>\n<p style=\"text-align: justify;\">En 2022, Coop Breizh avait \u00e9t\u00e9 contrainte <strong>de supprimer trois postes<\/strong> et <strong>de fermer le magasin de Quimper<\/strong>. Il y a un an, l\u2019entreprise avait d\u00fb mettre <strong>un terme \u00e0 la production musicale<\/strong> et c\u00e9der son catalogue apr\u00e8s avoir produit des centaines d\u2019artistes et distribu\u00e9 des millions d\u2019albums. \u00ab M\u00eame si l\u2019avenir de Coop Breizh n\u2019est pas menac\u00e9 dans l\u2019imm\u00e9diat, c\u2019est un sacr\u00e9 signal d\u2019alarme \u00bb, confie l\u2019un des principaux fournisseurs de l\u2019entreprise sp\u00e9zetoise \u00e0 France Bleu Breizh Izel.<\/p>\n<p style=\"text-align: justify;\">Depuis plusieurs ann\u00e9es, la maison d\u2019\u00e9dition \u00e9tait d\u00e9ficitaire : &#8211; 206 000 \u20ac en 2020, &#8211; 129 000 \u20ac en 2021, &#8211; 217 000 \u20ac en 2022 et &#8211; 95 900 \u20ac en 2023.<\/p>\n<p style=\"text-align: justify;\">\u00ab Qu\u2019elle soit plac\u00e9e en redressement judiciaire ou non, Coop Breizh compte bien continuer son activit\u00e9 malgr\u00e9 tout, peut-on lire sur le site de France Bleu Breizh Izel qui a recueilli le t\u00e9moignage de l\u2019un des responsables de l\u2019entreprise : \u00ab Malgr\u00e9 le contexte, dit-il, c\u2019est important de continuer \u00e0 faire ce que l\u2019on fait : sortir des nouveaut\u00e9s, promouvoir notre catalogue et les diffuser le plus largement possible \u00bb.<\/p>\n<p>Source ; <a href=\"https:\/\/www.letelegramme.fr\/culture-loisirs\/coop-breizh-en-depot-de-bilan-6659285.php\">Le T\u00e9l\u00e9gramme<\/a><\/p>\n","protected":false},"excerpt":{"rendered":"<p>Bas\u00e9e \u00e0 Sp\u00e9zet (29) et employant 17 salari\u00e9s, l\u2019entreprise doit faire face \u00e0 des difficult\u00e9s financi\u00e8res en raison, notamment, de l\u2019effondrement du march\u00e9 musical et des cons\u00e9quences du covid-19 qui avaient mis la maison d\u2019\u00e9dition \u00e0 l\u2019arr\u00eat durant plusieurs mois. Fond\u00e9e il y a 65 ans, l\u2019entreprise est sp\u00e9cialis\u00e9e dans la distribution de livres et [&hellip;]<\/p>\n","protected":false},"author":1,"featured_media":2265,"comment_status":"open","ping_status":"open","sticky":false,"template":"","format":"standard","meta":{"sb_editor_width":"","footnotes":""},"categories":[55,38,65],"tags":[],"class_list":["post-2264","post","type-post","status-publish","format-standard","has-post-thumbnail","hentry","category-economie","category-finistere","category-principale"],"relative_dates":{"created":"2 ans ago","modified":"2 ans ago"},"yoast_head":"<!-- This site is optimized with the Yoast SEO plugin v26.3 - https:\/\/yoast.com\/wordpress\/plugins\/seo\/ -->\n<title>La Coop Breizh d\u00e9pose le bilan - STOURM<\/title>\n<meta name=\"robots\" content=\"index, follow, max-snippet:-1, max-image-preview:large, max-video-preview:-1\" \/>\n<link rel=\"canonical\" href=\"https:\/\/stourm.news\/?p=2264\" \/>\n<meta property=\"og:locale\" content=\"fr_FR\" \/>\n<meta property=\"og:type\" content=\"article\" \/>\n<meta property=\"og:title\" content=\"La Coop Breizh d\u00e9pose le bilan - STOURM\" \/>\n<meta property=\"og:description\" content=\"Bas\u00e9e \u00e0 Sp\u00e9zet (29) et employant 17 salari\u00e9s, l\u2019entreprise doit faire face \u00e0 des difficult\u00e9s financi\u00e8res en raison, notamment, de l\u2019effondrement du march\u00e9 musical et des cons\u00e9quences du covid-19 qui avaient mis la maison d\u2019\u00e9dition \u00e0 l\u2019arr\u00eat durant plusieurs mois. Fond\u00e9e il y a 65 ans, l\u2019entreprise est sp\u00e9cialis\u00e9e dans la distribution de livres et [&hellip;]\" \/>\n<meta property=\"og:url\" content=\"https:\/\/stourm.news\/?p=2264\" \/>\n<meta property=\"og:site_name\" content=\"STOURM\" \/>\n<meta property=\"article:publisher\" content=\"https:\/\/www.facebook.com\/stourmnews\/\" \/>\n<meta property=\"article:published_time\" content=\"2024-09-11T14:35:31+00:00\" \/>\n<meta property=\"og:image\" content=\"https:\/\/stourm.news\/wp-content\/uploads\/2024\/09\/images-1.png\" \/>\n\t<meta property=\"og:image:width\" content=\"298\" \/>\n\t<meta property=\"og:image:height\" content=\"169\" \/>\n\t<meta property=\"og:image:type\" content=\"image\/png\" \/>\n<meta name=\"author\" content=\"La r\u00e9daction\" \/>\n<meta name=\"twitter:card\" content=\"summary_large_image\" \/>\n<meta name=\"twitter:label1\" content=\"\u00c9crit par\" \/>\n\t<meta name=\"twitter:data1\" content=\"La r\u00e9daction\" \/>\n\t<meta name=\"twitter:label2\" content=\"Dur\u00e9e de lecture estim\u00e9e\" \/>\n\t<meta name=\"twitter:data2\" content=\"2 minutes\" \/>\n<script type=\"application\/ld+json\" class=\"yoast-schema-graph\">{\"@context\":\"https:\/\/schema.org\",\"@graph\":[{\"@type\":\"Article\",\"@id\":\"https:\/\/stourm.news\/?p=2264#article\",\"isPartOf\":{\"@id\":\"https:\/\/stourm.news\/?p=2264\"},\"author\":{\"name\":\"La r\u00e9daction\",\"@id\":\"https:\/\/stourm.news\/#\/schema\/person\/c3e1dc65988632e190969234ef046cf9\"},\"headline\":\"La Coop Breizh d\u00e9pose le bilan\",\"datePublished\":\"2024-09-11T14:35:31+00:00\",\"mainEntityOfPage\":{\"@id\":\"https:\/\/stourm.news\/?p=2264\"},\"wordCount\":260,\"commentCount\":0,\"publisher\":{\"@id\":\"https:\/\/stourm.news\/#organization\"},\"image\":{\"@id\":\"https:\/\/stourm.news\/?p=2264#primaryimage\"},\"thumbnailUrl\":\"https:\/\/stourm.news\/wp-content\/uploads\/2024\/09\/images-1.png\",\"articleSection\":[\"Economie\",\"Finist\u00e8re\",\"Principale\"],\"inLanguage\":\"fr-FR\",\"potentialAction\":[{\"@type\":\"CommentAction\",\"name\":\"Comment\",\"target\":[\"https:\/\/stourm.news\/?p=2264#respond\"]}]},{\"@type\":\"WebPage\",\"@id\":\"https:\/\/stourm.news\/?p=2264\",\"url\":\"https:\/\/stourm.news\/?p=2264\",\"name\":\"La Coop Breizh d\u00e9pose le bilan - STOURM\",\"isPartOf\":{\"@id\":\"https:\/\/stourm.news\/#website\"},\"primaryImageOfPage\":{\"@id\":\"https:\/\/stourm.news\/?p=2264#primaryimage\"},\"image\":{\"@id\":\"https:\/\/stourm.news\/?p=2264#primaryimage\"},\"thumbnailUrl\":\"https:\/\/stourm.news\/wp-content\/uploads\/2024\/09\/images-1.png\",\"datePublished\":\"2024-09-11T14:35:31+00:00\",\"breadcrumb\":{\"@id\":\"https:\/\/stourm.news\/?p=2264#breadcrumb\"},\"inLanguage\":\"fr-FR\",\"potentialAction\":[{\"@type\":\"ReadAction\",\"target\":[\"https:\/\/stourm.news\/?p=2264\"]}]},{\"@type\":\"ImageObject\",\"inLanguage\":\"fr-FR\",\"@id\":\"https:\/\/stourm.news\/?p=2264#primaryimage\",\"url\":\"https:\/\/stourm.news\/wp-content\/uploads\/2024\/09\/images-1.png\",\"contentUrl\":\"https:\/\/stourm.news\/wp-content\/uploads\/2024\/09\/images-1.png\",\"width\":298,\"height\":169},{\"@type\":\"BreadcrumbList\",\"@id\":\"https:\/\/stourm.news\/?p=2264#breadcrumb\",\"itemListElement\":[{\"@type\":\"ListItem\",\"position\":1,\"name\":\"Accueil\",\"item\":\"https:\/\/stourm.news\/\"},{\"@type\":\"ListItem\",\"position\":2,\"name\":\"La Coop Breizh d\u00e9pose le bilan\"}]},{\"@type\":\"WebSite\",\"@id\":\"https:\/\/stourm.news\/#website\",\"url\":\"https:\/\/stourm.news\/\",\"name\":\"Stourm\",\"description\":\"Kazetenn Strollad Broadel Breizh\",\"publisher\":{\"@id\":\"https:\/\/stourm.news\/#organization\"},\"potentialAction\":[{\"@type\":\"SearchAction\",\"target\":{\"@type\":\"EntryPoint\",\"urlTemplate\":\"https:\/\/stourm.news\/?s={search_term_string}\"},\"query-input\":{\"@type\":\"PropertyValueSpecification\",\"valueRequired\":true,\"valueName\":\"search_term_string\"}}],\"inLanguage\":\"fr-FR\"},{\"@type\":\"Organization\",\"@id\":\"https:\/\/stourm.news\/#organization\",\"name\":\"Stourm\",\"url\":\"https:\/\/stourm.news\/\",\"logo\":{\"@type\":\"ImageObject\",\"inLanguage\":\"fr-FR\",\"@id\":\"https:\/\/stourm.news\/#\/schema\/logo\/image\/\",\"url\":\"https:\/\/stourm.news\/wp-content\/uploads\/2025\/11\/cropped-Capture-decran-2025-11-28-a-15.19.07.png\",\"contentUrl\":\"https:\/\/stourm.news\/wp-content\/uploads\/2025\/11\/cropped-Capture-decran-2025-11-28-a-15.19.07.png\",\"width\":1855,\"height\":383,\"caption\":\"Stourm\"},\"image\":{\"@id\":\"https:\/\/stourm.news\/#\/schema\/logo\/image\/\"},\"sameAs\":[\"https:\/\/www.facebook.com\/stourmnews\/\"]},{\"@type\":\"Person\",\"@id\":\"https:\/\/stourm.news\/#\/schema\/person\/c3e1dc65988632e190969234ef046cf9\",\"name\":\"La r\u00e9daction\",\"image\":{\"@type\":\"ImageObject\",\"inLanguage\":\"fr-FR\",\"@id\":\"https:\/\/stourm.news\/#\/schema\/person\/image\/\",\"url\":\"https:\/\/secure.gravatar.com\/avatar\/7463443f194b6b5fb706b074ca0ef59a0cfcfd720cb47764b0ec5a952ce422b3?s=96&d=mm&r=g\",\"contentUrl\":\"https:\/\/secure.gravatar.com\/avatar\/7463443f194b6b5fb706b074ca0ef59a0cfcfd720cb47764b0ec5a952ce422b3?s=96&d=mm&r=g\",\"caption\":\"La r\u00e9daction\"},\"sameAs\":[\"https:\/\/stourm.news\"],\"url\":\"https:\/\/stourm.news\/?author=1\"}]}<\/script>\n<!-- \/ Yoast SEO plugin. -->","yoast_head_json":{"title":"La Coop Breizh d\u00e9pose le bilan - STOURM","robots":{"index":"index","follow":"follow","max-snippet":"max-snippet:-1","max-image-preview":"max-image-preview:large","max-video-preview":"max-video-preview:-1"},"canonical":"https:\/\/stourm.news\/?p=2264","og_locale":"fr_FR","og_type":"article","og_title":"La Coop Breizh d\u00e9pose le bilan - STOURM","og_description":"Bas\u00e9e \u00e0 Sp\u00e9zet (29) et employant 17 salari\u00e9s, l\u2019entreprise doit faire face \u00e0 des difficult\u00e9s financi\u00e8res en raison, notamment, de l\u2019effondrement du march\u00e9 musical et des cons\u00e9quences du covid-19 qui avaient mis la maison d\u2019\u00e9dition \u00e0 l\u2019arr\u00eat durant plusieurs mois. Fond\u00e9e il y a 65 ans, l\u2019entreprise est sp\u00e9cialis\u00e9e dans la distribution de livres et [&hellip;]","og_url":"https:\/\/stourm.news\/?p=2264","og_site_name":"STOURM","article_publisher":"https:\/\/www.facebook.com\/stourmnews\/","article_published_time":"2024-09-11T14:35:31+00:00","og_image":[{"width":298,"height":169,"url":"https:\/\/stourm.news\/wp-content\/uploads\/2024\/09\/images-1.png","type":"image\/png"}],"author":"La r\u00e9daction","twitter_card":"summary_large_image","twitter_misc":{"\u00c9crit par":"La r\u00e9daction","Dur\u00e9e de lecture estim\u00e9e":"2 minutes"},"schema":{"@context":"https:\/\/schema.org","@graph":[{"@type":"Article","@id":"https:\/\/stourm.news\/?p=2264#article","isPartOf":{"@id":"https:\/\/stourm.news\/?p=2264"},"author":{"name":"La r\u00e9daction","@id":"https:\/\/stourm.news\/#\/schema\/person\/c3e1dc65988632e190969234ef046cf9"},"headline":"La Coop Breizh d\u00e9pose le bilan","datePublished":"2024-09-11T14:35:31+00:00","mainEntityOfPage":{"@id":"https:\/\/stourm.news\/?p=2264"},"wordCount":260,"commentCount":0,"publisher":{"@id":"https:\/\/stourm.news\/#organization"},"image":{"@id":"https:\/\/stourm.news\/?p=2264#primaryimage"},"thumbnailUrl":"https:\/\/stourm.news\/wp-content\/uploads\/2024\/09\/images-1.png","articleSection":["Economie","Finist\u00e8re","Principale"],"inLanguage":"fr-FR","potentialAction":[{"@type":"CommentAction","name":"Comment","target":["https:\/\/stourm.news\/?p=2264#respond"]}]},{"@type":"WebPage","@id":"https:\/\/stourm.news\/?p=2264","url":"https:\/\/stourm.news\/?p=2264","name":"La Coop Breizh d\u00e9pose le bilan - STOURM","isPartOf":{"@id":"https:\/\/stourm.news\/#website"},"primaryImageOfPage":{"@id":"https:\/\/stourm.news\/?p=2264#primaryimage"},"image":{"@id":"https:\/\/stourm.news\/?p=2264#primaryimage"},"thumbnailUrl":"https:\/\/stourm.news\/wp-content\/uploads\/2024\/09\/images-1.png","datePublished":"2024-09-11T14:35:31+00:00","breadcrumb":{"@id":"https:\/\/stourm.news\/?p=2264#breadcrumb"},"inLanguage":"fr-FR","potentialAction":[{"@type":"ReadAction","target":["https:\/\/stourm.news\/?p=2264"]}]},{"@type":"ImageObject","inLanguage":"fr-FR","@id":"https:\/\/stourm.news\/?p=2264#primaryimage","url":"https:\/\/stourm.news\/wp-content\/uploads\/2024\/09\/images-1.png","contentUrl":"https:\/\/stourm.news\/wp-content\/uploads\/2024\/09\/images-1.png","width":298,"height":169},{"@type":"BreadcrumbList","@id":"https:\/\/stourm.news\/?p=2264#breadcrumb","itemListElement":[{"@type":"ListItem","position":1,"name":"Accueil","item":"https:\/\/stourm.news\/"},{"@type":"ListItem","position":2,"name":"La Coop Breizh d\u00e9pose le bilan"}]},{"@type":"WebSite","@id":"https:\/\/stourm.news\/#website","url":"https:\/\/stourm.news\/","name":"Stourm","description":"Kazetenn Strollad Broadel Breizh","publisher":{"@id":"https:\/\/stourm.news\/#organization"},"potentialAction":[{"@type":"SearchAction","target":{"@type":"EntryPoint","urlTemplate":"https:\/\/stourm.news\/?s={search_term_string}"},"query-input":{"@type":"PropertyValueSpecification","valueRequired":true,"valueName":"search_term_string"}}],"inLanguage":"fr-FR"},{"@type":"Organization","@id":"https:\/\/stourm.news\/#organization","name":"Stourm","url":"https:\/\/stourm.news\/","logo":{"@type":"ImageObject","inLanguage":"fr-FR","@id":"https:\/\/stourm.news\/#\/schema\/logo\/image\/","url":"https:\/\/stourm.news\/wp-content\/uploads\/2025\/11\/cropped-Capture-decran-2025-11-28-a-15.19.07.png","contentUrl":"https:\/\/stourm.news\/wp-content\/uploads\/2025\/11\/cropped-Capture-decran-2025-11-28-a-15.19.07.png","width":1855,"height":383,"caption":"Stourm"},"image":{"@id":"https:\/\/stourm.news\/#\/schema\/logo\/image\/"},"sameAs":["https:\/\/www.facebook.com\/stourmnews\/"]},{"@type":"Person","@id":"https:\/\/stourm.news\/#\/schema\/person\/c3e1dc65988632e190969234ef046cf9","name":"La r\u00e9daction","image":{"@type":"ImageObject","inLanguage":"fr-FR","@id":"https:\/\/stourm.news\/#\/schema\/person\/image\/","url":"https:\/\/secure.gravatar.com\/avatar\/7463443f194b6b5fb706b074ca0ef59a0cfcfd720cb47764b0ec5a952ce422b3?s=96&d=mm&r=g","contentUrl":"https:\/\/secure.gravatar.com\/avatar\/7463443f194b6b5fb706b074ca0ef59a0cfcfd720cb47764b0ec5a952ce422b3?s=96&d=mm&r=g","caption":"La r\u00e9daction"},"sameAs":["https:\/\/stourm.news"],"url":"https:\/\/stourm.news\/?author=1"}]}},"_links":{"self":[{"href":"https:\/\/stourm.news\/index.php?rest_route=\/wp\/v2\/posts\/2264","targetHints":{"allow":["GET"]}}],"collection":[{"href":"https:\/\/stourm.news\/index.php?rest_route=\/wp\/v2\/posts"}],"about":[{"href":"https:\/\/stourm.news\/index.php?rest_route=\/wp\/v2\/types\/post"}],"author":[{"embeddable":true,"href":"https:\/\/stourm.news\/index.php?rest_route=\/wp\/v2\/users\/1"}],"replies":[{"embeddable":true,"href":"https:\/\/stourm.news\/index.php?rest_route=%2Fwp%2Fv2%2Fcomments&post=2264"}],"version-history":[{"count":1,"href":"https:\/\/stourm.news\/index.php?rest_route=\/wp\/v2\/posts\/2264\/revisions"}],"predecessor-version":[{"id":2266,"href":"https:\/\/stourm.news\/index.php?rest_route=\/wp\/v2\/posts\/2264\/revisions\/2266"}],"wp:featuredmedia":[{"embeddable":true,"href":"https:\/\/stourm.news\/index.php?rest_route=\/wp\/v2\/media\/2265"}],"wp:attachment":[{"href":"https:\/\/stourm.news\/index.php?rest_route=%2Fwp%2Fv2%2Fmedia&parent=2264"}],"wp:term":[{"taxonomy":"category","embeddable":true,"href":"https:\/\/stourm.news\/index.php?rest_route=%2Fwp%2Fv2%2Fcategories&post=2264"},{"taxonomy":"post_tag","embeddable":true,"href":"https:\/\/stourm.news\/index.php?rest_route=%2Fwp%2Fv2%2Ftags&post=2264"}],"curies":[{"name":"wp","href":"https:\/\/api.w.org\/{rel}","templated":true}]}}