{"id":2271,"date":"2024-09-12T05:37:11","date_gmt":"2024-09-12T05:37:11","guid":{"rendered":"https:\/\/stourm.news\/?p=2271"},"modified":"2024-09-12T05:48:48","modified_gmt":"2024-09-12T05:48:48","slug":"emsav-12-septembre-1905-fondation-du-bleun-brug-par-labbe-yann-vari-perrot","status":"publish","type":"post","link":"https:\/\/stourm.news\/?p=2271","title":{"rendered":"Emsav : 12 septembre 1905, fondation du Bleun Brug par l&rsquo;abb\u00e9 Yann-Vari Perrot"},"content":{"rendered":"<p style=\"text-align: justify;\"><strong>EMSAV &#8211;<\/strong> Le 12 septembre 1905, l&rsquo;abb\u00e9 Yann-Vari Perrot fonde l&rsquo;association Bleun Brug (Fleur de bruy\u00e8re) pour d\u00e9fendre la langue, les traditions et la foi chr\u00e9tienne des Bretons qu&rsquo;il sait gravement menac\u00e9es par l&rsquo;influence fran\u00e7aise. Cette initiative est prise dans un climat d&rsquo;extr\u00eame hostilit\u00e9 de l&rsquo;\u00c9tat fran\u00e7ais vis-\u00e0-vis de la Bretagne, celle-ci \u00e9tant consid\u00e9r\u00e9e par les \u00e9lites parisiennes comme un puissant bastion contre-r\u00e9volutionnaire, herm\u00e9tique au r\u00e9gime r\u00e9publicain et \u00e0 son id\u00e9ologie.<\/p>\n<p><img fetchpriority=\"high\" decoding=\"async\" class=\"aligncenter\" src=\"https:\/\/www.xavierdelanglais.bzh\/wp-content\/uploads\/RJ-BB-1BB-EO-5067.jpg\" width=\"371\" height=\"512\" \/><\/p>\n<p style=\"text-align: justify;\">Pour l&rsquo;abb\u00e9 Perrot, la langue bretonne est le bouclier naturel de la foi chr\u00e9tienne menac\u00e9e par la propagation de l&rsquo;ath\u00e9isme d&rsquo;\u00e9tat fran\u00e7ais et inversement. <strong>\u00ab\u00a0Ar Brezhoneg hag ar Feiz a zo breur ha c&rsquo;hoar e Breiz\u00a0\u00bb<\/strong> est l&rsquo;axe doctrinal de l&rsquo;association. L&rsquo;abb\u00e9, visionnaire, entrevoit la \u00ab\u00a0mort\u00a0\u00bb de la Bretagne. \u00ab\u00a0De la fa\u00e7on dont elle est trait\u00e9e, la Bretagne ne vivra pas cent ans\u00a0\u00bb proph\u00e9tise-t-il.<\/p>\n<p style=\"text-align: justify;\">D&rsquo;abord soutenu par l&rsquo;\u00c9glise catholique et le Saint-Si\u00e8ge, hostile au r\u00e9gime r\u00e9publicain en raison de son caract\u00e8re virulemment anticl\u00e9rical sous l&rsquo;impulsion chef du gouvernement fran\u00e7ais \u00c9mile Combes, l&rsquo;action de l&rsquo;abb\u00e9 Perrot est progressivement marginalis\u00e9e par le clerg\u00e9 qui recherche un compromis avec les autorit\u00e9s. Ce compromis advient au lendemain de la premi\u00e8re guerre mondiale, dans un climat o\u00f9 les d\u00e9mocraties acquises aux id\u00e9es lib\u00e9rales de la ma\u00e7onnerie triomphent sur les ruines des empires chr\u00e9tiens d&rsquo;Europe. Paris n\u00e9gocie le r\u00e9tablissement des relations diplomatiques entre la r\u00e9publique fran\u00e7aise et le Vatican, politique symbolis\u00e9e par la canonisation en 1920 de Jeanne d&rsquo;Arc au terme d&rsquo;un bricolage politique.<\/p>\n<p><img decoding=\"async\" class=\"aligncenter\" src=\"https:\/\/www.breizh-info.com\/wp-content\/uploads\/2018\/04\/Perrot-Yann-Vari-copie.jpg\" width=\"344\" height=\"497\" \/><\/p>\n<p style=\"text-align: justify;\">D\u00e8s lors, l&rsquo;action de l&rsquo;abb\u00e9 Yann-Vari Perrot est tol\u00e9r\u00e9e plus que soutenue par ses sup\u00e9rieurs hi\u00e9rarchiques. Lorsque l&rsquo;Alsace catholique nouvellement annex\u00e9e par la France entre en confrontation avec le gouvernement fran\u00e7ais pour pr\u00e9server son r\u00e9gime concordataire et, plus largement, sa personnalit\u00e9 germanique menac\u00e9e, l&rsquo;abb\u00e9 Perrot prend fait et cause pour le mouvement alsacien auquel il s&rsquo;identifie. Dans le contexte revanchard de l&rsquo;\u00e9poque, cette position tranche avec le chauvinisme fran\u00e7ais qui r\u00e8gne. C&rsquo;est l&rsquo;entr\u00e9e implicite de la politique dans l&rsquo;action du Bleun Brug. Le jeune autonomisme breton, inspir\u00e9 lui aussi par la r\u00e9sistance des Alsaciens, ne tarde pas \u00e0 nouer des liens \u00e9troits avec le mouvement de l&rsquo;abb\u00e9 Perrot, provoquant de fortes tensions avec la hi\u00e9rarchie cl\u00e9ricale d\u00e9sormais align\u00e9e sur les positions du r\u00e9gime r\u00e9publicain. Fermement rappel\u00e9 \u00e0 l&rsquo;ordre par Adolphe Duparc, \u00e9v\u00eaque de Quimper ralli\u00e9 \u00e0 la r\u00e9publique fran\u00e7aise, l&rsquo;abb\u00e9 doit consentir \u00e0 ne pas afficher de soutien \u00e0 la cause politique bretonne.<\/p>\n<p style=\"text-align: justify;\">L&rsquo;abb\u00e9 ne d\u00e9sarme pas et poursuit tr\u00e8s activement son activit\u00e9 culturelle, cultuelle et linguistique, soutenu par l&rsquo;Emsav et son parti, le Parti National Breton. En 1937, le Bleun Brug organise le mill\u00e9naire de la r\u00e9surrection nationale de la Bretagne. Occup\u00e9e par les Vikings au 10\u00e8me si\u00e8cle, la Bretagne est alors un d\u00e9sert dont les chefs politiques et religieux ont fui le pays. Sous la direction du roi Alan II dit \u00ab\u00a0al Louarn\u00a0\u00bb, la Bretagne reconquiert contre toute attente sa libert\u00e9 pour entamer une nouvelle marche en avant. Cet exemple glorieux galvanise l&rsquo;abb\u00e9 Perrot et ses compagnons du Bleun Brug qui y voit la trame de la renaissance future de la Bretagne occup\u00e9e par la France r\u00e9volutionnaire, foyer de pestilence.<\/p>\n<p style=\"text-align: justify;\"><span style=\"font-family: var(--viral-mag-body-family, Poppins); font-size: var(--viral-mag-body-size, 16px); font-style: var(--viral-mag-body-style, normal); letter-spacing: var(--viral-mag-body-letter-spacing, 0); text-transform: var(--viral-mag-body-text-transform, none); text-decoration: var(--viral-mag-body-text-decoration, none);\">R\u00e9trospectivement, la formule sociale, culturelle et politique d\u00e9fendue par l&rsquo;abb\u00e9 Perrot en Bretagne \u00e0 travers le Bleun Brug \u00e9tait la seule qui eut pu prot\u00e9ger, sinon pr\u00e9server le catholicisme breton \u00e0 l&rsquo;ombre de ses traditions et de sa langue. En suivant aveugl\u00e9ment la politique de ralliement \u00e0 l&rsquo;\u00c9tat fran\u00e7ais dict\u00e9e par les opportunistes de la hi\u00e9rarchie catholique, le clerg\u00e9 breton a \u00e9t\u00e9 rapidement balay\u00e9 apr\u00e8s-guerre en Bretagne au point de voir le catholicisme devenir marginal au 21\u00e8me si\u00e8cle, tout comme la langue bretonne. L&rsquo;illusion du loyalisme aura \u00e9t\u00e9 fatale \u00e0 l&rsquo;\u00c9glise catholique en Bretagne.<\/span><\/p>\n<p>Pour d\u00e9couvrir l&rsquo;histoire du Bleun Brug :<\/p>\n<p><iframe title=\"&quot;L&#039;histoire des Bleun Brug  depuis 1905&quot; par Goulc&#039;han Kervella et ses invit\u00e9s\" width=\"500\" height=\"281\" src=\"https:\/\/www.youtube.com\/embed\/maE-2ArXMdE?feature=oembed\" frameborder=\"0\" allow=\"accelerometer; autoplay; clipboard-write; encrypted-media; gyroscope; picture-in-picture; web-share\" referrerpolicy=\"strict-origin-when-cross-origin\" allowfullscreen><\/iframe><\/p>\n<p style=\"text-align: right;\"><strong>Ewen Broc&rsquo;han<\/strong><\/p>\n","protected":false},"excerpt":{"rendered":"<p>EMSAV &#8211; Le 12 septembre 1905, l&rsquo;abb\u00e9 Yann-Vari Perrot fonde l&rsquo;association Bleun Brug (Fleur de bruy\u00e8re) pour d\u00e9fendre la langue, les traditions et la foi chr\u00e9tienne des Bretons qu&rsquo;il sait gravement menac\u00e9es par l&rsquo;influence fran\u00e7aise. Cette initiative est prise dans un climat d&rsquo;extr\u00eame hostilit\u00e9 de l&rsquo;\u00c9tat fran\u00e7ais vis-\u00e0-vis de la Bretagne, celle-ci \u00e9tant consid\u00e9r\u00e9e par [&hellip;]<\/p>\n","protected":false},"author":1,"featured_media":2272,"comment_status":"open","ping_status":"open","sticky":false,"template":"","format":"standard","meta":{"sb_editor_width":"","footnotes":""},"categories":[43,74,50,65],"tags":[],"class_list":["post-2271","post","type-post","status-publish","format-standard","has-post-thumbnail","hentry","category-culture-bretonne","category-emsav","category-histoire-de-bretagne","category-principale"],"relative_dates":{"created":"2 ans ago","modified":"2 ans ago"},"yoast_head":"<!-- This site is optimized with the Yoast SEO plugin v26.3 - https:\/\/yoast.com\/wordpress\/plugins\/seo\/ -->\n<title>Emsav : 12 septembre 1905, fondation du Bleun Brug par l&#039;abb\u00e9 Yann-Vari Perrot - STOURM<\/title>\n<meta name=\"robots\" content=\"index, follow, max-snippet:-1, max-image-preview:large, max-video-preview:-1\" \/>\n<link rel=\"canonical\" href=\"https:\/\/stourm.news\/?p=2271\" \/>\n<meta property=\"og:locale\" content=\"fr_FR\" \/>\n<meta property=\"og:type\" content=\"article\" \/>\n<meta property=\"og:title\" content=\"Emsav : 12 septembre 1905, fondation du Bleun Brug par l&#039;abb\u00e9 Yann-Vari Perrot - STOURM\" \/>\n<meta property=\"og:description\" content=\"EMSAV &#8211; Le 12 septembre 1905, l&rsquo;abb\u00e9 Yann-Vari Perrot fonde l&rsquo;association Bleun Brug (Fleur de bruy\u00e8re) pour d\u00e9fendre la langue, les traditions et la foi chr\u00e9tienne des Bretons qu&rsquo;il sait gravement menac\u00e9es par l&rsquo;influence fran\u00e7aise. Cette initiative est prise dans un climat d&rsquo;extr\u00eame hostilit\u00e9 de l&rsquo;\u00c9tat fran\u00e7ais vis-\u00e0-vis de la Bretagne, celle-ci \u00e9tant consid\u00e9r\u00e9e par [&hellip;]\" \/>\n<meta property=\"og:url\" content=\"https:\/\/stourm.news\/?p=2271\" \/>\n<meta property=\"og:site_name\" content=\"STOURM\" \/>\n<meta property=\"article:publisher\" content=\"https:\/\/www.facebook.com\/stourmnews\/\" \/>\n<meta property=\"article:published_time\" content=\"2024-09-12T05:37:11+00:00\" \/>\n<meta property=\"article:modified_time\" content=\"2024-09-12T05:48:48+00:00\" \/>\n<meta property=\"og:image\" content=\"https:\/\/stourm.news\/wp-content\/uploads\/2024\/09\/Capture-decran-2024-09-12-a-14.15.15.png\" \/>\n\t<meta property=\"og:image:width\" content=\"812\" \/>\n\t<meta property=\"og:image:height\" content=\"766\" \/>\n\t<meta property=\"og:image:type\" content=\"image\/png\" \/>\n<meta name=\"author\" content=\"La r\u00e9daction\" \/>\n<meta name=\"twitter:card\" content=\"summary_large_image\" \/>\n<meta name=\"twitter:label1\" content=\"\u00c9crit par\" \/>\n\t<meta name=\"twitter:data1\" content=\"La r\u00e9daction\" \/>\n\t<meta name=\"twitter:label2\" content=\"Dur\u00e9e de lecture estim\u00e9e\" \/>\n\t<meta name=\"twitter:data2\" content=\"4 minutes\" \/>\n<script type=\"application\/ld+json\" class=\"yoast-schema-graph\">{\"@context\":\"https:\/\/schema.org\",\"@graph\":[{\"@type\":\"Article\",\"@id\":\"https:\/\/stourm.news\/?p=2271#article\",\"isPartOf\":{\"@id\":\"https:\/\/stourm.news\/?p=2271\"},\"author\":{\"name\":\"La r\u00e9daction\",\"@id\":\"https:\/\/stourm.news\/#\/schema\/person\/c3e1dc65988632e190969234ef046cf9\"},\"headline\":\"Emsav : 12 septembre 1905, fondation du Bleun Brug par l&rsquo;abb\u00e9 Yann-Vari Perrot\",\"datePublished\":\"2024-09-12T05:37:11+00:00\",\"dateModified\":\"2024-09-12T05:48:48+00:00\",\"mainEntityOfPage\":{\"@id\":\"https:\/\/stourm.news\/?p=2271\"},\"wordCount\":745,\"commentCount\":0,\"publisher\":{\"@id\":\"https:\/\/stourm.news\/#organization\"},\"image\":{\"@id\":\"https:\/\/stourm.news\/?p=2271#primaryimage\"},\"thumbnailUrl\":\"https:\/\/stourm.news\/wp-content\/uploads\/2024\/09\/Capture-decran-2024-09-12-a-14.15.15.png\",\"articleSection\":[\"Culture bretonne\",\"Emsav\",\"Histoire de Bretagne\",\"Principale\"],\"inLanguage\":\"fr-FR\",\"potentialAction\":[{\"@type\":\"CommentAction\",\"name\":\"Comment\",\"target\":[\"https:\/\/stourm.news\/?p=2271#respond\"]}]},{\"@type\":\"WebPage\",\"@id\":\"https:\/\/stourm.news\/?p=2271\",\"url\":\"https:\/\/stourm.news\/?p=2271\",\"name\":\"Emsav : 12 septembre 1905, fondation du Bleun Brug par l'abb\u00e9 Yann-Vari Perrot - STOURM\",\"isPartOf\":{\"@id\":\"https:\/\/stourm.news\/#website\"},\"primaryImageOfPage\":{\"@id\":\"https:\/\/stourm.news\/?p=2271#primaryimage\"},\"image\":{\"@id\":\"https:\/\/stourm.news\/?p=2271#primaryimage\"},\"thumbnailUrl\":\"https:\/\/stourm.news\/wp-content\/uploads\/2024\/09\/Capture-decran-2024-09-12-a-14.15.15.png\",\"datePublished\":\"2024-09-12T05:37:11+00:00\",\"dateModified\":\"2024-09-12T05:48:48+00:00\",\"breadcrumb\":{\"@id\":\"https:\/\/stourm.news\/?p=2271#breadcrumb\"},\"inLanguage\":\"fr-FR\",\"potentialAction\":[{\"@type\":\"ReadAction\",\"target\":[\"https:\/\/stourm.news\/?p=2271\"]}]},{\"@type\":\"ImageObject\",\"inLanguage\":\"fr-FR\",\"@id\":\"https:\/\/stourm.news\/?p=2271#primaryimage\",\"url\":\"https:\/\/stourm.news\/wp-content\/uploads\/2024\/09\/Capture-decran-2024-09-12-a-14.15.15.png\",\"contentUrl\":\"https:\/\/stourm.news\/wp-content\/uploads\/2024\/09\/Capture-decran-2024-09-12-a-14.15.15.png\",\"width\":812,\"height\":766},{\"@type\":\"BreadcrumbList\",\"@id\":\"https:\/\/stourm.news\/?p=2271#breadcrumb\",\"itemListElement\":[{\"@type\":\"ListItem\",\"position\":1,\"name\":\"Accueil\",\"item\":\"https:\/\/stourm.news\/\"},{\"@type\":\"ListItem\",\"position\":2,\"name\":\"Emsav : 12 septembre 1905, fondation du Bleun Brug par l&rsquo;abb\u00e9 Yann-Vari Perrot\"}]},{\"@type\":\"WebSite\",\"@id\":\"https:\/\/stourm.news\/#website\",\"url\":\"https:\/\/stourm.news\/\",\"name\":\"Stourm\",\"description\":\"Kazetenn Strollad Broadel Breizh\",\"publisher\":{\"@id\":\"https:\/\/stourm.news\/#organization\"},\"potentialAction\":[{\"@type\":\"SearchAction\",\"target\":{\"@type\":\"EntryPoint\",\"urlTemplate\":\"https:\/\/stourm.news\/?s={search_term_string}\"},\"query-input\":{\"@type\":\"PropertyValueSpecification\",\"valueRequired\":true,\"valueName\":\"search_term_string\"}}],\"inLanguage\":\"fr-FR\"},{\"@type\":\"Organization\",\"@id\":\"https:\/\/stourm.news\/#organization\",\"name\":\"Stourm\",\"url\":\"https:\/\/stourm.news\/\",\"logo\":{\"@type\":\"ImageObject\",\"inLanguage\":\"fr-FR\",\"@id\":\"https:\/\/stourm.news\/#\/schema\/logo\/image\/\",\"url\":\"https:\/\/stourm.news\/wp-content\/uploads\/2025\/11\/cropped-Capture-decran-2025-11-28-a-15.19.07.png\",\"contentUrl\":\"https:\/\/stourm.news\/wp-content\/uploads\/2025\/11\/cropped-Capture-decran-2025-11-28-a-15.19.07.png\",\"width\":1855,\"height\":383,\"caption\":\"Stourm\"},\"image\":{\"@id\":\"https:\/\/stourm.news\/#\/schema\/logo\/image\/\"},\"sameAs\":[\"https:\/\/www.facebook.com\/stourmnews\/\"]},{\"@type\":\"Person\",\"@id\":\"https:\/\/stourm.news\/#\/schema\/person\/c3e1dc65988632e190969234ef046cf9\",\"name\":\"La r\u00e9daction\",\"image\":{\"@type\":\"ImageObject\",\"inLanguage\":\"fr-FR\",\"@id\":\"https:\/\/stourm.news\/#\/schema\/person\/image\/\",\"url\":\"https:\/\/secure.gravatar.com\/avatar\/7463443f194b6b5fb706b074ca0ef59a0cfcfd720cb47764b0ec5a952ce422b3?s=96&d=mm&r=g\",\"contentUrl\":\"https:\/\/secure.gravatar.com\/avatar\/7463443f194b6b5fb706b074ca0ef59a0cfcfd720cb47764b0ec5a952ce422b3?s=96&d=mm&r=g\",\"caption\":\"La r\u00e9daction\"},\"sameAs\":[\"https:\/\/stourm.news\"],\"url\":\"https:\/\/stourm.news\/?author=1\"}]}<\/script>\n<!-- \/ Yoast SEO plugin. -->","yoast_head_json":{"title":"Emsav : 12 septembre 1905, fondation du Bleun Brug par l'abb\u00e9 Yann-Vari Perrot - STOURM","robots":{"index":"index","follow":"follow","max-snippet":"max-snippet:-1","max-image-preview":"max-image-preview:large","max-video-preview":"max-video-preview:-1"},"canonical":"https:\/\/stourm.news\/?p=2271","og_locale":"fr_FR","og_type":"article","og_title":"Emsav : 12 septembre 1905, fondation du Bleun Brug par l'abb\u00e9 Yann-Vari Perrot - STOURM","og_description":"EMSAV &#8211; Le 12 septembre 1905, l&rsquo;abb\u00e9 Yann-Vari Perrot fonde l&rsquo;association Bleun Brug (Fleur de bruy\u00e8re) pour d\u00e9fendre la langue, les traditions et la foi chr\u00e9tienne des Bretons qu&rsquo;il sait gravement menac\u00e9es par l&rsquo;influence fran\u00e7aise. Cette initiative est prise dans un climat d&rsquo;extr\u00eame hostilit\u00e9 de l&rsquo;\u00c9tat fran\u00e7ais vis-\u00e0-vis de la Bretagne, celle-ci \u00e9tant consid\u00e9r\u00e9e par [&hellip;]","og_url":"https:\/\/stourm.news\/?p=2271","og_site_name":"STOURM","article_publisher":"https:\/\/www.facebook.com\/stourmnews\/","article_published_time":"2024-09-12T05:37:11+00:00","article_modified_time":"2024-09-12T05:48:48+00:00","og_image":[{"width":812,"height":766,"url":"https:\/\/stourm.news\/wp-content\/uploads\/2024\/09\/Capture-decran-2024-09-12-a-14.15.15.png","type":"image\/png"}],"author":"La r\u00e9daction","twitter_card":"summary_large_image","twitter_misc":{"\u00c9crit par":"La r\u00e9daction","Dur\u00e9e de lecture estim\u00e9e":"4 minutes"},"schema":{"@context":"https:\/\/schema.org","@graph":[{"@type":"Article","@id":"https:\/\/stourm.news\/?p=2271#article","isPartOf":{"@id":"https:\/\/stourm.news\/?p=2271"},"author":{"name":"La r\u00e9daction","@id":"https:\/\/stourm.news\/#\/schema\/person\/c3e1dc65988632e190969234ef046cf9"},"headline":"Emsav : 12 septembre 1905, fondation du Bleun Brug par l&rsquo;abb\u00e9 Yann-Vari Perrot","datePublished":"2024-09-12T05:37:11+00:00","dateModified":"2024-09-12T05:48:48+00:00","mainEntityOfPage":{"@id":"https:\/\/stourm.news\/?p=2271"},"wordCount":745,"commentCount":0,"publisher":{"@id":"https:\/\/stourm.news\/#organization"},"image":{"@id":"https:\/\/stourm.news\/?p=2271#primaryimage"},"thumbnailUrl":"https:\/\/stourm.news\/wp-content\/uploads\/2024\/09\/Capture-decran-2024-09-12-a-14.15.15.png","articleSection":["Culture bretonne","Emsav","Histoire de Bretagne","Principale"],"inLanguage":"fr-FR","potentialAction":[{"@type":"CommentAction","name":"Comment","target":["https:\/\/stourm.news\/?p=2271#respond"]}]},{"@type":"WebPage","@id":"https:\/\/stourm.news\/?p=2271","url":"https:\/\/stourm.news\/?p=2271","name":"Emsav : 12 septembre 1905, fondation du Bleun Brug par l'abb\u00e9 Yann-Vari Perrot - STOURM","isPartOf":{"@id":"https:\/\/stourm.news\/#website"},"primaryImageOfPage":{"@id":"https:\/\/stourm.news\/?p=2271#primaryimage"},"image":{"@id":"https:\/\/stourm.news\/?p=2271#primaryimage"},"thumbnailUrl":"https:\/\/stourm.news\/wp-content\/uploads\/2024\/09\/Capture-decran-2024-09-12-a-14.15.15.png","datePublished":"2024-09-12T05:37:11+00:00","dateModified":"2024-09-12T05:48:48+00:00","breadcrumb":{"@id":"https:\/\/stourm.news\/?p=2271#breadcrumb"},"inLanguage":"fr-FR","potentialAction":[{"@type":"ReadAction","target":["https:\/\/stourm.news\/?p=2271"]}]},{"@type":"ImageObject","inLanguage":"fr-FR","@id":"https:\/\/stourm.news\/?p=2271#primaryimage","url":"https:\/\/stourm.news\/wp-content\/uploads\/2024\/09\/Capture-decran-2024-09-12-a-14.15.15.png","contentUrl":"https:\/\/stourm.news\/wp-content\/uploads\/2024\/09\/Capture-decran-2024-09-12-a-14.15.15.png","width":812,"height":766},{"@type":"BreadcrumbList","@id":"https:\/\/stourm.news\/?p=2271#breadcrumb","itemListElement":[{"@type":"ListItem","position":1,"name":"Accueil","item":"https:\/\/stourm.news\/"},{"@type":"ListItem","position":2,"name":"Emsav : 12 septembre 1905, fondation du Bleun Brug par l&rsquo;abb\u00e9 Yann-Vari Perrot"}]},{"@type":"WebSite","@id":"https:\/\/stourm.news\/#website","url":"https:\/\/stourm.news\/","name":"Stourm","description":"Kazetenn Strollad Broadel Breizh","publisher":{"@id":"https:\/\/stourm.news\/#organization"},"potentialAction":[{"@type":"SearchAction","target":{"@type":"EntryPoint","urlTemplate":"https:\/\/stourm.news\/?s={search_term_string}"},"query-input":{"@type":"PropertyValueSpecification","valueRequired":true,"valueName":"search_term_string"}}],"inLanguage":"fr-FR"},{"@type":"Organization","@id":"https:\/\/stourm.news\/#organization","name":"Stourm","url":"https:\/\/stourm.news\/","logo":{"@type":"ImageObject","inLanguage":"fr-FR","@id":"https:\/\/stourm.news\/#\/schema\/logo\/image\/","url":"https:\/\/stourm.news\/wp-content\/uploads\/2025\/11\/cropped-Capture-decran-2025-11-28-a-15.19.07.png","contentUrl":"https:\/\/stourm.news\/wp-content\/uploads\/2025\/11\/cropped-Capture-decran-2025-11-28-a-15.19.07.png","width":1855,"height":383,"caption":"Stourm"},"image":{"@id":"https:\/\/stourm.news\/#\/schema\/logo\/image\/"},"sameAs":["https:\/\/www.facebook.com\/stourmnews\/"]},{"@type":"Person","@id":"https:\/\/stourm.news\/#\/schema\/person\/c3e1dc65988632e190969234ef046cf9","name":"La r\u00e9daction","image":{"@type":"ImageObject","inLanguage":"fr-FR","@id":"https:\/\/stourm.news\/#\/schema\/person\/image\/","url":"https:\/\/secure.gravatar.com\/avatar\/7463443f194b6b5fb706b074ca0ef59a0cfcfd720cb47764b0ec5a952ce422b3?s=96&d=mm&r=g","contentUrl":"https:\/\/secure.gravatar.com\/avatar\/7463443f194b6b5fb706b074ca0ef59a0cfcfd720cb47764b0ec5a952ce422b3?s=96&d=mm&r=g","caption":"La r\u00e9daction"},"sameAs":["https:\/\/stourm.news"],"url":"https:\/\/stourm.news\/?author=1"}]}},"_links":{"self":[{"href":"https:\/\/stourm.news\/index.php?rest_route=\/wp\/v2\/posts\/2271","targetHints":{"allow":["GET"]}}],"collection":[{"href":"https:\/\/stourm.news\/index.php?rest_route=\/wp\/v2\/posts"}],"about":[{"href":"https:\/\/stourm.news\/index.php?rest_route=\/wp\/v2\/types\/post"}],"author":[{"embeddable":true,"href":"https:\/\/stourm.news\/index.php?rest_route=\/wp\/v2\/users\/1"}],"replies":[{"embeddable":true,"href":"https:\/\/stourm.news\/index.php?rest_route=%2Fwp%2Fv2%2Fcomments&post=2271"}],"version-history":[{"count":3,"href":"https:\/\/stourm.news\/index.php?rest_route=\/wp\/v2\/posts\/2271\/revisions"}],"predecessor-version":[{"id":2275,"href":"https:\/\/stourm.news\/index.php?rest_route=\/wp\/v2\/posts\/2271\/revisions\/2275"}],"wp:featuredmedia":[{"embeddable":true,"href":"https:\/\/stourm.news\/index.php?rest_route=\/wp\/v2\/media\/2272"}],"wp:attachment":[{"href":"https:\/\/stourm.news\/index.php?rest_route=%2Fwp%2Fv2%2Fmedia&parent=2271"}],"wp:term":[{"taxonomy":"category","embeddable":true,"href":"https:\/\/stourm.news\/index.php?rest_route=%2Fwp%2Fv2%2Fcategories&post=2271"},{"taxonomy":"post_tag","embeddable":true,"href":"https:\/\/stourm.news\/index.php?rest_route=%2Fwp%2Fv2%2Ftags&post=2271"}],"curies":[{"name":"wp","href":"https:\/\/api.w.org\/{rel}","templated":true}]}}