{"id":2282,"date":"2024-09-13T05:53:30","date_gmt":"2024-09-13T05:53:30","guid":{"rendered":"https:\/\/stourm.news\/?p=2282"},"modified":"2024-09-13T06:05:12","modified_gmt":"2024-09-13T06:05:12","slug":"emsav-13-septembre-1907-naissance-de-raymond-delaporte","status":"publish","type":"post","link":"https:\/\/stourm.news\/?p=2282","title":{"rendered":"Emsav : 13 septembre 1907, naissance de Raymond Delaporte"},"content":{"rendered":"<p style=\"text-align: justify;\"><strong>EMSAV &#8211;<\/strong> Le 13 septembre 1907 na\u00eet \u00e0 Ch\u00e2teauneuf-du-Faou Raymond Delaporte. Issu d&rsquo;un milieu socialement bien \u00e9tabli, Raymond Delaporte devient Docteur en droit et avocat, profession qu&rsquo;il exerce \u00e0 Ch\u00e2teauneuf, sa ville natale. Comme ses fr\u00e8res Yves et Herv\u00e9, il rejoint le Parti Autonomiste Breton peu apr\u00e8s sa fondation \u00e0 Rosporden en 1927 et fait preuve d&rsquo;un important activisme pour la langue bretonne qu&rsquo;il avait appris durant ses \u00e9tudes. Catholique convaincu, on le retrouve engag\u00e9 au Bleun Brug de l&rsquo;Abb\u00e9 Yann-Vari Perrot et qu&rsquo;il pr\u00e9side en 1938. On le retrouve \u00e9galement \u00e0 la t\u00eate de Brezhoneg Er Skol, association militant pour l&rsquo;enseignement du breton dans les \u00e9coles de Bretagne.<\/p>\n<p style=\"text-align: justify;\">Pr\u00e9sent\u00e9 comme un national-catholique conservateur, Raymond Delaporte ne se retrouve pas toujours sur la ligne de rupture id\u00e9ologique d&rsquo;Olier Mordrel et de Fransez Debeauvais, \u00e9l\u00e9ments moteurs de Breiz Atao et du PNB. Toutefois, cette opposition a \u00e9t\u00e9 souvent exag\u00e9r\u00e9, les sentiments de Raymond Delaporte \u00e9tant ancr\u00e9s dans la vigoureuse d\u00e9fense de la personnalit\u00e9 ethnique bretonne. <strong>\u00ab\u00a0Si nous ne voulons pas devenir une race b\u00e2tarde sans anc\u00eatres avouables, sans dignit\u00e9 et sans noblesse, il est temps que de s\u00e9v\u00e8res mesures soient prises pour maintenir le peuple breton dans son caract\u00e8re propre&#8230; L&rsquo;appartenance \u00e0 la race bretonne devra faire l&rsquo;objet d&rsquo;un contr\u00f4le rigoureux et s\u00e9v\u00e8re, qui donnera \u00e0 son b\u00e9n\u00e9ficiaire certains droits et certains devoirs\u00a0\u00bb<\/strong> \u00e9crit Raymond Delaporte dans L&rsquo;Heure bretonne avec une puissante acuit\u00e9.<\/p>\n<p><img fetchpriority=\"high\" decoding=\"async\" class=\"alignnone wp-image-2283 size-full\" src=\"https:\/\/stourm.news\/wp-content\/uploads\/2024\/09\/pnb.jpg\" alt=\"\" width=\"1000\" height=\"707\" srcset=\"https:\/\/stourm.news\/wp-content\/uploads\/2024\/09\/pnb.jpg 1000w, https:\/\/stourm.news\/wp-content\/uploads\/2024\/09\/pnb-300x212.jpg 300w, https:\/\/stourm.news\/wp-content\/uploads\/2024\/09\/pnb-768x543.jpg 768w\" sizes=\"(max-width: 1000px) 100vw, 1000px\" \/><\/p>\n<p style=\"text-align: center;\"><em>Congr\u00e8s du PNB de Quimper, 10 d\u00e9cembre 1941. Raymond Delaporte, pr\u00e9sident du PNB, assis dans un fauteuil au premier rang.<\/em><\/p>\n<p style=\"text-align: justify;\">Devenu pr\u00e9sident du Parti National Breton en 1940, Raymond Delaporte oeuvra au maintien du parti dans des circonstances politiques difficiles, principalement marqu\u00e9es par l&rsquo;hostilit\u00e9 du r\u00e9gime de Vichy et des forces r\u00e9actionnaires fransquillonnes. Appuy\u00e9 de son journal L&rsquo;Heure bretonne, le PNB se d\u00e9veloppa nettement sous sa pr\u00e9sidence, recrutant avec une efficacit\u00e9 certaine dans la jeunesse pour atteindre des milliers d&rsquo;adh\u00e9rents. Le Parti, soutenus par un nombre cons\u00e9quent de sympathisants dans toute la Bretagne, dispose de plus de 70 sections dans l&rsquo;ensemble du pays.<\/p>\n<blockquote>\n<p style=\"text-align: justify;\"><strong>\u00ab\u00a0Les grands espoirs qui ont pris naissance pendant et apr\u00e8s la guerre mondiale d&rsquo;une coop\u00e9ration internationale et d&rsquo;une r\u00e9alisation progressive d&rsquo;un f\u00e9d\u00e9ralisme au moins \u00e0 l&rsquo;\u00e9chelle de l&rsquo;Europe, ont \u00e9t\u00e9 dissip\u00e9s par la mauvaise politique des vainqueurs de 1918. Comme petit peuple, nous souhaitons qu&rsquo;un ordre s&rsquo;instaure en Europe, mais nous savons aussi qu&rsquo;il d\u00e9pend davantage de la politique des grands Etats que de la n\u00f4tre.<\/strong><\/p>\n<p style=\"text-align: justify;\"><strong>Depuis des ann\u00e9es le Parti National Breton a suivi une politique de sagesse et de r\u00e9alisme qui le d\u00e9signe pour prendre en mains les destin\u00e9es de la Bretagne, du Peuple et de la Nation bretonne. Aujourd&rsquo;hui, il n&rsquo;est plus seulement un parti de propagande, mais un parti de gouvernement. Le Parti National Breton est un parti de gouvernement c&rsquo;est-\u00e0-dire un Parti qui ne doit plus seulement viser \u00e0 cr\u00e9er de l&rsquo;agitation autour d&rsquo;une id\u00e9e, mais un Parti qui doit \u00eatre persuad\u00e9 que dans un intervalle plus ou moins long, il est appel\u00e9 \u00e0 faire p\u00e9n\u00e9trer cette id\u00e9e dans les masses par les moyens que les gouvernements ont \u00e0 leur disposition. Un parti qui a cette conception doit \u00eatre convaincu de la n\u00e9cessit\u00e9 de constituer des cadres qui seront l&rsquo;armature de la Bretagne de demain, d&rsquo;\u00e9laborer une doctrine qui ne soit pas un th\u00e8me d&rsquo;agitation mais un moyen de gouvernement, de pr\u00e9parer l&rsquo;organisation future de l&rsquo;Etat, ce qui n\u00e9cessite la cr\u00e9ation d&rsquo;organismes d&rsquo;\u00e9tude pour mettre au point le statut des diff\u00e9rentes formes de l&rsquo;activit\u00e9 politique, spirituelle, sociale et \u00e9conomique.<\/strong><\/p>\n<p style=\"text-align: justify;\"><strong>Jour apr\u00e8s jour, le futur Etat breton se construit dans le silence et le travail. Mais il importe que les cadres du Parti, qui sont les repr\u00e9sentants de la Direction \u00e0 tous les \u00e9chelons de l&rsquo;administration en Bretagne, ne commettent pas de fautes politiques.<\/strong><\/p>\n<p style=\"text-align: justify;\"><strong>Vous les \u00e9viterez, mes chers camarades, en suivant scrupuleusement les consignes et les mots d&rsquo;ordre qui vous ont \u00e9t\u00e9 donn\u00e9s d&rsquo;une mani\u00e8re si claire au cours de cette journ\u00e9e et qui vous seront donn\u00e9s par la suite. J&rsquo;ai d&rsquo;ailleurs pleinement confiance autant dans votre clairvoyance que dans votre d\u00e9vouement.<\/strong><\/p>\n<p style=\"text-align: justify;\"><strong>C&rsquo;est gr\u00e2ce \u00e0 ces qualit\u00e9s que vous avez \u00e9t\u00e9 appel\u00e9s aux fonctions que vous remplissez avec tant de courage dans le Parti. C&rsquo;est sur vous que je compte pour lui donner de la force et de la coh\u00e9sion. C&rsquo;est votre effort qui assurera le triomphe de la cause bretonne dont il ne m&rsquo;est pas possible de douter un instant.<\/strong><\/p>\n<p style=\"text-align: justify;\"><strong>C&rsquo;est l\u00e0 une grande et belle t\u00e2che, mais lorsque la victoire aura couronn\u00e9 nos efforts, votre mission ne sera pas encore termin\u00e9e. C&rsquo;est \u00e0 vous qu&rsquo;il reviendra d&rsquo;organiser et de g\u00e9rer le nouvel Etat. Militants d&rsquo;aujourd&rsquo;hui, je salue l&rsquo;\u00e9lite dirigeante de la Bretagne de demain.\u00a0\u00bb<\/strong><\/p>\n<p><strong>Raymond Delaporte, 7 septembre 1941, Congr\u00e8s des cadres du PNB<\/strong><\/p>\n<\/blockquote>\n<p style=\"text-align: justify;\">Victime du coup d&rsquo;\u00e9tat gaullo-communiste de l&rsquo;\u00e9t\u00e9 1944 en tant que pr\u00e9sident de l&rsquo;aile politique de l&rsquo;Emsav, Raymond Delaporte dut entrer en clandestinit\u00e9 avant de rejoindre l&rsquo;Irlande. Revenu d&rsquo;exil, les tribunaux militaires fran\u00e7ais durent acquitter en appel le chef breton. Raymond Delaporte poursuivra son engagement pour la langue bretonne apr\u00e8s-guerre.<\/p>\n<p style=\"text-align: right;\"><strong>Ewen Broc&rsquo;han<\/strong><\/p>\n","protected":false},"excerpt":{"rendered":"<p>EMSAV &#8211; Le 13 septembre 1907 na\u00eet \u00e0 Ch\u00e2teauneuf-du-Faou Raymond Delaporte. Issu d&rsquo;un milieu socialement bien \u00e9tabli, Raymond Delaporte devient Docteur en droit et avocat, profession qu&rsquo;il exerce \u00e0 Ch\u00e2teauneuf, sa ville natale. Comme ses fr\u00e8res Yves et Herv\u00e9, il rejoint le Parti Autonomiste Breton peu apr\u00e8s sa fondation \u00e0 Rosporden en 1927 et fait [&hellip;]<\/p>\n","protected":false},"author":1,"featured_media":2284,"comment_status":"open","ping_status":"open","sticky":false,"template":"","format":"standard","meta":{"sb_editor_width":"","footnotes":""},"categories":[74,50,65],"tags":[],"class_list":["post-2282","post","type-post","status-publish","format-standard","has-post-thumbnail","hentry","category-emsav","category-histoire-de-bretagne","category-principale"],"relative_dates":{"created":"2 ans ago","modified":"2 ans ago"},"yoast_head":"<!-- This site is optimized with the Yoast SEO plugin v26.3 - https:\/\/yoast.com\/wordpress\/plugins\/seo\/ -->\n<title>Emsav : 13 septembre 1907, naissance de Raymond Delaporte - STOURM<\/title>\n<meta name=\"robots\" content=\"index, follow, max-snippet:-1, max-image-preview:large, max-video-preview:-1\" \/>\n<link rel=\"canonical\" href=\"https:\/\/stourm.news\/?p=2282\" \/>\n<meta property=\"og:locale\" content=\"fr_FR\" \/>\n<meta property=\"og:type\" content=\"article\" \/>\n<meta property=\"og:title\" content=\"Emsav : 13 septembre 1907, naissance de Raymond Delaporte - STOURM\" \/>\n<meta property=\"og:description\" content=\"EMSAV &#8211; Le 13 septembre 1907 na\u00eet \u00e0 Ch\u00e2teauneuf-du-Faou Raymond Delaporte. Issu d&rsquo;un milieu socialement bien \u00e9tabli, Raymond Delaporte devient Docteur en droit et avocat, profession qu&rsquo;il exerce \u00e0 Ch\u00e2teauneuf, sa ville natale. Comme ses fr\u00e8res Yves et Herv\u00e9, il rejoint le Parti Autonomiste Breton peu apr\u00e8s sa fondation \u00e0 Rosporden en 1927 et fait [&hellip;]\" \/>\n<meta property=\"og:url\" content=\"https:\/\/stourm.news\/?p=2282\" \/>\n<meta property=\"og:site_name\" content=\"STOURM\" \/>\n<meta property=\"article:publisher\" content=\"https:\/\/www.facebook.com\/stourmnews\/\" \/>\n<meta property=\"article:published_time\" content=\"2024-09-13T05:53:30+00:00\" \/>\n<meta property=\"article:modified_time\" content=\"2024-09-13T06:05:12+00:00\" \/>\n<meta property=\"og:image\" content=\"https:\/\/stourm.news\/wp-content\/uploads\/2024\/09\/1024px-LHeure_Bretonne_-_17_mai_1941_-_Raymond_Delaporte.jpg\" \/>\n\t<meta property=\"og:image:width\" content=\"1024\" \/>\n\t<meta property=\"og:image:height\" content=\"1454\" \/>\n\t<meta property=\"og:image:type\" content=\"image\/jpeg\" \/>\n<meta name=\"author\" content=\"La r\u00e9daction\" \/>\n<meta name=\"twitter:card\" content=\"summary_large_image\" \/>\n<meta name=\"twitter:label1\" content=\"\u00c9crit par\" \/>\n\t<meta name=\"twitter:data1\" content=\"La r\u00e9daction\" \/>\n\t<meta name=\"twitter:label2\" content=\"Dur\u00e9e de lecture estim\u00e9e\" \/>\n\t<meta name=\"twitter:data2\" content=\"3 minutes\" \/>\n<script type=\"application\/ld+json\" class=\"yoast-schema-graph\">{\"@context\":\"https:\/\/schema.org\",\"@graph\":[{\"@type\":\"Article\",\"@id\":\"https:\/\/stourm.news\/?p=2282#article\",\"isPartOf\":{\"@id\":\"https:\/\/stourm.news\/?p=2282\"},\"author\":{\"name\":\"La r\u00e9daction\",\"@id\":\"https:\/\/stourm.news\/#\/schema\/person\/c3e1dc65988632e190969234ef046cf9\"},\"headline\":\"Emsav : 13 septembre 1907, naissance de Raymond Delaporte\",\"datePublished\":\"2024-09-13T05:53:30+00:00\",\"dateModified\":\"2024-09-13T06:05:12+00:00\",\"mainEntityOfPage\":{\"@id\":\"https:\/\/stourm.news\/?p=2282\"},\"wordCount\":955,\"commentCount\":0,\"publisher\":{\"@id\":\"https:\/\/stourm.news\/#organization\"},\"image\":{\"@id\":\"https:\/\/stourm.news\/?p=2282#primaryimage\"},\"thumbnailUrl\":\"https:\/\/stourm.news\/wp-content\/uploads\/2024\/09\/1024px-LHeure_Bretonne_-_17_mai_1941_-_Raymond_Delaporte.jpg\",\"articleSection\":[\"Emsav\",\"Histoire de Bretagne\",\"Principale\"],\"inLanguage\":\"fr-FR\",\"potentialAction\":[{\"@type\":\"CommentAction\",\"name\":\"Comment\",\"target\":[\"https:\/\/stourm.news\/?p=2282#respond\"]}]},{\"@type\":\"WebPage\",\"@id\":\"https:\/\/stourm.news\/?p=2282\",\"url\":\"https:\/\/stourm.news\/?p=2282\",\"name\":\"Emsav : 13 septembre 1907, naissance de Raymond Delaporte - STOURM\",\"isPartOf\":{\"@id\":\"https:\/\/stourm.news\/#website\"},\"primaryImageOfPage\":{\"@id\":\"https:\/\/stourm.news\/?p=2282#primaryimage\"},\"image\":{\"@id\":\"https:\/\/stourm.news\/?p=2282#primaryimage\"},\"thumbnailUrl\":\"https:\/\/stourm.news\/wp-content\/uploads\/2024\/09\/1024px-LHeure_Bretonne_-_17_mai_1941_-_Raymond_Delaporte.jpg\",\"datePublished\":\"2024-09-13T05:53:30+00:00\",\"dateModified\":\"2024-09-13T06:05:12+00:00\",\"breadcrumb\":{\"@id\":\"https:\/\/stourm.news\/?p=2282#breadcrumb\"},\"inLanguage\":\"fr-FR\",\"potentialAction\":[{\"@type\":\"ReadAction\",\"target\":[\"https:\/\/stourm.news\/?p=2282\"]}]},{\"@type\":\"ImageObject\",\"inLanguage\":\"fr-FR\",\"@id\":\"https:\/\/stourm.news\/?p=2282#primaryimage\",\"url\":\"https:\/\/stourm.news\/wp-content\/uploads\/2024\/09\/1024px-LHeure_Bretonne_-_17_mai_1941_-_Raymond_Delaporte.jpg\",\"contentUrl\":\"https:\/\/stourm.news\/wp-content\/uploads\/2024\/09\/1024px-LHeure_Bretonne_-_17_mai_1941_-_Raymond_Delaporte.jpg\",\"width\":1024,\"height\":1454},{\"@type\":\"BreadcrumbList\",\"@id\":\"https:\/\/stourm.news\/?p=2282#breadcrumb\",\"itemListElement\":[{\"@type\":\"ListItem\",\"position\":1,\"name\":\"Accueil\",\"item\":\"https:\/\/stourm.news\/\"},{\"@type\":\"ListItem\",\"position\":2,\"name\":\"Emsav : 13 septembre 1907, naissance de Raymond Delaporte\"}]},{\"@type\":\"WebSite\",\"@id\":\"https:\/\/stourm.news\/#website\",\"url\":\"https:\/\/stourm.news\/\",\"name\":\"Stourm\",\"description\":\"Kazetenn Strollad Broadel Breizh\",\"publisher\":{\"@id\":\"https:\/\/stourm.news\/#organization\"},\"potentialAction\":[{\"@type\":\"SearchAction\",\"target\":{\"@type\":\"EntryPoint\",\"urlTemplate\":\"https:\/\/stourm.news\/?s={search_term_string}\"},\"query-input\":{\"@type\":\"PropertyValueSpecification\",\"valueRequired\":true,\"valueName\":\"search_term_string\"}}],\"inLanguage\":\"fr-FR\"},{\"@type\":\"Organization\",\"@id\":\"https:\/\/stourm.news\/#organization\",\"name\":\"Stourm\",\"url\":\"https:\/\/stourm.news\/\",\"logo\":{\"@type\":\"ImageObject\",\"inLanguage\":\"fr-FR\",\"@id\":\"https:\/\/stourm.news\/#\/schema\/logo\/image\/\",\"url\":\"https:\/\/stourm.news\/wp-content\/uploads\/2025\/11\/cropped-Capture-decran-2025-11-28-a-15.19.07.png\",\"contentUrl\":\"https:\/\/stourm.news\/wp-content\/uploads\/2025\/11\/cropped-Capture-decran-2025-11-28-a-15.19.07.png\",\"width\":1855,\"height\":383,\"caption\":\"Stourm\"},\"image\":{\"@id\":\"https:\/\/stourm.news\/#\/schema\/logo\/image\/\"},\"sameAs\":[\"https:\/\/www.facebook.com\/stourmnews\/\"]},{\"@type\":\"Person\",\"@id\":\"https:\/\/stourm.news\/#\/schema\/person\/c3e1dc65988632e190969234ef046cf9\",\"name\":\"La r\u00e9daction\",\"image\":{\"@type\":\"ImageObject\",\"inLanguage\":\"fr-FR\",\"@id\":\"https:\/\/stourm.news\/#\/schema\/person\/image\/\",\"url\":\"https:\/\/secure.gravatar.com\/avatar\/7463443f194b6b5fb706b074ca0ef59a0cfcfd720cb47764b0ec5a952ce422b3?s=96&d=mm&r=g\",\"contentUrl\":\"https:\/\/secure.gravatar.com\/avatar\/7463443f194b6b5fb706b074ca0ef59a0cfcfd720cb47764b0ec5a952ce422b3?s=96&d=mm&r=g\",\"caption\":\"La r\u00e9daction\"},\"sameAs\":[\"https:\/\/stourm.news\"],\"url\":\"https:\/\/stourm.news\/?author=1\"}]}<\/script>\n<!-- \/ Yoast SEO plugin. -->","yoast_head_json":{"title":"Emsav : 13 septembre 1907, naissance de Raymond Delaporte - STOURM","robots":{"index":"index","follow":"follow","max-snippet":"max-snippet:-1","max-image-preview":"max-image-preview:large","max-video-preview":"max-video-preview:-1"},"canonical":"https:\/\/stourm.news\/?p=2282","og_locale":"fr_FR","og_type":"article","og_title":"Emsav : 13 septembre 1907, naissance de Raymond Delaporte - STOURM","og_description":"EMSAV &#8211; Le 13 septembre 1907 na\u00eet \u00e0 Ch\u00e2teauneuf-du-Faou Raymond Delaporte. Issu d&rsquo;un milieu socialement bien \u00e9tabli, Raymond Delaporte devient Docteur en droit et avocat, profession qu&rsquo;il exerce \u00e0 Ch\u00e2teauneuf, sa ville natale. Comme ses fr\u00e8res Yves et Herv\u00e9, il rejoint le Parti Autonomiste Breton peu apr\u00e8s sa fondation \u00e0 Rosporden en 1927 et fait [&hellip;]","og_url":"https:\/\/stourm.news\/?p=2282","og_site_name":"STOURM","article_publisher":"https:\/\/www.facebook.com\/stourmnews\/","article_published_time":"2024-09-13T05:53:30+00:00","article_modified_time":"2024-09-13T06:05:12+00:00","og_image":[{"width":1024,"height":1454,"url":"https:\/\/stourm.news\/wp-content\/uploads\/2024\/09\/1024px-LHeure_Bretonne_-_17_mai_1941_-_Raymond_Delaporte.jpg","type":"image\/jpeg"}],"author":"La r\u00e9daction","twitter_card":"summary_large_image","twitter_misc":{"\u00c9crit par":"La r\u00e9daction","Dur\u00e9e de lecture estim\u00e9e":"3 minutes"},"schema":{"@context":"https:\/\/schema.org","@graph":[{"@type":"Article","@id":"https:\/\/stourm.news\/?p=2282#article","isPartOf":{"@id":"https:\/\/stourm.news\/?p=2282"},"author":{"name":"La r\u00e9daction","@id":"https:\/\/stourm.news\/#\/schema\/person\/c3e1dc65988632e190969234ef046cf9"},"headline":"Emsav : 13 septembre 1907, naissance de Raymond Delaporte","datePublished":"2024-09-13T05:53:30+00:00","dateModified":"2024-09-13T06:05:12+00:00","mainEntityOfPage":{"@id":"https:\/\/stourm.news\/?p=2282"},"wordCount":955,"commentCount":0,"publisher":{"@id":"https:\/\/stourm.news\/#organization"},"image":{"@id":"https:\/\/stourm.news\/?p=2282#primaryimage"},"thumbnailUrl":"https:\/\/stourm.news\/wp-content\/uploads\/2024\/09\/1024px-LHeure_Bretonne_-_17_mai_1941_-_Raymond_Delaporte.jpg","articleSection":["Emsav","Histoire de Bretagne","Principale"],"inLanguage":"fr-FR","potentialAction":[{"@type":"CommentAction","name":"Comment","target":["https:\/\/stourm.news\/?p=2282#respond"]}]},{"@type":"WebPage","@id":"https:\/\/stourm.news\/?p=2282","url":"https:\/\/stourm.news\/?p=2282","name":"Emsav : 13 septembre 1907, naissance de Raymond Delaporte - STOURM","isPartOf":{"@id":"https:\/\/stourm.news\/#website"},"primaryImageOfPage":{"@id":"https:\/\/stourm.news\/?p=2282#primaryimage"},"image":{"@id":"https:\/\/stourm.news\/?p=2282#primaryimage"},"thumbnailUrl":"https:\/\/stourm.news\/wp-content\/uploads\/2024\/09\/1024px-LHeure_Bretonne_-_17_mai_1941_-_Raymond_Delaporte.jpg","datePublished":"2024-09-13T05:53:30+00:00","dateModified":"2024-09-13T06:05:12+00:00","breadcrumb":{"@id":"https:\/\/stourm.news\/?p=2282#breadcrumb"},"inLanguage":"fr-FR","potentialAction":[{"@type":"ReadAction","target":["https:\/\/stourm.news\/?p=2282"]}]},{"@type":"ImageObject","inLanguage":"fr-FR","@id":"https:\/\/stourm.news\/?p=2282#primaryimage","url":"https:\/\/stourm.news\/wp-content\/uploads\/2024\/09\/1024px-LHeure_Bretonne_-_17_mai_1941_-_Raymond_Delaporte.jpg","contentUrl":"https:\/\/stourm.news\/wp-content\/uploads\/2024\/09\/1024px-LHeure_Bretonne_-_17_mai_1941_-_Raymond_Delaporte.jpg","width":1024,"height":1454},{"@type":"BreadcrumbList","@id":"https:\/\/stourm.news\/?p=2282#breadcrumb","itemListElement":[{"@type":"ListItem","position":1,"name":"Accueil","item":"https:\/\/stourm.news\/"},{"@type":"ListItem","position":2,"name":"Emsav : 13 septembre 1907, naissance de Raymond Delaporte"}]},{"@type":"WebSite","@id":"https:\/\/stourm.news\/#website","url":"https:\/\/stourm.news\/","name":"Stourm","description":"Kazetenn Strollad Broadel Breizh","publisher":{"@id":"https:\/\/stourm.news\/#organization"},"potentialAction":[{"@type":"SearchAction","target":{"@type":"EntryPoint","urlTemplate":"https:\/\/stourm.news\/?s={search_term_string}"},"query-input":{"@type":"PropertyValueSpecification","valueRequired":true,"valueName":"search_term_string"}}],"inLanguage":"fr-FR"},{"@type":"Organization","@id":"https:\/\/stourm.news\/#organization","name":"Stourm","url":"https:\/\/stourm.news\/","logo":{"@type":"ImageObject","inLanguage":"fr-FR","@id":"https:\/\/stourm.news\/#\/schema\/logo\/image\/","url":"https:\/\/stourm.news\/wp-content\/uploads\/2025\/11\/cropped-Capture-decran-2025-11-28-a-15.19.07.png","contentUrl":"https:\/\/stourm.news\/wp-content\/uploads\/2025\/11\/cropped-Capture-decran-2025-11-28-a-15.19.07.png","width":1855,"height":383,"caption":"Stourm"},"image":{"@id":"https:\/\/stourm.news\/#\/schema\/logo\/image\/"},"sameAs":["https:\/\/www.facebook.com\/stourmnews\/"]},{"@type":"Person","@id":"https:\/\/stourm.news\/#\/schema\/person\/c3e1dc65988632e190969234ef046cf9","name":"La r\u00e9daction","image":{"@type":"ImageObject","inLanguage":"fr-FR","@id":"https:\/\/stourm.news\/#\/schema\/person\/image\/","url":"https:\/\/secure.gravatar.com\/avatar\/7463443f194b6b5fb706b074ca0ef59a0cfcfd720cb47764b0ec5a952ce422b3?s=96&d=mm&r=g","contentUrl":"https:\/\/secure.gravatar.com\/avatar\/7463443f194b6b5fb706b074ca0ef59a0cfcfd720cb47764b0ec5a952ce422b3?s=96&d=mm&r=g","caption":"La r\u00e9daction"},"sameAs":["https:\/\/stourm.news"],"url":"https:\/\/stourm.news\/?author=1"}]}},"_links":{"self":[{"href":"https:\/\/stourm.news\/index.php?rest_route=\/wp\/v2\/posts\/2282","targetHints":{"allow":["GET"]}}],"collection":[{"href":"https:\/\/stourm.news\/index.php?rest_route=\/wp\/v2\/posts"}],"about":[{"href":"https:\/\/stourm.news\/index.php?rest_route=\/wp\/v2\/types\/post"}],"author":[{"embeddable":true,"href":"https:\/\/stourm.news\/index.php?rest_route=\/wp\/v2\/users\/1"}],"replies":[{"embeddable":true,"href":"https:\/\/stourm.news\/index.php?rest_route=%2Fwp%2Fv2%2Fcomments&post=2282"}],"version-history":[{"count":3,"href":"https:\/\/stourm.news\/index.php?rest_route=\/wp\/v2\/posts\/2282\/revisions"}],"predecessor-version":[{"id":2287,"href":"https:\/\/stourm.news\/index.php?rest_route=\/wp\/v2\/posts\/2282\/revisions\/2287"}],"wp:featuredmedia":[{"embeddable":true,"href":"https:\/\/stourm.news\/index.php?rest_route=\/wp\/v2\/media\/2284"}],"wp:attachment":[{"href":"https:\/\/stourm.news\/index.php?rest_route=%2Fwp%2Fv2%2Fmedia&parent=2282"}],"wp:term":[{"taxonomy":"category","embeddable":true,"href":"https:\/\/stourm.news\/index.php?rest_route=%2Fwp%2Fv2%2Fcategories&post=2282"},{"taxonomy":"post_tag","embeddable":true,"href":"https:\/\/stourm.news\/index.php?rest_route=%2Fwp%2Fv2%2Ftags&post=2282"}],"curies":[{"name":"wp","href":"https:\/\/api.w.org\/{rel}","templated":true}]}}