{"id":2292,"date":"2024-09-13T08:50:37","date_gmt":"2024-09-13T08:50:37","guid":{"rendered":"https:\/\/stourm.news\/?p=2292"},"modified":"2024-09-13T08:55:17","modified_gmt":"2024-09-13T08:55:17","slug":"2292","status":"publish","type":"post","link":"https:\/\/stourm.news\/?p=2292","title":{"rendered":"Les ind\u00e9pendantistes catalans au creux de la vague"},"content":{"rendered":"<figure id=\"attachment_103998\" class=\"wp-caption aligncenter\" style=\"text-align: justify;\" aria-describedby=\"caption-attachment-103998\"><figcaption id=\"caption-attachment-103998\" class=\"wp-caption-text\">Salvador Illa (PSOE), pr\u00e9sident du gouvernement et Josep Rull (Junts) pr\u00e9sident du parlement catalan<\/figcaption><\/figure>\n<p style=\"text-align: justify;\"><em><strong>L\u2019\u00e9lection du pr\u00e9sident socialiste Salvador Illa le 8 ao\u00fbt a vu se briser l\u2019alliance des formations ind\u00e9pendantistes catalanes. L\u2019ex-pr\u00e9sident en exil Carles Puigdemont n\u2019a pu si\u00e9ger, malgr\u00e9 l\u2019approbation par l\u2019Espagne d\u2019une loi d\u2019amnistie rest\u00e9e tr\u00e8s partiellement appliqu\u00e9e. Le Parlement catalan sera dirig\u00e9 par un souverainiste de Junts. La coalition possible des formations abertzale ERC, Junts et CUP ne totalise plus que 44 % des suffrages, toutes trois tenteront de se relancer pour regagner du terrain.<\/strong><\/em><\/p>\n<p style=\"text-align: justify;\">Fort d\u2019un bon r\u00e9sultat \u00e9lectoral obtenu aux \u00e9lections r\u00e9gionales du 12 mai, le PSOE (28 % des voix) est parvenu \u00e0 revenir aux commandes en Catalogne, en n\u00e9gociant le soutien des ind\u00e9pendantistes d\u2019Esquerra Republicana de Catalunya (ERC) et de la gauche radicale En Com\u00fa. Au prix d\u2019un pr\u00e9-accord politique qui pr\u00e9voit la capacit\u00e9 pour la r\u00e9gion de g\u00e9rer la totalit\u00e9 des ressources fiscales, recettes et d\u00e9penses. Une vieille revendication qu\u2019\u00e0 ce jour, seuls les Basques d\u00e9tiennent sous la forme du \u00ab\u00a0concierto economico\u00a0\u00bb. Le syst\u00e8me est assorti d\u2019une r\u00e8gle de solidarit\u00e9 \u00e0 l\u2019\u00e9gard des r\u00e9gions autonomes espagnoles plus pauvres.<\/p>\n<p style=\"text-align: justify;\">Quatorze ans apr\u00e8s en avoir \u00e9t\u00e9 \u00e9vinc\u00e9 par une majorit\u00e9 ind\u00e9pendantiste, le PSOE r\u00e9cup\u00e8re ainsi le pouvoir dans le pays. Le soutien d\u2019ERC n\u2019est pas une nouveaut\u00e9. De 2003 \u00e0 2013, une coalition de ce type a gouvern\u00e9 durant deux l\u00e9gislatures. C\u2019est aussi le cas \u00e0 la mairie de Barcelone o\u00f9 un accord contre-nature PSOE-PP-En Com\u00fa a permis d\u2019\u00e9vincer Junts, le parti de Carles Puigdemont.<\/p>\n<p style=\"text-align: justify;\">Pour ERC, tourner casaque a \u00e9t\u00e9 une d\u00e9cision difficile, approuv\u00e9e en interne par seulement 53,6 % de ses 8700 membres. Accusations de tra\u00eetrise et autres\u00a0<em>\u00ab\u00a0baisers de Judas<\/em>\u00a0\u00bb ont fait flor\u00e8s dans et autour d\u2019Esquerra, qui redoute de se retrouver dans le r\u00f4le de l\u2019\u00e2ne qui porte le vin et boit de l\u2019eau : \u00ab\u00a0<em>Astoak arnoa ekartzen eta ura edaten\u2026\u00a0\u00bb<\/em>. La nouvelle coalition gouvernementale demeure fragile, avec seulement une voix de majorit\u00e9 ; jusqu\u2019au dernier moment, elle n\u2019\u00e9tait pas acquise. Le nouveau pr\u00e9sident catalan Salvador Illa a constitu\u00e9 un gouvernement dont le noyau dur est socialiste, des personnalit\u00e9s ind\u00e9pendantes et des catalanistes \u00ab\u00a0<em>mod\u00e9r\u00e9s<\/em>\u00a0\u00bb issus de l\u2019ancienne CiU ou proches d\u2019ERC venant en appoint.<\/p>\n<p style=\"text-align: justify;\"><strong>En route vers la f\u00e9d\u00e9ralisation de l\u2019Etat<\/strong><\/p>\n<p style=\"text-align: justify;\">L\u2019avenir dira si le contenu de cet accord politique, et le transfert de la comp\u00e9tence fiscale qu\u2019il entra\u00eene, sera compl\u00e8tement respect\u00e9 par le PSOE. Il fait d\u00e9j\u00e0 beaucoup de vagues en Espagne, de la part bien entendu de la droite mais aussi de caciques socialistes, en particulier de pr\u00e9sidents de r\u00e9gions qui font valoir la violation du principe d\u2019\u00e9galit\u00e9 entre tous les citoyens et le risque de discriminations. Quant au Premier ministre Pedro Sanchez, il chante victoire et assure que peu \u00e0 peu l\u2019Espagne s\u2019achemine simplement vers une \u00ab\u00a0f\u00e9d\u00e9ralisation\u00a0\u00bb de l\u2019\u00c9tat. Un projet que la gauche sort p\u00e9riodiquement de son chapeau depuis des ann\u00e9es, puis oublie aussit\u00f4t. Historiquement, le PSOE ne peut ais\u00e9ment diriger l\u2019Etat que s\u2019il est aux commandes dans deux fiefs, la Catalogne et l\u2019Andalousie qui pour l\u2019instant lui \u00e9chappe. Pedro Sanchez se targue \u00e0 juste titre d\u2019\u00eatre parvenu \u00e0 gagner du terrain en divisant le camp souverainiste catalan, \u00e0 contenir ses vell\u00e9it\u00e9s \u00ab\u00a0s\u00e9paratistes\u00a0\u00bb, tout en conservant l\u2019essentiel du statu quo. Il marginalise les irr\u00e9ductibles de Junts renvoy\u00e9s \u00e0 leur impuissance en exil. Autant de m\u00e9thodes politiques vieilles comme le monde. L\u2019histoire de la disparition progressive de la souverainet\u00e9 basque voici quelques si\u00e8cles n\u2019est faite que de cela. Seule consolation pour Junts (deuxi\u00e8me force politique avec 21,61 % des voix), Josep Rull, d\u00e9put\u00e9 de cette formation dirig\u00e9e depuis la Belgique par Carles Puigdemont, a \u00e9t\u00e9 \u00e9lu pr\u00e9sident du Parlement catalan, avec le soutien d\u2019ERC et de Candidatura d\u2019Unitat Popular (CUP) qui sont parvenus \u00e0 se mettre d\u2019accord sur un candidat\u2026 rest\u00e9 incarc\u00e9r\u00e9 pendant trois ans pour sa participation au r\u00e9f\u00e9rendum d\u2019autod\u00e9termination. Le r\u00f4le de Josep Rull sera \u00e9videmment de cadrer le pouvoir de l\u2019ex\u00e9cutif socialiste dans le bon sens. Salvador Illa avait en vain offert le poste \u00e0 ERC.<\/p>\n<p style=\"text-align: justify;\">Treize jours apr\u00e8s l\u2019\u00e9lection de Salvador Illa, la fragilit\u00e9 de l\u2019accord PSOE-ERC est apparue au grand jour avec une d\u00e9claration de la ministre du Budget et vice-pr\u00e9sidente du gouvernement espagnol, Maria Jes\u00fas Montero. Elle a d\u00e9clar\u00e9 que la r\u00e9forme fiscale catalane \u00ab\u00a0<em>n\u2019est en rien un \u2018concierto economico\u2019, ni une r\u00e9forme de l\u2019usage des finances<\/em>\u00ab\u00a0.<\/p>\n<blockquote><p>Aussit\u00f4t, ERC a tap\u00e9 du poing sur la table : elle menace de faire sauter le gouvernement espagnol en refusant de voter le prochain budget.<\/p><\/blockquote>\n<p style=\"text-align: justify;\">Cette r\u00e9forme complexe va se mettre progressivement en place pendant au moins deux ans. \u00c7a promet. Et l\u2019on devine le petit sourire en coin de Carles Puigdemont depuis sa r\u00e9sidence de Waterloo.<\/p>\n<p style=\"text-align: justify;\"><strong>Carles Puigdemont \u00e0 Barcelone<\/strong><\/p>\n<p style=\"text-align: justify;\">L\u2019\u00e9lection du nouveau pr\u00e9sident catalan a \u00e9t\u00e9 \u00e9maill\u00e9e d\u2019un \u00e9v\u00e9nement important. Le matin de l\u2019\u00e9lection du 8 ao\u00fbt, l\u2019ex-pr\u00e9sident Carles Puigdemont a fait une apparition annonc\u00e9e \u00e0 Barcelone o\u00f9 il a prononc\u00e9 un discours public sous \u00ab\u00a0l\u2019Arc de Triomf\u00a0\u00bb, devant 4000 de ses partisans. Aujourd\u2019hui d\u00e9put\u00e9 r\u00e9gional, le leader souverainiste, exil\u00e9 depuis sept ans \u00e0 Bruxelles, a jou\u00e9 son va-tout en testant la r\u00e9alit\u00e9 de la loi d\u2019amnistie. Il souhaitait si\u00e9ger au Parlement catalan le jour du vote. Les autorit\u00e9s espagnoles l\u2019en ont emp\u00each\u00e9. N\u2019\u00e9tant pas encore jug\u00e9, Carles Puigdemont esp\u00e9rait, au regard des circonstances, obtenir du gouvernement un habeas corpus(1). Pour \u00e9viter de finir en prison, il a pr\u00e9f\u00e9r\u00e9 repartir en Belgique au bout de quelques heures, semblet- il gr\u00e2ce \u00e0 la complicit\u00e9 de quelques policiers locaux, les Mossos d\u2019Esquadra. L\u2019op\u00e9ration r\u00e9alis\u00e9e de main de ma\u00eetre, au nez et \u00e0 la barbe de policiers hyper-mobilis\u00e9s, a fait grand bruit et d\u00e9clench\u00e9 la col\u00e8re des magistrats, en particulier du juge de la Cour supr\u00eame Pablo Llarena qui r\u00eave d\u2019inscrire Carles Puigdemont \u00e0 son tableau de chasse et donc maintient en vigueur les ordres de d\u00e9tention.<\/p>\n<figure id=\"attachment_103996\" class=\"wp-caption aligncenter\" style=\"text-align: justify;\" aria-describedby=\"caption-attachment-103996\"><img fetchpriority=\"high\" decoding=\"async\" class=\"size-full wp-image-103996\" src=\"https:\/\/www.enbata.info\/wp-content\/uploads\/2024\/09\/P12-14-Pour-son-retour-eclair-a-Barcelone-Carles-Puigdemont-prononce-une-breve-allocution-sous-larc-de-triomphe-de-la-ville-devant-des-milliers-de-supporters.webp\" sizes=\"(max-width: 768px) 100vw, 768px\" srcset=\"https:\/\/www.enbata.info\/wp-content\/uploads\/2024\/09\/P12-14-Pour-son-retour-eclair-a-Barcelone-Carles-Puigdemont-prononce-une-breve-allocution-sous-larc-de-triomphe-de-la-ville-devant-des-milliers-de-supporters.webp 768w, https:\/\/www.enbata.info\/wp-content\/uploads\/2024\/09\/P12-14-Pour-son-retour-eclair-a-Barcelone-Carles-Puigdemont-prononce-une-breve-allocution-sous-larc-de-triomphe-de-la-ville-devant-des-milliers-de-supporters-300x200.webp 300w, https:\/\/www.enbata.info\/wp-content\/uploads\/2024\/09\/P12-14-Pour-son-retour-eclair-a-Barcelone-Carles-Puigdemont-prononce-une-breve-allocution-sous-larc-de-triomphe-de-la-ville-devant-des-milliers-de-supporters-700x465.webp 700w, https:\/\/www.enbata.info\/wp-content\/uploads\/2024\/09\/P12-14-Pour-son-retour-eclair-a-Barcelone-Carles-Puigdemont-prononce-une-breve-allocution-sous-larc-de-triomphe-de-la-ville-devant-des-milliers-de-supporters-640x426.webp 640w\" alt=\"\" width=\"768\" height=\"511\" \/><figcaption id=\"caption-attachment-103996\" class=\"wp-caption-text\">Pour son retour-\u00e9clair \u00e0 Barcelone, Carles Puigdemont prononce une br\u00e8ve allocution sous l\u2019arc de triomphe de la ville, devant des milliers de supporters<\/figcaption><\/figure>\n<p style=\"text-align: justify;\"><a href=\"https:\/\/www.enbata.info\/articles\/au-bout-du-tunnel-lamnistie\/\" target=\"_blank\" rel=\"noopener\">La loi d\u2019amnistie obtenue le 13 mars par Junts, au terme d\u2019une n\u00e9gociation au couteau<\/a>\u00a0a permis au Premier ministre espagnol Pedro Sanchez de conserver le pouvoir. Mais un certain nombre de juges, soutenus par une partie de l\u2019opinion, font tout pour ne pas la respecter. Ils multiplient de nouvelles proc\u00e9dures sur des chefs d\u2019inculpation in\u00e9dits : haute trahison et d\u00e9tournement de fonds publics. Cour supr\u00eame, tribunal sup\u00e9rieur de justice et Audencia Nacional ne sont gu\u00e8re d\u2019accord sur l\u2019interpr\u00e9tation des textes, immense est la disparit\u00e9 de leurs crit\u00e8res d\u2019application. La \u00ab\u00a0mort civile\u00a0\u00bb de nombreux leaders et cadres politiques est toujours en vigueur. Seuls 20 % de pr\u00e8s de 800 dossiers en cours ont vu s\u2019appliquer la loi d\u2019amnistie. Cela concerne pour l\u2019essentiel des fonctionnaires, une cinquantaine de policiers, quelques jeunes militants et bien peu d\u2019\u00e9lus. Parmi les dirigeants en vue, seuls l\u2019ancien ministre de l\u2019Int\u00e9rieur Miquel Buch (Junts) en a b\u00e9n\u00e9fici\u00e9, ainsi que la secr\u00e9taire g\u00e9n\u00e9rale d\u2019ERC Marta Rovira, blanchie de toute accusation et revenue d\u2019exil le 11 juillet.<\/p>\n<p style=\"text-align: justify;\"><strong>Aggiornamento n\u00e9cessaire chez les ind\u00e9pendantistes<\/strong><\/p>\n<p style=\"text-align: justify;\">A la rentr\u00e9e, un nouveau sc\u00e9nario politique va s\u2019ouvrir. Pour l\u2019instant, Carles Puigdemont n\u2019a pu effectuer son grand retour sur la sc\u00e8ne politique. Mais il tient toujours Pedro Sanchez par le collet. Celui-ci a imp\u00e9rativement besoin des six \u00e9lus de Junts au Parlement espagnol pour gouverner. Junts peut le mettre en minorit\u00e9, le pousser \u00e0 la dissolution, mais c\u2019est l\u00e0 une bombe atomique dont les souverainistes seront aussi les victimes, tant le retour probable de la droite espagnole serait catastrophique. Nous sommes bien dans une logique de dissuasion nucl\u00e9aire. D\u2019ici d\u00e9cembre, le budget de l\u2019\u00c9tat espagnol sera vot\u00e9, c\u2019est le prochain bras de fer.<\/p>\n<p style=\"text-align: justify;\">Junts choisira-t-il de s\u2019opposer au PSOE au sein du Parlement catalan et de le soutenir au Parlement espagnol ? Gageons que Carles Puigdemont jouera aux \u00e9quilibristes. L\u2019occasion est unique.<\/p>\n<p style=\"text-align: justify;\">Il pr\u00e9f\u00e9rera continuer \u00e0 n\u00e9gocier avec le Premier ministre espagnol, \u00e0 lui faire subir \u00ab\u00a0le calvaire\u00a0\u00bb pour chaque proposition de loi, comme du temps de Zapatero.<\/p>\n<p style=\"text-align: justify;\">En attendant, la rentr\u00e9e catalane sera marqu\u00e9e par les congr\u00e8s d\u2019ERC, Junts et CUP. Tous vont red\u00e9finir leurs d\u00e9marches politiques respectives, en tenant compte du nouveau rapport de force. Ils doivent en outre mieux rassembler et convaincre leurs \u00e9lecteurs pour surmonter l\u2019<a href=\"https:\/\/www.enbata.info\/articles\/resultats-des-elections-au-parlement-catalan\/\" target=\"_blank\" rel=\"noopener\">\u00e9rosion qui a marqu\u00e9 le scrutin r\u00e9gional du 12 mai<\/a>. L\u2019ind\u00e9pendantisme reste puissant, mais un mouvement de quelques points a suffi pour qu\u2019il perde la majorit\u00e9. Une frange de l\u2019\u00e9lectorat abertzale a pr\u00e9f\u00e9r\u00e9 glisser vers les socialistes. Elle a mal support\u00e9 sur la dur\u00e9e la confrontation d\u2019une violence inou\u00efe avec l\u2019Espagne sur fond de d\u00e9claration d\u2019ind\u00e9pendance, l\u2019absence de r\u00e9sultats tangibles, l\u2019impasse strat\u00e9gique et le prix \u00e0 payer avec une r\u00e9pression f\u00e9roce. Un aggiornamento est donc \u00e0 l\u2019ordre du jour chez les abertzale catalans. Pour certains, cela passe par le renouvellement de leurs \u00e9quipes dirigeantes.<\/p>\n<p style=\"text-align: justify;\"><strong>Rupture, rivalit\u00e9 et m\u00e9fiance<\/strong><\/p>\n<p style=\"text-align: justify;\">Le renversement d\u2019alliance d\u2019ERC est \u00e0 cet \u00e9gard significatif de la part des ind\u00e9pendantistes r\u00e9publicains qui font le choix du pragmatisme. Alors que les autonomistes gestionnaires de CiU, devenus Junts, sont devenus les purs et durs quelque peu enferm\u00e9s sur leur Aventin. La rupture, la rivalit\u00e9 et la m\u00e9fiance entre ERC et Junts sont aujourd\u2019hui si fortes que des ann\u00e9es seront n\u00e9cessaires pour b\u00e2tir une nouvelle alliance entre les deux fr\u00e8res historiquement rivaux. A cet \u00e9gard, la prochaine Diada (Aberri Eguna catalan) le 11 septembre prochain, sera significative de l\u2019\u00e9tat des troupes et du climat g\u00e9n\u00e9ral.<\/p>\n<p style=\"text-align: justify;\">Le PSOE est d\u00e9sormais le parti central en Catalogne. Dans les mois qui viennent, il fera tout pour diluer le contenu de l\u2019accord fiscal, bien que Pedro Sanchez soit convaincu d\u2019une chose : il a besoin d\u2019une alliance de longue dur\u00e9e avec ERC, pour se maintenir au pouvoir en Catalogne et en Espagne. Enfin sur le long terme pour les formations abertzale, demeure pendante la grande question non r\u00e9solue en Europe : comment, par des moyens d\u00e9mocratiques, un peuple domin\u00e9 et structurellement minoritaire peut-il faire plier un Etat central et obtenir la souverainet\u00e9, quitte \u00e0 opter ensuite pour une souverainet\u00e9-association ?<\/p>\n<p>Source : <strong><a href=\"https:\/\/www.enbata.info\/articles\/les-independantistes-catalans-au-creux-de-la-vague\/\">Enbata.info<\/a><\/strong><\/p>\n","protected":false},"excerpt":{"rendered":"<p>Salvador Illa (PSOE), pr\u00e9sident du gouvernement et Josep Rull (Junts) pr\u00e9sident du parlement catalan L\u2019\u00e9lection du pr\u00e9sident socialiste Salvador Illa le 8 ao\u00fbt a vu se briser l\u2019alliance des formations ind\u00e9pendantistes catalanes. L\u2019ex-pr\u00e9sident en exil Carles Puigdemont n\u2019a pu si\u00e9ger, malgr\u00e9 l\u2019approbation par l\u2019Espagne d\u2019une loi d\u2019amnistie rest\u00e9e tr\u00e8s partiellement appliqu\u00e9e. Le Parlement catalan sera [&hellip;]<\/p>\n","protected":false},"author":1,"featured_media":2297,"comment_status":"open","ping_status":"open","sticky":false,"template":"","format":"standard","meta":{"sb_editor_width":"","footnotes":""},"categories":[66,67,65],"tags":[],"class_list":["post-2292","post","type-post","status-publish","format-standard","has-post-thumbnail","hentry","category-international","category-politique","category-principale"],"relative_dates":{"created":"2 ans ago","modified":"2 ans ago"},"yoast_head":"<!-- This site is optimized with the Yoast SEO plugin v26.3 - https:\/\/yoast.com\/wordpress\/plugins\/seo\/ -->\n<title>Les ind\u00e9pendantistes catalans au creux de la vague - STOURM<\/title>\n<meta name=\"robots\" content=\"index, follow, max-snippet:-1, max-image-preview:large, max-video-preview:-1\" \/>\n<link rel=\"canonical\" href=\"https:\/\/stourm.news\/?p=2292\" \/>\n<meta property=\"og:locale\" content=\"fr_FR\" \/>\n<meta property=\"og:type\" content=\"article\" \/>\n<meta property=\"og:title\" content=\"Les ind\u00e9pendantistes catalans au creux de la vague - STOURM\" \/>\n<meta property=\"og:description\" content=\"Salvador Illa (PSOE), pr\u00e9sident du gouvernement et Josep Rull (Junts) pr\u00e9sident du parlement catalan L\u2019\u00e9lection du pr\u00e9sident socialiste Salvador Illa le 8 ao\u00fbt a vu se briser l\u2019alliance des formations ind\u00e9pendantistes catalanes. L\u2019ex-pr\u00e9sident en exil Carles Puigdemont n\u2019a pu si\u00e9ger, malgr\u00e9 l\u2019approbation par l\u2019Espagne d\u2019une loi d\u2019amnistie rest\u00e9e tr\u00e8s partiellement appliqu\u00e9e. Le Parlement catalan sera [&hellip;]\" \/>\n<meta property=\"og:url\" content=\"https:\/\/stourm.news\/?p=2292\" \/>\n<meta property=\"og:site_name\" content=\"STOURM\" \/>\n<meta property=\"article:publisher\" content=\"https:\/\/www.facebook.com\/stourmnews\/\" \/>\n<meta property=\"article:published_time\" content=\"2024-09-13T08:50:37+00:00\" \/>\n<meta property=\"article:modified_time\" content=\"2024-09-13T08:55:17+00:00\" \/>\n<meta property=\"og:image\" content=\"https:\/\/stourm.news\/wp-content\/uploads\/2024\/09\/Capture-decran-2024-09-13-a-17.54.43.png\" \/>\n\t<meta property=\"og:image:width\" content=\"2284\" \/>\n\t<meta property=\"og:image:height\" content=\"1256\" \/>\n\t<meta property=\"og:image:type\" content=\"image\/png\" \/>\n<meta name=\"author\" content=\"La r\u00e9daction\" \/>\n<meta name=\"twitter:card\" content=\"summary_large_image\" \/>\n<meta name=\"twitter:label1\" content=\"\u00c9crit par\" \/>\n\t<meta name=\"twitter:data1\" content=\"La r\u00e9daction\" \/>\n\t<meta name=\"twitter:label2\" content=\"Dur\u00e9e de lecture estim\u00e9e\" \/>\n\t<meta name=\"twitter:data2\" content=\"9 minutes\" \/>\n<script type=\"application\/ld+json\" class=\"yoast-schema-graph\">{\"@context\":\"https:\/\/schema.org\",\"@graph\":[{\"@type\":\"Article\",\"@id\":\"https:\/\/stourm.news\/?p=2292#article\",\"isPartOf\":{\"@id\":\"https:\/\/stourm.news\/?p=2292\"},\"author\":{\"name\":\"La r\u00e9daction\",\"@id\":\"https:\/\/stourm.news\/#\/schema\/person\/c3e1dc65988632e190969234ef046cf9\"},\"headline\":\"Les ind\u00e9pendantistes catalans au creux de la vague\",\"datePublished\":\"2024-09-13T08:50:37+00:00\",\"dateModified\":\"2024-09-13T08:55:17+00:00\",\"mainEntityOfPage\":{\"@id\":\"https:\/\/stourm.news\/?p=2292\"},\"wordCount\":1883,\"commentCount\":0,\"publisher\":{\"@id\":\"https:\/\/stourm.news\/#organization\"},\"image\":{\"@id\":\"https:\/\/stourm.news\/?p=2292#primaryimage\"},\"thumbnailUrl\":\"https:\/\/stourm.news\/wp-content\/uploads\/2024\/09\/Capture-decran-2024-09-13-a-17.54.43.png\",\"articleSection\":[\"International\",\"Politique\",\"Principale\"],\"inLanguage\":\"fr-FR\",\"potentialAction\":[{\"@type\":\"CommentAction\",\"name\":\"Comment\",\"target\":[\"https:\/\/stourm.news\/?p=2292#respond\"]}]},{\"@type\":\"WebPage\",\"@id\":\"https:\/\/stourm.news\/?p=2292\",\"url\":\"https:\/\/stourm.news\/?p=2292\",\"name\":\"Les ind\u00e9pendantistes catalans au creux de la vague - STOURM\",\"isPartOf\":{\"@id\":\"https:\/\/stourm.news\/#website\"},\"primaryImageOfPage\":{\"@id\":\"https:\/\/stourm.news\/?p=2292#primaryimage\"},\"image\":{\"@id\":\"https:\/\/stourm.news\/?p=2292#primaryimage\"},\"thumbnailUrl\":\"https:\/\/stourm.news\/wp-content\/uploads\/2024\/09\/Capture-decran-2024-09-13-a-17.54.43.png\",\"datePublished\":\"2024-09-13T08:50:37+00:00\",\"dateModified\":\"2024-09-13T08:55:17+00:00\",\"breadcrumb\":{\"@id\":\"https:\/\/stourm.news\/?p=2292#breadcrumb\"},\"inLanguage\":\"fr-FR\",\"potentialAction\":[{\"@type\":\"ReadAction\",\"target\":[\"https:\/\/stourm.news\/?p=2292\"]}]},{\"@type\":\"ImageObject\",\"inLanguage\":\"fr-FR\",\"@id\":\"https:\/\/stourm.news\/?p=2292#primaryimage\",\"url\":\"https:\/\/stourm.news\/wp-content\/uploads\/2024\/09\/Capture-decran-2024-09-13-a-17.54.43.png\",\"contentUrl\":\"https:\/\/stourm.news\/wp-content\/uploads\/2024\/09\/Capture-decran-2024-09-13-a-17.54.43.png\",\"width\":2284,\"height\":1256},{\"@type\":\"BreadcrumbList\",\"@id\":\"https:\/\/stourm.news\/?p=2292#breadcrumb\",\"itemListElement\":[{\"@type\":\"ListItem\",\"position\":1,\"name\":\"Accueil\",\"item\":\"https:\/\/stourm.news\/\"},{\"@type\":\"ListItem\",\"position\":2,\"name\":\"Les ind\u00e9pendantistes catalans au creux de la vague\"}]},{\"@type\":\"WebSite\",\"@id\":\"https:\/\/stourm.news\/#website\",\"url\":\"https:\/\/stourm.news\/\",\"name\":\"Stourm\",\"description\":\"Kazetenn Strollad Broadel Breizh\",\"publisher\":{\"@id\":\"https:\/\/stourm.news\/#organization\"},\"potentialAction\":[{\"@type\":\"SearchAction\",\"target\":{\"@type\":\"EntryPoint\",\"urlTemplate\":\"https:\/\/stourm.news\/?s={search_term_string}\"},\"query-input\":{\"@type\":\"PropertyValueSpecification\",\"valueRequired\":true,\"valueName\":\"search_term_string\"}}],\"inLanguage\":\"fr-FR\"},{\"@type\":\"Organization\",\"@id\":\"https:\/\/stourm.news\/#organization\",\"name\":\"Stourm\",\"url\":\"https:\/\/stourm.news\/\",\"logo\":{\"@type\":\"ImageObject\",\"inLanguage\":\"fr-FR\",\"@id\":\"https:\/\/stourm.news\/#\/schema\/logo\/image\/\",\"url\":\"https:\/\/stourm.news\/wp-content\/uploads\/2025\/11\/cropped-Capture-decran-2025-11-28-a-15.19.07.png\",\"contentUrl\":\"https:\/\/stourm.news\/wp-content\/uploads\/2025\/11\/cropped-Capture-decran-2025-11-28-a-15.19.07.png\",\"width\":1855,\"height\":383,\"caption\":\"Stourm\"},\"image\":{\"@id\":\"https:\/\/stourm.news\/#\/schema\/logo\/image\/\"},\"sameAs\":[\"https:\/\/www.facebook.com\/stourmnews\/\"]},{\"@type\":\"Person\",\"@id\":\"https:\/\/stourm.news\/#\/schema\/person\/c3e1dc65988632e190969234ef046cf9\",\"name\":\"La r\u00e9daction\",\"image\":{\"@type\":\"ImageObject\",\"inLanguage\":\"fr-FR\",\"@id\":\"https:\/\/stourm.news\/#\/schema\/person\/image\/\",\"url\":\"https:\/\/secure.gravatar.com\/avatar\/7463443f194b6b5fb706b074ca0ef59a0cfcfd720cb47764b0ec5a952ce422b3?s=96&d=mm&r=g\",\"contentUrl\":\"https:\/\/secure.gravatar.com\/avatar\/7463443f194b6b5fb706b074ca0ef59a0cfcfd720cb47764b0ec5a952ce422b3?s=96&d=mm&r=g\",\"caption\":\"La r\u00e9daction\"},\"sameAs\":[\"https:\/\/stourm.news\"],\"url\":\"https:\/\/stourm.news\/?author=1\"}]}<\/script>\n<!-- \/ Yoast SEO plugin. -->","yoast_head_json":{"title":"Les ind\u00e9pendantistes catalans au creux de la vague - STOURM","robots":{"index":"index","follow":"follow","max-snippet":"max-snippet:-1","max-image-preview":"max-image-preview:large","max-video-preview":"max-video-preview:-1"},"canonical":"https:\/\/stourm.news\/?p=2292","og_locale":"fr_FR","og_type":"article","og_title":"Les ind\u00e9pendantistes catalans au creux de la vague - STOURM","og_description":"Salvador Illa (PSOE), pr\u00e9sident du gouvernement et Josep Rull (Junts) pr\u00e9sident du parlement catalan L\u2019\u00e9lection du pr\u00e9sident socialiste Salvador Illa le 8 ao\u00fbt a vu se briser l\u2019alliance des formations ind\u00e9pendantistes catalanes. L\u2019ex-pr\u00e9sident en exil Carles Puigdemont n\u2019a pu si\u00e9ger, malgr\u00e9 l\u2019approbation par l\u2019Espagne d\u2019une loi d\u2019amnistie rest\u00e9e tr\u00e8s partiellement appliqu\u00e9e. Le Parlement catalan sera [&hellip;]","og_url":"https:\/\/stourm.news\/?p=2292","og_site_name":"STOURM","article_publisher":"https:\/\/www.facebook.com\/stourmnews\/","article_published_time":"2024-09-13T08:50:37+00:00","article_modified_time":"2024-09-13T08:55:17+00:00","og_image":[{"width":2284,"height":1256,"url":"https:\/\/stourm.news\/wp-content\/uploads\/2024\/09\/Capture-decran-2024-09-13-a-17.54.43.png","type":"image\/png"}],"author":"La r\u00e9daction","twitter_card":"summary_large_image","twitter_misc":{"\u00c9crit par":"La r\u00e9daction","Dur\u00e9e de lecture estim\u00e9e":"9 minutes"},"schema":{"@context":"https:\/\/schema.org","@graph":[{"@type":"Article","@id":"https:\/\/stourm.news\/?p=2292#article","isPartOf":{"@id":"https:\/\/stourm.news\/?p=2292"},"author":{"name":"La r\u00e9daction","@id":"https:\/\/stourm.news\/#\/schema\/person\/c3e1dc65988632e190969234ef046cf9"},"headline":"Les ind\u00e9pendantistes catalans au creux de la vague","datePublished":"2024-09-13T08:50:37+00:00","dateModified":"2024-09-13T08:55:17+00:00","mainEntityOfPage":{"@id":"https:\/\/stourm.news\/?p=2292"},"wordCount":1883,"commentCount":0,"publisher":{"@id":"https:\/\/stourm.news\/#organization"},"image":{"@id":"https:\/\/stourm.news\/?p=2292#primaryimage"},"thumbnailUrl":"https:\/\/stourm.news\/wp-content\/uploads\/2024\/09\/Capture-decran-2024-09-13-a-17.54.43.png","articleSection":["International","Politique","Principale"],"inLanguage":"fr-FR","potentialAction":[{"@type":"CommentAction","name":"Comment","target":["https:\/\/stourm.news\/?p=2292#respond"]}]},{"@type":"WebPage","@id":"https:\/\/stourm.news\/?p=2292","url":"https:\/\/stourm.news\/?p=2292","name":"Les ind\u00e9pendantistes catalans au creux de la vague - STOURM","isPartOf":{"@id":"https:\/\/stourm.news\/#website"},"primaryImageOfPage":{"@id":"https:\/\/stourm.news\/?p=2292#primaryimage"},"image":{"@id":"https:\/\/stourm.news\/?p=2292#primaryimage"},"thumbnailUrl":"https:\/\/stourm.news\/wp-content\/uploads\/2024\/09\/Capture-decran-2024-09-13-a-17.54.43.png","datePublished":"2024-09-13T08:50:37+00:00","dateModified":"2024-09-13T08:55:17+00:00","breadcrumb":{"@id":"https:\/\/stourm.news\/?p=2292#breadcrumb"},"inLanguage":"fr-FR","potentialAction":[{"@type":"ReadAction","target":["https:\/\/stourm.news\/?p=2292"]}]},{"@type":"ImageObject","inLanguage":"fr-FR","@id":"https:\/\/stourm.news\/?p=2292#primaryimage","url":"https:\/\/stourm.news\/wp-content\/uploads\/2024\/09\/Capture-decran-2024-09-13-a-17.54.43.png","contentUrl":"https:\/\/stourm.news\/wp-content\/uploads\/2024\/09\/Capture-decran-2024-09-13-a-17.54.43.png","width":2284,"height":1256},{"@type":"BreadcrumbList","@id":"https:\/\/stourm.news\/?p=2292#breadcrumb","itemListElement":[{"@type":"ListItem","position":1,"name":"Accueil","item":"https:\/\/stourm.news\/"},{"@type":"ListItem","position":2,"name":"Les ind\u00e9pendantistes catalans au creux de la vague"}]},{"@type":"WebSite","@id":"https:\/\/stourm.news\/#website","url":"https:\/\/stourm.news\/","name":"Stourm","description":"Kazetenn Strollad Broadel Breizh","publisher":{"@id":"https:\/\/stourm.news\/#organization"},"potentialAction":[{"@type":"SearchAction","target":{"@type":"EntryPoint","urlTemplate":"https:\/\/stourm.news\/?s={search_term_string}"},"query-input":{"@type":"PropertyValueSpecification","valueRequired":true,"valueName":"search_term_string"}}],"inLanguage":"fr-FR"},{"@type":"Organization","@id":"https:\/\/stourm.news\/#organization","name":"Stourm","url":"https:\/\/stourm.news\/","logo":{"@type":"ImageObject","inLanguage":"fr-FR","@id":"https:\/\/stourm.news\/#\/schema\/logo\/image\/","url":"https:\/\/stourm.news\/wp-content\/uploads\/2025\/11\/cropped-Capture-decran-2025-11-28-a-15.19.07.png","contentUrl":"https:\/\/stourm.news\/wp-content\/uploads\/2025\/11\/cropped-Capture-decran-2025-11-28-a-15.19.07.png","width":1855,"height":383,"caption":"Stourm"},"image":{"@id":"https:\/\/stourm.news\/#\/schema\/logo\/image\/"},"sameAs":["https:\/\/www.facebook.com\/stourmnews\/"]},{"@type":"Person","@id":"https:\/\/stourm.news\/#\/schema\/person\/c3e1dc65988632e190969234ef046cf9","name":"La r\u00e9daction","image":{"@type":"ImageObject","inLanguage":"fr-FR","@id":"https:\/\/stourm.news\/#\/schema\/person\/image\/","url":"https:\/\/secure.gravatar.com\/avatar\/7463443f194b6b5fb706b074ca0ef59a0cfcfd720cb47764b0ec5a952ce422b3?s=96&d=mm&r=g","contentUrl":"https:\/\/secure.gravatar.com\/avatar\/7463443f194b6b5fb706b074ca0ef59a0cfcfd720cb47764b0ec5a952ce422b3?s=96&d=mm&r=g","caption":"La r\u00e9daction"},"sameAs":["https:\/\/stourm.news"],"url":"https:\/\/stourm.news\/?author=1"}]}},"_links":{"self":[{"href":"https:\/\/stourm.news\/index.php?rest_route=\/wp\/v2\/posts\/2292","targetHints":{"allow":["GET"]}}],"collection":[{"href":"https:\/\/stourm.news\/index.php?rest_route=\/wp\/v2\/posts"}],"about":[{"href":"https:\/\/stourm.news\/index.php?rest_route=\/wp\/v2\/types\/post"}],"author":[{"embeddable":true,"href":"https:\/\/stourm.news\/index.php?rest_route=\/wp\/v2\/users\/1"}],"replies":[{"embeddable":true,"href":"https:\/\/stourm.news\/index.php?rest_route=%2Fwp%2Fv2%2Fcomments&post=2292"}],"version-history":[{"count":3,"href":"https:\/\/stourm.news\/index.php?rest_route=\/wp\/v2\/posts\/2292\/revisions"}],"predecessor-version":[{"id":2296,"href":"https:\/\/stourm.news\/index.php?rest_route=\/wp\/v2\/posts\/2292\/revisions\/2296"}],"wp:featuredmedia":[{"embeddable":true,"href":"https:\/\/stourm.news\/index.php?rest_route=\/wp\/v2\/media\/2297"}],"wp:attachment":[{"href":"https:\/\/stourm.news\/index.php?rest_route=%2Fwp%2Fv2%2Fmedia&parent=2292"}],"wp:term":[{"taxonomy":"category","embeddable":true,"href":"https:\/\/stourm.news\/index.php?rest_route=%2Fwp%2Fv2%2Fcategories&post=2292"},{"taxonomy":"post_tag","embeddable":true,"href":"https:\/\/stourm.news\/index.php?rest_route=%2Fwp%2Fv2%2Ftags&post=2292"}],"curies":[{"name":"wp","href":"https:\/\/api.w.org\/{rel}","templated":true}]}}