{"id":2308,"date":"2024-09-13T16:58:09","date_gmt":"2024-09-13T16:58:09","guid":{"rendered":"https:\/\/stourm.news\/?p=2308"},"modified":"2024-09-13T16:58:09","modified_gmt":"2024-09-13T16:58:09","slug":"rennes-des-extremistes-dultra-gauche-surgissent-armes-sur-le-campus-de-beaulieu","status":"publish","type":"post","link":"https:\/\/stourm.news\/?p=2308","title":{"rendered":"Rennes : des extr\u00e9mistes d&rsquo;ultra-gauche surgissent arm\u00e9s sur le campus de Beaulieu"},"content":{"rendered":"<p style=\"text-align: justify;\">Vers 16 h, ce 12 septembre 2024, les policiers sont intervenus, devant le Diapason (campus de Beaulieu). Quelque temps auparavant, des militants antifas avaient p\u00e9n\u00e9tr\u00e9 \u00e0 l\u2019int\u00e9rieur des locaux, en criant : <strong>\u00ab\u2009tout le monde d\u00e9teste les fascistes.\u2009\u00bb<\/strong> La cible \u00e9tait visiblement le syndicat UNI (consid\u00e9r\u00e9 \u00e0 droite). Au regard de cette action, au cours du forum des associations, ce dernier organisme a tenu \u00e0 r\u00e9agir dans un communiqu\u00e9 (voir sa vid\u00e9o sur Instagram). <strong>\u00ab\u2009Une cinquantaine d\u2019activistes, masqu\u00e9s et arm\u00e9s, ont d\u00e9ploy\u00e9 une banderole d\u00e9shumanisante\u2009\u00bb<\/strong>, explique l\u2019UNI.<\/p>\n<p style=\"text-align: justify;\"><strong>\u00ab\u2009Dans leurs mains et leurs sacs, des barres de fer, des battes, des gants coqu\u00e9s. Nos militants ont \u00e9t\u00e9 intimid\u00e9s, charg\u00e9s, pris en photo, insult\u00e9s, menac\u00e9s de mort et ont re\u00e7u des projectiles. L\u2019universit\u00e9 n\u2019a pas \u00e0 \u00eatre le lieu de telles d\u00e9monstrations, qui entachent profond\u00e9ment la libert\u00e9 d\u2019expression que l\u2019UNI a toujours d\u00e9fendue. Nous remercions les forces de l\u2019ordre pr\u00e9sentes sur place, qui ont permis notre \u00e9vacuation. Nous demandons \u00e0 l\u2019Universit\u00e9 de condamner ces comportements et de tout mettre en \u0153uvre pour d\u00e9noncer les agitateurs. Des plaintes nominatives seront d\u00e9pos\u00e9es.\u2009\u00bb<\/strong><\/p>\n<p style=\"text-align: justify;\">Cette action intervient en pleine rentr\u00e9e universitaire. Il y a quelques jours, l\u2019Union pirate publiait un communiqu\u00e9 sur les r\u00e9seaux sociaux. <strong>\u00ab\u2009Que l\u2019Uni, l\u2019Oriflamme (class\u00e9 \u00e0 l\u2019extr\u00eame-droite), et les autres groupuscules fascistes en prennent bonne note : nous ne cesserons pas de lutter contre la peste brune. Nous appelons le pr\u00e9sident de l\u2019Universit\u00e9 de Rennes \u00e0 adopter une posture claire de condamnation, en rupture avec celle qu\u2019il prenait jusqu\u2019\u00e0 pr\u00e9sent et qui revenait \u00e0 une absence d\u2019opposition \u00e0 ces actes, par omission. La Bretagne est antifasciste, la jeunesse l\u2019est \u00e9galement, et le restera.\u2009\u00bb<\/strong><\/p>\n<p>Source : <a href=\"https:\/\/www.rennes-infos-autrement.fr\/tensions-au-diapason-entre-syndicats-detudiants\/\">Rennes Info<\/a><\/p>\n","protected":false},"excerpt":{"rendered":"<p>Vers 16 h, ce 12 septembre 2024, les policiers sont intervenus, devant le Diapason (campus de Beaulieu). Quelque temps auparavant, des militants antifas avaient p\u00e9n\u00e9tr\u00e9 \u00e0 l\u2019int\u00e9rieur des locaux, en criant : \u00ab\u2009tout le monde d\u00e9teste les fascistes.\u2009\u00bb La cible \u00e9tait visiblement le syndicat UNI (consid\u00e9r\u00e9 \u00e0 droite). Au regard de cette action, au cours [&hellip;]<\/p>\n","protected":false},"author":1,"featured_media":2309,"comment_status":"open","ping_status":"open","sticky":false,"template":"","format":"standard","meta":{"sb_editor_width":"","footnotes":""},"categories":[36,41,65],"tags":[],"class_list":["post-2308","post","type-post","status-publish","format-standard","has-post-thumbnail","hentry","category-extreme-gauche","category-ille-et-vilaine","category-principale"],"relative_dates":{"created":"2 ans ago","modified":"2 ans ago"},"yoast_head":"<!-- This site is optimized with the Yoast SEO plugin v26.3 - https:\/\/yoast.com\/wordpress\/plugins\/seo\/ -->\n<title>Rennes : des extr\u00e9mistes d&#039;ultra-gauche surgissent arm\u00e9s sur le campus de Beaulieu - STOURM<\/title>\n<meta name=\"robots\" content=\"index, follow, max-snippet:-1, max-image-preview:large, max-video-preview:-1\" \/>\n<link rel=\"canonical\" href=\"https:\/\/stourm.news\/?p=2308\" \/>\n<meta property=\"og:locale\" content=\"fr_FR\" \/>\n<meta property=\"og:type\" content=\"article\" \/>\n<meta property=\"og:title\" content=\"Rennes : des extr\u00e9mistes d&#039;ultra-gauche surgissent arm\u00e9s sur le campus de Beaulieu - STOURM\" \/>\n<meta property=\"og:description\" content=\"Vers 16 h, ce 12 septembre 2024, les policiers sont intervenus, devant le Diapason (campus de Beaulieu). Quelque temps auparavant, des militants antifas avaient p\u00e9n\u00e9tr\u00e9 \u00e0 l\u2019int\u00e9rieur des locaux, en criant : \u00ab\u2009tout le monde d\u00e9teste les fascistes.\u2009\u00bb La cible \u00e9tait visiblement le syndicat UNI (consid\u00e9r\u00e9 \u00e0 droite). Au regard de cette action, au cours [&hellip;]\" \/>\n<meta property=\"og:url\" content=\"https:\/\/stourm.news\/?p=2308\" \/>\n<meta property=\"og:site_name\" content=\"STOURM\" \/>\n<meta property=\"article:publisher\" content=\"https:\/\/www.facebook.com\/stourmnews\/\" \/>\n<meta property=\"article:published_time\" content=\"2024-09-13T16:58:09+00:00\" \/>\n<meta property=\"og:image\" content=\"https:\/\/stourm.news\/wp-content\/uploads\/2024\/09\/MjAyMTA0NWYzMzQ1MDEzNDAzYTYzZGE3NjI4Y2Q4Y2ZmYTQwOTM.webp\" \/>\n\t<meta property=\"og:image:width\" content=\"1260\" \/>\n\t<meta property=\"og:image:height\" content=\"708\" \/>\n\t<meta property=\"og:image:type\" content=\"image\/webp\" \/>\n<meta name=\"author\" content=\"La r\u00e9daction\" \/>\n<meta name=\"twitter:card\" content=\"summary_large_image\" \/>\n<meta name=\"twitter:label1\" content=\"\u00c9crit par\" \/>\n\t<meta name=\"twitter:data1\" content=\"La r\u00e9daction\" \/>\n\t<meta name=\"twitter:label2\" content=\"Dur\u00e9e de lecture estim\u00e9e\" \/>\n\t<meta name=\"twitter:data2\" content=\"2 minutes\" \/>\n<script type=\"application\/ld+json\" class=\"yoast-schema-graph\">{\"@context\":\"https:\/\/schema.org\",\"@graph\":[{\"@type\":\"Article\",\"@id\":\"https:\/\/stourm.news\/?p=2308#article\",\"isPartOf\":{\"@id\":\"https:\/\/stourm.news\/?p=2308\"},\"author\":{\"name\":\"La r\u00e9daction\",\"@id\":\"https:\/\/stourm.news\/#\/schema\/person\/c3e1dc65988632e190969234ef046cf9\"},\"headline\":\"Rennes : des extr\u00e9mistes d&rsquo;ultra-gauche surgissent arm\u00e9s sur le campus de Beaulieu\",\"datePublished\":\"2024-09-13T16:58:09+00:00\",\"mainEntityOfPage\":{\"@id\":\"https:\/\/stourm.news\/?p=2308\"},\"wordCount\":320,\"commentCount\":0,\"publisher\":{\"@id\":\"https:\/\/stourm.news\/#organization\"},\"image\":{\"@id\":\"https:\/\/stourm.news\/?p=2308#primaryimage\"},\"thumbnailUrl\":\"https:\/\/stourm.news\/wp-content\/uploads\/2024\/09\/MjAyMTA0NWYzMzQ1MDEzNDAzYTYzZGE3NjI4Y2Q4Y2ZmYTQwOTM.webp\",\"articleSection\":[\"Extr\u00eame-gauche\",\"Ille-et-Vilaine\",\"Principale\"],\"inLanguage\":\"fr-FR\",\"potentialAction\":[{\"@type\":\"CommentAction\",\"name\":\"Comment\",\"target\":[\"https:\/\/stourm.news\/?p=2308#respond\"]}]},{\"@type\":\"WebPage\",\"@id\":\"https:\/\/stourm.news\/?p=2308\",\"url\":\"https:\/\/stourm.news\/?p=2308\",\"name\":\"Rennes : des extr\u00e9mistes d'ultra-gauche surgissent arm\u00e9s sur le campus de Beaulieu - STOURM\",\"isPartOf\":{\"@id\":\"https:\/\/stourm.news\/#website\"},\"primaryImageOfPage\":{\"@id\":\"https:\/\/stourm.news\/?p=2308#primaryimage\"},\"image\":{\"@id\":\"https:\/\/stourm.news\/?p=2308#primaryimage\"},\"thumbnailUrl\":\"https:\/\/stourm.news\/wp-content\/uploads\/2024\/09\/MjAyMTA0NWYzMzQ1MDEzNDAzYTYzZGE3NjI4Y2Q4Y2ZmYTQwOTM.webp\",\"datePublished\":\"2024-09-13T16:58:09+00:00\",\"breadcrumb\":{\"@id\":\"https:\/\/stourm.news\/?p=2308#breadcrumb\"},\"inLanguage\":\"fr-FR\",\"potentialAction\":[{\"@type\":\"ReadAction\",\"target\":[\"https:\/\/stourm.news\/?p=2308\"]}]},{\"@type\":\"ImageObject\",\"inLanguage\":\"fr-FR\",\"@id\":\"https:\/\/stourm.news\/?p=2308#primaryimage\",\"url\":\"https:\/\/stourm.news\/wp-content\/uploads\/2024\/09\/MjAyMTA0NWYzMzQ1MDEzNDAzYTYzZGE3NjI4Y2Q4Y2ZmYTQwOTM.webp\",\"contentUrl\":\"https:\/\/stourm.news\/wp-content\/uploads\/2024\/09\/MjAyMTA0NWYzMzQ1MDEzNDAzYTYzZGE3NjI4Y2Q4Y2ZmYTQwOTM.webp\",\"width\":1260,\"height\":708},{\"@type\":\"BreadcrumbList\",\"@id\":\"https:\/\/stourm.news\/?p=2308#breadcrumb\",\"itemListElement\":[{\"@type\":\"ListItem\",\"position\":1,\"name\":\"Accueil\",\"item\":\"https:\/\/stourm.news\/\"},{\"@type\":\"ListItem\",\"position\":2,\"name\":\"Rennes : des extr\u00e9mistes d&rsquo;ultra-gauche surgissent arm\u00e9s sur le campus de Beaulieu\"}]},{\"@type\":\"WebSite\",\"@id\":\"https:\/\/stourm.news\/#website\",\"url\":\"https:\/\/stourm.news\/\",\"name\":\"Stourm\",\"description\":\"Kazetenn Strollad Broadel Breizh\",\"publisher\":{\"@id\":\"https:\/\/stourm.news\/#organization\"},\"potentialAction\":[{\"@type\":\"SearchAction\",\"target\":{\"@type\":\"EntryPoint\",\"urlTemplate\":\"https:\/\/stourm.news\/?s={search_term_string}\"},\"query-input\":{\"@type\":\"PropertyValueSpecification\",\"valueRequired\":true,\"valueName\":\"search_term_string\"}}],\"inLanguage\":\"fr-FR\"},{\"@type\":\"Organization\",\"@id\":\"https:\/\/stourm.news\/#organization\",\"name\":\"Stourm\",\"url\":\"https:\/\/stourm.news\/\",\"logo\":{\"@type\":\"ImageObject\",\"inLanguage\":\"fr-FR\",\"@id\":\"https:\/\/stourm.news\/#\/schema\/logo\/image\/\",\"url\":\"https:\/\/stourm.news\/wp-content\/uploads\/2025\/11\/cropped-Capture-decran-2025-11-28-a-15.19.07.png\",\"contentUrl\":\"https:\/\/stourm.news\/wp-content\/uploads\/2025\/11\/cropped-Capture-decran-2025-11-28-a-15.19.07.png\",\"width\":1855,\"height\":383,\"caption\":\"Stourm\"},\"image\":{\"@id\":\"https:\/\/stourm.news\/#\/schema\/logo\/image\/\"},\"sameAs\":[\"https:\/\/www.facebook.com\/stourmnews\/\"]},{\"@type\":\"Person\",\"@id\":\"https:\/\/stourm.news\/#\/schema\/person\/c3e1dc65988632e190969234ef046cf9\",\"name\":\"La r\u00e9daction\",\"image\":{\"@type\":\"ImageObject\",\"inLanguage\":\"fr-FR\",\"@id\":\"https:\/\/stourm.news\/#\/schema\/person\/image\/\",\"url\":\"https:\/\/secure.gravatar.com\/avatar\/7463443f194b6b5fb706b074ca0ef59a0cfcfd720cb47764b0ec5a952ce422b3?s=96&d=mm&r=g\",\"contentUrl\":\"https:\/\/secure.gravatar.com\/avatar\/7463443f194b6b5fb706b074ca0ef59a0cfcfd720cb47764b0ec5a952ce422b3?s=96&d=mm&r=g\",\"caption\":\"La r\u00e9daction\"},\"sameAs\":[\"https:\/\/stourm.news\"],\"url\":\"https:\/\/stourm.news\/?author=1\"}]}<\/script>\n<!-- \/ Yoast SEO plugin. -->","yoast_head_json":{"title":"Rennes : des extr\u00e9mistes d'ultra-gauche surgissent arm\u00e9s sur le campus de Beaulieu - STOURM","robots":{"index":"index","follow":"follow","max-snippet":"max-snippet:-1","max-image-preview":"max-image-preview:large","max-video-preview":"max-video-preview:-1"},"canonical":"https:\/\/stourm.news\/?p=2308","og_locale":"fr_FR","og_type":"article","og_title":"Rennes : des extr\u00e9mistes d'ultra-gauche surgissent arm\u00e9s sur le campus de Beaulieu - STOURM","og_description":"Vers 16 h, ce 12 septembre 2024, les policiers sont intervenus, devant le Diapason (campus de Beaulieu). Quelque temps auparavant, des militants antifas avaient p\u00e9n\u00e9tr\u00e9 \u00e0 l\u2019int\u00e9rieur des locaux, en criant : \u00ab\u2009tout le monde d\u00e9teste les fascistes.\u2009\u00bb La cible \u00e9tait visiblement le syndicat UNI (consid\u00e9r\u00e9 \u00e0 droite). Au regard de cette action, au cours [&hellip;]","og_url":"https:\/\/stourm.news\/?p=2308","og_site_name":"STOURM","article_publisher":"https:\/\/www.facebook.com\/stourmnews\/","article_published_time":"2024-09-13T16:58:09+00:00","og_image":[{"width":1260,"height":708,"url":"https:\/\/stourm.news\/wp-content\/uploads\/2024\/09\/MjAyMTA0NWYzMzQ1MDEzNDAzYTYzZGE3NjI4Y2Q4Y2ZmYTQwOTM.webp","type":"image\/webp"}],"author":"La r\u00e9daction","twitter_card":"summary_large_image","twitter_misc":{"\u00c9crit par":"La r\u00e9daction","Dur\u00e9e de lecture estim\u00e9e":"2 minutes"},"schema":{"@context":"https:\/\/schema.org","@graph":[{"@type":"Article","@id":"https:\/\/stourm.news\/?p=2308#article","isPartOf":{"@id":"https:\/\/stourm.news\/?p=2308"},"author":{"name":"La r\u00e9daction","@id":"https:\/\/stourm.news\/#\/schema\/person\/c3e1dc65988632e190969234ef046cf9"},"headline":"Rennes : des extr\u00e9mistes d&rsquo;ultra-gauche surgissent arm\u00e9s sur le campus de Beaulieu","datePublished":"2024-09-13T16:58:09+00:00","mainEntityOfPage":{"@id":"https:\/\/stourm.news\/?p=2308"},"wordCount":320,"commentCount":0,"publisher":{"@id":"https:\/\/stourm.news\/#organization"},"image":{"@id":"https:\/\/stourm.news\/?p=2308#primaryimage"},"thumbnailUrl":"https:\/\/stourm.news\/wp-content\/uploads\/2024\/09\/MjAyMTA0NWYzMzQ1MDEzNDAzYTYzZGE3NjI4Y2Q4Y2ZmYTQwOTM.webp","articleSection":["Extr\u00eame-gauche","Ille-et-Vilaine","Principale"],"inLanguage":"fr-FR","potentialAction":[{"@type":"CommentAction","name":"Comment","target":["https:\/\/stourm.news\/?p=2308#respond"]}]},{"@type":"WebPage","@id":"https:\/\/stourm.news\/?p=2308","url":"https:\/\/stourm.news\/?p=2308","name":"Rennes : des extr\u00e9mistes d'ultra-gauche surgissent arm\u00e9s sur le campus de Beaulieu - STOURM","isPartOf":{"@id":"https:\/\/stourm.news\/#website"},"primaryImageOfPage":{"@id":"https:\/\/stourm.news\/?p=2308#primaryimage"},"image":{"@id":"https:\/\/stourm.news\/?p=2308#primaryimage"},"thumbnailUrl":"https:\/\/stourm.news\/wp-content\/uploads\/2024\/09\/MjAyMTA0NWYzMzQ1MDEzNDAzYTYzZGE3NjI4Y2Q4Y2ZmYTQwOTM.webp","datePublished":"2024-09-13T16:58:09+00:00","breadcrumb":{"@id":"https:\/\/stourm.news\/?p=2308#breadcrumb"},"inLanguage":"fr-FR","potentialAction":[{"@type":"ReadAction","target":["https:\/\/stourm.news\/?p=2308"]}]},{"@type":"ImageObject","inLanguage":"fr-FR","@id":"https:\/\/stourm.news\/?p=2308#primaryimage","url":"https:\/\/stourm.news\/wp-content\/uploads\/2024\/09\/MjAyMTA0NWYzMzQ1MDEzNDAzYTYzZGE3NjI4Y2Q4Y2ZmYTQwOTM.webp","contentUrl":"https:\/\/stourm.news\/wp-content\/uploads\/2024\/09\/MjAyMTA0NWYzMzQ1MDEzNDAzYTYzZGE3NjI4Y2Q4Y2ZmYTQwOTM.webp","width":1260,"height":708},{"@type":"BreadcrumbList","@id":"https:\/\/stourm.news\/?p=2308#breadcrumb","itemListElement":[{"@type":"ListItem","position":1,"name":"Accueil","item":"https:\/\/stourm.news\/"},{"@type":"ListItem","position":2,"name":"Rennes : des extr\u00e9mistes d&rsquo;ultra-gauche surgissent arm\u00e9s sur le campus de Beaulieu"}]},{"@type":"WebSite","@id":"https:\/\/stourm.news\/#website","url":"https:\/\/stourm.news\/","name":"Stourm","description":"Kazetenn Strollad Broadel Breizh","publisher":{"@id":"https:\/\/stourm.news\/#organization"},"potentialAction":[{"@type":"SearchAction","target":{"@type":"EntryPoint","urlTemplate":"https:\/\/stourm.news\/?s={search_term_string}"},"query-input":{"@type":"PropertyValueSpecification","valueRequired":true,"valueName":"search_term_string"}}],"inLanguage":"fr-FR"},{"@type":"Organization","@id":"https:\/\/stourm.news\/#organization","name":"Stourm","url":"https:\/\/stourm.news\/","logo":{"@type":"ImageObject","inLanguage":"fr-FR","@id":"https:\/\/stourm.news\/#\/schema\/logo\/image\/","url":"https:\/\/stourm.news\/wp-content\/uploads\/2025\/11\/cropped-Capture-decran-2025-11-28-a-15.19.07.png","contentUrl":"https:\/\/stourm.news\/wp-content\/uploads\/2025\/11\/cropped-Capture-decran-2025-11-28-a-15.19.07.png","width":1855,"height":383,"caption":"Stourm"},"image":{"@id":"https:\/\/stourm.news\/#\/schema\/logo\/image\/"},"sameAs":["https:\/\/www.facebook.com\/stourmnews\/"]},{"@type":"Person","@id":"https:\/\/stourm.news\/#\/schema\/person\/c3e1dc65988632e190969234ef046cf9","name":"La r\u00e9daction","image":{"@type":"ImageObject","inLanguage":"fr-FR","@id":"https:\/\/stourm.news\/#\/schema\/person\/image\/","url":"https:\/\/secure.gravatar.com\/avatar\/7463443f194b6b5fb706b074ca0ef59a0cfcfd720cb47764b0ec5a952ce422b3?s=96&d=mm&r=g","contentUrl":"https:\/\/secure.gravatar.com\/avatar\/7463443f194b6b5fb706b074ca0ef59a0cfcfd720cb47764b0ec5a952ce422b3?s=96&d=mm&r=g","caption":"La r\u00e9daction"},"sameAs":["https:\/\/stourm.news"],"url":"https:\/\/stourm.news\/?author=1"}]}},"_links":{"self":[{"href":"https:\/\/stourm.news\/index.php?rest_route=\/wp\/v2\/posts\/2308","targetHints":{"allow":["GET"]}}],"collection":[{"href":"https:\/\/stourm.news\/index.php?rest_route=\/wp\/v2\/posts"}],"about":[{"href":"https:\/\/stourm.news\/index.php?rest_route=\/wp\/v2\/types\/post"}],"author":[{"embeddable":true,"href":"https:\/\/stourm.news\/index.php?rest_route=\/wp\/v2\/users\/1"}],"replies":[{"embeddable":true,"href":"https:\/\/stourm.news\/index.php?rest_route=%2Fwp%2Fv2%2Fcomments&post=2308"}],"version-history":[{"count":1,"href":"https:\/\/stourm.news\/index.php?rest_route=\/wp\/v2\/posts\/2308\/revisions"}],"predecessor-version":[{"id":2310,"href":"https:\/\/stourm.news\/index.php?rest_route=\/wp\/v2\/posts\/2308\/revisions\/2310"}],"wp:featuredmedia":[{"embeddable":true,"href":"https:\/\/stourm.news\/index.php?rest_route=\/wp\/v2\/media\/2309"}],"wp:attachment":[{"href":"https:\/\/stourm.news\/index.php?rest_route=%2Fwp%2Fv2%2Fmedia&parent=2308"}],"wp:term":[{"taxonomy":"category","embeddable":true,"href":"https:\/\/stourm.news\/index.php?rest_route=%2Fwp%2Fv2%2Fcategories&post=2308"},{"taxonomy":"post_tag","embeddable":true,"href":"https:\/\/stourm.news\/index.php?rest_route=%2Fwp%2Fv2%2Ftags&post=2308"}],"curies":[{"name":"wp","href":"https:\/\/api.w.org\/{rel}","templated":true}]}}