{"id":2311,"date":"2024-09-14T04:50:26","date_gmt":"2024-09-14T04:50:26","guid":{"rendered":"https:\/\/stourm.news\/?p=2311"},"modified":"2024-09-14T04:50:26","modified_gmt":"2024-09-14T04:50:26","slug":"emsav-14-septembre-1899-naissance-de-lecrivain-youenn-drezen","status":"publish","type":"post","link":"https:\/\/stourm.news\/?p=2311","title":{"rendered":"Emsav : 14 septembre 1899, naissance de l&rsquo;\u00e9crivain Youenn Drezen"},"content":{"rendered":"<p style=\"text-align: justify;\"><strong>EMSAV &#8211;<\/strong> Le 14 septembre 1899 Youenn Drezen, \u00ab\u00a0plus grand prosateur en langue bretonne du XXe si\u00e8cle\u00a0\u00bb (Larousse) na\u00eet \u00e0 Pont l&rsquo;Abb\u00e9.<\/p>\n<p style=\"text-align: justify;\">Il na\u00eet dans une famille modeste, son p\u00e8re est couvreur. Sa langue maternelle est le breton. Entre 1906 et 1911, il fr\u00e9quente l&rsquo;\u00e9cole Saint-Gabriel \u00e0 Pont-l&rsquo;Abb\u00e9. Son p\u00e8re d\u00e9c\u00e8de en 1911, laissant huit enfants \u00e0 \u00e9lever par sa jeune veuve. Remarqu\u00e9 par les p\u00e8res missionnaires du Sacr\u00e9-C\u0153ur de Picpus, il part pour leur coll\u00e8ge de Hondarribia (Fontarrabie) au Pays basque espagnol. En septembre 1916 il rejoint le s\u00e9minaire de Miranda de Ebro en Castille o\u00f9 il se lie d&rsquo;amiti\u00e9 avec Jakez Riou et Jakez Kerrien.<\/p>\n<p><img fetchpriority=\"high\" decoding=\"async\" class=\"aligncenter\" src=\"https:\/\/upload.wikimedia.org\/wikipedia\/commons\/f\/f0\/Jakezkerrien1960.jpg\" width=\"389\" height=\"586\" \/><\/p>\n<p style=\"text-align: center;\"><em>Jakez Derrien<\/em><\/p>\n<p style=\"text-align: justify;\">Tout en menant des \u00e9tudes th\u00e9ologiques, litt\u00e9raires et scientifiques, ces exil\u00e9s red\u00e9couvrent la langue bretonne \u00e0 l&rsquo;instigation du P\u00e8re M\u00fcller, le sup\u00e9rieur du couvent, qui les pr\u00e9pare ainsi \u00e0 la pr\u00e9dication dans leur milieu d&rsquo;origine. Persuad\u00e9 de n&rsquo;avoir pas la vocation missionnaire, Drezen revient en Bretagne en 1917 (ult\u00e9rieurement, sa nouvelle Sizhun ar Breur Arturo \u00e9voquera de fa\u00e7on romanc\u00e9e son renoncement \u00e0 la vocation6). Employ\u00e9 chez un marchand de vin du Guilvinec, il se r\u00e9approprie sa langue maternelle.<\/p>\n<p><strong>Breiz Atao<\/strong><\/p>\n<p style=\"text-align: justify;\">En 1920, il rencontre, \u00e0 l&rsquo;occasion de son service militaire \u00e0 Rennes dans le 505e r\u00e9giment de chars, les jeunes responsables de l&rsquo;Union de la Jeunesse Bretonne (Unvaniez Yaouankiz Breiz). Ce groupe r\u00e9gionaliste dirig\u00e9 par Morvan Marchal (20 ans) devient clairement nationaliste quand le tandem Olier Mordrel et Fransez Debeauvais lui succ\u00e8de en 1922. Drezen adh\u00e8re au groupe autonomiste. Rentr\u00e9 \u00e0 Pont-l&rsquo;Abb\u00e9 au printemps 1922, il devient photographe au studio Pierre. Il s&rsquo;investit dans une coop\u00e9rative pour diffuser les livres catholiques en breton, Emgleo sant Ildut, (Entente de Saint Ildut).<\/p>\n<p><strong>Journaliste<\/strong><\/p>\n<p style=\"text-align: justify;\">Sa carri\u00e8re de journaliste d\u00e9bute en 1924, il entre \u00e0 la r\u00e9daction brestoise de l&rsquo;hebdomadaire bilingue Le Courrier du Finist\u00e8re. Le r\u00e9dacteur en chef Corentin le Nours lui fait clairement comprendre qu&rsquo;il lui faut prendre <strong>des distances<\/strong> <strong>avec le mouvement autonomiste<\/strong>. Son ami Jakez Riou le rejoignit en 1928 o\u00f9 ils firent tandem dans la r\u00e9daction des articles en breton. L&rsquo;essentiel de ces articles relate les grands \u00e9v\u00e8nements de la vie religieuse dans le Finist\u00e8re. Drezen cependant signe plusieurs articles sur la vie internationale. \u00c9tats-Unis, Pologne, Allemagne, Russie o\u00f9 il d\u00e9nonce les massacres des paysans par Staline. En 1931, cong\u00e9di\u00e9, il passe \u00e0 la presse quotidienne en rejoignant la r\u00e9daction de Vannes de l&rsquo;Ouest-Journal, journal r\u00e9publicain qui venait d&rsquo;\u00eatre cr\u00e9\u00e9 pour concurrencer L&rsquo;Ouest-\u00c9clair. Correspondant local du journal, Il \u00e9crit uniquement en fran\u00e7ais sur des sujets tr\u00e8s divers. Le Journal arr\u00eate sa publication en novembre 1936. Youenn Drezen est licenci\u00e9 et se consacre \u00e0 l&rsquo;\u00e9criture en breton.<\/p>\n<p><img decoding=\"async\" class=\"aligncenter\" src=\"https:\/\/www.coop-breizh.fr\/img\/p\/4\/4\/2\/5\/6\/44256.jpg\" width=\"403\" height=\"596\" \/><\/p>\n<p style=\"text-align: justify;\">Parall\u00e8lement, il donne des traductions et des textes litt\u00e9raires \u00e0 Gwalarn, l&#8217;embl\u00e9matique revue litt\u00e9raire bretonnante fond\u00e9e par Roparz Hemon dont le premier num\u00e9ro para\u00eet en mars 1925 et dont il fut un collaborateur fid\u00e8le pendant pr\u00e8s de vingt ans. Dans les ann\u00e9es 1930, il diversifie ses collaborations litt\u00e9raires : il publie dans La Bretagne F\u00e9d\u00e9rale, dans Ar Falz, dans SAV, trois p\u00e9riodiques de gauche. Il marque sa solidarit\u00e9 avec les R\u00e9publicains espagnols en traduisant Iru Gudari de l&rsquo;\u00e9crivain basque Manuel de la Sota.<\/p>\n<p><strong>L&rsquo;Heure bretonne<\/strong><\/p>\n<p style=\"text-align: justify;\">D\u00e9mobilis\u00e9 en 1940, Youenn Drezen, ardent patriote breton, \u00e9crit des chroniques litt\u00e9raires ou politiques dans le journal du Parti National Breton, L&rsquo;Heure Bretonne, que l&rsquo;on peut se procurer aupr\u00e8s du Kuzul ar Brezhoneg ou, en ligne, sur <a href=\"https:\/\/www.amazon.fr\/Youenn-Drezenn-kelaouenner-bretonne-1941-1942-ebook\/dp\/B01K7G7UOA\/ref=sr_1_6\"><strong>Amazon<\/strong><\/a>.<\/p>\n<p style=\"text-align: justify;\">Il \u00e9crit \u00e9galement dans La Bretagne (Yann Fou\u00e9r\u00e9) et dans Arvor, hebdomadaire qu&rsquo;il dirige en 1943-1944. Il cr\u00e9e plusieurs pi\u00e8ces radiophoniques comiques pour la radio bilingue Radio Rennes-Bretagne.<\/p>\n<p style=\"text-align: justify;\">Apr\u00e8s la guerre, il tient un caf\u00e9 \u00e0 Nantes. Il revient au journalisme en 1961 \u00e0 Lorient au quotidien La Libert\u00e9 du Morbihan. Retrait\u00e9 en 1964, il d\u00e9c\u00e8de le 15 f\u00e9vrier 1972. Il repose au cimeti\u00e8re de Pont-l&rsquo;Abb\u00e9.<\/p>\n<p><strong>\u00c9crivain<\/strong><\/p>\n<p style=\"text-align: justify;\">L\u2019\u0153uvre litt\u00e9raire de Youenn Drezen est marqu\u00e9e par plusieurs \u00e9tapes. D\u00e8s 1921, il \u00e9crit : <strong>\u00ab J\u2019ai dans l\u2019id\u00e9e de devenir un \u00e9crivain dans ma langue nationale \u00bb<\/strong>. Il s\u2019exerce dans un premier temps \u00e0 la traduction : il publie une nouvelle de l\u2019Am\u00e9ricain Hawthorne dans le premier num\u00e9ro de Gwalarn, une revue cr\u00e9\u00e9e en 1925 qui veut ouvrir la litt\u00e9rature bretonne sur le monde. Il traduit ensuite l\u2019Irlandais Synge, le Grec Eschyle, la Britannique B.Potter, l\u2019Espagnol Calder\u00f3n, le N\u00e9erlandais G.T. Rotman (nl), le Juif-Yougoslave Isak Samokovlija, le basque Manuel de la Sota.<\/p>\n<p style=\"text-align: justify;\">C\u2019est en 1932 qu\u2019il publie ses premi\u00e8res \u0153uvres. Un long po\u00e8me Kan da Gornog (Chant \u00e0 l\u2019occident), qui raconte l\u2019\u00e9pop\u00e9e d\u2019un guerrier celte antique et surtout An Dour en-dro d\u2019an inizi (L\u2019eau autour des \u00eeles), une histoire d\u2019amour dans le golfe du Morbihan ou pour la premi\u00e8re fois est abord\u00e9 le th\u00e8me des relations charnelles entre gar\u00e7on et fille, ce qui est une r\u00e9volution dans les lettres bretonnes qui se d\u00e9marquent ainsi du poids de l\u2019\u00c9glise.<\/p>\n<p style=\"text-align: justify;\">En 1936, il publie le premier chapitre de son roman social Itron Varia Garmez (Notre Dame des Carmes) qui paraitra en 1941. Sur fond des gr\u00e9ves des ann\u00e9es 1930 \u00e0 Pont l\u2019Abb\u00e9, il raconte la soif d\u2019absolu d\u2019un jeune sculpteur qui veut cr\u00e9er son \u0153uvre maitresse, une statue d\u00e9di\u00e9e \u00e0 la Sainte patronne du lieu.<\/p>\n<p style=\"text-align: justify;\">La publication du roman Itron Varia Garmez est retard\u00e9e par le d\u00e9c\u00e8s de Jakez Riou, v\u00e9ritable fr\u00e8re de Drezen en litt\u00e9rature. Il lui consacre un num\u00e9ro entier de Gwalarn et un long po\u00e8me Nosvezh arkuz war beg an enezenn (Nuit de veille \u00e0 la pointe de l&rsquo;\u00eele).<\/p>\n<p style=\"text-align: justify;\">En 1947 il publie cinq pi\u00e8ces de th\u00e9\u00e2tre cr\u00e9\u00e9es pour la radio pendant la guerre sous le titre Youenn vras hag e leue et il signe une nouvelle consid\u00e9r\u00e9e comme son chef-d\u2019\u0153uvre Sizhun ar Breur Arturo (La semaine du fr\u00e8re Arthur)24 o\u00f9 il raconte les \u00e9mois d\u2019un jeune moine qui perd sa vocation \u00e0 la vue d\u2019une jeune femme qui vient prier dans la chapelle dont il a la charge.<\/p>\n<p style=\"text-align: justify;\">Youenn Drezen termine son cycle litt\u00e9raire par l\u2019\u00e9dition de Skol Louarn Veig Trebern (L\u2019\u00e9cole buissonni\u00e8re de Veig Trebern) en 1972, l\u2019ann\u00e9e de sa disparition. Ce dernier roman est compar\u00e9 par sa verve et sa truculence aux aventures de Tom Sawyer. Pr\u00e9fac\u00e9 par Pierre-Jakez H\u00e9lias, il est publi\u00e9 en fran\u00e7ais sous le titre L&rsquo;\u00e9cole du Renard en 1986.<\/p>\n<p><strong>Figure nationale combattue par les ennemis de la Bretagne<\/strong><\/p>\n<p><img decoding=\"async\" class=\"aligncenter\" src=\"https:\/\/partinationalbreton.com\/wp-content\/uploads\/2021\/12\/270099233_4783665731690240_8728563624417845146_n.jpg\" width=\"446\" height=\"598\" \/><\/p>\n<p style=\"text-align: center;\"><em>S\u00e9pulture de Youenn Drezen \u00e0 Pont l&rsquo;Abb\u00e9<\/em><\/p>\n<p style=\"text-align: justify;\">Reconnu en Bretagne comme un de ses \u00e9crivains majeurs, Youenn Drezen compte des rues \u00e0 son nom, comme \u00e0 Rennes. En 2020, la rue portant le nom de Youenn Drezen \u00e0 Pont l&rsquo;Abb\u00e9 est d\u00e9baptis\u00e9e au terme d&rsquo;une cabale foment\u00e9e par une poign\u00e9e de trotskistes fran\u00e7ais avec l&rsquo;aide du maire loyaliste de Pont l&rsquo;Abb\u00e9, Doar\u00e9. \u00a0Il en va de m\u00eame en 2022 \u00e0 Saint-Jean-Trollimon, pr\u00e8s de Pont l&rsquo;Abb\u00e9, dans les m\u00eames conditions. L&rsquo;Emsav proteste avec \u00e9nergie et s&rsquo;engage \u00e0 y rem\u00e9dier <strong>en temps et en heure<\/strong>, afin de donner une visibilit\u00e9 renouvel\u00e9e \u00e0 l&rsquo;\u00e9crivain breton dans la capitale du Pays bigouden. D\u00e9sormais tr\u00e8s \u00e2g\u00e9e et sans rel\u00e8ve, l&rsquo;opposition rouge ne pourra plus gu\u00e8re nuire \u00e0 la cause nationale, ni \u00e0 ses figures. Ce z\u00e8le \u00e9purateur, \u00e0 80 ans de distance, a tous les aspects du chant du cygne pour le r\u00e9sistantialisme.<\/p>\n<p style=\"text-align: right;\"><strong>Olwen Kerdrel<\/strong><\/p>\n","protected":false},"excerpt":{"rendered":"<p>EMSAV &#8211; Le 14 septembre 1899 Youenn Drezen, \u00ab\u00a0plus grand prosateur en langue bretonne du XXe si\u00e8cle\u00a0\u00bb (Larousse) na\u00eet \u00e0 Pont l&rsquo;Abb\u00e9. Il na\u00eet dans une famille modeste, son p\u00e8re est couvreur. Sa langue maternelle est le breton. Entre 1906 et 1911, il fr\u00e9quente l&rsquo;\u00e9cole Saint-Gabriel \u00e0 Pont-l&rsquo;Abb\u00e9. Son p\u00e8re d\u00e9c\u00e8de en 1911, laissant huit [&hellip;]<\/p>\n","protected":false},"author":1,"featured_media":2312,"comment_status":"open","ping_status":"open","sticky":false,"template":"","format":"standard","meta":{"sb_editor_width":"","footnotes":""},"categories":[74,50,65],"tags":[],"class_list":["post-2311","post","type-post","status-publish","format-standard","has-post-thumbnail","hentry","category-emsav","category-histoire-de-bretagne","category-principale"],"relative_dates":{"created":"2 ans ago","modified":"2 ans ago"},"yoast_head":"<!-- This site is optimized with the Yoast SEO plugin v26.3 - https:\/\/yoast.com\/wordpress\/plugins\/seo\/ -->\n<title>Emsav : 14 septembre 1899, naissance de l&#039;\u00e9crivain Youenn Drezen - STOURM<\/title>\n<meta name=\"robots\" content=\"index, follow, max-snippet:-1, max-image-preview:large, max-video-preview:-1\" \/>\n<link rel=\"canonical\" href=\"https:\/\/stourm.news\/?p=2311\" \/>\n<meta property=\"og:locale\" content=\"fr_FR\" \/>\n<meta property=\"og:type\" content=\"article\" \/>\n<meta property=\"og:title\" content=\"Emsav : 14 septembre 1899, naissance de l&#039;\u00e9crivain Youenn Drezen - STOURM\" \/>\n<meta property=\"og:description\" content=\"EMSAV &#8211; Le 14 septembre 1899 Youenn Drezen, \u00ab\u00a0plus grand prosateur en langue bretonne du XXe si\u00e8cle\u00a0\u00bb (Larousse) na\u00eet \u00e0 Pont l&rsquo;Abb\u00e9. Il na\u00eet dans une famille modeste, son p\u00e8re est couvreur. Sa langue maternelle est le breton. Entre 1906 et 1911, il fr\u00e9quente l&rsquo;\u00e9cole Saint-Gabriel \u00e0 Pont-l&rsquo;Abb\u00e9. Son p\u00e8re d\u00e9c\u00e8de en 1911, laissant huit [&hellip;]\" \/>\n<meta property=\"og:url\" content=\"https:\/\/stourm.news\/?p=2311\" \/>\n<meta property=\"og:site_name\" content=\"STOURM\" \/>\n<meta property=\"article:publisher\" content=\"https:\/\/www.facebook.com\/stourmnews\/\" \/>\n<meta property=\"article:published_time\" content=\"2024-09-14T04:50:26+00:00\" \/>\n<meta property=\"og:image\" content=\"https:\/\/stourm.news\/wp-content\/uploads\/2024\/09\/63e33dfa709fcd3deb12d6b0.webp\" \/>\n\t<meta property=\"og:image:width\" content=\"1200\" \/>\n\t<meta property=\"og:image:height\" content=\"750\" \/>\n\t<meta property=\"og:image:type\" content=\"image\/webp\" \/>\n<meta name=\"author\" content=\"La r\u00e9daction\" \/>\n<meta name=\"twitter:card\" content=\"summary_large_image\" \/>\n<meta name=\"twitter:label1\" content=\"\u00c9crit par\" \/>\n\t<meta name=\"twitter:data1\" content=\"La r\u00e9daction\" \/>\n\t<meta name=\"twitter:label2\" content=\"Dur\u00e9e de lecture estim\u00e9e\" \/>\n\t<meta name=\"twitter:data2\" content=\"7 minutes\" \/>\n<script type=\"application\/ld+json\" class=\"yoast-schema-graph\">{\"@context\":\"https:\/\/schema.org\",\"@graph\":[{\"@type\":\"Article\",\"@id\":\"https:\/\/stourm.news\/?p=2311#article\",\"isPartOf\":{\"@id\":\"https:\/\/stourm.news\/?p=2311\"},\"author\":{\"name\":\"La r\u00e9daction\",\"@id\":\"https:\/\/stourm.news\/#\/schema\/person\/c3e1dc65988632e190969234ef046cf9\"},\"headline\":\"Emsav : 14 septembre 1899, naissance de l&rsquo;\u00e9crivain Youenn Drezen\",\"datePublished\":\"2024-09-14T04:50:26+00:00\",\"mainEntityOfPage\":{\"@id\":\"https:\/\/stourm.news\/?p=2311\"},\"wordCount\":1319,\"commentCount\":0,\"publisher\":{\"@id\":\"https:\/\/stourm.news\/#organization\"},\"image\":{\"@id\":\"https:\/\/stourm.news\/?p=2311#primaryimage\"},\"thumbnailUrl\":\"https:\/\/stourm.news\/wp-content\/uploads\/2024\/09\/63e33dfa709fcd3deb12d6b0.webp\",\"articleSection\":[\"Emsav\",\"Histoire de Bretagne\",\"Principale\"],\"inLanguage\":\"fr-FR\",\"potentialAction\":[{\"@type\":\"CommentAction\",\"name\":\"Comment\",\"target\":[\"https:\/\/stourm.news\/?p=2311#respond\"]}]},{\"@type\":\"WebPage\",\"@id\":\"https:\/\/stourm.news\/?p=2311\",\"url\":\"https:\/\/stourm.news\/?p=2311\",\"name\":\"Emsav : 14 septembre 1899, naissance de l'\u00e9crivain Youenn Drezen - STOURM\",\"isPartOf\":{\"@id\":\"https:\/\/stourm.news\/#website\"},\"primaryImageOfPage\":{\"@id\":\"https:\/\/stourm.news\/?p=2311#primaryimage\"},\"image\":{\"@id\":\"https:\/\/stourm.news\/?p=2311#primaryimage\"},\"thumbnailUrl\":\"https:\/\/stourm.news\/wp-content\/uploads\/2024\/09\/63e33dfa709fcd3deb12d6b0.webp\",\"datePublished\":\"2024-09-14T04:50:26+00:00\",\"breadcrumb\":{\"@id\":\"https:\/\/stourm.news\/?p=2311#breadcrumb\"},\"inLanguage\":\"fr-FR\",\"potentialAction\":[{\"@type\":\"ReadAction\",\"target\":[\"https:\/\/stourm.news\/?p=2311\"]}]},{\"@type\":\"ImageObject\",\"inLanguage\":\"fr-FR\",\"@id\":\"https:\/\/stourm.news\/?p=2311#primaryimage\",\"url\":\"https:\/\/stourm.news\/wp-content\/uploads\/2024\/09\/63e33dfa709fcd3deb12d6b0.webp\",\"contentUrl\":\"https:\/\/stourm.news\/wp-content\/uploads\/2024\/09\/63e33dfa709fcd3deb12d6b0.webp\",\"width\":1200,\"height\":750},{\"@type\":\"BreadcrumbList\",\"@id\":\"https:\/\/stourm.news\/?p=2311#breadcrumb\",\"itemListElement\":[{\"@type\":\"ListItem\",\"position\":1,\"name\":\"Accueil\",\"item\":\"https:\/\/stourm.news\/\"},{\"@type\":\"ListItem\",\"position\":2,\"name\":\"Emsav : 14 septembre 1899, naissance de l&rsquo;\u00e9crivain Youenn Drezen\"}]},{\"@type\":\"WebSite\",\"@id\":\"https:\/\/stourm.news\/#website\",\"url\":\"https:\/\/stourm.news\/\",\"name\":\"Stourm\",\"description\":\"Kazetenn Strollad Broadel Breizh\",\"publisher\":{\"@id\":\"https:\/\/stourm.news\/#organization\"},\"potentialAction\":[{\"@type\":\"SearchAction\",\"target\":{\"@type\":\"EntryPoint\",\"urlTemplate\":\"https:\/\/stourm.news\/?s={search_term_string}\"},\"query-input\":{\"@type\":\"PropertyValueSpecification\",\"valueRequired\":true,\"valueName\":\"search_term_string\"}}],\"inLanguage\":\"fr-FR\"},{\"@type\":\"Organization\",\"@id\":\"https:\/\/stourm.news\/#organization\",\"name\":\"Stourm\",\"url\":\"https:\/\/stourm.news\/\",\"logo\":{\"@type\":\"ImageObject\",\"inLanguage\":\"fr-FR\",\"@id\":\"https:\/\/stourm.news\/#\/schema\/logo\/image\/\",\"url\":\"https:\/\/stourm.news\/wp-content\/uploads\/2025\/11\/cropped-Capture-decran-2025-11-28-a-15.19.07.png\",\"contentUrl\":\"https:\/\/stourm.news\/wp-content\/uploads\/2025\/11\/cropped-Capture-decran-2025-11-28-a-15.19.07.png\",\"width\":1855,\"height\":383,\"caption\":\"Stourm\"},\"image\":{\"@id\":\"https:\/\/stourm.news\/#\/schema\/logo\/image\/\"},\"sameAs\":[\"https:\/\/www.facebook.com\/stourmnews\/\"]},{\"@type\":\"Person\",\"@id\":\"https:\/\/stourm.news\/#\/schema\/person\/c3e1dc65988632e190969234ef046cf9\",\"name\":\"La r\u00e9daction\",\"image\":{\"@type\":\"ImageObject\",\"inLanguage\":\"fr-FR\",\"@id\":\"https:\/\/stourm.news\/#\/schema\/person\/image\/\",\"url\":\"https:\/\/secure.gravatar.com\/avatar\/7463443f194b6b5fb706b074ca0ef59a0cfcfd720cb47764b0ec5a952ce422b3?s=96&d=mm&r=g\",\"contentUrl\":\"https:\/\/secure.gravatar.com\/avatar\/7463443f194b6b5fb706b074ca0ef59a0cfcfd720cb47764b0ec5a952ce422b3?s=96&d=mm&r=g\",\"caption\":\"La r\u00e9daction\"},\"sameAs\":[\"https:\/\/stourm.news\"],\"url\":\"https:\/\/stourm.news\/?author=1\"}]}<\/script>\n<!-- \/ Yoast SEO plugin. -->","yoast_head_json":{"title":"Emsav : 14 septembre 1899, naissance de l'\u00e9crivain Youenn Drezen - STOURM","robots":{"index":"index","follow":"follow","max-snippet":"max-snippet:-1","max-image-preview":"max-image-preview:large","max-video-preview":"max-video-preview:-1"},"canonical":"https:\/\/stourm.news\/?p=2311","og_locale":"fr_FR","og_type":"article","og_title":"Emsav : 14 septembre 1899, naissance de l'\u00e9crivain Youenn Drezen - STOURM","og_description":"EMSAV &#8211; Le 14 septembre 1899 Youenn Drezen, \u00ab\u00a0plus grand prosateur en langue bretonne du XXe si\u00e8cle\u00a0\u00bb (Larousse) na\u00eet \u00e0 Pont l&rsquo;Abb\u00e9. Il na\u00eet dans une famille modeste, son p\u00e8re est couvreur. Sa langue maternelle est le breton. Entre 1906 et 1911, il fr\u00e9quente l&rsquo;\u00e9cole Saint-Gabriel \u00e0 Pont-l&rsquo;Abb\u00e9. Son p\u00e8re d\u00e9c\u00e8de en 1911, laissant huit [&hellip;]","og_url":"https:\/\/stourm.news\/?p=2311","og_site_name":"STOURM","article_publisher":"https:\/\/www.facebook.com\/stourmnews\/","article_published_time":"2024-09-14T04:50:26+00:00","og_image":[{"width":1200,"height":750,"url":"https:\/\/stourm.news\/wp-content\/uploads\/2024\/09\/63e33dfa709fcd3deb12d6b0.webp","type":"image\/webp"}],"author":"La r\u00e9daction","twitter_card":"summary_large_image","twitter_misc":{"\u00c9crit par":"La r\u00e9daction","Dur\u00e9e de lecture estim\u00e9e":"7 minutes"},"schema":{"@context":"https:\/\/schema.org","@graph":[{"@type":"Article","@id":"https:\/\/stourm.news\/?p=2311#article","isPartOf":{"@id":"https:\/\/stourm.news\/?p=2311"},"author":{"name":"La r\u00e9daction","@id":"https:\/\/stourm.news\/#\/schema\/person\/c3e1dc65988632e190969234ef046cf9"},"headline":"Emsav : 14 septembre 1899, naissance de l&rsquo;\u00e9crivain Youenn Drezen","datePublished":"2024-09-14T04:50:26+00:00","mainEntityOfPage":{"@id":"https:\/\/stourm.news\/?p=2311"},"wordCount":1319,"commentCount":0,"publisher":{"@id":"https:\/\/stourm.news\/#organization"},"image":{"@id":"https:\/\/stourm.news\/?p=2311#primaryimage"},"thumbnailUrl":"https:\/\/stourm.news\/wp-content\/uploads\/2024\/09\/63e33dfa709fcd3deb12d6b0.webp","articleSection":["Emsav","Histoire de Bretagne","Principale"],"inLanguage":"fr-FR","potentialAction":[{"@type":"CommentAction","name":"Comment","target":["https:\/\/stourm.news\/?p=2311#respond"]}]},{"@type":"WebPage","@id":"https:\/\/stourm.news\/?p=2311","url":"https:\/\/stourm.news\/?p=2311","name":"Emsav : 14 septembre 1899, naissance de l'\u00e9crivain Youenn Drezen - STOURM","isPartOf":{"@id":"https:\/\/stourm.news\/#website"},"primaryImageOfPage":{"@id":"https:\/\/stourm.news\/?p=2311#primaryimage"},"image":{"@id":"https:\/\/stourm.news\/?p=2311#primaryimage"},"thumbnailUrl":"https:\/\/stourm.news\/wp-content\/uploads\/2024\/09\/63e33dfa709fcd3deb12d6b0.webp","datePublished":"2024-09-14T04:50:26+00:00","breadcrumb":{"@id":"https:\/\/stourm.news\/?p=2311#breadcrumb"},"inLanguage":"fr-FR","potentialAction":[{"@type":"ReadAction","target":["https:\/\/stourm.news\/?p=2311"]}]},{"@type":"ImageObject","inLanguage":"fr-FR","@id":"https:\/\/stourm.news\/?p=2311#primaryimage","url":"https:\/\/stourm.news\/wp-content\/uploads\/2024\/09\/63e33dfa709fcd3deb12d6b0.webp","contentUrl":"https:\/\/stourm.news\/wp-content\/uploads\/2024\/09\/63e33dfa709fcd3deb12d6b0.webp","width":1200,"height":750},{"@type":"BreadcrumbList","@id":"https:\/\/stourm.news\/?p=2311#breadcrumb","itemListElement":[{"@type":"ListItem","position":1,"name":"Accueil","item":"https:\/\/stourm.news\/"},{"@type":"ListItem","position":2,"name":"Emsav : 14 septembre 1899, naissance de l&rsquo;\u00e9crivain Youenn Drezen"}]},{"@type":"WebSite","@id":"https:\/\/stourm.news\/#website","url":"https:\/\/stourm.news\/","name":"Stourm","description":"Kazetenn Strollad Broadel Breizh","publisher":{"@id":"https:\/\/stourm.news\/#organization"},"potentialAction":[{"@type":"SearchAction","target":{"@type":"EntryPoint","urlTemplate":"https:\/\/stourm.news\/?s={search_term_string}"},"query-input":{"@type":"PropertyValueSpecification","valueRequired":true,"valueName":"search_term_string"}}],"inLanguage":"fr-FR"},{"@type":"Organization","@id":"https:\/\/stourm.news\/#organization","name":"Stourm","url":"https:\/\/stourm.news\/","logo":{"@type":"ImageObject","inLanguage":"fr-FR","@id":"https:\/\/stourm.news\/#\/schema\/logo\/image\/","url":"https:\/\/stourm.news\/wp-content\/uploads\/2025\/11\/cropped-Capture-decran-2025-11-28-a-15.19.07.png","contentUrl":"https:\/\/stourm.news\/wp-content\/uploads\/2025\/11\/cropped-Capture-decran-2025-11-28-a-15.19.07.png","width":1855,"height":383,"caption":"Stourm"},"image":{"@id":"https:\/\/stourm.news\/#\/schema\/logo\/image\/"},"sameAs":["https:\/\/www.facebook.com\/stourmnews\/"]},{"@type":"Person","@id":"https:\/\/stourm.news\/#\/schema\/person\/c3e1dc65988632e190969234ef046cf9","name":"La r\u00e9daction","image":{"@type":"ImageObject","inLanguage":"fr-FR","@id":"https:\/\/stourm.news\/#\/schema\/person\/image\/","url":"https:\/\/secure.gravatar.com\/avatar\/7463443f194b6b5fb706b074ca0ef59a0cfcfd720cb47764b0ec5a952ce422b3?s=96&d=mm&r=g","contentUrl":"https:\/\/secure.gravatar.com\/avatar\/7463443f194b6b5fb706b074ca0ef59a0cfcfd720cb47764b0ec5a952ce422b3?s=96&d=mm&r=g","caption":"La r\u00e9daction"},"sameAs":["https:\/\/stourm.news"],"url":"https:\/\/stourm.news\/?author=1"}]}},"_links":{"self":[{"href":"https:\/\/stourm.news\/index.php?rest_route=\/wp\/v2\/posts\/2311","targetHints":{"allow":["GET"]}}],"collection":[{"href":"https:\/\/stourm.news\/index.php?rest_route=\/wp\/v2\/posts"}],"about":[{"href":"https:\/\/stourm.news\/index.php?rest_route=\/wp\/v2\/types\/post"}],"author":[{"embeddable":true,"href":"https:\/\/stourm.news\/index.php?rest_route=\/wp\/v2\/users\/1"}],"replies":[{"embeddable":true,"href":"https:\/\/stourm.news\/index.php?rest_route=%2Fwp%2Fv2%2Fcomments&post=2311"}],"version-history":[{"count":1,"href":"https:\/\/stourm.news\/index.php?rest_route=\/wp\/v2\/posts\/2311\/revisions"}],"predecessor-version":[{"id":2313,"href":"https:\/\/stourm.news\/index.php?rest_route=\/wp\/v2\/posts\/2311\/revisions\/2313"}],"wp:featuredmedia":[{"embeddable":true,"href":"https:\/\/stourm.news\/index.php?rest_route=\/wp\/v2\/media\/2312"}],"wp:attachment":[{"href":"https:\/\/stourm.news\/index.php?rest_route=%2Fwp%2Fv2%2Fmedia&parent=2311"}],"wp:term":[{"taxonomy":"category","embeddable":true,"href":"https:\/\/stourm.news\/index.php?rest_route=%2Fwp%2Fv2%2Fcategories&post=2311"},{"taxonomy":"post_tag","embeddable":true,"href":"https:\/\/stourm.news\/index.php?rest_route=%2Fwp%2Fv2%2Ftags&post=2311"}],"curies":[{"name":"wp","href":"https:\/\/api.w.org\/{rel}","templated":true}]}}