{"id":2314,"date":"2024-09-14T10:53:24","date_gmt":"2024-09-14T10:53:24","guid":{"rendered":"https:\/\/stourm.news\/?p=2314"},"modified":"2024-09-14T10:55:31","modified_gmt":"2024-09-14T10:55:31","slug":"lillusion-federaliste-une-lassante-recidive-editorial","status":"publish","type":"post","link":"https:\/\/stourm.news\/?p=2314","title":{"rendered":"L&rsquo;illusion f\u00e9d\u00e9raliste, une lassante r\u00e9cidive (\u00c9ditorial)"},"content":{"rendered":"<p style=\"text-align: justify;\">En Bretagne, il n&rsquo;est pas peu dire que les f\u00e9d\u00e9ralistes ont contribu\u00e9 \u00e0 ralentir l&rsquo;\u00e9mergence de la conscience nationale bretonne. Si aujourd&rsquo;hui ce courant n&rsquo;a plus gu\u00e8re d&rsquo;existence, ni d&rsquo;activit\u00e9, il refait de temps \u00e0 autre surface avec l&rsquo;\u00e9ternelle position consistant \u00e0 m\u00e9nager la ch\u00e8vre et le chou propre \u00e0 ce courant. L&rsquo;Association des F\u00e9d\u00e9ralistes Bretons vient de publier <strong><a href=\"https:\/\/www.nhu.bzh\/manifeste-breton-pour-une-republique-refondee\/\">un manifeste<\/a><\/strong> qui m\u00e9rite \u00e0 ce titre une critique.<\/p>\n<p style=\"text-align: justify;\">Les f\u00e9d\u00e9ralistes de Bretagne aiment \u00e0 se poser en \u00ab\u00a0r\u00e9alistes\u00a0\u00bb par opposition aux nationalistes bretons dont l&rsquo;engagement pour l&rsquo;\u00c9tat breton serait la preuve d&rsquo;un s\u00e9rieux manque de sens politique. Ainsi, au nom de ce sage \u00ab\u00a0r\u00e9alisme\u00a0\u00bb, les f\u00e9d\u00e9ralistes bretons, comme les autonomistes du reste, se donnent pour objectif plus mesur\u00e9 de r\u00e9former la France du sol au plafond &#8211; depuis Brest ou Rennes &#8211; sans se soucier de ce que les Fran\u00e7ais en pensent. Il n&rsquo;effleure jamais l&rsquo;esprit de ces f\u00e9d\u00e9ralistes que les Fran\u00e7ais, dans leur immense majorit\u00e9, refusent avec v\u00e9h\u00e9mence toute atteinte \u00e0 l&rsquo;architecture de l&rsquo;\u00c9tat moderne fran\u00e7ais h\u00e9rit\u00e9 de Louis XIV, de Robespierre et de Bonaparte.<\/p>\n<p style=\"text-align: justify;\">On peut ainsi lire dans ledit manifeste que <strong>\u00ab\u00a0les Bretons d\u00e9cident d\u2019\u00eatre \u00e0 la pointe d\u2019une union des autres peuples et territoires qui partout sur l\u2019hexagone s\u2019engagent pour une R\u00e9publique refond\u00e9e d\u2019inspiration f\u00e9d\u00e9raliste\u00a0\u00bb<\/strong>. \u00ab\u00a0Peuple\u00a0\u00bb et \u00ab\u00a0territoire\u00a0\u00bb sont deux choses distinctes que l&rsquo;on ne saurait amalgamer au risque de r\u00e9duire les droits des nations de l&rsquo;Hexagone \u00e0 une question de pure administration d&rsquo;ordre g\u00e9ographique. Nous voyons ici l&rsquo;implicite du f\u00e9d\u00e9ralisme en Bretagne : r\u00e9duire la Bretagne \u00e0 une \u00ab\u00a0r\u00e9gion\u00a0\u00bb et tenter de faire passer la nationalit\u00e9 bretonne en contrebande sous couvert de \u00ab\u00a0r\u00e9former\u00a0\u00bb la France. C&rsquo;est une grave faute morale et politique que de ne pas affirmer notre nationalit\u00e9. C&rsquo;est l&rsquo;ench\u00e2sser dans le statu quo de la francisation. Faire respecter la Bretagne comme une nation d&rsquo;Europe \u00e0 part enti\u00e8re est la pr\u00e9-condition \u00e0 toute changement radical de l&rsquo;ordre existant.<\/p>\n<p style=\"text-align: justify;\">Nous relevons ici et l\u00e0 dans ce manifeste quelques propositions qui, prises en elles-m\u00eames, pourraient avoir une utilit\u00e9 de court ou moyen terme. Le principe de la souverainet\u00e9 de la Bretagne quant \u00e0 la collecte de l&rsquo;imp\u00f4t est certainement une mesure essentielle dans le cadre de l&rsquo;accession progressive \u00e0 l&rsquo;ind\u00e9pendance. La souverainet\u00e9 en mati\u00e8re linguistique et culturelle \u00e9galement. La suppression des pr\u00e9fets et des d\u00e9partements au profit du Conseil \u00ab\u00a0r\u00e9gional\u00a0\u00bb de Bretagne contribuerait \u00e0 renforcer le poids politique de la nation bretonne face \u00e0 l&rsquo;\u00c9tat fran\u00e7ais. Ces revendications figurent d&rsquo;ailleurs toutes dans<a href=\"https:\/\/partinationalbreton.com\/wp-content\/uploads\/2024\/07\/ProgrammeExigencesDuPNB.pdf\"><strong> le programme interm\u00e9diaire<\/strong><\/a> du Parti National Breton.<\/p>\n<p style=\"text-align: justify;\">Mais les nationalistes ne croient pas aux demi-causes, ni aux demi-mesures. Si la nation bretonne existe, elle a des droits nationaux. D\u00e8s lors, elle doit lutter pour ces droits sans se soucier de ce que les Fran\u00e7ais en pensent et encore moins en alimentant cette illusion qu&rsquo;est la \u00ab\u00a0refondation\u00a0\u00bb miraculeuse d&rsquo;un vieil \u00e9tat imp\u00e9rialiste comme l&rsquo;\u00c9tat fran\u00e7ais. L&rsquo;\u00c9tat fran\u00e7ais est irr\u00e9formable car sa nature et sa l\u00e9gitimit\u00e9 historique proc\u00e8dent d&rsquo;une id\u00e9ologie absolue, l&rsquo;\u00e9galitarisme r\u00e9volutionnaire h\u00e9rit\u00e9 de la Convention de 1793. Si bien s\u00fbr le pragmatisme impose une lutte pied \u00e0 pied pour arracher une reconnaissance concr\u00e8te de nos droits, il ne faut pas r\u00e9duire la cause de la nation bretonne avec le r\u00e9formisme. La nation bretonne se suffit \u00e0 elle-m\u00eame et elle ne peut pas se subordonner \u00e0 une id\u00e9e comme le f\u00e9d\u00e9ralisme qui n&rsquo;est qu&rsquo;une technique d&rsquo;administration, voire une philosophie politique, et non pas une r\u00e9alit\u00e9 vivante, \u00e0 la diff\u00e9rence d&rsquo;une nation.<\/p>\n<p style=\"text-align: justify;\">Le 21e si\u00e8cle pour la Bretagne est le si\u00e8cle de l&rsquo;\u00c9tat, mais pas de l&rsquo;\u00e9tatisme. Les Bretons doivent op\u00e9rer le saut historique dont la France les a priv\u00e9s au 16e si\u00e8cle en annexant notre pays. Ce saut implique d&rsquo;avoir une conscience claire de ce que nous sommes, une nation, et de ne pas tergiverser quant \u00e0 ce qui nous revient : la libert\u00e9 nationale et son instrument, l&rsquo;\u00c9tat. Les personnes qui croient au pragmatisme verront que la marche vers l&rsquo;ind\u00e9pendance par l&rsquo;\u00c9tat breton telle que propos\u00e9e par le Parti National Breton est la seule possible, la seule r\u00e9aliste. Une marche qui associe notre droit inali\u00e9nable \u00e0 l&rsquo;autod\u00e9termination avec un programme progressif d&rsquo;accession \u00e0 l&rsquo;ind\u00e9pendance en passant par l&rsquo;autonomie.<\/p>\n<p style=\"text-align: right;\"><strong>Ewen Broch&rsquo;an<\/strong><\/p>\n","protected":false},"excerpt":{"rendered":"<p>En Bretagne, il n&rsquo;est pas peu dire que les f\u00e9d\u00e9ralistes ont contribu\u00e9 \u00e0 ralentir l&rsquo;\u00e9mergence de la conscience nationale bretonne. Si aujourd&rsquo;hui ce courant n&rsquo;a plus gu\u00e8re d&rsquo;existence, ni d&rsquo;activit\u00e9, il refait de temps \u00e0 autre surface avec l&rsquo;\u00e9ternelle position consistant \u00e0 m\u00e9nager la ch\u00e8vre et le chou propre \u00e0 ce courant. L&rsquo;Association des F\u00e9d\u00e9ralistes [&hellip;]<\/p>\n","protected":false},"author":1,"featured_media":2315,"comment_status":"open","ping_status":"open","sticky":false,"template":"","format":"standard","meta":{"sb_editor_width":"","footnotes":""},"categories":[63,65],"tags":[],"class_list":["post-2314","post","type-post","status-publish","format-standard","has-post-thumbnail","hentry","category-editorial","category-principale"],"relative_dates":{"created":"2 ans ago","modified":"2 ans ago"},"yoast_head":"<!-- This site is optimized with the Yoast SEO plugin v26.3 - https:\/\/yoast.com\/wordpress\/plugins\/seo\/ -->\n<title>L&#039;illusion f\u00e9d\u00e9raliste, une lassante r\u00e9cidive (\u00c9ditorial) - STOURM<\/title>\n<meta name=\"robots\" content=\"index, follow, max-snippet:-1, max-image-preview:large, max-video-preview:-1\" \/>\n<link rel=\"canonical\" href=\"https:\/\/stourm.news\/?p=2314\" \/>\n<meta property=\"og:locale\" content=\"fr_FR\" \/>\n<meta property=\"og:type\" content=\"article\" \/>\n<meta property=\"og:title\" content=\"L&#039;illusion f\u00e9d\u00e9raliste, une lassante r\u00e9cidive (\u00c9ditorial) - STOURM\" \/>\n<meta property=\"og:description\" content=\"En Bretagne, il n&rsquo;est pas peu dire que les f\u00e9d\u00e9ralistes ont contribu\u00e9 \u00e0 ralentir l&rsquo;\u00e9mergence de la conscience nationale bretonne. Si aujourd&rsquo;hui ce courant n&rsquo;a plus gu\u00e8re d&rsquo;existence, ni d&rsquo;activit\u00e9, il refait de temps \u00e0 autre surface avec l&rsquo;\u00e9ternelle position consistant \u00e0 m\u00e9nager la ch\u00e8vre et le chou propre \u00e0 ce courant. L&rsquo;Association des F\u00e9d\u00e9ralistes [&hellip;]\" \/>\n<meta property=\"og:url\" content=\"https:\/\/stourm.news\/?p=2314\" \/>\n<meta property=\"og:site_name\" content=\"STOURM\" \/>\n<meta property=\"article:publisher\" content=\"https:\/\/www.facebook.com\/stourmnews\/\" \/>\n<meta property=\"article:published_time\" content=\"2024-09-14T10:53:24+00:00\" \/>\n<meta property=\"article:modified_time\" content=\"2024-09-14T10:55:31+00:00\" \/>\n<meta property=\"og:image\" content=\"https:\/\/stourm.news\/wp-content\/uploads\/2024\/09\/AdobeStock_386120578-scaled.webp\" \/>\n\t<meta property=\"og:image:width\" content=\"2560\" \/>\n\t<meta property=\"og:image:height\" content=\"1440\" \/>\n\t<meta property=\"og:image:type\" content=\"image\/webp\" \/>\n<meta name=\"author\" content=\"La r\u00e9daction\" \/>\n<meta name=\"twitter:card\" content=\"summary_large_image\" \/>\n<meta name=\"twitter:label1\" content=\"\u00c9crit par\" \/>\n\t<meta name=\"twitter:data1\" content=\"La r\u00e9daction\" \/>\n\t<meta name=\"twitter:label2\" content=\"Dur\u00e9e de lecture estim\u00e9e\" \/>\n\t<meta name=\"twitter:data2\" content=\"4 minutes\" \/>\n<script type=\"application\/ld+json\" class=\"yoast-schema-graph\">{\"@context\":\"https:\/\/schema.org\",\"@graph\":[{\"@type\":\"Article\",\"@id\":\"https:\/\/stourm.news\/?p=2314#article\",\"isPartOf\":{\"@id\":\"https:\/\/stourm.news\/?p=2314\"},\"author\":{\"name\":\"La r\u00e9daction\",\"@id\":\"https:\/\/stourm.news\/#\/schema\/person\/c3e1dc65988632e190969234ef046cf9\"},\"headline\":\"L&rsquo;illusion f\u00e9d\u00e9raliste, une lassante r\u00e9cidive (\u00c9ditorial)\",\"datePublished\":\"2024-09-14T10:53:24+00:00\",\"dateModified\":\"2024-09-14T10:55:31+00:00\",\"mainEntityOfPage\":{\"@id\":\"https:\/\/stourm.news\/?p=2314\"},\"wordCount\":805,\"commentCount\":0,\"publisher\":{\"@id\":\"https:\/\/stourm.news\/#organization\"},\"image\":{\"@id\":\"https:\/\/stourm.news\/?p=2314#primaryimage\"},\"thumbnailUrl\":\"https:\/\/stourm.news\/wp-content\/uploads\/2024\/09\/AdobeStock_386120578-scaled.webp\",\"articleSection\":[\"Editorial\",\"Principale\"],\"inLanguage\":\"fr-FR\",\"potentialAction\":[{\"@type\":\"CommentAction\",\"name\":\"Comment\",\"target\":[\"https:\/\/stourm.news\/?p=2314#respond\"]}]},{\"@type\":\"WebPage\",\"@id\":\"https:\/\/stourm.news\/?p=2314\",\"url\":\"https:\/\/stourm.news\/?p=2314\",\"name\":\"L'illusion f\u00e9d\u00e9raliste, une lassante r\u00e9cidive (\u00c9ditorial) - STOURM\",\"isPartOf\":{\"@id\":\"https:\/\/stourm.news\/#website\"},\"primaryImageOfPage\":{\"@id\":\"https:\/\/stourm.news\/?p=2314#primaryimage\"},\"image\":{\"@id\":\"https:\/\/stourm.news\/?p=2314#primaryimage\"},\"thumbnailUrl\":\"https:\/\/stourm.news\/wp-content\/uploads\/2024\/09\/AdobeStock_386120578-scaled.webp\",\"datePublished\":\"2024-09-14T10:53:24+00:00\",\"dateModified\":\"2024-09-14T10:55:31+00:00\",\"breadcrumb\":{\"@id\":\"https:\/\/stourm.news\/?p=2314#breadcrumb\"},\"inLanguage\":\"fr-FR\",\"potentialAction\":[{\"@type\":\"ReadAction\",\"target\":[\"https:\/\/stourm.news\/?p=2314\"]}]},{\"@type\":\"ImageObject\",\"inLanguage\":\"fr-FR\",\"@id\":\"https:\/\/stourm.news\/?p=2314#primaryimage\",\"url\":\"https:\/\/stourm.news\/wp-content\/uploads\/2024\/09\/AdobeStock_386120578-scaled.webp\",\"contentUrl\":\"https:\/\/stourm.news\/wp-content\/uploads\/2024\/09\/AdobeStock_386120578-scaled.webp\",\"width\":2560,\"height\":1440},{\"@type\":\"BreadcrumbList\",\"@id\":\"https:\/\/stourm.news\/?p=2314#breadcrumb\",\"itemListElement\":[{\"@type\":\"ListItem\",\"position\":1,\"name\":\"Accueil\",\"item\":\"https:\/\/stourm.news\/\"},{\"@type\":\"ListItem\",\"position\":2,\"name\":\"L&rsquo;illusion f\u00e9d\u00e9raliste, une lassante r\u00e9cidive (\u00c9ditorial)\"}]},{\"@type\":\"WebSite\",\"@id\":\"https:\/\/stourm.news\/#website\",\"url\":\"https:\/\/stourm.news\/\",\"name\":\"Stourm\",\"description\":\"Kazetenn Strollad Broadel Breizh\",\"publisher\":{\"@id\":\"https:\/\/stourm.news\/#organization\"},\"potentialAction\":[{\"@type\":\"SearchAction\",\"target\":{\"@type\":\"EntryPoint\",\"urlTemplate\":\"https:\/\/stourm.news\/?s={search_term_string}\"},\"query-input\":{\"@type\":\"PropertyValueSpecification\",\"valueRequired\":true,\"valueName\":\"search_term_string\"}}],\"inLanguage\":\"fr-FR\"},{\"@type\":\"Organization\",\"@id\":\"https:\/\/stourm.news\/#organization\",\"name\":\"Stourm\",\"url\":\"https:\/\/stourm.news\/\",\"logo\":{\"@type\":\"ImageObject\",\"inLanguage\":\"fr-FR\",\"@id\":\"https:\/\/stourm.news\/#\/schema\/logo\/image\/\",\"url\":\"https:\/\/stourm.news\/wp-content\/uploads\/2025\/11\/cropped-Capture-decran-2025-11-28-a-15.19.07.png\",\"contentUrl\":\"https:\/\/stourm.news\/wp-content\/uploads\/2025\/11\/cropped-Capture-decran-2025-11-28-a-15.19.07.png\",\"width\":1855,\"height\":383,\"caption\":\"Stourm\"},\"image\":{\"@id\":\"https:\/\/stourm.news\/#\/schema\/logo\/image\/\"},\"sameAs\":[\"https:\/\/www.facebook.com\/stourmnews\/\"]},{\"@type\":\"Person\",\"@id\":\"https:\/\/stourm.news\/#\/schema\/person\/c3e1dc65988632e190969234ef046cf9\",\"name\":\"La r\u00e9daction\",\"image\":{\"@type\":\"ImageObject\",\"inLanguage\":\"fr-FR\",\"@id\":\"https:\/\/stourm.news\/#\/schema\/person\/image\/\",\"url\":\"https:\/\/secure.gravatar.com\/avatar\/7463443f194b6b5fb706b074ca0ef59a0cfcfd720cb47764b0ec5a952ce422b3?s=96&d=mm&r=g\",\"contentUrl\":\"https:\/\/secure.gravatar.com\/avatar\/7463443f194b6b5fb706b074ca0ef59a0cfcfd720cb47764b0ec5a952ce422b3?s=96&d=mm&r=g\",\"caption\":\"La r\u00e9daction\"},\"sameAs\":[\"https:\/\/stourm.news\"],\"url\":\"https:\/\/stourm.news\/?author=1\"}]}<\/script>\n<!-- \/ Yoast SEO plugin. -->","yoast_head_json":{"title":"L'illusion f\u00e9d\u00e9raliste, une lassante r\u00e9cidive (\u00c9ditorial) - STOURM","robots":{"index":"index","follow":"follow","max-snippet":"max-snippet:-1","max-image-preview":"max-image-preview:large","max-video-preview":"max-video-preview:-1"},"canonical":"https:\/\/stourm.news\/?p=2314","og_locale":"fr_FR","og_type":"article","og_title":"L'illusion f\u00e9d\u00e9raliste, une lassante r\u00e9cidive (\u00c9ditorial) - STOURM","og_description":"En Bretagne, il n&rsquo;est pas peu dire que les f\u00e9d\u00e9ralistes ont contribu\u00e9 \u00e0 ralentir l&rsquo;\u00e9mergence de la conscience nationale bretonne. Si aujourd&rsquo;hui ce courant n&rsquo;a plus gu\u00e8re d&rsquo;existence, ni d&rsquo;activit\u00e9, il refait de temps \u00e0 autre surface avec l&rsquo;\u00e9ternelle position consistant \u00e0 m\u00e9nager la ch\u00e8vre et le chou propre \u00e0 ce courant. L&rsquo;Association des F\u00e9d\u00e9ralistes [&hellip;]","og_url":"https:\/\/stourm.news\/?p=2314","og_site_name":"STOURM","article_publisher":"https:\/\/www.facebook.com\/stourmnews\/","article_published_time":"2024-09-14T10:53:24+00:00","article_modified_time":"2024-09-14T10:55:31+00:00","og_image":[{"width":2560,"height":1440,"url":"https:\/\/stourm.news\/wp-content\/uploads\/2024\/09\/AdobeStock_386120578-scaled.webp","type":"image\/webp"}],"author":"La r\u00e9daction","twitter_card":"summary_large_image","twitter_misc":{"\u00c9crit par":"La r\u00e9daction","Dur\u00e9e de lecture estim\u00e9e":"4 minutes"},"schema":{"@context":"https:\/\/schema.org","@graph":[{"@type":"Article","@id":"https:\/\/stourm.news\/?p=2314#article","isPartOf":{"@id":"https:\/\/stourm.news\/?p=2314"},"author":{"name":"La r\u00e9daction","@id":"https:\/\/stourm.news\/#\/schema\/person\/c3e1dc65988632e190969234ef046cf9"},"headline":"L&rsquo;illusion f\u00e9d\u00e9raliste, une lassante r\u00e9cidive (\u00c9ditorial)","datePublished":"2024-09-14T10:53:24+00:00","dateModified":"2024-09-14T10:55:31+00:00","mainEntityOfPage":{"@id":"https:\/\/stourm.news\/?p=2314"},"wordCount":805,"commentCount":0,"publisher":{"@id":"https:\/\/stourm.news\/#organization"},"image":{"@id":"https:\/\/stourm.news\/?p=2314#primaryimage"},"thumbnailUrl":"https:\/\/stourm.news\/wp-content\/uploads\/2024\/09\/AdobeStock_386120578-scaled.webp","articleSection":["Editorial","Principale"],"inLanguage":"fr-FR","potentialAction":[{"@type":"CommentAction","name":"Comment","target":["https:\/\/stourm.news\/?p=2314#respond"]}]},{"@type":"WebPage","@id":"https:\/\/stourm.news\/?p=2314","url":"https:\/\/stourm.news\/?p=2314","name":"L'illusion f\u00e9d\u00e9raliste, une lassante r\u00e9cidive (\u00c9ditorial) - STOURM","isPartOf":{"@id":"https:\/\/stourm.news\/#website"},"primaryImageOfPage":{"@id":"https:\/\/stourm.news\/?p=2314#primaryimage"},"image":{"@id":"https:\/\/stourm.news\/?p=2314#primaryimage"},"thumbnailUrl":"https:\/\/stourm.news\/wp-content\/uploads\/2024\/09\/AdobeStock_386120578-scaled.webp","datePublished":"2024-09-14T10:53:24+00:00","dateModified":"2024-09-14T10:55:31+00:00","breadcrumb":{"@id":"https:\/\/stourm.news\/?p=2314#breadcrumb"},"inLanguage":"fr-FR","potentialAction":[{"@type":"ReadAction","target":["https:\/\/stourm.news\/?p=2314"]}]},{"@type":"ImageObject","inLanguage":"fr-FR","@id":"https:\/\/stourm.news\/?p=2314#primaryimage","url":"https:\/\/stourm.news\/wp-content\/uploads\/2024\/09\/AdobeStock_386120578-scaled.webp","contentUrl":"https:\/\/stourm.news\/wp-content\/uploads\/2024\/09\/AdobeStock_386120578-scaled.webp","width":2560,"height":1440},{"@type":"BreadcrumbList","@id":"https:\/\/stourm.news\/?p=2314#breadcrumb","itemListElement":[{"@type":"ListItem","position":1,"name":"Accueil","item":"https:\/\/stourm.news\/"},{"@type":"ListItem","position":2,"name":"L&rsquo;illusion f\u00e9d\u00e9raliste, une lassante r\u00e9cidive (\u00c9ditorial)"}]},{"@type":"WebSite","@id":"https:\/\/stourm.news\/#website","url":"https:\/\/stourm.news\/","name":"Stourm","description":"Kazetenn Strollad Broadel Breizh","publisher":{"@id":"https:\/\/stourm.news\/#organization"},"potentialAction":[{"@type":"SearchAction","target":{"@type":"EntryPoint","urlTemplate":"https:\/\/stourm.news\/?s={search_term_string}"},"query-input":{"@type":"PropertyValueSpecification","valueRequired":true,"valueName":"search_term_string"}}],"inLanguage":"fr-FR"},{"@type":"Organization","@id":"https:\/\/stourm.news\/#organization","name":"Stourm","url":"https:\/\/stourm.news\/","logo":{"@type":"ImageObject","inLanguage":"fr-FR","@id":"https:\/\/stourm.news\/#\/schema\/logo\/image\/","url":"https:\/\/stourm.news\/wp-content\/uploads\/2025\/11\/cropped-Capture-decran-2025-11-28-a-15.19.07.png","contentUrl":"https:\/\/stourm.news\/wp-content\/uploads\/2025\/11\/cropped-Capture-decran-2025-11-28-a-15.19.07.png","width":1855,"height":383,"caption":"Stourm"},"image":{"@id":"https:\/\/stourm.news\/#\/schema\/logo\/image\/"},"sameAs":["https:\/\/www.facebook.com\/stourmnews\/"]},{"@type":"Person","@id":"https:\/\/stourm.news\/#\/schema\/person\/c3e1dc65988632e190969234ef046cf9","name":"La r\u00e9daction","image":{"@type":"ImageObject","inLanguage":"fr-FR","@id":"https:\/\/stourm.news\/#\/schema\/person\/image\/","url":"https:\/\/secure.gravatar.com\/avatar\/7463443f194b6b5fb706b074ca0ef59a0cfcfd720cb47764b0ec5a952ce422b3?s=96&d=mm&r=g","contentUrl":"https:\/\/secure.gravatar.com\/avatar\/7463443f194b6b5fb706b074ca0ef59a0cfcfd720cb47764b0ec5a952ce422b3?s=96&d=mm&r=g","caption":"La r\u00e9daction"},"sameAs":["https:\/\/stourm.news"],"url":"https:\/\/stourm.news\/?author=1"}]}},"_links":{"self":[{"href":"https:\/\/stourm.news\/index.php?rest_route=\/wp\/v2\/posts\/2314","targetHints":{"allow":["GET"]}}],"collection":[{"href":"https:\/\/stourm.news\/index.php?rest_route=\/wp\/v2\/posts"}],"about":[{"href":"https:\/\/stourm.news\/index.php?rest_route=\/wp\/v2\/types\/post"}],"author":[{"embeddable":true,"href":"https:\/\/stourm.news\/index.php?rest_route=\/wp\/v2\/users\/1"}],"replies":[{"embeddable":true,"href":"https:\/\/stourm.news\/index.php?rest_route=%2Fwp%2Fv2%2Fcomments&post=2314"}],"version-history":[{"count":2,"href":"https:\/\/stourm.news\/index.php?rest_route=\/wp\/v2\/posts\/2314\/revisions"}],"predecessor-version":[{"id":2317,"href":"https:\/\/stourm.news\/index.php?rest_route=\/wp\/v2\/posts\/2314\/revisions\/2317"}],"wp:featuredmedia":[{"embeddable":true,"href":"https:\/\/stourm.news\/index.php?rest_route=\/wp\/v2\/media\/2315"}],"wp:attachment":[{"href":"https:\/\/stourm.news\/index.php?rest_route=%2Fwp%2Fv2%2Fmedia&parent=2314"}],"wp:term":[{"taxonomy":"category","embeddable":true,"href":"https:\/\/stourm.news\/index.php?rest_route=%2Fwp%2Fv2%2Fcategories&post=2314"},{"taxonomy":"post_tag","embeddable":true,"href":"https:\/\/stourm.news\/index.php?rest_route=%2Fwp%2Fv2%2Ftags&post=2314"}],"curies":[{"name":"wp","href":"https:\/\/api.w.org\/{rel}","templated":true}]}}