{"id":2318,"date":"2024-09-14T11:17:49","date_gmt":"2024-09-14T11:17:49","guid":{"rendered":"https:\/\/stourm.news\/?p=2318"},"modified":"2024-09-14T11:17:49","modified_gmt":"2024-09-14T11:17:49","slug":"gouesnou-et-plouhinec-veulent-subventionner-le-reseau-diwan-les-maires-appellent-a-un-statut-officiel-pour-les-ecoles-en-langue-bretonne","status":"publish","type":"post","link":"https:\/\/stourm.news\/?p=2318","title":{"rendered":"Gouesnou et Plouhinec veulent subventionner le r\u00e9seau Diwan, les maires appellent \u00e0 un statut officiel pour les \u00e9coles en langue bretonne"},"content":{"rendered":"<p style=\"text-align: justify;\">Le r\u00e9seau Diwan conna\u00eet d&rsquo;importantes difficult\u00e9s financi\u00e8res. R\u00e9cemment, il a annonc\u00e9 un manque de 500.000 euros pour boucler l&rsquo;exercice 2024, notamment d\u00fb \u00e0 une baisse du soutien des partenaires. Face \u00e0 cette situation, deux maires de communes du Finist\u00e8re souhaitent subventionner Diwan, et appellent d&rsquo;autres communes \u00e0 faire de m\u00eame.<\/p>\n<p style=\"text-align: justify;\">Leurs communes, Plouhinec et Gouesnou, n&rsquo;accueillent pourtant pas d&rsquo;\u00e9cole Diwan. Mais ils restent \u00ab\u00a0visc\u00e9ralement attach\u00e9s \u00e0 la protection et la promotion de l\u2019enseignement breton dont Diwan constitue un \u00e9l\u00e9ment saillant\u00a0\u00bb, d\u00e9clarent les deux maires dans un communiqu\u00e9 commun. \u00ab\u00a0C\u2019est l\u2019identit\u00e9 culturelle de la Bretagne et son patrimoine immat\u00e9riel qui sont en jeu.\u00a0\u00bb<\/p>\n<p style=\"text-align: justify;\">Pour venir en aide au r\u00e9seau d&rsquo;\u00e9cole immersives en langue bretonne, les maires ont soumis \u00e0 leurs conseils municipaux \u00ab\u00a0l&rsquo;attribution d&rsquo;une subvention de 10 centimes par habitant\u00a0\u00bb. Ces subventions sont arrondies \u00e0 650 euros pour la commune de Gouesnou, 400 euros pour Plouhinec.<\/p>\n<p style=\"text-align: justify;\">D&rsquo;apr\u00e8s leurs calculs, si \u00ab\u00a0toutes les communes de la Bretagne historique\u00a0\u00bb venaient \u00e0 faire de m\u00eame, cela permettrait de r\u00e9colter 475.000 euros, soit pr\u00e8s de la totalit\u00e9 de la somme manquante au r\u00e9seau. \u00ab\u00a0Une contribution modeste, somme toute symbolique\u00a0\u00bb mais qui serait la bienvenue en ces temps difficiles.<\/p>\n<p style=\"text-align: justify;\">Enfin, ils continuent d&rsquo;appeler l&rsquo;Etat \u00e0 \u00ab\u00a0doter Diwan d&rsquo;un vrai statut juridique et de prendre part dans le financement des \u00e9coles\u00a0\u00bb.<\/p>\n<p>Source : <strong><a href=\"https:\/\/www.francebleu.fr\/infos\/economie-social\/gouesnou-et-plouhinec-veulent-subventionner-le-reseau-diwan-les-maires-appellent-les-communes-bretonnes-a-le-faire-1524295\">France Bleu<\/a><\/strong><\/p>\n","protected":false},"excerpt":{"rendered":"<p>Le r\u00e9seau Diwan conna\u00eet d&rsquo;importantes difficult\u00e9s financi\u00e8res. R\u00e9cemment, il a annonc\u00e9 un manque de 500.000 euros pour boucler l&rsquo;exercice 2024, notamment d\u00fb \u00e0 une baisse du soutien des partenaires. Face \u00e0 cette situation, deux maires de communes du Finist\u00e8re souhaitent subventionner Diwan, et appellent d&rsquo;autres communes \u00e0 faire de m\u00eame. Leurs communes, Plouhinec et Gouesnou, [&hellip;]<\/p>\n","protected":false},"author":1,"featured_media":2319,"comment_status":"open","ping_status":"open","sticky":false,"template":"","format":"standard","meta":{"sb_editor_width":"","footnotes":""},"categories":[43,38,65],"tags":[],"class_list":["post-2318","post","type-post","status-publish","format-standard","has-post-thumbnail","hentry","category-culture-bretonne","category-finistere","category-principale"],"relative_dates":{"created":"2 ans ago","modified":"2 ans ago"},"yoast_head":"<!-- This site is optimized with the Yoast SEO plugin v26.3 - https:\/\/yoast.com\/wordpress\/plugins\/seo\/ -->\n<title>Gouesnou et Plouhinec veulent subventionner le r\u00e9seau Diwan, les maires appellent \u00e0 un statut officiel pour les \u00e9coles en langue bretonne - STOURM<\/title>\n<meta name=\"robots\" content=\"index, follow, max-snippet:-1, max-image-preview:large, max-video-preview:-1\" \/>\n<link rel=\"canonical\" href=\"https:\/\/stourm.news\/?p=2318\" \/>\n<meta property=\"og:locale\" content=\"fr_FR\" \/>\n<meta property=\"og:type\" content=\"article\" \/>\n<meta property=\"og:title\" content=\"Gouesnou et Plouhinec veulent subventionner le r\u00e9seau Diwan, les maires appellent \u00e0 un statut officiel pour les \u00e9coles en langue bretonne - STOURM\" \/>\n<meta property=\"og:description\" content=\"Le r\u00e9seau Diwan conna\u00eet d&rsquo;importantes difficult\u00e9s financi\u00e8res. R\u00e9cemment, il a annonc\u00e9 un manque de 500.000 euros pour boucler l&rsquo;exercice 2024, notamment d\u00fb \u00e0 une baisse du soutien des partenaires. Face \u00e0 cette situation, deux maires de communes du Finist\u00e8re souhaitent subventionner Diwan, et appellent d&rsquo;autres communes \u00e0 faire de m\u00eame. Leurs communes, Plouhinec et Gouesnou, [&hellip;]\" \/>\n<meta property=\"og:url\" content=\"https:\/\/stourm.news\/?p=2318\" \/>\n<meta property=\"og:site_name\" content=\"STOURM\" \/>\n<meta property=\"article:publisher\" content=\"https:\/\/www.facebook.com\/stourmnews\/\" \/>\n<meta property=\"article:published_time\" content=\"2024-09-14T11:17:49+00:00\" \/>\n<meta property=\"og:image\" content=\"https:\/\/stourm.news\/wp-content\/uploads\/2024\/09\/1200x680_sc_maxstockworld473494.webp\" \/>\n\t<meta property=\"og:image:width\" content=\"1200\" \/>\n\t<meta property=\"og:image:height\" content=\"680\" \/>\n\t<meta property=\"og:image:type\" content=\"image\/webp\" \/>\n<meta name=\"author\" content=\"La r\u00e9daction\" \/>\n<meta name=\"twitter:card\" content=\"summary_large_image\" \/>\n<meta name=\"twitter:label1\" content=\"\u00c9crit par\" \/>\n\t<meta name=\"twitter:data1\" content=\"La r\u00e9daction\" \/>\n\t<meta name=\"twitter:label2\" content=\"Dur\u00e9e de lecture estim\u00e9e\" \/>\n\t<meta name=\"twitter:data2\" content=\"2 minutes\" \/>\n<script type=\"application\/ld+json\" class=\"yoast-schema-graph\">{\"@context\":\"https:\/\/schema.org\",\"@graph\":[{\"@type\":\"Article\",\"@id\":\"https:\/\/stourm.news\/?p=2318#article\",\"isPartOf\":{\"@id\":\"https:\/\/stourm.news\/?p=2318\"},\"author\":{\"name\":\"La r\u00e9daction\",\"@id\":\"https:\/\/stourm.news\/#\/schema\/person\/c3e1dc65988632e190969234ef046cf9\"},\"headline\":\"Gouesnou et Plouhinec veulent subventionner le r\u00e9seau Diwan, les maires appellent \u00e0 un statut officiel pour les \u00e9coles en langue bretonne\",\"datePublished\":\"2024-09-14T11:17:49+00:00\",\"mainEntityOfPage\":{\"@id\":\"https:\/\/stourm.news\/?p=2318\"},\"wordCount\":257,\"commentCount\":0,\"publisher\":{\"@id\":\"https:\/\/stourm.news\/#organization\"},\"image\":{\"@id\":\"https:\/\/stourm.news\/?p=2318#primaryimage\"},\"thumbnailUrl\":\"https:\/\/stourm.news\/wp-content\/uploads\/2024\/09\/1200x680_sc_maxstockworld473494.webp\",\"articleSection\":[\"Culture bretonne\",\"Finist\u00e8re\",\"Principale\"],\"inLanguage\":\"fr-FR\",\"potentialAction\":[{\"@type\":\"CommentAction\",\"name\":\"Comment\",\"target\":[\"https:\/\/stourm.news\/?p=2318#respond\"]}]},{\"@type\":\"WebPage\",\"@id\":\"https:\/\/stourm.news\/?p=2318\",\"url\":\"https:\/\/stourm.news\/?p=2318\",\"name\":\"Gouesnou et Plouhinec veulent subventionner le r\u00e9seau Diwan, les maires appellent \u00e0 un statut officiel pour les \u00e9coles en langue bretonne - STOURM\",\"isPartOf\":{\"@id\":\"https:\/\/stourm.news\/#website\"},\"primaryImageOfPage\":{\"@id\":\"https:\/\/stourm.news\/?p=2318#primaryimage\"},\"image\":{\"@id\":\"https:\/\/stourm.news\/?p=2318#primaryimage\"},\"thumbnailUrl\":\"https:\/\/stourm.news\/wp-content\/uploads\/2024\/09\/1200x680_sc_maxstockworld473494.webp\",\"datePublished\":\"2024-09-14T11:17:49+00:00\",\"breadcrumb\":{\"@id\":\"https:\/\/stourm.news\/?p=2318#breadcrumb\"},\"inLanguage\":\"fr-FR\",\"potentialAction\":[{\"@type\":\"ReadAction\",\"target\":[\"https:\/\/stourm.news\/?p=2318\"]}]},{\"@type\":\"ImageObject\",\"inLanguage\":\"fr-FR\",\"@id\":\"https:\/\/stourm.news\/?p=2318#primaryimage\",\"url\":\"https:\/\/stourm.news\/wp-content\/uploads\/2024\/09\/1200x680_sc_maxstockworld473494.webp\",\"contentUrl\":\"https:\/\/stourm.news\/wp-content\/uploads\/2024\/09\/1200x680_sc_maxstockworld473494.webp\",\"width\":1200,\"height\":680},{\"@type\":\"BreadcrumbList\",\"@id\":\"https:\/\/stourm.news\/?p=2318#breadcrumb\",\"itemListElement\":[{\"@type\":\"ListItem\",\"position\":1,\"name\":\"Accueil\",\"item\":\"https:\/\/stourm.news\/\"},{\"@type\":\"ListItem\",\"position\":2,\"name\":\"Gouesnou et Plouhinec veulent subventionner le r\u00e9seau Diwan, les maires appellent \u00e0 un statut officiel pour les \u00e9coles en langue bretonne\"}]},{\"@type\":\"WebSite\",\"@id\":\"https:\/\/stourm.news\/#website\",\"url\":\"https:\/\/stourm.news\/\",\"name\":\"Stourm\",\"description\":\"Kazetenn Strollad Broadel Breizh\",\"publisher\":{\"@id\":\"https:\/\/stourm.news\/#organization\"},\"potentialAction\":[{\"@type\":\"SearchAction\",\"target\":{\"@type\":\"EntryPoint\",\"urlTemplate\":\"https:\/\/stourm.news\/?s={search_term_string}\"},\"query-input\":{\"@type\":\"PropertyValueSpecification\",\"valueRequired\":true,\"valueName\":\"search_term_string\"}}],\"inLanguage\":\"fr-FR\"},{\"@type\":\"Organization\",\"@id\":\"https:\/\/stourm.news\/#organization\",\"name\":\"Stourm\",\"url\":\"https:\/\/stourm.news\/\",\"logo\":{\"@type\":\"ImageObject\",\"inLanguage\":\"fr-FR\",\"@id\":\"https:\/\/stourm.news\/#\/schema\/logo\/image\/\",\"url\":\"https:\/\/stourm.news\/wp-content\/uploads\/2025\/11\/cropped-Capture-decran-2025-11-28-a-15.19.07.png\",\"contentUrl\":\"https:\/\/stourm.news\/wp-content\/uploads\/2025\/11\/cropped-Capture-decran-2025-11-28-a-15.19.07.png\",\"width\":1855,\"height\":383,\"caption\":\"Stourm\"},\"image\":{\"@id\":\"https:\/\/stourm.news\/#\/schema\/logo\/image\/\"},\"sameAs\":[\"https:\/\/www.facebook.com\/stourmnews\/\"]},{\"@type\":\"Person\",\"@id\":\"https:\/\/stourm.news\/#\/schema\/person\/c3e1dc65988632e190969234ef046cf9\",\"name\":\"La r\u00e9daction\",\"image\":{\"@type\":\"ImageObject\",\"inLanguage\":\"fr-FR\",\"@id\":\"https:\/\/stourm.news\/#\/schema\/person\/image\/\",\"url\":\"https:\/\/secure.gravatar.com\/avatar\/7463443f194b6b5fb706b074ca0ef59a0cfcfd720cb47764b0ec5a952ce422b3?s=96&d=mm&r=g\",\"contentUrl\":\"https:\/\/secure.gravatar.com\/avatar\/7463443f194b6b5fb706b074ca0ef59a0cfcfd720cb47764b0ec5a952ce422b3?s=96&d=mm&r=g\",\"caption\":\"La r\u00e9daction\"},\"sameAs\":[\"https:\/\/stourm.news\"],\"url\":\"https:\/\/stourm.news\/?author=1\"}]}<\/script>\n<!-- \/ Yoast SEO plugin. -->","yoast_head_json":{"title":"Gouesnou et Plouhinec veulent subventionner le r\u00e9seau Diwan, les maires appellent \u00e0 un statut officiel pour les \u00e9coles en langue bretonne - STOURM","robots":{"index":"index","follow":"follow","max-snippet":"max-snippet:-1","max-image-preview":"max-image-preview:large","max-video-preview":"max-video-preview:-1"},"canonical":"https:\/\/stourm.news\/?p=2318","og_locale":"fr_FR","og_type":"article","og_title":"Gouesnou et Plouhinec veulent subventionner le r\u00e9seau Diwan, les maires appellent \u00e0 un statut officiel pour les \u00e9coles en langue bretonne - STOURM","og_description":"Le r\u00e9seau Diwan conna\u00eet d&rsquo;importantes difficult\u00e9s financi\u00e8res. R\u00e9cemment, il a annonc\u00e9 un manque de 500.000 euros pour boucler l&rsquo;exercice 2024, notamment d\u00fb \u00e0 une baisse du soutien des partenaires. Face \u00e0 cette situation, deux maires de communes du Finist\u00e8re souhaitent subventionner Diwan, et appellent d&rsquo;autres communes \u00e0 faire de m\u00eame. Leurs communes, Plouhinec et Gouesnou, [&hellip;]","og_url":"https:\/\/stourm.news\/?p=2318","og_site_name":"STOURM","article_publisher":"https:\/\/www.facebook.com\/stourmnews\/","article_published_time":"2024-09-14T11:17:49+00:00","og_image":[{"width":1200,"height":680,"url":"https:\/\/stourm.news\/wp-content\/uploads\/2024\/09\/1200x680_sc_maxstockworld473494.webp","type":"image\/webp"}],"author":"La r\u00e9daction","twitter_card":"summary_large_image","twitter_misc":{"\u00c9crit par":"La r\u00e9daction","Dur\u00e9e de lecture estim\u00e9e":"2 minutes"},"schema":{"@context":"https:\/\/schema.org","@graph":[{"@type":"Article","@id":"https:\/\/stourm.news\/?p=2318#article","isPartOf":{"@id":"https:\/\/stourm.news\/?p=2318"},"author":{"name":"La r\u00e9daction","@id":"https:\/\/stourm.news\/#\/schema\/person\/c3e1dc65988632e190969234ef046cf9"},"headline":"Gouesnou et Plouhinec veulent subventionner le r\u00e9seau Diwan, les maires appellent \u00e0 un statut officiel pour les \u00e9coles en langue bretonne","datePublished":"2024-09-14T11:17:49+00:00","mainEntityOfPage":{"@id":"https:\/\/stourm.news\/?p=2318"},"wordCount":257,"commentCount":0,"publisher":{"@id":"https:\/\/stourm.news\/#organization"},"image":{"@id":"https:\/\/stourm.news\/?p=2318#primaryimage"},"thumbnailUrl":"https:\/\/stourm.news\/wp-content\/uploads\/2024\/09\/1200x680_sc_maxstockworld473494.webp","articleSection":["Culture bretonne","Finist\u00e8re","Principale"],"inLanguage":"fr-FR","potentialAction":[{"@type":"CommentAction","name":"Comment","target":["https:\/\/stourm.news\/?p=2318#respond"]}]},{"@type":"WebPage","@id":"https:\/\/stourm.news\/?p=2318","url":"https:\/\/stourm.news\/?p=2318","name":"Gouesnou et Plouhinec veulent subventionner le r\u00e9seau Diwan, les maires appellent \u00e0 un statut officiel pour les \u00e9coles en langue bretonne - STOURM","isPartOf":{"@id":"https:\/\/stourm.news\/#website"},"primaryImageOfPage":{"@id":"https:\/\/stourm.news\/?p=2318#primaryimage"},"image":{"@id":"https:\/\/stourm.news\/?p=2318#primaryimage"},"thumbnailUrl":"https:\/\/stourm.news\/wp-content\/uploads\/2024\/09\/1200x680_sc_maxstockworld473494.webp","datePublished":"2024-09-14T11:17:49+00:00","breadcrumb":{"@id":"https:\/\/stourm.news\/?p=2318#breadcrumb"},"inLanguage":"fr-FR","potentialAction":[{"@type":"ReadAction","target":["https:\/\/stourm.news\/?p=2318"]}]},{"@type":"ImageObject","inLanguage":"fr-FR","@id":"https:\/\/stourm.news\/?p=2318#primaryimage","url":"https:\/\/stourm.news\/wp-content\/uploads\/2024\/09\/1200x680_sc_maxstockworld473494.webp","contentUrl":"https:\/\/stourm.news\/wp-content\/uploads\/2024\/09\/1200x680_sc_maxstockworld473494.webp","width":1200,"height":680},{"@type":"BreadcrumbList","@id":"https:\/\/stourm.news\/?p=2318#breadcrumb","itemListElement":[{"@type":"ListItem","position":1,"name":"Accueil","item":"https:\/\/stourm.news\/"},{"@type":"ListItem","position":2,"name":"Gouesnou et Plouhinec veulent subventionner le r\u00e9seau Diwan, les maires appellent \u00e0 un statut officiel pour les \u00e9coles en langue bretonne"}]},{"@type":"WebSite","@id":"https:\/\/stourm.news\/#website","url":"https:\/\/stourm.news\/","name":"Stourm","description":"Kazetenn Strollad Broadel Breizh","publisher":{"@id":"https:\/\/stourm.news\/#organization"},"potentialAction":[{"@type":"SearchAction","target":{"@type":"EntryPoint","urlTemplate":"https:\/\/stourm.news\/?s={search_term_string}"},"query-input":{"@type":"PropertyValueSpecification","valueRequired":true,"valueName":"search_term_string"}}],"inLanguage":"fr-FR"},{"@type":"Organization","@id":"https:\/\/stourm.news\/#organization","name":"Stourm","url":"https:\/\/stourm.news\/","logo":{"@type":"ImageObject","inLanguage":"fr-FR","@id":"https:\/\/stourm.news\/#\/schema\/logo\/image\/","url":"https:\/\/stourm.news\/wp-content\/uploads\/2025\/11\/cropped-Capture-decran-2025-11-28-a-15.19.07.png","contentUrl":"https:\/\/stourm.news\/wp-content\/uploads\/2025\/11\/cropped-Capture-decran-2025-11-28-a-15.19.07.png","width":1855,"height":383,"caption":"Stourm"},"image":{"@id":"https:\/\/stourm.news\/#\/schema\/logo\/image\/"},"sameAs":["https:\/\/www.facebook.com\/stourmnews\/"]},{"@type":"Person","@id":"https:\/\/stourm.news\/#\/schema\/person\/c3e1dc65988632e190969234ef046cf9","name":"La r\u00e9daction","image":{"@type":"ImageObject","inLanguage":"fr-FR","@id":"https:\/\/stourm.news\/#\/schema\/person\/image\/","url":"https:\/\/secure.gravatar.com\/avatar\/7463443f194b6b5fb706b074ca0ef59a0cfcfd720cb47764b0ec5a952ce422b3?s=96&d=mm&r=g","contentUrl":"https:\/\/secure.gravatar.com\/avatar\/7463443f194b6b5fb706b074ca0ef59a0cfcfd720cb47764b0ec5a952ce422b3?s=96&d=mm&r=g","caption":"La r\u00e9daction"},"sameAs":["https:\/\/stourm.news"],"url":"https:\/\/stourm.news\/?author=1"}]}},"_links":{"self":[{"href":"https:\/\/stourm.news\/index.php?rest_route=\/wp\/v2\/posts\/2318","targetHints":{"allow":["GET"]}}],"collection":[{"href":"https:\/\/stourm.news\/index.php?rest_route=\/wp\/v2\/posts"}],"about":[{"href":"https:\/\/stourm.news\/index.php?rest_route=\/wp\/v2\/types\/post"}],"author":[{"embeddable":true,"href":"https:\/\/stourm.news\/index.php?rest_route=\/wp\/v2\/users\/1"}],"replies":[{"embeddable":true,"href":"https:\/\/stourm.news\/index.php?rest_route=%2Fwp%2Fv2%2Fcomments&post=2318"}],"version-history":[{"count":1,"href":"https:\/\/stourm.news\/index.php?rest_route=\/wp\/v2\/posts\/2318\/revisions"}],"predecessor-version":[{"id":2320,"href":"https:\/\/stourm.news\/index.php?rest_route=\/wp\/v2\/posts\/2318\/revisions\/2320"}],"wp:featuredmedia":[{"embeddable":true,"href":"https:\/\/stourm.news\/index.php?rest_route=\/wp\/v2\/media\/2319"}],"wp:attachment":[{"href":"https:\/\/stourm.news\/index.php?rest_route=%2Fwp%2Fv2%2Fmedia&parent=2318"}],"wp:term":[{"taxonomy":"category","embeddable":true,"href":"https:\/\/stourm.news\/index.php?rest_route=%2Fwp%2Fv2%2Fcategories&post=2318"},{"taxonomy":"post_tag","embeddable":true,"href":"https:\/\/stourm.news\/index.php?rest_route=%2Fwp%2Fv2%2Ftags&post=2318"}],"curies":[{"name":"wp","href":"https:\/\/api.w.org\/{rel}","templated":true}]}}