{"id":2321,"date":"2024-09-14T11:28:21","date_gmt":"2024-09-14T11:28:21","guid":{"rendered":"https:\/\/stourm.news\/?p=2321"},"modified":"2024-09-14T11:28:21","modified_gmt":"2024-09-14T11:28:21","slug":"fan-dun-djihadiste-coupable-de-decapitations-un-ex-joueur-du-stade-rennais-conteste-son-assignation-a-residence-comme-membre-de-la-mosquee-salafiste-de-brest","status":"publish","type":"post","link":"https:\/\/stourm.news\/?p=2321","title":{"rendered":"Fan d&rsquo;un djihadiste coupable de d\u00e9capitations, un ex-joueur du Stade rennais conteste son assignation \u00e0 r\u00e9sidence comme membre de la mosqu\u00e9e salafiste de Brest"},"content":{"rendered":"<p style=\"text-align: justify;\">Un ancien joueur du Stade Rennais Football Club a demand\u00e9 au tribunal administratif de Rennes, jeudi 12 septembre 2024, d\u2019annuler l\u2019assignation \u00e0 r\u00e9sidence en Ille-et-Vilaine dont il fait l\u2019objet en raison de sa fr\u00e9quentation <strong>d\u2019une mosqu\u00e9e \u00ab\u2009salafiste\u2009\u00bb<\/strong> de Brest (Finist\u00e8re).<\/p>\n<p style=\"text-align: justify;\">Les services du ministre de l\u2019Int\u00e9rieur G\u00e9rald Darmanin avaient en fait pris un premier arr\u00eat\u00e9, le 24 mai 2024, qui imposait \u00e0 ce Rennais de 24 ans de rester dans sa ville dans le cadre d\u2019une mesure individuelle de contr\u00f4le administratif et de surveillance (Micas). Cette mesure destin\u00e9e \u00e0 \u00ab\u2009pr\u00e9venir la commission d\u2019actes de terrorisme\u2009\u00bb a \u00e9t\u00e9 renouvel\u00e9e le 12 ao\u00fbt 2024, poussant le jeune homme \u00e0 saisir le tribunal administratif de Rennes pour obtenir l\u2019annulation pure et simple de ce second arr\u00eat\u00e9.<\/p>\n<p style=\"text-align: justify;\">En l\u2019occurrence, une note blanche des Renseignements g\u00e9n\u00e9raux avait consign\u00e9 l\u2019activit\u00e9 du jeune homme sur les r\u00e9seaux sociaux\u2009: il \u00e9tait abonn\u00e9 \u00e0 <strong>\u00ab des comptes Instagram radicaux\u2009\u00bb<\/strong> condamnant \u00ab le vote, la d\u00e9mocratie et le droit des femmes \u00bb. L\u2019ancien joueur du Stade rennais avait aussi affich\u00e9 sur son profil \u00ab un lien Youtube de propos pros\u00e9lytes \u00bb.<\/p>\n<p style=\"text-align: justify;\">Le jeune homme \u2013 qui a \u00e9volu\u00e9 en U19 au Stade rennais <strong>et qui s\u2019est converti en 2021 \u00e0 l\u2019Islam<\/strong> \u2013 avait par ailleurs rebaptis\u00e9 son compte au nom d\u2019un gouverneur op\u00e9rant en Syrie quand le pays \u00e9tait <strong>sous le joug de l\u2019\u00c9tat islamique<\/strong> et qui s\u2019\u00e9tait rendu coupable de <strong>d\u00e9capitation<\/strong>.<\/p>\n<p style=\"text-align: justify;\">Il \u00e9tait aussi en relation avec un autre sportif de haut niveau de Rennes, originaire de Brest, o\u00f9 il encadre toujours de jeunes adeptes au MMA. Ce dernier \u2013 qui fait lui-m\u00eame l\u2019objet d\u2019une Micas renouvel\u00e9e pour trois mois le 19 ao\u00fbt 2024 \u2013 a \u00e9t\u00e9 condamn\u00e9 en comparution imm\u00e9diate \u00e0 trois mois de prison avec sursis le 2 juillet 2024 pour \u00eatre justement sorti de son p\u00e9rim\u00e8tre d\u2019assignation. Il avait en fait \u00e9t\u00e9 retrouv\u00e9 par les gendarmes \u00e0 Ch\u00e2teaubourg alors qu\u2019il se rendait \u00e0 un entretien pour un job d\u2019\u00e9t\u00e9.<\/p>\n<p style=\"text-align: justify;\">Les services de renseignements avaient par ailleurs remarqu\u00e9 que le Rennais fr\u00e9quentait<strong> la mosqu\u00e9e Sunna de Brest<\/strong> \u00ab\u2009administr\u00e9e par une association <strong>salafiste<\/strong>\u2009\u00bb, a d\u00e9taill\u00e9 le rapporteur public. Il s\u2019\u00e9tait aussi int\u00e9ress\u00e9 \u00e0 la lettre de Ben Laden d\u00e9non\u00e7ant le soutien \u00e0 Isra\u00ebl et avait fait des recherches sur un pr\u00e9dicateur salafiste des Yvelines, dont la mosqu\u00e9e avait \u00e9t\u00e9 ferm\u00e9e en novembre 2016.<\/p>\n<p style=\"text-align: justify;\">Source : <strong><a href=\"https:\/\/actu.fr\/bretagne\/brest_29019\/un-ex-joueur-du-stade-rennais-assigne-a-residence-apres-avoir-frequente-une-mosquee-salafiste-a-brest_61601006.html\">C\u00f4t\u00e9 Brest<\/a><\/strong><\/p>\n","protected":false},"excerpt":{"rendered":"<p>Un ancien joueur du Stade Rennais Football Club a demand\u00e9 au tribunal administratif de Rennes, jeudi 12 septembre 2024, d\u2019annuler l\u2019assignation \u00e0 r\u00e9sidence en Ille-et-Vilaine dont il fait l\u2019objet en raison de sa fr\u00e9quentation d\u2019une mosqu\u00e9e \u00ab\u2009salafiste\u2009\u00bb de Brest (Finist\u00e8re). Les services du ministre de l\u2019Int\u00e9rieur G\u00e9rald Darmanin avaient en fait pris un premier arr\u00eat\u00e9, [&hellip;]<\/p>\n","protected":false},"author":1,"featured_media":2322,"comment_status":"open","ping_status":"open","sticky":false,"template":"","format":"standard","meta":{"sb_editor_width":"","footnotes":""},"categories":[38,32,62],"tags":[],"class_list":["post-2321","post","type-post","status-publish","format-standard","has-post-thumbnail","hentry","category-finistere","category-islamisme","category-revue-de-presse"],"relative_dates":{"created":"2 ans ago","modified":"2 ans ago"},"yoast_head":"<!-- This site is optimized with the Yoast SEO plugin v26.3 - https:\/\/yoast.com\/wordpress\/plugins\/seo\/ -->\n<title>Fan d&#039;un djihadiste coupable de d\u00e9capitations, un ex-joueur du Stade rennais conteste son assignation \u00e0 r\u00e9sidence comme membre de la mosqu\u00e9e salafiste de Brest - STOURM<\/title>\n<meta name=\"robots\" content=\"index, follow, max-snippet:-1, max-image-preview:large, max-video-preview:-1\" \/>\n<link rel=\"canonical\" href=\"https:\/\/stourm.news\/?p=2321\" \/>\n<meta property=\"og:locale\" content=\"fr_FR\" \/>\n<meta property=\"og:type\" content=\"article\" \/>\n<meta property=\"og:title\" content=\"Fan d&#039;un djihadiste coupable de d\u00e9capitations, un ex-joueur du Stade rennais conteste son assignation \u00e0 r\u00e9sidence comme membre de la mosqu\u00e9e salafiste de Brest - STOURM\" \/>\n<meta property=\"og:description\" content=\"Un ancien joueur du Stade Rennais Football Club a demand\u00e9 au tribunal administratif de Rennes, jeudi 12 septembre 2024, d\u2019annuler l\u2019assignation \u00e0 r\u00e9sidence en Ille-et-Vilaine dont il fait l\u2019objet en raison de sa fr\u00e9quentation d\u2019une mosqu\u00e9e \u00ab\u2009salafiste\u2009\u00bb de Brest (Finist\u00e8re). Les services du ministre de l\u2019Int\u00e9rieur G\u00e9rald Darmanin avaient en fait pris un premier arr\u00eat\u00e9, [&hellip;]\" \/>\n<meta property=\"og:url\" content=\"https:\/\/stourm.news\/?p=2321\" \/>\n<meta property=\"og:site_name\" content=\"STOURM\" \/>\n<meta property=\"article:publisher\" content=\"https:\/\/www.facebook.com\/stourmnews\/\" \/>\n<meta property=\"article:published_time\" content=\"2024-09-14T11:28:21+00:00\" \/>\n<meta property=\"og:image\" content=\"https:\/\/stourm.news\/wp-content\/uploads\/2024\/09\/1200x680_maxnewsworldthree792529.jpg\" \/>\n\t<meta property=\"og:image:width\" content=\"1200\" \/>\n\t<meta property=\"og:image:height\" content=\"680\" \/>\n\t<meta property=\"og:image:type\" content=\"image\/jpeg\" \/>\n<meta name=\"author\" content=\"La r\u00e9daction\" \/>\n<meta name=\"twitter:card\" content=\"summary_large_image\" \/>\n<meta name=\"twitter:label1\" content=\"\u00c9crit par\" \/>\n\t<meta name=\"twitter:data1\" content=\"La r\u00e9daction\" \/>\n\t<meta name=\"twitter:label2\" content=\"Dur\u00e9e de lecture estim\u00e9e\" \/>\n\t<meta name=\"twitter:data2\" content=\"2 minutes\" \/>\n<script type=\"application\/ld+json\" class=\"yoast-schema-graph\">{\"@context\":\"https:\/\/schema.org\",\"@graph\":[{\"@type\":\"Article\",\"@id\":\"https:\/\/stourm.news\/?p=2321#article\",\"isPartOf\":{\"@id\":\"https:\/\/stourm.news\/?p=2321\"},\"author\":{\"name\":\"La r\u00e9daction\",\"@id\":\"https:\/\/stourm.news\/#\/schema\/person\/c3e1dc65988632e190969234ef046cf9\"},\"headline\":\"Fan d&rsquo;un djihadiste coupable de d\u00e9capitations, un ex-joueur du Stade rennais conteste son assignation \u00e0 r\u00e9sidence comme membre de la mosqu\u00e9e salafiste de Brest\",\"datePublished\":\"2024-09-14T11:28:21+00:00\",\"mainEntityOfPage\":{\"@id\":\"https:\/\/stourm.news\/?p=2321\"},\"wordCount\":443,\"commentCount\":0,\"publisher\":{\"@id\":\"https:\/\/stourm.news\/#organization\"},\"image\":{\"@id\":\"https:\/\/stourm.news\/?p=2321#primaryimage\"},\"thumbnailUrl\":\"https:\/\/stourm.news\/wp-content\/uploads\/2024\/09\/1200x680_maxnewsworldthree792529.jpg\",\"articleSection\":[\"Finist\u00e8re\",\"Islamisme\",\"Revue de presse\"],\"inLanguage\":\"fr-FR\",\"potentialAction\":[{\"@type\":\"CommentAction\",\"name\":\"Comment\",\"target\":[\"https:\/\/stourm.news\/?p=2321#respond\"]}]},{\"@type\":\"WebPage\",\"@id\":\"https:\/\/stourm.news\/?p=2321\",\"url\":\"https:\/\/stourm.news\/?p=2321\",\"name\":\"Fan d'un djihadiste coupable de d\u00e9capitations, un ex-joueur du Stade rennais conteste son assignation \u00e0 r\u00e9sidence comme membre de la mosqu\u00e9e salafiste de Brest - STOURM\",\"isPartOf\":{\"@id\":\"https:\/\/stourm.news\/#website\"},\"primaryImageOfPage\":{\"@id\":\"https:\/\/stourm.news\/?p=2321#primaryimage\"},\"image\":{\"@id\":\"https:\/\/stourm.news\/?p=2321#primaryimage\"},\"thumbnailUrl\":\"https:\/\/stourm.news\/wp-content\/uploads\/2024\/09\/1200x680_maxnewsworldthree792529.jpg\",\"datePublished\":\"2024-09-14T11:28:21+00:00\",\"breadcrumb\":{\"@id\":\"https:\/\/stourm.news\/?p=2321#breadcrumb\"},\"inLanguage\":\"fr-FR\",\"potentialAction\":[{\"@type\":\"ReadAction\",\"target\":[\"https:\/\/stourm.news\/?p=2321\"]}]},{\"@type\":\"ImageObject\",\"inLanguage\":\"fr-FR\",\"@id\":\"https:\/\/stourm.news\/?p=2321#primaryimage\",\"url\":\"https:\/\/stourm.news\/wp-content\/uploads\/2024\/09\/1200x680_maxnewsworldthree792529.jpg\",\"contentUrl\":\"https:\/\/stourm.news\/wp-content\/uploads\/2024\/09\/1200x680_maxnewsworldthree792529.jpg\",\"width\":1200,\"height\":680},{\"@type\":\"BreadcrumbList\",\"@id\":\"https:\/\/stourm.news\/?p=2321#breadcrumb\",\"itemListElement\":[{\"@type\":\"ListItem\",\"position\":1,\"name\":\"Accueil\",\"item\":\"https:\/\/stourm.news\/\"},{\"@type\":\"ListItem\",\"position\":2,\"name\":\"Fan d&rsquo;un djihadiste coupable de d\u00e9capitations, un ex-joueur du Stade rennais conteste son assignation \u00e0 r\u00e9sidence comme membre de la mosqu\u00e9e salafiste de Brest\"}]},{\"@type\":\"WebSite\",\"@id\":\"https:\/\/stourm.news\/#website\",\"url\":\"https:\/\/stourm.news\/\",\"name\":\"Stourm\",\"description\":\"Kazetenn Strollad Broadel Breizh\",\"publisher\":{\"@id\":\"https:\/\/stourm.news\/#organization\"},\"potentialAction\":[{\"@type\":\"SearchAction\",\"target\":{\"@type\":\"EntryPoint\",\"urlTemplate\":\"https:\/\/stourm.news\/?s={search_term_string}\"},\"query-input\":{\"@type\":\"PropertyValueSpecification\",\"valueRequired\":true,\"valueName\":\"search_term_string\"}}],\"inLanguage\":\"fr-FR\"},{\"@type\":\"Organization\",\"@id\":\"https:\/\/stourm.news\/#organization\",\"name\":\"Stourm\",\"url\":\"https:\/\/stourm.news\/\",\"logo\":{\"@type\":\"ImageObject\",\"inLanguage\":\"fr-FR\",\"@id\":\"https:\/\/stourm.news\/#\/schema\/logo\/image\/\",\"url\":\"https:\/\/stourm.news\/wp-content\/uploads\/2025\/11\/cropped-Capture-decran-2025-11-28-a-15.19.07.png\",\"contentUrl\":\"https:\/\/stourm.news\/wp-content\/uploads\/2025\/11\/cropped-Capture-decran-2025-11-28-a-15.19.07.png\",\"width\":1855,\"height\":383,\"caption\":\"Stourm\"},\"image\":{\"@id\":\"https:\/\/stourm.news\/#\/schema\/logo\/image\/\"},\"sameAs\":[\"https:\/\/www.facebook.com\/stourmnews\/\"]},{\"@type\":\"Person\",\"@id\":\"https:\/\/stourm.news\/#\/schema\/person\/c3e1dc65988632e190969234ef046cf9\",\"name\":\"La r\u00e9daction\",\"image\":{\"@type\":\"ImageObject\",\"inLanguage\":\"fr-FR\",\"@id\":\"https:\/\/stourm.news\/#\/schema\/person\/image\/\",\"url\":\"https:\/\/secure.gravatar.com\/avatar\/7463443f194b6b5fb706b074ca0ef59a0cfcfd720cb47764b0ec5a952ce422b3?s=96&d=mm&r=g\",\"contentUrl\":\"https:\/\/secure.gravatar.com\/avatar\/7463443f194b6b5fb706b074ca0ef59a0cfcfd720cb47764b0ec5a952ce422b3?s=96&d=mm&r=g\",\"caption\":\"La r\u00e9daction\"},\"sameAs\":[\"https:\/\/stourm.news\"],\"url\":\"https:\/\/stourm.news\/?author=1\"}]}<\/script>\n<!-- \/ Yoast SEO plugin. -->","yoast_head_json":{"title":"Fan d'un djihadiste coupable de d\u00e9capitations, un ex-joueur du Stade rennais conteste son assignation \u00e0 r\u00e9sidence comme membre de la mosqu\u00e9e salafiste de Brest - STOURM","robots":{"index":"index","follow":"follow","max-snippet":"max-snippet:-1","max-image-preview":"max-image-preview:large","max-video-preview":"max-video-preview:-1"},"canonical":"https:\/\/stourm.news\/?p=2321","og_locale":"fr_FR","og_type":"article","og_title":"Fan d'un djihadiste coupable de d\u00e9capitations, un ex-joueur du Stade rennais conteste son assignation \u00e0 r\u00e9sidence comme membre de la mosqu\u00e9e salafiste de Brest - STOURM","og_description":"Un ancien joueur du Stade Rennais Football Club a demand\u00e9 au tribunal administratif de Rennes, jeudi 12 septembre 2024, d\u2019annuler l\u2019assignation \u00e0 r\u00e9sidence en Ille-et-Vilaine dont il fait l\u2019objet en raison de sa fr\u00e9quentation d\u2019une mosqu\u00e9e \u00ab\u2009salafiste\u2009\u00bb de Brest (Finist\u00e8re). Les services du ministre de l\u2019Int\u00e9rieur G\u00e9rald Darmanin avaient en fait pris un premier arr\u00eat\u00e9, [&hellip;]","og_url":"https:\/\/stourm.news\/?p=2321","og_site_name":"STOURM","article_publisher":"https:\/\/www.facebook.com\/stourmnews\/","article_published_time":"2024-09-14T11:28:21+00:00","og_image":[{"width":1200,"height":680,"url":"https:\/\/stourm.news\/wp-content\/uploads\/2024\/09\/1200x680_maxnewsworldthree792529.jpg","type":"image\/jpeg"}],"author":"La r\u00e9daction","twitter_card":"summary_large_image","twitter_misc":{"\u00c9crit par":"La r\u00e9daction","Dur\u00e9e de lecture estim\u00e9e":"2 minutes"},"schema":{"@context":"https:\/\/schema.org","@graph":[{"@type":"Article","@id":"https:\/\/stourm.news\/?p=2321#article","isPartOf":{"@id":"https:\/\/stourm.news\/?p=2321"},"author":{"name":"La r\u00e9daction","@id":"https:\/\/stourm.news\/#\/schema\/person\/c3e1dc65988632e190969234ef046cf9"},"headline":"Fan d&rsquo;un djihadiste coupable de d\u00e9capitations, un ex-joueur du Stade rennais conteste son assignation \u00e0 r\u00e9sidence comme membre de la mosqu\u00e9e salafiste de Brest","datePublished":"2024-09-14T11:28:21+00:00","mainEntityOfPage":{"@id":"https:\/\/stourm.news\/?p=2321"},"wordCount":443,"commentCount":0,"publisher":{"@id":"https:\/\/stourm.news\/#organization"},"image":{"@id":"https:\/\/stourm.news\/?p=2321#primaryimage"},"thumbnailUrl":"https:\/\/stourm.news\/wp-content\/uploads\/2024\/09\/1200x680_maxnewsworldthree792529.jpg","articleSection":["Finist\u00e8re","Islamisme","Revue de presse"],"inLanguage":"fr-FR","potentialAction":[{"@type":"CommentAction","name":"Comment","target":["https:\/\/stourm.news\/?p=2321#respond"]}]},{"@type":"WebPage","@id":"https:\/\/stourm.news\/?p=2321","url":"https:\/\/stourm.news\/?p=2321","name":"Fan d'un djihadiste coupable de d\u00e9capitations, un ex-joueur du Stade rennais conteste son assignation \u00e0 r\u00e9sidence comme membre de la mosqu\u00e9e salafiste de Brest - STOURM","isPartOf":{"@id":"https:\/\/stourm.news\/#website"},"primaryImageOfPage":{"@id":"https:\/\/stourm.news\/?p=2321#primaryimage"},"image":{"@id":"https:\/\/stourm.news\/?p=2321#primaryimage"},"thumbnailUrl":"https:\/\/stourm.news\/wp-content\/uploads\/2024\/09\/1200x680_maxnewsworldthree792529.jpg","datePublished":"2024-09-14T11:28:21+00:00","breadcrumb":{"@id":"https:\/\/stourm.news\/?p=2321#breadcrumb"},"inLanguage":"fr-FR","potentialAction":[{"@type":"ReadAction","target":["https:\/\/stourm.news\/?p=2321"]}]},{"@type":"ImageObject","inLanguage":"fr-FR","@id":"https:\/\/stourm.news\/?p=2321#primaryimage","url":"https:\/\/stourm.news\/wp-content\/uploads\/2024\/09\/1200x680_maxnewsworldthree792529.jpg","contentUrl":"https:\/\/stourm.news\/wp-content\/uploads\/2024\/09\/1200x680_maxnewsworldthree792529.jpg","width":1200,"height":680},{"@type":"BreadcrumbList","@id":"https:\/\/stourm.news\/?p=2321#breadcrumb","itemListElement":[{"@type":"ListItem","position":1,"name":"Accueil","item":"https:\/\/stourm.news\/"},{"@type":"ListItem","position":2,"name":"Fan d&rsquo;un djihadiste coupable de d\u00e9capitations, un ex-joueur du Stade rennais conteste son assignation \u00e0 r\u00e9sidence comme membre de la mosqu\u00e9e salafiste de Brest"}]},{"@type":"WebSite","@id":"https:\/\/stourm.news\/#website","url":"https:\/\/stourm.news\/","name":"Stourm","description":"Kazetenn Strollad Broadel Breizh","publisher":{"@id":"https:\/\/stourm.news\/#organization"},"potentialAction":[{"@type":"SearchAction","target":{"@type":"EntryPoint","urlTemplate":"https:\/\/stourm.news\/?s={search_term_string}"},"query-input":{"@type":"PropertyValueSpecification","valueRequired":true,"valueName":"search_term_string"}}],"inLanguage":"fr-FR"},{"@type":"Organization","@id":"https:\/\/stourm.news\/#organization","name":"Stourm","url":"https:\/\/stourm.news\/","logo":{"@type":"ImageObject","inLanguage":"fr-FR","@id":"https:\/\/stourm.news\/#\/schema\/logo\/image\/","url":"https:\/\/stourm.news\/wp-content\/uploads\/2025\/11\/cropped-Capture-decran-2025-11-28-a-15.19.07.png","contentUrl":"https:\/\/stourm.news\/wp-content\/uploads\/2025\/11\/cropped-Capture-decran-2025-11-28-a-15.19.07.png","width":1855,"height":383,"caption":"Stourm"},"image":{"@id":"https:\/\/stourm.news\/#\/schema\/logo\/image\/"},"sameAs":["https:\/\/www.facebook.com\/stourmnews\/"]},{"@type":"Person","@id":"https:\/\/stourm.news\/#\/schema\/person\/c3e1dc65988632e190969234ef046cf9","name":"La r\u00e9daction","image":{"@type":"ImageObject","inLanguage":"fr-FR","@id":"https:\/\/stourm.news\/#\/schema\/person\/image\/","url":"https:\/\/secure.gravatar.com\/avatar\/7463443f194b6b5fb706b074ca0ef59a0cfcfd720cb47764b0ec5a952ce422b3?s=96&d=mm&r=g","contentUrl":"https:\/\/secure.gravatar.com\/avatar\/7463443f194b6b5fb706b074ca0ef59a0cfcfd720cb47764b0ec5a952ce422b3?s=96&d=mm&r=g","caption":"La r\u00e9daction"},"sameAs":["https:\/\/stourm.news"],"url":"https:\/\/stourm.news\/?author=1"}]}},"_links":{"self":[{"href":"https:\/\/stourm.news\/index.php?rest_route=\/wp\/v2\/posts\/2321","targetHints":{"allow":["GET"]}}],"collection":[{"href":"https:\/\/stourm.news\/index.php?rest_route=\/wp\/v2\/posts"}],"about":[{"href":"https:\/\/stourm.news\/index.php?rest_route=\/wp\/v2\/types\/post"}],"author":[{"embeddable":true,"href":"https:\/\/stourm.news\/index.php?rest_route=\/wp\/v2\/users\/1"}],"replies":[{"embeddable":true,"href":"https:\/\/stourm.news\/index.php?rest_route=%2Fwp%2Fv2%2Fcomments&post=2321"}],"version-history":[{"count":1,"href":"https:\/\/stourm.news\/index.php?rest_route=\/wp\/v2\/posts\/2321\/revisions"}],"predecessor-version":[{"id":2323,"href":"https:\/\/stourm.news\/index.php?rest_route=\/wp\/v2\/posts\/2321\/revisions\/2323"}],"wp:featuredmedia":[{"embeddable":true,"href":"https:\/\/stourm.news\/index.php?rest_route=\/wp\/v2\/media\/2322"}],"wp:attachment":[{"href":"https:\/\/stourm.news\/index.php?rest_route=%2Fwp%2Fv2%2Fmedia&parent=2321"}],"wp:term":[{"taxonomy":"category","embeddable":true,"href":"https:\/\/stourm.news\/index.php?rest_route=%2Fwp%2Fv2%2Fcategories&post=2321"},{"taxonomy":"post_tag","embeddable":true,"href":"https:\/\/stourm.news\/index.php?rest_route=%2Fwp%2Fv2%2Ftags&post=2321"}],"curies":[{"name":"wp","href":"https:\/\/api.w.org\/{rel}","templated":true}]}}