{"id":2325,"date":"2024-09-16T14:16:05","date_gmt":"2024-09-16T14:16:05","guid":{"rendered":"https:\/\/stourm.news\/?p=2325"},"modified":"2024-09-16T14:16:05","modified_gmt":"2024-09-16T14:16:05","slug":"57-des-ecossais-veulent-un-nouveau-referendum-dindependance-63-des-16-34-ans-voteraient-pour-le-oui","status":"publish","type":"post","link":"https:\/\/stourm.news\/?p=2325","title":{"rendered":"57% des \u00c9cossais veulent un nouveau r\u00e9f\u00e9rendum d&rsquo;ind\u00e9pendance, 63% des 16-34 ans voteraient pour le \u00ab\u00a0oui\u00a0\u00bb"},"content":{"rendered":"<p style=\"text-align: justify;\">Selon un nouveau sondage, <strong>57 % des \u00c9cossais<\/strong> pensent que le pays devrait organiser un r\u00e9f\u00e9rendum sur l&rsquo;ind\u00e9pendance.<\/p>\n<p style=\"text-align: justify;\">Opinium a men\u00e9 une enqu\u00eate aupr\u00e8s de 1 028 \u00c9cossais \u00e2g\u00e9s de 16 ans et plus entre le 5 et le 11 septembre.<\/p>\n<p style=\"text-align: justify;\">Les chiffres montrent que 24 % des personnes souhaitent un r\u00e9f\u00e9rendum d&rsquo;ici \u00e0 la fin de 2025, 18 % d&rsquo;ici \u00e0 la fin de 2030, tandis que 32 % ne pensent pas qu&rsquo;un nouveau vote sur l&rsquo;ind\u00e9pendance devrait \u00eatre organis\u00e9.<\/p>\n<p style=\"text-align: justify;\">La m\u00eame \u00e9tude a montr\u00e9 que 49 % des personnes pensent que l&rsquo;Ecosse devrait pouvoir organiser un r\u00e9f\u00e9rendum sans avoir besoin de l&rsquo;autorisation du gouvernement britannique, tandis que 37 % ne sont pas d&rsquo;accord avec cette id\u00e9e.<\/p>\n<p style=\"text-align: justify;\">\u00c0 la question de savoir si l&rsquo;\u00c9cosse devrait \u00eatre un pays ind\u00e9pendant, un peu moins de la moiti\u00e9 des personnes interrog\u00e9es (47 %) choisiraient le non, tandis que 45 % soutiendraient le oui.<\/p>\n<p style=\"text-align: justify;\">Pr\u00e8s d&rsquo;un \u00e9lecteur sur dix est ind\u00e9cis, tandis que les plus jeunes sont plus enclins \u00e0 vouloir l&rsquo;ind\u00e9pendance : <strong>63 % des 16-34 ans disent qu&rsquo;ils choisiraient le oui<\/strong>, tandis que le m\u00eame nombre de personnes \u00e2g\u00e9es de plus de 65 ans voteraient pour le non.<\/p>\n<p>Source : <a href=\"https:\/\/www.heraldscotland.com\/news\/24587438.poll-50-scots-want-second-independence-referendum\/\">The Herald<\/a><\/p>\n","protected":false},"excerpt":{"rendered":"<p>Selon un nouveau sondage, 57 % des \u00c9cossais pensent que le pays devrait organiser un r\u00e9f\u00e9rendum sur l&rsquo;ind\u00e9pendance. Opinium a men\u00e9 une enqu\u00eate aupr\u00e8s de 1 028 \u00c9cossais \u00e2g\u00e9s de 16 ans et plus entre le 5 et le 11 septembre. Les chiffres montrent que 24 % des personnes souhaitent un r\u00e9f\u00e9rendum d&rsquo;ici \u00e0 la [&hellip;]<\/p>\n","protected":false},"author":1,"featured_media":2326,"comment_status":"open","ping_status":"open","sticky":false,"template":"","format":"standard","meta":{"sb_editor_width":"","footnotes":""},"categories":[66,65],"tags":[],"class_list":["post-2325","post","type-post","status-publish","format-standard","has-post-thumbnail","hentry","category-international","category-principale"],"relative_dates":{"created":"2 ans ago","modified":"2 ans ago"},"yoast_head":"<!-- This site is optimized with the Yoast SEO plugin v26.3 - https:\/\/yoast.com\/wordpress\/plugins\/seo\/ -->\n<title>57% des \u00c9cossais veulent un nouveau r\u00e9f\u00e9rendum d&#039;ind\u00e9pendance, 63% des 16-34 ans voteraient pour le &quot;oui&quot; - STOURM<\/title>\n<meta name=\"robots\" content=\"index, follow, max-snippet:-1, max-image-preview:large, max-video-preview:-1\" \/>\n<link rel=\"canonical\" href=\"https:\/\/stourm.news\/?p=2325\" \/>\n<meta property=\"og:locale\" content=\"fr_FR\" \/>\n<meta property=\"og:type\" content=\"article\" \/>\n<meta property=\"og:title\" content=\"57% des \u00c9cossais veulent un nouveau r\u00e9f\u00e9rendum d&#039;ind\u00e9pendance, 63% des 16-34 ans voteraient pour le &quot;oui&quot; - STOURM\" \/>\n<meta property=\"og:description\" content=\"Selon un nouveau sondage, 57 % des \u00c9cossais pensent que le pays devrait organiser un r\u00e9f\u00e9rendum sur l&rsquo;ind\u00e9pendance. Opinium a men\u00e9 une enqu\u00eate aupr\u00e8s de 1 028 \u00c9cossais \u00e2g\u00e9s de 16 ans et plus entre le 5 et le 11 septembre. Les chiffres montrent que 24 % des personnes souhaitent un r\u00e9f\u00e9rendum d&rsquo;ici \u00e0 la [&hellip;]\" \/>\n<meta property=\"og:url\" content=\"https:\/\/stourm.news\/?p=2325\" \/>\n<meta property=\"og:site_name\" content=\"STOURM\" \/>\n<meta property=\"article:publisher\" content=\"https:\/\/www.facebook.com\/stourmnews\/\" \/>\n<meta property=\"article:published_time\" content=\"2024-09-16T14:16:05+00:00\" \/>\n<meta property=\"og:image\" content=\"https:\/\/stourm.news\/wp-content\/uploads\/2024\/09\/380101987.article-962.jpg\" \/>\n\t<meta property=\"og:image:width\" content=\"962\" \/>\n\t<meta property=\"og:image:height\" content=\"641\" \/>\n\t<meta property=\"og:image:type\" content=\"image\/jpeg\" \/>\n<meta name=\"author\" content=\"La r\u00e9daction\" \/>\n<meta name=\"twitter:card\" content=\"summary_large_image\" \/>\n<meta name=\"twitter:label1\" content=\"\u00c9crit par\" \/>\n\t<meta name=\"twitter:data1\" content=\"La r\u00e9daction\" \/>\n\t<meta name=\"twitter:label2\" content=\"Dur\u00e9e de lecture estim\u00e9e\" \/>\n\t<meta name=\"twitter:data2\" content=\"2 minutes\" \/>\n<script type=\"application\/ld+json\" class=\"yoast-schema-graph\">{\"@context\":\"https:\/\/schema.org\",\"@graph\":[{\"@type\":\"Article\",\"@id\":\"https:\/\/stourm.news\/?p=2325#article\",\"isPartOf\":{\"@id\":\"https:\/\/stourm.news\/?p=2325\"},\"author\":{\"name\":\"La r\u00e9daction\",\"@id\":\"https:\/\/stourm.news\/#\/schema\/person\/c3e1dc65988632e190969234ef046cf9\"},\"headline\":\"57% des \u00c9cossais veulent un nouveau r\u00e9f\u00e9rendum d&rsquo;ind\u00e9pendance, 63% des 16-34 ans voteraient pour le \u00ab\u00a0oui\u00a0\u00bb\",\"datePublished\":\"2024-09-16T14:16:05+00:00\",\"mainEntityOfPage\":{\"@id\":\"https:\/\/stourm.news\/?p=2325\"},\"wordCount\":219,\"commentCount\":0,\"publisher\":{\"@id\":\"https:\/\/stourm.news\/#organization\"},\"image\":{\"@id\":\"https:\/\/stourm.news\/?p=2325#primaryimage\"},\"thumbnailUrl\":\"https:\/\/stourm.news\/wp-content\/uploads\/2024\/09\/380101987.article-962.jpg\",\"articleSection\":[\"International\",\"Principale\"],\"inLanguage\":\"fr-FR\",\"potentialAction\":[{\"@type\":\"CommentAction\",\"name\":\"Comment\",\"target\":[\"https:\/\/stourm.news\/?p=2325#respond\"]}]},{\"@type\":\"WebPage\",\"@id\":\"https:\/\/stourm.news\/?p=2325\",\"url\":\"https:\/\/stourm.news\/?p=2325\",\"name\":\"57% des \u00c9cossais veulent un nouveau r\u00e9f\u00e9rendum d'ind\u00e9pendance, 63% des 16-34 ans voteraient pour le \\\"oui\\\" - STOURM\",\"isPartOf\":{\"@id\":\"https:\/\/stourm.news\/#website\"},\"primaryImageOfPage\":{\"@id\":\"https:\/\/stourm.news\/?p=2325#primaryimage\"},\"image\":{\"@id\":\"https:\/\/stourm.news\/?p=2325#primaryimage\"},\"thumbnailUrl\":\"https:\/\/stourm.news\/wp-content\/uploads\/2024\/09\/380101987.article-962.jpg\",\"datePublished\":\"2024-09-16T14:16:05+00:00\",\"breadcrumb\":{\"@id\":\"https:\/\/stourm.news\/?p=2325#breadcrumb\"},\"inLanguage\":\"fr-FR\",\"potentialAction\":[{\"@type\":\"ReadAction\",\"target\":[\"https:\/\/stourm.news\/?p=2325\"]}]},{\"@type\":\"ImageObject\",\"inLanguage\":\"fr-FR\",\"@id\":\"https:\/\/stourm.news\/?p=2325#primaryimage\",\"url\":\"https:\/\/stourm.news\/wp-content\/uploads\/2024\/09\/380101987.article-962.jpg\",\"contentUrl\":\"https:\/\/stourm.news\/wp-content\/uploads\/2024\/09\/380101987.article-962.jpg\",\"width\":962,\"height\":641},{\"@type\":\"BreadcrumbList\",\"@id\":\"https:\/\/stourm.news\/?p=2325#breadcrumb\",\"itemListElement\":[{\"@type\":\"ListItem\",\"position\":1,\"name\":\"Accueil\",\"item\":\"https:\/\/stourm.news\/\"},{\"@type\":\"ListItem\",\"position\":2,\"name\":\"57% des \u00c9cossais veulent un nouveau r\u00e9f\u00e9rendum d&rsquo;ind\u00e9pendance, 63% des 16-34 ans voteraient pour le \u00ab\u00a0oui\u00a0\u00bb\"}]},{\"@type\":\"WebSite\",\"@id\":\"https:\/\/stourm.news\/#website\",\"url\":\"https:\/\/stourm.news\/\",\"name\":\"Stourm\",\"description\":\"Kazetenn Strollad Broadel Breizh\",\"publisher\":{\"@id\":\"https:\/\/stourm.news\/#organization\"},\"potentialAction\":[{\"@type\":\"SearchAction\",\"target\":{\"@type\":\"EntryPoint\",\"urlTemplate\":\"https:\/\/stourm.news\/?s={search_term_string}\"},\"query-input\":{\"@type\":\"PropertyValueSpecification\",\"valueRequired\":true,\"valueName\":\"search_term_string\"}}],\"inLanguage\":\"fr-FR\"},{\"@type\":\"Organization\",\"@id\":\"https:\/\/stourm.news\/#organization\",\"name\":\"Stourm\",\"url\":\"https:\/\/stourm.news\/\",\"logo\":{\"@type\":\"ImageObject\",\"inLanguage\":\"fr-FR\",\"@id\":\"https:\/\/stourm.news\/#\/schema\/logo\/image\/\",\"url\":\"https:\/\/stourm.news\/wp-content\/uploads\/2025\/11\/cropped-Capture-decran-2025-11-28-a-15.19.07.png\",\"contentUrl\":\"https:\/\/stourm.news\/wp-content\/uploads\/2025\/11\/cropped-Capture-decran-2025-11-28-a-15.19.07.png\",\"width\":1855,\"height\":383,\"caption\":\"Stourm\"},\"image\":{\"@id\":\"https:\/\/stourm.news\/#\/schema\/logo\/image\/\"},\"sameAs\":[\"https:\/\/www.facebook.com\/stourmnews\/\"]},{\"@type\":\"Person\",\"@id\":\"https:\/\/stourm.news\/#\/schema\/person\/c3e1dc65988632e190969234ef046cf9\",\"name\":\"La r\u00e9daction\",\"image\":{\"@type\":\"ImageObject\",\"inLanguage\":\"fr-FR\",\"@id\":\"https:\/\/stourm.news\/#\/schema\/person\/image\/\",\"url\":\"https:\/\/secure.gravatar.com\/avatar\/7463443f194b6b5fb706b074ca0ef59a0cfcfd720cb47764b0ec5a952ce422b3?s=96&d=mm&r=g\",\"contentUrl\":\"https:\/\/secure.gravatar.com\/avatar\/7463443f194b6b5fb706b074ca0ef59a0cfcfd720cb47764b0ec5a952ce422b3?s=96&d=mm&r=g\",\"caption\":\"La r\u00e9daction\"},\"sameAs\":[\"https:\/\/stourm.news\"],\"url\":\"https:\/\/stourm.news\/?author=1\"}]}<\/script>\n<!-- \/ Yoast SEO plugin. -->","yoast_head_json":{"title":"57% des \u00c9cossais veulent un nouveau r\u00e9f\u00e9rendum d'ind\u00e9pendance, 63% des 16-34 ans voteraient pour le \"oui\" - STOURM","robots":{"index":"index","follow":"follow","max-snippet":"max-snippet:-1","max-image-preview":"max-image-preview:large","max-video-preview":"max-video-preview:-1"},"canonical":"https:\/\/stourm.news\/?p=2325","og_locale":"fr_FR","og_type":"article","og_title":"57% des \u00c9cossais veulent un nouveau r\u00e9f\u00e9rendum d'ind\u00e9pendance, 63% des 16-34 ans voteraient pour le \"oui\" - STOURM","og_description":"Selon un nouveau sondage, 57 % des \u00c9cossais pensent que le pays devrait organiser un r\u00e9f\u00e9rendum sur l&rsquo;ind\u00e9pendance. Opinium a men\u00e9 une enqu\u00eate aupr\u00e8s de 1 028 \u00c9cossais \u00e2g\u00e9s de 16 ans et plus entre le 5 et le 11 septembre. Les chiffres montrent que 24 % des personnes souhaitent un r\u00e9f\u00e9rendum d&rsquo;ici \u00e0 la [&hellip;]","og_url":"https:\/\/stourm.news\/?p=2325","og_site_name":"STOURM","article_publisher":"https:\/\/www.facebook.com\/stourmnews\/","article_published_time":"2024-09-16T14:16:05+00:00","og_image":[{"width":962,"height":641,"url":"https:\/\/stourm.news\/wp-content\/uploads\/2024\/09\/380101987.article-962.jpg","type":"image\/jpeg"}],"author":"La r\u00e9daction","twitter_card":"summary_large_image","twitter_misc":{"\u00c9crit par":"La r\u00e9daction","Dur\u00e9e de lecture estim\u00e9e":"2 minutes"},"schema":{"@context":"https:\/\/schema.org","@graph":[{"@type":"Article","@id":"https:\/\/stourm.news\/?p=2325#article","isPartOf":{"@id":"https:\/\/stourm.news\/?p=2325"},"author":{"name":"La r\u00e9daction","@id":"https:\/\/stourm.news\/#\/schema\/person\/c3e1dc65988632e190969234ef046cf9"},"headline":"57% des \u00c9cossais veulent un nouveau r\u00e9f\u00e9rendum d&rsquo;ind\u00e9pendance, 63% des 16-34 ans voteraient pour le \u00ab\u00a0oui\u00a0\u00bb","datePublished":"2024-09-16T14:16:05+00:00","mainEntityOfPage":{"@id":"https:\/\/stourm.news\/?p=2325"},"wordCount":219,"commentCount":0,"publisher":{"@id":"https:\/\/stourm.news\/#organization"},"image":{"@id":"https:\/\/stourm.news\/?p=2325#primaryimage"},"thumbnailUrl":"https:\/\/stourm.news\/wp-content\/uploads\/2024\/09\/380101987.article-962.jpg","articleSection":["International","Principale"],"inLanguage":"fr-FR","potentialAction":[{"@type":"CommentAction","name":"Comment","target":["https:\/\/stourm.news\/?p=2325#respond"]}]},{"@type":"WebPage","@id":"https:\/\/stourm.news\/?p=2325","url":"https:\/\/stourm.news\/?p=2325","name":"57% des \u00c9cossais veulent un nouveau r\u00e9f\u00e9rendum d'ind\u00e9pendance, 63% des 16-34 ans voteraient pour le \"oui\" - STOURM","isPartOf":{"@id":"https:\/\/stourm.news\/#website"},"primaryImageOfPage":{"@id":"https:\/\/stourm.news\/?p=2325#primaryimage"},"image":{"@id":"https:\/\/stourm.news\/?p=2325#primaryimage"},"thumbnailUrl":"https:\/\/stourm.news\/wp-content\/uploads\/2024\/09\/380101987.article-962.jpg","datePublished":"2024-09-16T14:16:05+00:00","breadcrumb":{"@id":"https:\/\/stourm.news\/?p=2325#breadcrumb"},"inLanguage":"fr-FR","potentialAction":[{"@type":"ReadAction","target":["https:\/\/stourm.news\/?p=2325"]}]},{"@type":"ImageObject","inLanguage":"fr-FR","@id":"https:\/\/stourm.news\/?p=2325#primaryimage","url":"https:\/\/stourm.news\/wp-content\/uploads\/2024\/09\/380101987.article-962.jpg","contentUrl":"https:\/\/stourm.news\/wp-content\/uploads\/2024\/09\/380101987.article-962.jpg","width":962,"height":641},{"@type":"BreadcrumbList","@id":"https:\/\/stourm.news\/?p=2325#breadcrumb","itemListElement":[{"@type":"ListItem","position":1,"name":"Accueil","item":"https:\/\/stourm.news\/"},{"@type":"ListItem","position":2,"name":"57% des \u00c9cossais veulent un nouveau r\u00e9f\u00e9rendum d&rsquo;ind\u00e9pendance, 63% des 16-34 ans voteraient pour le \u00ab\u00a0oui\u00a0\u00bb"}]},{"@type":"WebSite","@id":"https:\/\/stourm.news\/#website","url":"https:\/\/stourm.news\/","name":"Stourm","description":"Kazetenn Strollad Broadel Breizh","publisher":{"@id":"https:\/\/stourm.news\/#organization"},"potentialAction":[{"@type":"SearchAction","target":{"@type":"EntryPoint","urlTemplate":"https:\/\/stourm.news\/?s={search_term_string}"},"query-input":{"@type":"PropertyValueSpecification","valueRequired":true,"valueName":"search_term_string"}}],"inLanguage":"fr-FR"},{"@type":"Organization","@id":"https:\/\/stourm.news\/#organization","name":"Stourm","url":"https:\/\/stourm.news\/","logo":{"@type":"ImageObject","inLanguage":"fr-FR","@id":"https:\/\/stourm.news\/#\/schema\/logo\/image\/","url":"https:\/\/stourm.news\/wp-content\/uploads\/2025\/11\/cropped-Capture-decran-2025-11-28-a-15.19.07.png","contentUrl":"https:\/\/stourm.news\/wp-content\/uploads\/2025\/11\/cropped-Capture-decran-2025-11-28-a-15.19.07.png","width":1855,"height":383,"caption":"Stourm"},"image":{"@id":"https:\/\/stourm.news\/#\/schema\/logo\/image\/"},"sameAs":["https:\/\/www.facebook.com\/stourmnews\/"]},{"@type":"Person","@id":"https:\/\/stourm.news\/#\/schema\/person\/c3e1dc65988632e190969234ef046cf9","name":"La r\u00e9daction","image":{"@type":"ImageObject","inLanguage":"fr-FR","@id":"https:\/\/stourm.news\/#\/schema\/person\/image\/","url":"https:\/\/secure.gravatar.com\/avatar\/7463443f194b6b5fb706b074ca0ef59a0cfcfd720cb47764b0ec5a952ce422b3?s=96&d=mm&r=g","contentUrl":"https:\/\/secure.gravatar.com\/avatar\/7463443f194b6b5fb706b074ca0ef59a0cfcfd720cb47764b0ec5a952ce422b3?s=96&d=mm&r=g","caption":"La r\u00e9daction"},"sameAs":["https:\/\/stourm.news"],"url":"https:\/\/stourm.news\/?author=1"}]}},"_links":{"self":[{"href":"https:\/\/stourm.news\/index.php?rest_route=\/wp\/v2\/posts\/2325","targetHints":{"allow":["GET"]}}],"collection":[{"href":"https:\/\/stourm.news\/index.php?rest_route=\/wp\/v2\/posts"}],"about":[{"href":"https:\/\/stourm.news\/index.php?rest_route=\/wp\/v2\/types\/post"}],"author":[{"embeddable":true,"href":"https:\/\/stourm.news\/index.php?rest_route=\/wp\/v2\/users\/1"}],"replies":[{"embeddable":true,"href":"https:\/\/stourm.news\/index.php?rest_route=%2Fwp%2Fv2%2Fcomments&post=2325"}],"version-history":[{"count":1,"href":"https:\/\/stourm.news\/index.php?rest_route=\/wp\/v2\/posts\/2325\/revisions"}],"predecessor-version":[{"id":2327,"href":"https:\/\/stourm.news\/index.php?rest_route=\/wp\/v2\/posts\/2325\/revisions\/2327"}],"wp:featuredmedia":[{"embeddable":true,"href":"https:\/\/stourm.news\/index.php?rest_route=\/wp\/v2\/media\/2326"}],"wp:attachment":[{"href":"https:\/\/stourm.news\/index.php?rest_route=%2Fwp%2Fv2%2Fmedia&parent=2325"}],"wp:term":[{"taxonomy":"category","embeddable":true,"href":"https:\/\/stourm.news\/index.php?rest_route=%2Fwp%2Fv2%2Fcategories&post=2325"},{"taxonomy":"post_tag","embeddable":true,"href":"https:\/\/stourm.news\/index.php?rest_route=%2Fwp%2Fv2%2Ftags&post=2325"}],"curies":[{"name":"wp","href":"https:\/\/api.w.org\/{rel}","templated":true}]}}