{"id":2335,"date":"2024-09-18T14:27:18","date_gmt":"2024-09-18T14:27:18","guid":{"rendered":"https:\/\/stourm.news\/?p=2335"},"modified":"2024-09-18T14:27:18","modified_gmt":"2024-09-18T14:27:18","slug":"rennes-operation-anti-drogue-dans-le-quartier-multiculturel-de-villejean","status":"publish","type":"post","link":"https:\/\/stourm.news\/?p=2335","title":{"rendered":"Rennes : op\u00e9ration anti-drogue dans le quartier multiculturel de Villejean"},"content":{"rendered":"<p style=\"text-align: justify;\">Une cinquantaine d\u2019agents mobilis\u00e9s avec l\u2019appui de la CRS82. Mardi 17 septembre 2024, la police a men\u00e9 une grande op\u00e9ration <strong>antidrogue<\/strong> dans le quartier de Villejean \u00e0 Rennes.<\/p>\n<p style=\"text-align: justify;\">Entre 15 h et 18 h, les forces de l\u2019ordre ont proc\u00e9d\u00e9 \u00e0 une quarantaine de contr\u00f4les en se concentrant majoritairement autour de la dalle Kennedy et de la rue du Bourbonnais. Ces deux secteurs sont connus pour \u00eatre <strong>une plaque tournante du trafic de stup\u00e9fiants<\/strong> \u00e0 Rennes.<\/p>\n<p style=\"text-align: justify;\">Au total, cinq personnes ont \u00e9t\u00e9 interpell\u00e9es pour d\u00e9tention de stup\u00e9fiants ou blanchiment lors de cette op\u00e9ration. Dans le quartier, les riverains font r\u00e9guli\u00e8rement part de leur ras-le-bol face \u00e0 la pr\u00e9sence des dealers qui <strong>\u00ab fait r\u00e9gner un sentiment d\u2019ins\u00e9curit\u00e9 \u00bb<\/strong>. Le 10 ao\u00fbt dernier, des policiers avaient d\u00e9couvert plusieurs armes \u00e0 proximit\u00e9 lors d\u2018une op\u00e9ration de s\u00e9curisation.<\/p>\n<p style=\"text-align: justify;\">\u00ab On ne veut laisser aucun r\u00e9pit aux trafiquants de drogue \u00bb, pr\u00e9cise la Police qui ajoute que des op\u00e9rations similaires vont continuer \u00e0 \u00eatre men\u00e9e r\u00e9guli\u00e8rement autour des autres principaux points de deal de la ville.<\/p>\n<p style=\"text-align: justify;\">Source : <a href=\"https:\/\/www.letelegramme.fr\/ille-et-vilaine\/rennes-35000\/une-grosse-operation-de-police-dans-ce-quartier-de-rennes-ce-quil-sest-passe-6664021.php\">Le T\u00e9l\u00e9gramme<\/a><\/p>\n","protected":false},"excerpt":{"rendered":"<p>Une cinquantaine d\u2019agents mobilis\u00e9s avec l\u2019appui de la CRS82. Mardi 17 septembre 2024, la police a men\u00e9 une grande op\u00e9ration antidrogue dans le quartier de Villejean \u00e0 Rennes. Entre 15 h et 18 h, les forces de l\u2019ordre ont proc\u00e9d\u00e9 \u00e0 une quarantaine de contr\u00f4les en se concentrant majoritairement autour de la dalle Kennedy et [&hellip;]<\/p>\n","protected":false},"author":1,"featured_media":2336,"comment_status":"open","ping_status":"open","sticky":false,"template":"","format":"standard","meta":{"sb_editor_width":"","footnotes":""},"categories":[29,41,62],"tags":[],"class_list":["post-2335","post","type-post","status-publish","format-standard","has-post-thumbnail","hentry","category-drogue","category-ille-et-vilaine","category-revue-de-presse"],"relative_dates":{"created":"2 ans ago","modified":"2 ans ago"},"yoast_head":"<!-- This site is optimized with the Yoast SEO plugin v26.3 - https:\/\/yoast.com\/wordpress\/plugins\/seo\/ -->\n<title>Rennes : op\u00e9ration anti-drogue dans le quartier multiculturel de Villejean - STOURM<\/title>\n<meta name=\"robots\" content=\"index, follow, max-snippet:-1, max-image-preview:large, max-video-preview:-1\" \/>\n<link rel=\"canonical\" href=\"https:\/\/stourm.news\/?p=2335\" \/>\n<meta property=\"og:locale\" content=\"fr_FR\" \/>\n<meta property=\"og:type\" content=\"article\" \/>\n<meta property=\"og:title\" content=\"Rennes : op\u00e9ration anti-drogue dans le quartier multiculturel de Villejean - STOURM\" \/>\n<meta property=\"og:description\" content=\"Une cinquantaine d\u2019agents mobilis\u00e9s avec l\u2019appui de la CRS82. Mardi 17 septembre 2024, la police a men\u00e9 une grande op\u00e9ration antidrogue dans le quartier de Villejean \u00e0 Rennes. Entre 15 h et 18 h, les forces de l\u2019ordre ont proc\u00e9d\u00e9 \u00e0 une quarantaine de contr\u00f4les en se concentrant majoritairement autour de la dalle Kennedy et [&hellip;]\" \/>\n<meta property=\"og:url\" content=\"https:\/\/stourm.news\/?p=2335\" \/>\n<meta property=\"og:site_name\" content=\"STOURM\" \/>\n<meta property=\"article:publisher\" content=\"https:\/\/www.facebook.com\/stourmnews\/\" \/>\n<meta property=\"article:published_time\" content=\"2024-09-18T14:27:18+00:00\" \/>\n<meta property=\"og:image\" content=\"https:\/\/stourm.news\/wp-content\/uploads\/2024\/09\/Capture-decran-2024-09-18-a-23.25.12.png\" \/>\n\t<meta property=\"og:image:width\" content=\"1162\" \/>\n\t<meta property=\"og:image:height\" content=\"784\" \/>\n\t<meta property=\"og:image:type\" content=\"image\/png\" \/>\n<meta name=\"author\" content=\"La r\u00e9daction\" \/>\n<meta name=\"twitter:card\" content=\"summary_large_image\" \/>\n<meta name=\"twitter:label1\" content=\"\u00c9crit par\" \/>\n\t<meta name=\"twitter:data1\" content=\"La r\u00e9daction\" \/>\n\t<meta name=\"twitter:label2\" content=\"Dur\u00e9e de lecture estim\u00e9e\" \/>\n\t<meta name=\"twitter:data2\" content=\"1 minute\" \/>\n<script type=\"application\/ld+json\" class=\"yoast-schema-graph\">{\"@context\":\"https:\/\/schema.org\",\"@graph\":[{\"@type\":\"Article\",\"@id\":\"https:\/\/stourm.news\/?p=2335#article\",\"isPartOf\":{\"@id\":\"https:\/\/stourm.news\/?p=2335\"},\"author\":{\"name\":\"La r\u00e9daction\",\"@id\":\"https:\/\/stourm.news\/#\/schema\/person\/c3e1dc65988632e190969234ef046cf9\"},\"headline\":\"Rennes : op\u00e9ration anti-drogue dans le quartier multiculturel de Villejean\",\"datePublished\":\"2024-09-18T14:27:18+00:00\",\"mainEntityOfPage\":{\"@id\":\"https:\/\/stourm.news\/?p=2335\"},\"wordCount\":201,\"commentCount\":0,\"publisher\":{\"@id\":\"https:\/\/stourm.news\/#organization\"},\"image\":{\"@id\":\"https:\/\/stourm.news\/?p=2335#primaryimage\"},\"thumbnailUrl\":\"https:\/\/stourm.news\/wp-content\/uploads\/2024\/09\/Capture-decran-2024-09-18-a-23.25.12.png\",\"articleSection\":[\"Drogue\",\"Ille-et-Vilaine\",\"Revue de presse\"],\"inLanguage\":\"fr-FR\",\"potentialAction\":[{\"@type\":\"CommentAction\",\"name\":\"Comment\",\"target\":[\"https:\/\/stourm.news\/?p=2335#respond\"]}]},{\"@type\":\"WebPage\",\"@id\":\"https:\/\/stourm.news\/?p=2335\",\"url\":\"https:\/\/stourm.news\/?p=2335\",\"name\":\"Rennes : op\u00e9ration anti-drogue dans le quartier multiculturel de Villejean - STOURM\",\"isPartOf\":{\"@id\":\"https:\/\/stourm.news\/#website\"},\"primaryImageOfPage\":{\"@id\":\"https:\/\/stourm.news\/?p=2335#primaryimage\"},\"image\":{\"@id\":\"https:\/\/stourm.news\/?p=2335#primaryimage\"},\"thumbnailUrl\":\"https:\/\/stourm.news\/wp-content\/uploads\/2024\/09\/Capture-decran-2024-09-18-a-23.25.12.png\",\"datePublished\":\"2024-09-18T14:27:18+00:00\",\"breadcrumb\":{\"@id\":\"https:\/\/stourm.news\/?p=2335#breadcrumb\"},\"inLanguage\":\"fr-FR\",\"potentialAction\":[{\"@type\":\"ReadAction\",\"target\":[\"https:\/\/stourm.news\/?p=2335\"]}]},{\"@type\":\"ImageObject\",\"inLanguage\":\"fr-FR\",\"@id\":\"https:\/\/stourm.news\/?p=2335#primaryimage\",\"url\":\"https:\/\/stourm.news\/wp-content\/uploads\/2024\/09\/Capture-decran-2024-09-18-a-23.25.12.png\",\"contentUrl\":\"https:\/\/stourm.news\/wp-content\/uploads\/2024\/09\/Capture-decran-2024-09-18-a-23.25.12.png\",\"width\":1162,\"height\":784},{\"@type\":\"BreadcrumbList\",\"@id\":\"https:\/\/stourm.news\/?p=2335#breadcrumb\",\"itemListElement\":[{\"@type\":\"ListItem\",\"position\":1,\"name\":\"Accueil\",\"item\":\"https:\/\/stourm.news\/\"},{\"@type\":\"ListItem\",\"position\":2,\"name\":\"Rennes : op\u00e9ration anti-drogue dans le quartier multiculturel de Villejean\"}]},{\"@type\":\"WebSite\",\"@id\":\"https:\/\/stourm.news\/#website\",\"url\":\"https:\/\/stourm.news\/\",\"name\":\"Stourm\",\"description\":\"Kazetenn Strollad Broadel Breizh\",\"publisher\":{\"@id\":\"https:\/\/stourm.news\/#organization\"},\"potentialAction\":[{\"@type\":\"SearchAction\",\"target\":{\"@type\":\"EntryPoint\",\"urlTemplate\":\"https:\/\/stourm.news\/?s={search_term_string}\"},\"query-input\":{\"@type\":\"PropertyValueSpecification\",\"valueRequired\":true,\"valueName\":\"search_term_string\"}}],\"inLanguage\":\"fr-FR\"},{\"@type\":\"Organization\",\"@id\":\"https:\/\/stourm.news\/#organization\",\"name\":\"Stourm\",\"url\":\"https:\/\/stourm.news\/\",\"logo\":{\"@type\":\"ImageObject\",\"inLanguage\":\"fr-FR\",\"@id\":\"https:\/\/stourm.news\/#\/schema\/logo\/image\/\",\"url\":\"https:\/\/stourm.news\/wp-content\/uploads\/2025\/11\/cropped-Capture-decran-2025-11-28-a-15.19.07.png\",\"contentUrl\":\"https:\/\/stourm.news\/wp-content\/uploads\/2025\/11\/cropped-Capture-decran-2025-11-28-a-15.19.07.png\",\"width\":1855,\"height\":383,\"caption\":\"Stourm\"},\"image\":{\"@id\":\"https:\/\/stourm.news\/#\/schema\/logo\/image\/\"},\"sameAs\":[\"https:\/\/www.facebook.com\/stourmnews\/\"]},{\"@type\":\"Person\",\"@id\":\"https:\/\/stourm.news\/#\/schema\/person\/c3e1dc65988632e190969234ef046cf9\",\"name\":\"La r\u00e9daction\",\"image\":{\"@type\":\"ImageObject\",\"inLanguage\":\"fr-FR\",\"@id\":\"https:\/\/stourm.news\/#\/schema\/person\/image\/\",\"url\":\"https:\/\/secure.gravatar.com\/avatar\/7463443f194b6b5fb706b074ca0ef59a0cfcfd720cb47764b0ec5a952ce422b3?s=96&d=mm&r=g\",\"contentUrl\":\"https:\/\/secure.gravatar.com\/avatar\/7463443f194b6b5fb706b074ca0ef59a0cfcfd720cb47764b0ec5a952ce422b3?s=96&d=mm&r=g\",\"caption\":\"La r\u00e9daction\"},\"sameAs\":[\"https:\/\/stourm.news\"],\"url\":\"https:\/\/stourm.news\/?author=1\"}]}<\/script>\n<!-- \/ Yoast SEO plugin. -->","yoast_head_json":{"title":"Rennes : op\u00e9ration anti-drogue dans le quartier multiculturel de Villejean - STOURM","robots":{"index":"index","follow":"follow","max-snippet":"max-snippet:-1","max-image-preview":"max-image-preview:large","max-video-preview":"max-video-preview:-1"},"canonical":"https:\/\/stourm.news\/?p=2335","og_locale":"fr_FR","og_type":"article","og_title":"Rennes : op\u00e9ration anti-drogue dans le quartier multiculturel de Villejean - STOURM","og_description":"Une cinquantaine d\u2019agents mobilis\u00e9s avec l\u2019appui de la CRS82. Mardi 17 septembre 2024, la police a men\u00e9 une grande op\u00e9ration antidrogue dans le quartier de Villejean \u00e0 Rennes. Entre 15 h et 18 h, les forces de l\u2019ordre ont proc\u00e9d\u00e9 \u00e0 une quarantaine de contr\u00f4les en se concentrant majoritairement autour de la dalle Kennedy et [&hellip;]","og_url":"https:\/\/stourm.news\/?p=2335","og_site_name":"STOURM","article_publisher":"https:\/\/www.facebook.com\/stourmnews\/","article_published_time":"2024-09-18T14:27:18+00:00","og_image":[{"width":1162,"height":784,"url":"https:\/\/stourm.news\/wp-content\/uploads\/2024\/09\/Capture-decran-2024-09-18-a-23.25.12.png","type":"image\/png"}],"author":"La r\u00e9daction","twitter_card":"summary_large_image","twitter_misc":{"\u00c9crit par":"La r\u00e9daction","Dur\u00e9e de lecture estim\u00e9e":"1 minute"},"schema":{"@context":"https:\/\/schema.org","@graph":[{"@type":"Article","@id":"https:\/\/stourm.news\/?p=2335#article","isPartOf":{"@id":"https:\/\/stourm.news\/?p=2335"},"author":{"name":"La r\u00e9daction","@id":"https:\/\/stourm.news\/#\/schema\/person\/c3e1dc65988632e190969234ef046cf9"},"headline":"Rennes : op\u00e9ration anti-drogue dans le quartier multiculturel de Villejean","datePublished":"2024-09-18T14:27:18+00:00","mainEntityOfPage":{"@id":"https:\/\/stourm.news\/?p=2335"},"wordCount":201,"commentCount":0,"publisher":{"@id":"https:\/\/stourm.news\/#organization"},"image":{"@id":"https:\/\/stourm.news\/?p=2335#primaryimage"},"thumbnailUrl":"https:\/\/stourm.news\/wp-content\/uploads\/2024\/09\/Capture-decran-2024-09-18-a-23.25.12.png","articleSection":["Drogue","Ille-et-Vilaine","Revue de presse"],"inLanguage":"fr-FR","potentialAction":[{"@type":"CommentAction","name":"Comment","target":["https:\/\/stourm.news\/?p=2335#respond"]}]},{"@type":"WebPage","@id":"https:\/\/stourm.news\/?p=2335","url":"https:\/\/stourm.news\/?p=2335","name":"Rennes : op\u00e9ration anti-drogue dans le quartier multiculturel de Villejean - STOURM","isPartOf":{"@id":"https:\/\/stourm.news\/#website"},"primaryImageOfPage":{"@id":"https:\/\/stourm.news\/?p=2335#primaryimage"},"image":{"@id":"https:\/\/stourm.news\/?p=2335#primaryimage"},"thumbnailUrl":"https:\/\/stourm.news\/wp-content\/uploads\/2024\/09\/Capture-decran-2024-09-18-a-23.25.12.png","datePublished":"2024-09-18T14:27:18+00:00","breadcrumb":{"@id":"https:\/\/stourm.news\/?p=2335#breadcrumb"},"inLanguage":"fr-FR","potentialAction":[{"@type":"ReadAction","target":["https:\/\/stourm.news\/?p=2335"]}]},{"@type":"ImageObject","inLanguage":"fr-FR","@id":"https:\/\/stourm.news\/?p=2335#primaryimage","url":"https:\/\/stourm.news\/wp-content\/uploads\/2024\/09\/Capture-decran-2024-09-18-a-23.25.12.png","contentUrl":"https:\/\/stourm.news\/wp-content\/uploads\/2024\/09\/Capture-decran-2024-09-18-a-23.25.12.png","width":1162,"height":784},{"@type":"BreadcrumbList","@id":"https:\/\/stourm.news\/?p=2335#breadcrumb","itemListElement":[{"@type":"ListItem","position":1,"name":"Accueil","item":"https:\/\/stourm.news\/"},{"@type":"ListItem","position":2,"name":"Rennes : op\u00e9ration anti-drogue dans le quartier multiculturel de Villejean"}]},{"@type":"WebSite","@id":"https:\/\/stourm.news\/#website","url":"https:\/\/stourm.news\/","name":"Stourm","description":"Kazetenn Strollad Broadel Breizh","publisher":{"@id":"https:\/\/stourm.news\/#organization"},"potentialAction":[{"@type":"SearchAction","target":{"@type":"EntryPoint","urlTemplate":"https:\/\/stourm.news\/?s={search_term_string}"},"query-input":{"@type":"PropertyValueSpecification","valueRequired":true,"valueName":"search_term_string"}}],"inLanguage":"fr-FR"},{"@type":"Organization","@id":"https:\/\/stourm.news\/#organization","name":"Stourm","url":"https:\/\/stourm.news\/","logo":{"@type":"ImageObject","inLanguage":"fr-FR","@id":"https:\/\/stourm.news\/#\/schema\/logo\/image\/","url":"https:\/\/stourm.news\/wp-content\/uploads\/2025\/11\/cropped-Capture-decran-2025-11-28-a-15.19.07.png","contentUrl":"https:\/\/stourm.news\/wp-content\/uploads\/2025\/11\/cropped-Capture-decran-2025-11-28-a-15.19.07.png","width":1855,"height":383,"caption":"Stourm"},"image":{"@id":"https:\/\/stourm.news\/#\/schema\/logo\/image\/"},"sameAs":["https:\/\/www.facebook.com\/stourmnews\/"]},{"@type":"Person","@id":"https:\/\/stourm.news\/#\/schema\/person\/c3e1dc65988632e190969234ef046cf9","name":"La r\u00e9daction","image":{"@type":"ImageObject","inLanguage":"fr-FR","@id":"https:\/\/stourm.news\/#\/schema\/person\/image\/","url":"https:\/\/secure.gravatar.com\/avatar\/7463443f194b6b5fb706b074ca0ef59a0cfcfd720cb47764b0ec5a952ce422b3?s=96&d=mm&r=g","contentUrl":"https:\/\/secure.gravatar.com\/avatar\/7463443f194b6b5fb706b074ca0ef59a0cfcfd720cb47764b0ec5a952ce422b3?s=96&d=mm&r=g","caption":"La r\u00e9daction"},"sameAs":["https:\/\/stourm.news"],"url":"https:\/\/stourm.news\/?author=1"}]}},"_links":{"self":[{"href":"https:\/\/stourm.news\/index.php?rest_route=\/wp\/v2\/posts\/2335","targetHints":{"allow":["GET"]}}],"collection":[{"href":"https:\/\/stourm.news\/index.php?rest_route=\/wp\/v2\/posts"}],"about":[{"href":"https:\/\/stourm.news\/index.php?rest_route=\/wp\/v2\/types\/post"}],"author":[{"embeddable":true,"href":"https:\/\/stourm.news\/index.php?rest_route=\/wp\/v2\/users\/1"}],"replies":[{"embeddable":true,"href":"https:\/\/stourm.news\/index.php?rest_route=%2Fwp%2Fv2%2Fcomments&post=2335"}],"version-history":[{"count":1,"href":"https:\/\/stourm.news\/index.php?rest_route=\/wp\/v2\/posts\/2335\/revisions"}],"predecessor-version":[{"id":2337,"href":"https:\/\/stourm.news\/index.php?rest_route=\/wp\/v2\/posts\/2335\/revisions\/2337"}],"wp:featuredmedia":[{"embeddable":true,"href":"https:\/\/stourm.news\/index.php?rest_route=\/wp\/v2\/media\/2336"}],"wp:attachment":[{"href":"https:\/\/stourm.news\/index.php?rest_route=%2Fwp%2Fv2%2Fmedia&parent=2335"}],"wp:term":[{"taxonomy":"category","embeddable":true,"href":"https:\/\/stourm.news\/index.php?rest_route=%2Fwp%2Fv2%2Fcategories&post=2335"},{"taxonomy":"post_tag","embeddable":true,"href":"https:\/\/stourm.news\/index.php?rest_route=%2Fwp%2Fv2%2Ftags&post=2335"}],"curies":[{"name":"wp","href":"https:\/\/api.w.org\/{rel}","templated":true}]}}