{"id":2338,"date":"2024-09-18T14:37:42","date_gmt":"2024-09-18T14:37:42","guid":{"rendered":"https:\/\/stourm.news\/?p=2338"},"modified":"2024-09-18T14:37:42","modified_gmt":"2024-09-18T14:37:42","slug":"brest-rixe-entre-migrants-clandestins-dans-le-nouveau-centre-daccueil","status":"publish","type":"post","link":"https:\/\/stourm.news\/?p=2338","title":{"rendered":"Brest : rixe entre migrants clandestins dans le nouveau centre d&rsquo;accueil"},"content":{"rendered":"<p style=\"text-align: justify;\">Pour une raison qui reste \u00e0 pr\u00e9ciser, deux jeunes <strong>migrants<\/strong> en sont venus aux mains ce mardi 17 septembre 2024 au matin, <strong>au centre d\u2019accueil<\/strong> des mineurs non accompagn\u00e9s de la Cavale-Blanche, \u00e0 Brest. L\u2019un des jeunes, \u00e2g\u00e9 de 15 ans, a \u00e9t\u00e9 bless\u00e9 \u00e0 l\u2019abdomen apr\u00e8s avoir re\u00e7u <strong>un coup de ciseaux<\/strong>. Il a \u00e9t\u00e9 conduit par le Samu 29 aux urgences toutes proches, d\u2019o\u00f9 il est ressorti rapidement, son \u00e9tat n\u2019inspirant aucune inqui\u00e9tude. Selon nos informations, l\u2019autre mineur, \u00e2g\u00e9 de 16 ans, serait bless\u00e9 plus l\u00e9g\u00e8rement, et n\u2019aurait pas \u00e9t\u00e9 pris en charge.<\/p>\n<p style=\"text-align: justify;\">\u00ab C\u2019est le premier incident de ce genre depuis l\u2019ouverture de ce centre en juin dernier\u00bb, informe V\u00e9ronique Bourbigot, vice-pr\u00e9sident du conseil d\u00e9partemental charg\u00e9e des questions sociales. Am\u00e9nag\u00e9 dans un ancien h\u00f4tel d\u00e9saffect\u00e9 acquis fin 2023 par le D\u00e9partement du Finist\u00e8re, ce centre d\u2019accueil des mineurs non accompagn\u00e9s est g\u00e9r\u00e9 par l\u2019association Ailes 29. D\u2019une capacit\u00e9 d\u2019accueil de <strong>60 places,<\/strong> il a vocation \u00e0 accueillir des <strong>jeunes \u00e9trangers<\/strong> fra\u00eechement arriv\u00e9s dans le d\u00e9partement, et en attente de statut ou de placement dans les services d\u00e9di\u00e9s. Un autre centre du m\u00eame type a ouvert \u00e0 Loperhet, dans les locaux de l\u2019ancien centre de vacances de Gorre Menez. Celui-ci accueille aussi <strong>des femmes isol\u00e9es avec enfants<\/strong>.<\/p>\n<p style=\"text-align: justify;\">Source : <a href=\"https:\/\/www.letelegramme.fr\/finistere\/brest-29200\/a-brest-un-blesse-dans-une-rixe-au-centre-daccueil-des-mineurs-isoles-6663613.php\">Le T\u00e9l\u00e9gramme<\/a><\/p>\n","protected":false},"excerpt":{"rendered":"<p>Pour une raison qui reste \u00e0 pr\u00e9ciser, deux jeunes migrants en sont venus aux mains ce mardi 17 septembre 2024 au matin, au centre d\u2019accueil des mineurs non accompagn\u00e9s de la Cavale-Blanche, \u00e0 Brest. L\u2019un des jeunes, \u00e2g\u00e9 de 15 ans, a \u00e9t\u00e9 bless\u00e9 \u00e0 l\u2019abdomen apr\u00e8s avoir re\u00e7u un coup de ciseaux. Il a [&hellip;]<\/p>\n","protected":false},"author":1,"featured_media":2339,"comment_status":"open","ping_status":"open","sticky":false,"template":"","format":"standard","meta":{"sb_editor_width":"","footnotes":""},"categories":[38,33,62],"tags":[],"class_list":["post-2338","post","type-post","status-publish","format-standard","has-post-thumbnail","hentry","category-finistere","category-immigration","category-revue-de-presse"],"relative_dates":{"created":"2 ans ago","modified":"2 ans ago"},"yoast_head":"<!-- This site is optimized with the Yoast SEO plugin v26.3 - https:\/\/yoast.com\/wordpress\/plugins\/seo\/ -->\n<title>Brest : rixe entre migrants clandestins dans le nouveau centre d&#039;accueil - STOURM<\/title>\n<meta name=\"robots\" content=\"index, follow, max-snippet:-1, max-image-preview:large, max-video-preview:-1\" \/>\n<link rel=\"canonical\" href=\"https:\/\/stourm.news\/?p=2338\" \/>\n<meta property=\"og:locale\" content=\"fr_FR\" \/>\n<meta property=\"og:type\" content=\"article\" \/>\n<meta property=\"og:title\" content=\"Brest : rixe entre migrants clandestins dans le nouveau centre d&#039;accueil - STOURM\" \/>\n<meta property=\"og:description\" content=\"Pour une raison qui reste \u00e0 pr\u00e9ciser, deux jeunes migrants en sont venus aux mains ce mardi 17 septembre 2024 au matin, au centre d\u2019accueil des mineurs non accompagn\u00e9s de la Cavale-Blanche, \u00e0 Brest. L\u2019un des jeunes, \u00e2g\u00e9 de 15 ans, a \u00e9t\u00e9 bless\u00e9 \u00e0 l\u2019abdomen apr\u00e8s avoir re\u00e7u un coup de ciseaux. Il a [&hellip;]\" \/>\n<meta property=\"og:url\" content=\"https:\/\/stourm.news\/?p=2338\" \/>\n<meta property=\"og:site_name\" content=\"STOURM\" \/>\n<meta property=\"article:publisher\" content=\"https:\/\/www.facebook.com\/stourmnews\/\" \/>\n<meta property=\"article:published_time\" content=\"2024-09-18T14:37:42+00:00\" \/>\n<meta property=\"og:image\" content=\"https:\/\/stourm.news\/wp-content\/uploads\/2024\/09\/Capture-decran-2024-09-18-a-23.36.14.png\" \/>\n\t<meta property=\"og:image:width\" content=\"1106\" \/>\n\t<meta property=\"og:image:height\" content=\"750\" \/>\n\t<meta property=\"og:image:type\" content=\"image\/png\" \/>\n<meta name=\"author\" content=\"La r\u00e9daction\" \/>\n<meta name=\"twitter:card\" content=\"summary_large_image\" \/>\n<meta name=\"twitter:label1\" content=\"\u00c9crit par\" \/>\n\t<meta name=\"twitter:data1\" content=\"La r\u00e9daction\" \/>\n\t<meta name=\"twitter:label2\" content=\"Dur\u00e9e de lecture estim\u00e9e\" \/>\n\t<meta name=\"twitter:data2\" content=\"2 minutes\" \/>\n<script type=\"application\/ld+json\" class=\"yoast-schema-graph\">{\"@context\":\"https:\/\/schema.org\",\"@graph\":[{\"@type\":\"Article\",\"@id\":\"https:\/\/stourm.news\/?p=2338#article\",\"isPartOf\":{\"@id\":\"https:\/\/stourm.news\/?p=2338\"},\"author\":{\"name\":\"La r\u00e9daction\",\"@id\":\"https:\/\/stourm.news\/#\/schema\/person\/c3e1dc65988632e190969234ef046cf9\"},\"headline\":\"Brest : rixe entre migrants clandestins dans le nouveau centre d&rsquo;accueil\",\"datePublished\":\"2024-09-18T14:37:42+00:00\",\"mainEntityOfPage\":{\"@id\":\"https:\/\/stourm.news\/?p=2338\"},\"wordCount\":250,\"commentCount\":0,\"publisher\":{\"@id\":\"https:\/\/stourm.news\/#organization\"},\"image\":{\"@id\":\"https:\/\/stourm.news\/?p=2338#primaryimage\"},\"thumbnailUrl\":\"https:\/\/stourm.news\/wp-content\/uploads\/2024\/09\/Capture-decran-2024-09-18-a-23.36.14.png\",\"articleSection\":[\"Finist\u00e8re\",\"Immigration\",\"Revue de presse\"],\"inLanguage\":\"fr-FR\",\"potentialAction\":[{\"@type\":\"CommentAction\",\"name\":\"Comment\",\"target\":[\"https:\/\/stourm.news\/?p=2338#respond\"]}]},{\"@type\":\"WebPage\",\"@id\":\"https:\/\/stourm.news\/?p=2338\",\"url\":\"https:\/\/stourm.news\/?p=2338\",\"name\":\"Brest : rixe entre migrants clandestins dans le nouveau centre d'accueil - STOURM\",\"isPartOf\":{\"@id\":\"https:\/\/stourm.news\/#website\"},\"primaryImageOfPage\":{\"@id\":\"https:\/\/stourm.news\/?p=2338#primaryimage\"},\"image\":{\"@id\":\"https:\/\/stourm.news\/?p=2338#primaryimage\"},\"thumbnailUrl\":\"https:\/\/stourm.news\/wp-content\/uploads\/2024\/09\/Capture-decran-2024-09-18-a-23.36.14.png\",\"datePublished\":\"2024-09-18T14:37:42+00:00\",\"breadcrumb\":{\"@id\":\"https:\/\/stourm.news\/?p=2338#breadcrumb\"},\"inLanguage\":\"fr-FR\",\"potentialAction\":[{\"@type\":\"ReadAction\",\"target\":[\"https:\/\/stourm.news\/?p=2338\"]}]},{\"@type\":\"ImageObject\",\"inLanguage\":\"fr-FR\",\"@id\":\"https:\/\/stourm.news\/?p=2338#primaryimage\",\"url\":\"https:\/\/stourm.news\/wp-content\/uploads\/2024\/09\/Capture-decran-2024-09-18-a-23.36.14.png\",\"contentUrl\":\"https:\/\/stourm.news\/wp-content\/uploads\/2024\/09\/Capture-decran-2024-09-18-a-23.36.14.png\",\"width\":1106,\"height\":750},{\"@type\":\"BreadcrumbList\",\"@id\":\"https:\/\/stourm.news\/?p=2338#breadcrumb\",\"itemListElement\":[{\"@type\":\"ListItem\",\"position\":1,\"name\":\"Accueil\",\"item\":\"https:\/\/stourm.news\/\"},{\"@type\":\"ListItem\",\"position\":2,\"name\":\"Brest : rixe entre migrants clandestins dans le nouveau centre d&rsquo;accueil\"}]},{\"@type\":\"WebSite\",\"@id\":\"https:\/\/stourm.news\/#website\",\"url\":\"https:\/\/stourm.news\/\",\"name\":\"Stourm\",\"description\":\"Kazetenn Strollad Broadel Breizh\",\"publisher\":{\"@id\":\"https:\/\/stourm.news\/#organization\"},\"potentialAction\":[{\"@type\":\"SearchAction\",\"target\":{\"@type\":\"EntryPoint\",\"urlTemplate\":\"https:\/\/stourm.news\/?s={search_term_string}\"},\"query-input\":{\"@type\":\"PropertyValueSpecification\",\"valueRequired\":true,\"valueName\":\"search_term_string\"}}],\"inLanguage\":\"fr-FR\"},{\"@type\":\"Organization\",\"@id\":\"https:\/\/stourm.news\/#organization\",\"name\":\"Stourm\",\"url\":\"https:\/\/stourm.news\/\",\"logo\":{\"@type\":\"ImageObject\",\"inLanguage\":\"fr-FR\",\"@id\":\"https:\/\/stourm.news\/#\/schema\/logo\/image\/\",\"url\":\"https:\/\/stourm.news\/wp-content\/uploads\/2025\/11\/cropped-Capture-decran-2025-11-28-a-15.19.07.png\",\"contentUrl\":\"https:\/\/stourm.news\/wp-content\/uploads\/2025\/11\/cropped-Capture-decran-2025-11-28-a-15.19.07.png\",\"width\":1855,\"height\":383,\"caption\":\"Stourm\"},\"image\":{\"@id\":\"https:\/\/stourm.news\/#\/schema\/logo\/image\/\"},\"sameAs\":[\"https:\/\/www.facebook.com\/stourmnews\/\"]},{\"@type\":\"Person\",\"@id\":\"https:\/\/stourm.news\/#\/schema\/person\/c3e1dc65988632e190969234ef046cf9\",\"name\":\"La r\u00e9daction\",\"image\":{\"@type\":\"ImageObject\",\"inLanguage\":\"fr-FR\",\"@id\":\"https:\/\/stourm.news\/#\/schema\/person\/image\/\",\"url\":\"https:\/\/secure.gravatar.com\/avatar\/7463443f194b6b5fb706b074ca0ef59a0cfcfd720cb47764b0ec5a952ce422b3?s=96&d=mm&r=g\",\"contentUrl\":\"https:\/\/secure.gravatar.com\/avatar\/7463443f194b6b5fb706b074ca0ef59a0cfcfd720cb47764b0ec5a952ce422b3?s=96&d=mm&r=g\",\"caption\":\"La r\u00e9daction\"},\"sameAs\":[\"https:\/\/stourm.news\"],\"url\":\"https:\/\/stourm.news\/?author=1\"}]}<\/script>\n<!-- \/ Yoast SEO plugin. -->","yoast_head_json":{"title":"Brest : rixe entre migrants clandestins dans le nouveau centre d'accueil - STOURM","robots":{"index":"index","follow":"follow","max-snippet":"max-snippet:-1","max-image-preview":"max-image-preview:large","max-video-preview":"max-video-preview:-1"},"canonical":"https:\/\/stourm.news\/?p=2338","og_locale":"fr_FR","og_type":"article","og_title":"Brest : rixe entre migrants clandestins dans le nouveau centre d'accueil - STOURM","og_description":"Pour une raison qui reste \u00e0 pr\u00e9ciser, deux jeunes migrants en sont venus aux mains ce mardi 17 septembre 2024 au matin, au centre d\u2019accueil des mineurs non accompagn\u00e9s de la Cavale-Blanche, \u00e0 Brest. L\u2019un des jeunes, \u00e2g\u00e9 de 15 ans, a \u00e9t\u00e9 bless\u00e9 \u00e0 l\u2019abdomen apr\u00e8s avoir re\u00e7u un coup de ciseaux. Il a [&hellip;]","og_url":"https:\/\/stourm.news\/?p=2338","og_site_name":"STOURM","article_publisher":"https:\/\/www.facebook.com\/stourmnews\/","article_published_time":"2024-09-18T14:37:42+00:00","og_image":[{"width":1106,"height":750,"url":"https:\/\/stourm.news\/wp-content\/uploads\/2024\/09\/Capture-decran-2024-09-18-a-23.36.14.png","type":"image\/png"}],"author":"La r\u00e9daction","twitter_card":"summary_large_image","twitter_misc":{"\u00c9crit par":"La r\u00e9daction","Dur\u00e9e de lecture estim\u00e9e":"2 minutes"},"schema":{"@context":"https:\/\/schema.org","@graph":[{"@type":"Article","@id":"https:\/\/stourm.news\/?p=2338#article","isPartOf":{"@id":"https:\/\/stourm.news\/?p=2338"},"author":{"name":"La r\u00e9daction","@id":"https:\/\/stourm.news\/#\/schema\/person\/c3e1dc65988632e190969234ef046cf9"},"headline":"Brest : rixe entre migrants clandestins dans le nouveau centre d&rsquo;accueil","datePublished":"2024-09-18T14:37:42+00:00","mainEntityOfPage":{"@id":"https:\/\/stourm.news\/?p=2338"},"wordCount":250,"commentCount":0,"publisher":{"@id":"https:\/\/stourm.news\/#organization"},"image":{"@id":"https:\/\/stourm.news\/?p=2338#primaryimage"},"thumbnailUrl":"https:\/\/stourm.news\/wp-content\/uploads\/2024\/09\/Capture-decran-2024-09-18-a-23.36.14.png","articleSection":["Finist\u00e8re","Immigration","Revue de presse"],"inLanguage":"fr-FR","potentialAction":[{"@type":"CommentAction","name":"Comment","target":["https:\/\/stourm.news\/?p=2338#respond"]}]},{"@type":"WebPage","@id":"https:\/\/stourm.news\/?p=2338","url":"https:\/\/stourm.news\/?p=2338","name":"Brest : rixe entre migrants clandestins dans le nouveau centre d'accueil - STOURM","isPartOf":{"@id":"https:\/\/stourm.news\/#website"},"primaryImageOfPage":{"@id":"https:\/\/stourm.news\/?p=2338#primaryimage"},"image":{"@id":"https:\/\/stourm.news\/?p=2338#primaryimage"},"thumbnailUrl":"https:\/\/stourm.news\/wp-content\/uploads\/2024\/09\/Capture-decran-2024-09-18-a-23.36.14.png","datePublished":"2024-09-18T14:37:42+00:00","breadcrumb":{"@id":"https:\/\/stourm.news\/?p=2338#breadcrumb"},"inLanguage":"fr-FR","potentialAction":[{"@type":"ReadAction","target":["https:\/\/stourm.news\/?p=2338"]}]},{"@type":"ImageObject","inLanguage":"fr-FR","@id":"https:\/\/stourm.news\/?p=2338#primaryimage","url":"https:\/\/stourm.news\/wp-content\/uploads\/2024\/09\/Capture-decran-2024-09-18-a-23.36.14.png","contentUrl":"https:\/\/stourm.news\/wp-content\/uploads\/2024\/09\/Capture-decran-2024-09-18-a-23.36.14.png","width":1106,"height":750},{"@type":"BreadcrumbList","@id":"https:\/\/stourm.news\/?p=2338#breadcrumb","itemListElement":[{"@type":"ListItem","position":1,"name":"Accueil","item":"https:\/\/stourm.news\/"},{"@type":"ListItem","position":2,"name":"Brest : rixe entre migrants clandestins dans le nouveau centre d&rsquo;accueil"}]},{"@type":"WebSite","@id":"https:\/\/stourm.news\/#website","url":"https:\/\/stourm.news\/","name":"Stourm","description":"Kazetenn Strollad Broadel Breizh","publisher":{"@id":"https:\/\/stourm.news\/#organization"},"potentialAction":[{"@type":"SearchAction","target":{"@type":"EntryPoint","urlTemplate":"https:\/\/stourm.news\/?s={search_term_string}"},"query-input":{"@type":"PropertyValueSpecification","valueRequired":true,"valueName":"search_term_string"}}],"inLanguage":"fr-FR"},{"@type":"Organization","@id":"https:\/\/stourm.news\/#organization","name":"Stourm","url":"https:\/\/stourm.news\/","logo":{"@type":"ImageObject","inLanguage":"fr-FR","@id":"https:\/\/stourm.news\/#\/schema\/logo\/image\/","url":"https:\/\/stourm.news\/wp-content\/uploads\/2025\/11\/cropped-Capture-decran-2025-11-28-a-15.19.07.png","contentUrl":"https:\/\/stourm.news\/wp-content\/uploads\/2025\/11\/cropped-Capture-decran-2025-11-28-a-15.19.07.png","width":1855,"height":383,"caption":"Stourm"},"image":{"@id":"https:\/\/stourm.news\/#\/schema\/logo\/image\/"},"sameAs":["https:\/\/www.facebook.com\/stourmnews\/"]},{"@type":"Person","@id":"https:\/\/stourm.news\/#\/schema\/person\/c3e1dc65988632e190969234ef046cf9","name":"La r\u00e9daction","image":{"@type":"ImageObject","inLanguage":"fr-FR","@id":"https:\/\/stourm.news\/#\/schema\/person\/image\/","url":"https:\/\/secure.gravatar.com\/avatar\/7463443f194b6b5fb706b074ca0ef59a0cfcfd720cb47764b0ec5a952ce422b3?s=96&d=mm&r=g","contentUrl":"https:\/\/secure.gravatar.com\/avatar\/7463443f194b6b5fb706b074ca0ef59a0cfcfd720cb47764b0ec5a952ce422b3?s=96&d=mm&r=g","caption":"La r\u00e9daction"},"sameAs":["https:\/\/stourm.news"],"url":"https:\/\/stourm.news\/?author=1"}]}},"_links":{"self":[{"href":"https:\/\/stourm.news\/index.php?rest_route=\/wp\/v2\/posts\/2338","targetHints":{"allow":["GET"]}}],"collection":[{"href":"https:\/\/stourm.news\/index.php?rest_route=\/wp\/v2\/posts"}],"about":[{"href":"https:\/\/stourm.news\/index.php?rest_route=\/wp\/v2\/types\/post"}],"author":[{"embeddable":true,"href":"https:\/\/stourm.news\/index.php?rest_route=\/wp\/v2\/users\/1"}],"replies":[{"embeddable":true,"href":"https:\/\/stourm.news\/index.php?rest_route=%2Fwp%2Fv2%2Fcomments&post=2338"}],"version-history":[{"count":1,"href":"https:\/\/stourm.news\/index.php?rest_route=\/wp\/v2\/posts\/2338\/revisions"}],"predecessor-version":[{"id":2340,"href":"https:\/\/stourm.news\/index.php?rest_route=\/wp\/v2\/posts\/2338\/revisions\/2340"}],"wp:featuredmedia":[{"embeddable":true,"href":"https:\/\/stourm.news\/index.php?rest_route=\/wp\/v2\/media\/2339"}],"wp:attachment":[{"href":"https:\/\/stourm.news\/index.php?rest_route=%2Fwp%2Fv2%2Fmedia&parent=2338"}],"wp:term":[{"taxonomy":"category","embeddable":true,"href":"https:\/\/stourm.news\/index.php?rest_route=%2Fwp%2Fv2%2Fcategories&post=2338"},{"taxonomy":"post_tag","embeddable":true,"href":"https:\/\/stourm.news\/index.php?rest_route=%2Fwp%2Fv2%2Ftags&post=2338"}],"curies":[{"name":"wp","href":"https:\/\/api.w.org\/{rel}","templated":true}]}}