{"id":2352,"date":"2024-09-19T15:26:12","date_gmt":"2024-09-19T15:26:12","guid":{"rendered":"https:\/\/stourm.news\/?p=2352"},"modified":"2024-09-19T15:26:28","modified_gmt":"2024-09-19T15:26:28","slug":"pays-nantais-le-cap-des-1000-eleves-scolarises-en-langue-bretonne-est-franchi","status":"publish","type":"post","link":"https:\/\/stourm.news\/?p=2352","title":{"rendered":"Pays nantais : le cap des 1,000 \u00e9l\u00e8ves scolaris\u00e9s en langue bretonne est franchi"},"content":{"rendered":"<p style=\"text-align: justify;\">Bonne nouvelle dans le Pays nantais o\u00f9 l&rsquo;apprentissage de la langue bretonne continue de progresser. Florian Le Teuff, adjoint municipal de la capitale bretonne, en a fait \u00e9tat dans un message post\u00e9 sur Twitter. La barre des 1,000 \u00e9l\u00e8ves a \u00e9t\u00e9 franchie lors de la rentr\u00e9e 2024, une hausse de 20% en 4 ans.<\/p>\n<blockquote class=\"twitter-tweet\">\n<p dir=\"ltr\" lang=\"fr\">\ud83d\udcc8 Record battu dans l\u2019Acad\u00e9mie de Nantes : plus de 1\u20e30\u20e30\u20e30\u20e3 \u00e9l\u00e8ves et \u00e9tudiants apprennent la langue bretonne !<br \/>\n\u2705 Un bond de 20 % depuis 2020 (11 % dans l\u2019Acad\u00e9mie de Rennes sur la m\u00eame p\u00e9riode)<\/p>\n<p>Ce n\u2019est qu\u2019un d\u00e9but, le travail continue ! <a href=\"https:\/\/t.co\/RIN1YrPxkk\">pic.twitter.com\/RIN1YrPxkk<\/a><\/p>\n<p>\u2014 Florian Le Teuff (@FlorianTeuff) <a href=\"https:\/\/twitter.com\/FlorianTeuff\/status\/1836693417021034992?ref_src=twsrc%5Etfw\">September 19, 2024<\/a><\/p><\/blockquote>\n<p><script async src=\"https:\/\/platform.twitter.com\/widgets.js\" charset=\"utf-8\"><\/script><\/p>\n<p style=\"text-align: justify;\">En ce qui concerne Diwan, le Pays nantais accueille actuellement une \u00e9cole primaire et un coll\u00e8ge \u00e0 Saint-Herblain (154 \u00e9l\u00e8ves) tandis que Nantes accueille une \u00e9cole maternelle et une \u00e9cole primaire (160 \u00e9l\u00e8ves). Gu\u00e9rande accueille quant \u00e0 elle une \u00e9cole maternelle et une \u00e9cole primaire (une trentaine d&rsquo;\u00e9l\u00e8ves) et Saint-Nazaire une \u00e9cole d&rsquo;une quarantaine d&rsquo;\u00e9l\u00e8ves.<\/p>\n<p style=\"text-align: justify;\">En plus de ces quelques 400 \u00e9l\u00e8ves s&rsquo;ajoutent 600 \u00e9l\u00e8ves suppl\u00e9mentaires accueillis en enseignement bilingue (parit\u00e9 breton\/fran\u00e7ais) dans l&rsquo;enseignement public et priv\u00e9.<\/p>\n<p style=\"text-align: right;\"><strong>Budig Gourmaelon<\/strong><\/p>\n","protected":false},"excerpt":{"rendered":"<p>Bonne nouvelle dans le Pays nantais o\u00f9 l&rsquo;apprentissage de la langue bretonne continue de progresser. Florian Le Teuff, adjoint municipal de la capitale bretonne, en a fait \u00e9tat dans un message post\u00e9 sur Twitter. La barre des 1,000 \u00e9l\u00e8ves a \u00e9t\u00e9 franchie lors de la rentr\u00e9e 2024, une hausse de 20% en 4 ans. \ud83d\udcc8 [&hellip;]<\/p>\n","protected":false},"author":1,"featured_media":2353,"comment_status":"open","ping_status":"open","sticky":false,"template":"","format":"standard","meta":{"sb_editor_width":"","footnotes":""},"categories":[58,65],"tags":[78,77],"class_list":["post-2352","post","type-post","status-publish","format-standard","has-post-thumbnail","hentry","category-breizh","category-principale","tag-bro-naoned","tag-diwan"],"relative_dates":{"created":"2 ans ago","modified":"2 ans ago"},"yoast_head":"<!-- This site is optimized with the Yoast SEO plugin v26.3 - https:\/\/yoast.com\/wordpress\/plugins\/seo\/ -->\n<title>Pays nantais : le cap des 1,000 \u00e9l\u00e8ves scolaris\u00e9s en langue bretonne est franchi - STOURM<\/title>\n<meta name=\"robots\" content=\"index, follow, max-snippet:-1, max-image-preview:large, max-video-preview:-1\" \/>\n<link rel=\"canonical\" href=\"https:\/\/stourm.news\/?p=2352\" \/>\n<meta property=\"og:locale\" content=\"fr_FR\" \/>\n<meta property=\"og:type\" content=\"article\" \/>\n<meta property=\"og:title\" content=\"Pays nantais : le cap des 1,000 \u00e9l\u00e8ves scolaris\u00e9s en langue bretonne est franchi - STOURM\" \/>\n<meta property=\"og:description\" content=\"Bonne nouvelle dans le Pays nantais o\u00f9 l&rsquo;apprentissage de la langue bretonne continue de progresser. Florian Le Teuff, adjoint municipal de la capitale bretonne, en a fait \u00e9tat dans un message post\u00e9 sur Twitter. La barre des 1,000 \u00e9l\u00e8ves a \u00e9t\u00e9 franchie lors de la rentr\u00e9e 2024, une hausse de 20% en 4 ans. \ud83d\udcc8 [&hellip;]\" \/>\n<meta property=\"og:url\" content=\"https:\/\/stourm.news\/?p=2352\" \/>\n<meta property=\"og:site_name\" content=\"STOURM\" \/>\n<meta property=\"article:publisher\" content=\"https:\/\/www.facebook.com\/stourmnews\/\" \/>\n<meta property=\"article:published_time\" content=\"2024-09-19T15:26:12+00:00\" \/>\n<meta property=\"article:modified_time\" content=\"2024-09-19T15:26:28+00:00\" \/>\n<meta property=\"og:image\" content=\"https:\/\/stourm.news\/wp-content\/uploads\/2024\/09\/64f5ab2f18a7666ebc447e98.webp\" \/>\n\t<meta property=\"og:image:width\" content=\"1200\" \/>\n\t<meta property=\"og:image:height\" content=\"750\" \/>\n\t<meta property=\"og:image:type\" content=\"image\/webp\" \/>\n<meta name=\"author\" content=\"La r\u00e9daction\" \/>\n<meta name=\"twitter:card\" content=\"summary_large_image\" \/>\n<meta name=\"twitter:label1\" content=\"\u00c9crit par\" \/>\n\t<meta name=\"twitter:data1\" content=\"La r\u00e9daction\" \/>\n\t<meta name=\"twitter:label2\" content=\"Dur\u00e9e de lecture estim\u00e9e\" \/>\n\t<meta name=\"twitter:data2\" content=\"1 minute\" \/>\n<script type=\"application\/ld+json\" class=\"yoast-schema-graph\">{\"@context\":\"https:\/\/schema.org\",\"@graph\":[{\"@type\":\"Article\",\"@id\":\"https:\/\/stourm.news\/?p=2352#article\",\"isPartOf\":{\"@id\":\"https:\/\/stourm.news\/?p=2352\"},\"author\":{\"name\":\"La r\u00e9daction\",\"@id\":\"https:\/\/stourm.news\/#\/schema\/person\/c3e1dc65988632e190969234ef046cf9\"},\"headline\":\"Pays nantais : le cap des 1,000 \u00e9l\u00e8ves scolaris\u00e9s en langue bretonne est franchi\",\"datePublished\":\"2024-09-19T15:26:12+00:00\",\"dateModified\":\"2024-09-19T15:26:28+00:00\",\"mainEntityOfPage\":{\"@id\":\"https:\/\/stourm.news\/?p=2352\"},\"wordCount\":210,\"commentCount\":0,\"publisher\":{\"@id\":\"https:\/\/stourm.news\/#organization\"},\"image\":{\"@id\":\"https:\/\/stourm.news\/?p=2352#primaryimage\"},\"thumbnailUrl\":\"https:\/\/stourm.news\/wp-content\/uploads\/2024\/09\/64f5ab2f18a7666ebc447e98.webp\",\"keywords\":[\"Bro Naoned\",\"Diwan\"],\"articleSection\":[\"Breizh\",\"Principale\"],\"inLanguage\":\"fr-FR\",\"potentialAction\":[{\"@type\":\"CommentAction\",\"name\":\"Comment\",\"target\":[\"https:\/\/stourm.news\/?p=2352#respond\"]}]},{\"@type\":\"WebPage\",\"@id\":\"https:\/\/stourm.news\/?p=2352\",\"url\":\"https:\/\/stourm.news\/?p=2352\",\"name\":\"Pays nantais : le cap des 1,000 \u00e9l\u00e8ves scolaris\u00e9s en langue bretonne est franchi - STOURM\",\"isPartOf\":{\"@id\":\"https:\/\/stourm.news\/#website\"},\"primaryImageOfPage\":{\"@id\":\"https:\/\/stourm.news\/?p=2352#primaryimage\"},\"image\":{\"@id\":\"https:\/\/stourm.news\/?p=2352#primaryimage\"},\"thumbnailUrl\":\"https:\/\/stourm.news\/wp-content\/uploads\/2024\/09\/64f5ab2f18a7666ebc447e98.webp\",\"datePublished\":\"2024-09-19T15:26:12+00:00\",\"dateModified\":\"2024-09-19T15:26:28+00:00\",\"breadcrumb\":{\"@id\":\"https:\/\/stourm.news\/?p=2352#breadcrumb\"},\"inLanguage\":\"fr-FR\",\"potentialAction\":[{\"@type\":\"ReadAction\",\"target\":[\"https:\/\/stourm.news\/?p=2352\"]}]},{\"@type\":\"ImageObject\",\"inLanguage\":\"fr-FR\",\"@id\":\"https:\/\/stourm.news\/?p=2352#primaryimage\",\"url\":\"https:\/\/stourm.news\/wp-content\/uploads\/2024\/09\/64f5ab2f18a7666ebc447e98.webp\",\"contentUrl\":\"https:\/\/stourm.news\/wp-content\/uploads\/2024\/09\/64f5ab2f18a7666ebc447e98.webp\",\"width\":1200,\"height\":750},{\"@type\":\"BreadcrumbList\",\"@id\":\"https:\/\/stourm.news\/?p=2352#breadcrumb\",\"itemListElement\":[{\"@type\":\"ListItem\",\"position\":1,\"name\":\"Accueil\",\"item\":\"https:\/\/stourm.news\/\"},{\"@type\":\"ListItem\",\"position\":2,\"name\":\"Pays nantais : le cap des 1,000 \u00e9l\u00e8ves scolaris\u00e9s en langue bretonne est franchi\"}]},{\"@type\":\"WebSite\",\"@id\":\"https:\/\/stourm.news\/#website\",\"url\":\"https:\/\/stourm.news\/\",\"name\":\"Stourm\",\"description\":\"Kazetenn Strollad Broadel Breizh\",\"publisher\":{\"@id\":\"https:\/\/stourm.news\/#organization\"},\"potentialAction\":[{\"@type\":\"SearchAction\",\"target\":{\"@type\":\"EntryPoint\",\"urlTemplate\":\"https:\/\/stourm.news\/?s={search_term_string}\"},\"query-input\":{\"@type\":\"PropertyValueSpecification\",\"valueRequired\":true,\"valueName\":\"search_term_string\"}}],\"inLanguage\":\"fr-FR\"},{\"@type\":\"Organization\",\"@id\":\"https:\/\/stourm.news\/#organization\",\"name\":\"Stourm\",\"url\":\"https:\/\/stourm.news\/\",\"logo\":{\"@type\":\"ImageObject\",\"inLanguage\":\"fr-FR\",\"@id\":\"https:\/\/stourm.news\/#\/schema\/logo\/image\/\",\"url\":\"https:\/\/stourm.news\/wp-content\/uploads\/2025\/11\/cropped-Capture-decran-2025-11-28-a-15.19.07.png\",\"contentUrl\":\"https:\/\/stourm.news\/wp-content\/uploads\/2025\/11\/cropped-Capture-decran-2025-11-28-a-15.19.07.png\",\"width\":1855,\"height\":383,\"caption\":\"Stourm\"},\"image\":{\"@id\":\"https:\/\/stourm.news\/#\/schema\/logo\/image\/\"},\"sameAs\":[\"https:\/\/www.facebook.com\/stourmnews\/\"]},{\"@type\":\"Person\",\"@id\":\"https:\/\/stourm.news\/#\/schema\/person\/c3e1dc65988632e190969234ef046cf9\",\"name\":\"La r\u00e9daction\",\"image\":{\"@type\":\"ImageObject\",\"inLanguage\":\"fr-FR\",\"@id\":\"https:\/\/stourm.news\/#\/schema\/person\/image\/\",\"url\":\"https:\/\/secure.gravatar.com\/avatar\/7463443f194b6b5fb706b074ca0ef59a0cfcfd720cb47764b0ec5a952ce422b3?s=96&d=mm&r=g\",\"contentUrl\":\"https:\/\/secure.gravatar.com\/avatar\/7463443f194b6b5fb706b074ca0ef59a0cfcfd720cb47764b0ec5a952ce422b3?s=96&d=mm&r=g\",\"caption\":\"La r\u00e9daction\"},\"sameAs\":[\"https:\/\/stourm.news\"],\"url\":\"https:\/\/stourm.news\/?author=1\"}]}<\/script>\n<!-- \/ Yoast SEO plugin. -->","yoast_head_json":{"title":"Pays nantais : le cap des 1,000 \u00e9l\u00e8ves scolaris\u00e9s en langue bretonne est franchi - STOURM","robots":{"index":"index","follow":"follow","max-snippet":"max-snippet:-1","max-image-preview":"max-image-preview:large","max-video-preview":"max-video-preview:-1"},"canonical":"https:\/\/stourm.news\/?p=2352","og_locale":"fr_FR","og_type":"article","og_title":"Pays nantais : le cap des 1,000 \u00e9l\u00e8ves scolaris\u00e9s en langue bretonne est franchi - STOURM","og_description":"Bonne nouvelle dans le Pays nantais o\u00f9 l&rsquo;apprentissage de la langue bretonne continue de progresser. Florian Le Teuff, adjoint municipal de la capitale bretonne, en a fait \u00e9tat dans un message post\u00e9 sur Twitter. La barre des 1,000 \u00e9l\u00e8ves a \u00e9t\u00e9 franchie lors de la rentr\u00e9e 2024, une hausse de 20% en 4 ans. \ud83d\udcc8 [&hellip;]","og_url":"https:\/\/stourm.news\/?p=2352","og_site_name":"STOURM","article_publisher":"https:\/\/www.facebook.com\/stourmnews\/","article_published_time":"2024-09-19T15:26:12+00:00","article_modified_time":"2024-09-19T15:26:28+00:00","og_image":[{"width":1200,"height":750,"url":"https:\/\/stourm.news\/wp-content\/uploads\/2024\/09\/64f5ab2f18a7666ebc447e98.webp","type":"image\/webp"}],"author":"La r\u00e9daction","twitter_card":"summary_large_image","twitter_misc":{"\u00c9crit par":"La r\u00e9daction","Dur\u00e9e de lecture estim\u00e9e":"1 minute"},"schema":{"@context":"https:\/\/schema.org","@graph":[{"@type":"Article","@id":"https:\/\/stourm.news\/?p=2352#article","isPartOf":{"@id":"https:\/\/stourm.news\/?p=2352"},"author":{"name":"La r\u00e9daction","@id":"https:\/\/stourm.news\/#\/schema\/person\/c3e1dc65988632e190969234ef046cf9"},"headline":"Pays nantais : le cap des 1,000 \u00e9l\u00e8ves scolaris\u00e9s en langue bretonne est franchi","datePublished":"2024-09-19T15:26:12+00:00","dateModified":"2024-09-19T15:26:28+00:00","mainEntityOfPage":{"@id":"https:\/\/stourm.news\/?p=2352"},"wordCount":210,"commentCount":0,"publisher":{"@id":"https:\/\/stourm.news\/#organization"},"image":{"@id":"https:\/\/stourm.news\/?p=2352#primaryimage"},"thumbnailUrl":"https:\/\/stourm.news\/wp-content\/uploads\/2024\/09\/64f5ab2f18a7666ebc447e98.webp","keywords":["Bro Naoned","Diwan"],"articleSection":["Breizh","Principale"],"inLanguage":"fr-FR","potentialAction":[{"@type":"CommentAction","name":"Comment","target":["https:\/\/stourm.news\/?p=2352#respond"]}]},{"@type":"WebPage","@id":"https:\/\/stourm.news\/?p=2352","url":"https:\/\/stourm.news\/?p=2352","name":"Pays nantais : le cap des 1,000 \u00e9l\u00e8ves scolaris\u00e9s en langue bretonne est franchi - STOURM","isPartOf":{"@id":"https:\/\/stourm.news\/#website"},"primaryImageOfPage":{"@id":"https:\/\/stourm.news\/?p=2352#primaryimage"},"image":{"@id":"https:\/\/stourm.news\/?p=2352#primaryimage"},"thumbnailUrl":"https:\/\/stourm.news\/wp-content\/uploads\/2024\/09\/64f5ab2f18a7666ebc447e98.webp","datePublished":"2024-09-19T15:26:12+00:00","dateModified":"2024-09-19T15:26:28+00:00","breadcrumb":{"@id":"https:\/\/stourm.news\/?p=2352#breadcrumb"},"inLanguage":"fr-FR","potentialAction":[{"@type":"ReadAction","target":["https:\/\/stourm.news\/?p=2352"]}]},{"@type":"ImageObject","inLanguage":"fr-FR","@id":"https:\/\/stourm.news\/?p=2352#primaryimage","url":"https:\/\/stourm.news\/wp-content\/uploads\/2024\/09\/64f5ab2f18a7666ebc447e98.webp","contentUrl":"https:\/\/stourm.news\/wp-content\/uploads\/2024\/09\/64f5ab2f18a7666ebc447e98.webp","width":1200,"height":750},{"@type":"BreadcrumbList","@id":"https:\/\/stourm.news\/?p=2352#breadcrumb","itemListElement":[{"@type":"ListItem","position":1,"name":"Accueil","item":"https:\/\/stourm.news\/"},{"@type":"ListItem","position":2,"name":"Pays nantais : le cap des 1,000 \u00e9l\u00e8ves scolaris\u00e9s en langue bretonne est franchi"}]},{"@type":"WebSite","@id":"https:\/\/stourm.news\/#website","url":"https:\/\/stourm.news\/","name":"Stourm","description":"Kazetenn Strollad Broadel Breizh","publisher":{"@id":"https:\/\/stourm.news\/#organization"},"potentialAction":[{"@type":"SearchAction","target":{"@type":"EntryPoint","urlTemplate":"https:\/\/stourm.news\/?s={search_term_string}"},"query-input":{"@type":"PropertyValueSpecification","valueRequired":true,"valueName":"search_term_string"}}],"inLanguage":"fr-FR"},{"@type":"Organization","@id":"https:\/\/stourm.news\/#organization","name":"Stourm","url":"https:\/\/stourm.news\/","logo":{"@type":"ImageObject","inLanguage":"fr-FR","@id":"https:\/\/stourm.news\/#\/schema\/logo\/image\/","url":"https:\/\/stourm.news\/wp-content\/uploads\/2025\/11\/cropped-Capture-decran-2025-11-28-a-15.19.07.png","contentUrl":"https:\/\/stourm.news\/wp-content\/uploads\/2025\/11\/cropped-Capture-decran-2025-11-28-a-15.19.07.png","width":1855,"height":383,"caption":"Stourm"},"image":{"@id":"https:\/\/stourm.news\/#\/schema\/logo\/image\/"},"sameAs":["https:\/\/www.facebook.com\/stourmnews\/"]},{"@type":"Person","@id":"https:\/\/stourm.news\/#\/schema\/person\/c3e1dc65988632e190969234ef046cf9","name":"La r\u00e9daction","image":{"@type":"ImageObject","inLanguage":"fr-FR","@id":"https:\/\/stourm.news\/#\/schema\/person\/image\/","url":"https:\/\/secure.gravatar.com\/avatar\/7463443f194b6b5fb706b074ca0ef59a0cfcfd720cb47764b0ec5a952ce422b3?s=96&d=mm&r=g","contentUrl":"https:\/\/secure.gravatar.com\/avatar\/7463443f194b6b5fb706b074ca0ef59a0cfcfd720cb47764b0ec5a952ce422b3?s=96&d=mm&r=g","caption":"La r\u00e9daction"},"sameAs":["https:\/\/stourm.news"],"url":"https:\/\/stourm.news\/?author=1"}]}},"_links":{"self":[{"href":"https:\/\/stourm.news\/index.php?rest_route=\/wp\/v2\/posts\/2352","targetHints":{"allow":["GET"]}}],"collection":[{"href":"https:\/\/stourm.news\/index.php?rest_route=\/wp\/v2\/posts"}],"about":[{"href":"https:\/\/stourm.news\/index.php?rest_route=\/wp\/v2\/types\/post"}],"author":[{"embeddable":true,"href":"https:\/\/stourm.news\/index.php?rest_route=\/wp\/v2\/users\/1"}],"replies":[{"embeddable":true,"href":"https:\/\/stourm.news\/index.php?rest_route=%2Fwp%2Fv2%2Fcomments&post=2352"}],"version-history":[{"count":1,"href":"https:\/\/stourm.news\/index.php?rest_route=\/wp\/v2\/posts\/2352\/revisions"}],"predecessor-version":[{"id":2354,"href":"https:\/\/stourm.news\/index.php?rest_route=\/wp\/v2\/posts\/2352\/revisions\/2354"}],"wp:featuredmedia":[{"embeddable":true,"href":"https:\/\/stourm.news\/index.php?rest_route=\/wp\/v2\/media\/2353"}],"wp:attachment":[{"href":"https:\/\/stourm.news\/index.php?rest_route=%2Fwp%2Fv2%2Fmedia&parent=2352"}],"wp:term":[{"taxonomy":"category","embeddable":true,"href":"https:\/\/stourm.news\/index.php?rest_route=%2Fwp%2Fv2%2Fcategories&post=2352"},{"taxonomy":"post_tag","embeddable":true,"href":"https:\/\/stourm.news\/index.php?rest_route=%2Fwp%2Fv2%2Ftags&post=2352"}],"curies":[{"name":"wp","href":"https:\/\/api.w.org\/{rel}","templated":true}]}}