{"id":2367,"date":"2024-09-21T09:59:07","date_gmt":"2024-09-21T09:59:07","guid":{"rendered":"https:\/\/stourm.news\/?p=2367"},"modified":"2024-09-21T09:59:07","modified_gmt":"2024-09-21T09:59:07","slug":"evince-par-les-socialistes-francais-christian-troadec-perd-son-titre-de-vice-president-du-conseil-regional-de-bretagne","status":"publish","type":"post","link":"https:\/\/stourm.news\/?p=2367","title":{"rendered":"\u00c9vinc\u00e9 par les socialistes fran\u00e7ais, Christian Troadec perd son titre de vice-pr\u00e9sident du conseil \u00ab\u00a0r\u00e9gional\u00a0\u00bb de Bretagne"},"content":{"rendered":"<p style=\"text-align: justify;\">Christian Troadec n\u2019est plus vice-pr\u00e9sident du conseil r\u00e9gional de Bretagne. La suite logique d\u2019un divorce avec Lo\u00efg Chesnais-Girard, engag\u00e9 en f\u00e9vrier dernier, apr\u00e8s l\u2019accident du maire de Carhaix <strong>sous l\u2019empire de l\u2019alcool<\/strong>. Le pr\u00e9sident lui avait alors retir\u00e9 sa d\u00e9l\u00e9gation &#8211; il \u00e9tait en charge des langues de Bretagne et des Bretons du monde &#8211; et les indemnit\u00e9s qui vont avec. \u00ab Je ne transige pas avec les principes essentiels et la fonction de vice-pr\u00e9sident demande un comportement exemplaire \u00bb, justifiait LCG.<\/p>\n<p style=\"text-align: justify;\">Source : <a href=\"https:\/\/www.letelegramme.fr\/finistere\/carhaix-29270\/christian-troadec-perd-son-titre-de-vice-president-du-conseil-regional-6665618.php\">Le T\u00e9l\u00e9gramme<\/a><\/p>\n","protected":false},"excerpt":{"rendered":"<p>Christian Troadec n\u2019est plus vice-pr\u00e9sident du conseil r\u00e9gional de Bretagne. La suite logique d\u2019un divorce avec Lo\u00efg Chesnais-Girard, engag\u00e9 en f\u00e9vrier dernier, apr\u00e8s l\u2019accident du maire de Carhaix sous l\u2019empire de l\u2019alcool. Le pr\u00e9sident lui avait alors retir\u00e9 sa d\u00e9l\u00e9gation &#8211; il \u00e9tait en charge des langues de Bretagne et des Bretons du monde &#8211; [&hellip;]<\/p>\n","protected":false},"author":1,"featured_media":2368,"comment_status":"open","ping_status":"open","sticky":false,"template":"","format":"standard","meta":{"sb_editor_width":"","footnotes":""},"categories":[36,67,65],"tags":[],"class_list":["post-2367","post","type-post","status-publish","format-standard","has-post-thumbnail","hentry","category-extreme-gauche","category-politique","category-principale"],"relative_dates":{"created":"2 ans ago","modified":"2 ans ago"},"yoast_head":"<!-- This site is optimized with the Yoast SEO plugin v26.3 - https:\/\/yoast.com\/wordpress\/plugins\/seo\/ -->\n<title>\u00c9vinc\u00e9 par les socialistes fran\u00e7ais, Christian Troadec perd son titre de vice-pr\u00e9sident du conseil &quot;r\u00e9gional&quot; de Bretagne - STOURM<\/title>\n<meta name=\"robots\" content=\"index, follow, max-snippet:-1, max-image-preview:large, max-video-preview:-1\" \/>\n<link rel=\"canonical\" href=\"https:\/\/stourm.news\/?p=2367\" \/>\n<meta property=\"og:locale\" content=\"fr_FR\" \/>\n<meta property=\"og:type\" content=\"article\" \/>\n<meta property=\"og:title\" content=\"\u00c9vinc\u00e9 par les socialistes fran\u00e7ais, Christian Troadec perd son titre de vice-pr\u00e9sident du conseil &quot;r\u00e9gional&quot; de Bretagne - STOURM\" \/>\n<meta property=\"og:description\" content=\"Christian Troadec n\u2019est plus vice-pr\u00e9sident du conseil r\u00e9gional de Bretagne. La suite logique d\u2019un divorce avec Lo\u00efg Chesnais-Girard, engag\u00e9 en f\u00e9vrier dernier, apr\u00e8s l\u2019accident du maire de Carhaix sous l\u2019empire de l\u2019alcool. Le pr\u00e9sident lui avait alors retir\u00e9 sa d\u00e9l\u00e9gation &#8211; il \u00e9tait en charge des langues de Bretagne et des Bretons du monde &#8211; [&hellip;]\" \/>\n<meta property=\"og:url\" content=\"https:\/\/stourm.news\/?p=2367\" \/>\n<meta property=\"og:site_name\" content=\"STOURM\" \/>\n<meta property=\"article:publisher\" content=\"https:\/\/www.facebook.com\/stourmnews\/\" \/>\n<meta property=\"article:published_time\" content=\"2024-09-21T09:59:07+00:00\" \/>\n<meta property=\"og:image\" content=\"https:\/\/stourm.news\/wp-content\/uploads\/2024\/09\/Capture-decran-2024-09-21-a-18.57.58.png\" \/>\n\t<meta property=\"og:image:width\" content=\"728\" \/>\n\t<meta property=\"og:image:height\" content=\"508\" \/>\n\t<meta property=\"og:image:type\" content=\"image\/png\" \/>\n<meta name=\"author\" content=\"La r\u00e9daction\" \/>\n<meta name=\"twitter:card\" content=\"summary_large_image\" \/>\n<meta name=\"twitter:label1\" content=\"\u00c9crit par\" \/>\n\t<meta name=\"twitter:data1\" content=\"La r\u00e9daction\" \/>\n\t<meta name=\"twitter:label2\" content=\"Dur\u00e9e de lecture estim\u00e9e\" \/>\n\t<meta name=\"twitter:data2\" content=\"1 minute\" \/>\n<script type=\"application\/ld+json\" class=\"yoast-schema-graph\">{\"@context\":\"https:\/\/schema.org\",\"@graph\":[{\"@type\":\"Article\",\"@id\":\"https:\/\/stourm.news\/?p=2367#article\",\"isPartOf\":{\"@id\":\"https:\/\/stourm.news\/?p=2367\"},\"author\":{\"name\":\"La r\u00e9daction\",\"@id\":\"https:\/\/stourm.news\/#\/schema\/person\/c3e1dc65988632e190969234ef046cf9\"},\"headline\":\"\u00c9vinc\u00e9 par les socialistes fran\u00e7ais, Christian Troadec perd son titre de vice-pr\u00e9sident du conseil \u00ab\u00a0r\u00e9gional\u00a0\u00bb de Bretagne\",\"datePublished\":\"2024-09-21T09:59:07+00:00\",\"mainEntityOfPage\":{\"@id\":\"https:\/\/stourm.news\/?p=2367\"},\"wordCount\":120,\"commentCount\":0,\"publisher\":{\"@id\":\"https:\/\/stourm.news\/#organization\"},\"image\":{\"@id\":\"https:\/\/stourm.news\/?p=2367#primaryimage\"},\"thumbnailUrl\":\"https:\/\/stourm.news\/wp-content\/uploads\/2024\/09\/Capture-decran-2024-09-21-a-18.57.58.png\",\"articleSection\":[\"Extr\u00eame-gauche\",\"Politique\",\"Principale\"],\"inLanguage\":\"fr-FR\",\"potentialAction\":[{\"@type\":\"CommentAction\",\"name\":\"Comment\",\"target\":[\"https:\/\/stourm.news\/?p=2367#respond\"]}]},{\"@type\":\"WebPage\",\"@id\":\"https:\/\/stourm.news\/?p=2367\",\"url\":\"https:\/\/stourm.news\/?p=2367\",\"name\":\"\u00c9vinc\u00e9 par les socialistes fran\u00e7ais, Christian Troadec perd son titre de vice-pr\u00e9sident du conseil \\\"r\u00e9gional\\\" de Bretagne - STOURM\",\"isPartOf\":{\"@id\":\"https:\/\/stourm.news\/#website\"},\"primaryImageOfPage\":{\"@id\":\"https:\/\/stourm.news\/?p=2367#primaryimage\"},\"image\":{\"@id\":\"https:\/\/stourm.news\/?p=2367#primaryimage\"},\"thumbnailUrl\":\"https:\/\/stourm.news\/wp-content\/uploads\/2024\/09\/Capture-decran-2024-09-21-a-18.57.58.png\",\"datePublished\":\"2024-09-21T09:59:07+00:00\",\"breadcrumb\":{\"@id\":\"https:\/\/stourm.news\/?p=2367#breadcrumb\"},\"inLanguage\":\"fr-FR\",\"potentialAction\":[{\"@type\":\"ReadAction\",\"target\":[\"https:\/\/stourm.news\/?p=2367\"]}]},{\"@type\":\"ImageObject\",\"inLanguage\":\"fr-FR\",\"@id\":\"https:\/\/stourm.news\/?p=2367#primaryimage\",\"url\":\"https:\/\/stourm.news\/wp-content\/uploads\/2024\/09\/Capture-decran-2024-09-21-a-18.57.58.png\",\"contentUrl\":\"https:\/\/stourm.news\/wp-content\/uploads\/2024\/09\/Capture-decran-2024-09-21-a-18.57.58.png\",\"width\":728,\"height\":508},{\"@type\":\"BreadcrumbList\",\"@id\":\"https:\/\/stourm.news\/?p=2367#breadcrumb\",\"itemListElement\":[{\"@type\":\"ListItem\",\"position\":1,\"name\":\"Accueil\",\"item\":\"https:\/\/stourm.news\/\"},{\"@type\":\"ListItem\",\"position\":2,\"name\":\"\u00c9vinc\u00e9 par les socialistes fran\u00e7ais, Christian Troadec perd son titre de vice-pr\u00e9sident du conseil \u00ab\u00a0r\u00e9gional\u00a0\u00bb de Bretagne\"}]},{\"@type\":\"WebSite\",\"@id\":\"https:\/\/stourm.news\/#website\",\"url\":\"https:\/\/stourm.news\/\",\"name\":\"Stourm\",\"description\":\"Kazetenn Strollad Broadel Breizh\",\"publisher\":{\"@id\":\"https:\/\/stourm.news\/#organization\"},\"potentialAction\":[{\"@type\":\"SearchAction\",\"target\":{\"@type\":\"EntryPoint\",\"urlTemplate\":\"https:\/\/stourm.news\/?s={search_term_string}\"},\"query-input\":{\"@type\":\"PropertyValueSpecification\",\"valueRequired\":true,\"valueName\":\"search_term_string\"}}],\"inLanguage\":\"fr-FR\"},{\"@type\":\"Organization\",\"@id\":\"https:\/\/stourm.news\/#organization\",\"name\":\"Stourm\",\"url\":\"https:\/\/stourm.news\/\",\"logo\":{\"@type\":\"ImageObject\",\"inLanguage\":\"fr-FR\",\"@id\":\"https:\/\/stourm.news\/#\/schema\/logo\/image\/\",\"url\":\"https:\/\/stourm.news\/wp-content\/uploads\/2025\/11\/cropped-Capture-decran-2025-11-28-a-15.19.07.png\",\"contentUrl\":\"https:\/\/stourm.news\/wp-content\/uploads\/2025\/11\/cropped-Capture-decran-2025-11-28-a-15.19.07.png\",\"width\":1855,\"height\":383,\"caption\":\"Stourm\"},\"image\":{\"@id\":\"https:\/\/stourm.news\/#\/schema\/logo\/image\/\"},\"sameAs\":[\"https:\/\/www.facebook.com\/stourmnews\/\"]},{\"@type\":\"Person\",\"@id\":\"https:\/\/stourm.news\/#\/schema\/person\/c3e1dc65988632e190969234ef046cf9\",\"name\":\"La r\u00e9daction\",\"image\":{\"@type\":\"ImageObject\",\"inLanguage\":\"fr-FR\",\"@id\":\"https:\/\/stourm.news\/#\/schema\/person\/image\/\",\"url\":\"https:\/\/secure.gravatar.com\/avatar\/7463443f194b6b5fb706b074ca0ef59a0cfcfd720cb47764b0ec5a952ce422b3?s=96&d=mm&r=g\",\"contentUrl\":\"https:\/\/secure.gravatar.com\/avatar\/7463443f194b6b5fb706b074ca0ef59a0cfcfd720cb47764b0ec5a952ce422b3?s=96&d=mm&r=g\",\"caption\":\"La r\u00e9daction\"},\"sameAs\":[\"https:\/\/stourm.news\"],\"url\":\"https:\/\/stourm.news\/?author=1\"}]}<\/script>\n<!-- \/ Yoast SEO plugin. -->","yoast_head_json":{"title":"\u00c9vinc\u00e9 par les socialistes fran\u00e7ais, Christian Troadec perd son titre de vice-pr\u00e9sident du conseil \"r\u00e9gional\" de Bretagne - STOURM","robots":{"index":"index","follow":"follow","max-snippet":"max-snippet:-1","max-image-preview":"max-image-preview:large","max-video-preview":"max-video-preview:-1"},"canonical":"https:\/\/stourm.news\/?p=2367","og_locale":"fr_FR","og_type":"article","og_title":"\u00c9vinc\u00e9 par les socialistes fran\u00e7ais, Christian Troadec perd son titre de vice-pr\u00e9sident du conseil \"r\u00e9gional\" de Bretagne - STOURM","og_description":"Christian Troadec n\u2019est plus vice-pr\u00e9sident du conseil r\u00e9gional de Bretagne. La suite logique d\u2019un divorce avec Lo\u00efg Chesnais-Girard, engag\u00e9 en f\u00e9vrier dernier, apr\u00e8s l\u2019accident du maire de Carhaix sous l\u2019empire de l\u2019alcool. Le pr\u00e9sident lui avait alors retir\u00e9 sa d\u00e9l\u00e9gation &#8211; il \u00e9tait en charge des langues de Bretagne et des Bretons du monde &#8211; [&hellip;]","og_url":"https:\/\/stourm.news\/?p=2367","og_site_name":"STOURM","article_publisher":"https:\/\/www.facebook.com\/stourmnews\/","article_published_time":"2024-09-21T09:59:07+00:00","og_image":[{"width":728,"height":508,"url":"https:\/\/stourm.news\/wp-content\/uploads\/2024\/09\/Capture-decran-2024-09-21-a-18.57.58.png","type":"image\/png"}],"author":"La r\u00e9daction","twitter_card":"summary_large_image","twitter_misc":{"\u00c9crit par":"La r\u00e9daction","Dur\u00e9e de lecture estim\u00e9e":"1 minute"},"schema":{"@context":"https:\/\/schema.org","@graph":[{"@type":"Article","@id":"https:\/\/stourm.news\/?p=2367#article","isPartOf":{"@id":"https:\/\/stourm.news\/?p=2367"},"author":{"name":"La r\u00e9daction","@id":"https:\/\/stourm.news\/#\/schema\/person\/c3e1dc65988632e190969234ef046cf9"},"headline":"\u00c9vinc\u00e9 par les socialistes fran\u00e7ais, Christian Troadec perd son titre de vice-pr\u00e9sident du conseil \u00ab\u00a0r\u00e9gional\u00a0\u00bb de Bretagne","datePublished":"2024-09-21T09:59:07+00:00","mainEntityOfPage":{"@id":"https:\/\/stourm.news\/?p=2367"},"wordCount":120,"commentCount":0,"publisher":{"@id":"https:\/\/stourm.news\/#organization"},"image":{"@id":"https:\/\/stourm.news\/?p=2367#primaryimage"},"thumbnailUrl":"https:\/\/stourm.news\/wp-content\/uploads\/2024\/09\/Capture-decran-2024-09-21-a-18.57.58.png","articleSection":["Extr\u00eame-gauche","Politique","Principale"],"inLanguage":"fr-FR","potentialAction":[{"@type":"CommentAction","name":"Comment","target":["https:\/\/stourm.news\/?p=2367#respond"]}]},{"@type":"WebPage","@id":"https:\/\/stourm.news\/?p=2367","url":"https:\/\/stourm.news\/?p=2367","name":"\u00c9vinc\u00e9 par les socialistes fran\u00e7ais, Christian Troadec perd son titre de vice-pr\u00e9sident du conseil \"r\u00e9gional\" de Bretagne - STOURM","isPartOf":{"@id":"https:\/\/stourm.news\/#website"},"primaryImageOfPage":{"@id":"https:\/\/stourm.news\/?p=2367#primaryimage"},"image":{"@id":"https:\/\/stourm.news\/?p=2367#primaryimage"},"thumbnailUrl":"https:\/\/stourm.news\/wp-content\/uploads\/2024\/09\/Capture-decran-2024-09-21-a-18.57.58.png","datePublished":"2024-09-21T09:59:07+00:00","breadcrumb":{"@id":"https:\/\/stourm.news\/?p=2367#breadcrumb"},"inLanguage":"fr-FR","potentialAction":[{"@type":"ReadAction","target":["https:\/\/stourm.news\/?p=2367"]}]},{"@type":"ImageObject","inLanguage":"fr-FR","@id":"https:\/\/stourm.news\/?p=2367#primaryimage","url":"https:\/\/stourm.news\/wp-content\/uploads\/2024\/09\/Capture-decran-2024-09-21-a-18.57.58.png","contentUrl":"https:\/\/stourm.news\/wp-content\/uploads\/2024\/09\/Capture-decran-2024-09-21-a-18.57.58.png","width":728,"height":508},{"@type":"BreadcrumbList","@id":"https:\/\/stourm.news\/?p=2367#breadcrumb","itemListElement":[{"@type":"ListItem","position":1,"name":"Accueil","item":"https:\/\/stourm.news\/"},{"@type":"ListItem","position":2,"name":"\u00c9vinc\u00e9 par les socialistes fran\u00e7ais, Christian Troadec perd son titre de vice-pr\u00e9sident du conseil \u00ab\u00a0r\u00e9gional\u00a0\u00bb de Bretagne"}]},{"@type":"WebSite","@id":"https:\/\/stourm.news\/#website","url":"https:\/\/stourm.news\/","name":"Stourm","description":"Kazetenn Strollad Broadel Breizh","publisher":{"@id":"https:\/\/stourm.news\/#organization"},"potentialAction":[{"@type":"SearchAction","target":{"@type":"EntryPoint","urlTemplate":"https:\/\/stourm.news\/?s={search_term_string}"},"query-input":{"@type":"PropertyValueSpecification","valueRequired":true,"valueName":"search_term_string"}}],"inLanguage":"fr-FR"},{"@type":"Organization","@id":"https:\/\/stourm.news\/#organization","name":"Stourm","url":"https:\/\/stourm.news\/","logo":{"@type":"ImageObject","inLanguage":"fr-FR","@id":"https:\/\/stourm.news\/#\/schema\/logo\/image\/","url":"https:\/\/stourm.news\/wp-content\/uploads\/2025\/11\/cropped-Capture-decran-2025-11-28-a-15.19.07.png","contentUrl":"https:\/\/stourm.news\/wp-content\/uploads\/2025\/11\/cropped-Capture-decran-2025-11-28-a-15.19.07.png","width":1855,"height":383,"caption":"Stourm"},"image":{"@id":"https:\/\/stourm.news\/#\/schema\/logo\/image\/"},"sameAs":["https:\/\/www.facebook.com\/stourmnews\/"]},{"@type":"Person","@id":"https:\/\/stourm.news\/#\/schema\/person\/c3e1dc65988632e190969234ef046cf9","name":"La r\u00e9daction","image":{"@type":"ImageObject","inLanguage":"fr-FR","@id":"https:\/\/stourm.news\/#\/schema\/person\/image\/","url":"https:\/\/secure.gravatar.com\/avatar\/7463443f194b6b5fb706b074ca0ef59a0cfcfd720cb47764b0ec5a952ce422b3?s=96&d=mm&r=g","contentUrl":"https:\/\/secure.gravatar.com\/avatar\/7463443f194b6b5fb706b074ca0ef59a0cfcfd720cb47764b0ec5a952ce422b3?s=96&d=mm&r=g","caption":"La r\u00e9daction"},"sameAs":["https:\/\/stourm.news"],"url":"https:\/\/stourm.news\/?author=1"}]}},"_links":{"self":[{"href":"https:\/\/stourm.news\/index.php?rest_route=\/wp\/v2\/posts\/2367","targetHints":{"allow":["GET"]}}],"collection":[{"href":"https:\/\/stourm.news\/index.php?rest_route=\/wp\/v2\/posts"}],"about":[{"href":"https:\/\/stourm.news\/index.php?rest_route=\/wp\/v2\/types\/post"}],"author":[{"embeddable":true,"href":"https:\/\/stourm.news\/index.php?rest_route=\/wp\/v2\/users\/1"}],"replies":[{"embeddable":true,"href":"https:\/\/stourm.news\/index.php?rest_route=%2Fwp%2Fv2%2Fcomments&post=2367"}],"version-history":[{"count":1,"href":"https:\/\/stourm.news\/index.php?rest_route=\/wp\/v2\/posts\/2367\/revisions"}],"predecessor-version":[{"id":2369,"href":"https:\/\/stourm.news\/index.php?rest_route=\/wp\/v2\/posts\/2367\/revisions\/2369"}],"wp:featuredmedia":[{"embeddable":true,"href":"https:\/\/stourm.news\/index.php?rest_route=\/wp\/v2\/media\/2368"}],"wp:attachment":[{"href":"https:\/\/stourm.news\/index.php?rest_route=%2Fwp%2Fv2%2Fmedia&parent=2367"}],"wp:term":[{"taxonomy":"category","embeddable":true,"href":"https:\/\/stourm.news\/index.php?rest_route=%2Fwp%2Fv2%2Fcategories&post=2367"},{"taxonomy":"post_tag","embeddable":true,"href":"https:\/\/stourm.news\/index.php?rest_route=%2Fwp%2Fv2%2Ftags&post=2367"}],"curies":[{"name":"wp","href":"https:\/\/api.w.org\/{rel}","templated":true}]}}