{"id":2370,"date":"2024-09-21T10:06:40","date_gmt":"2024-09-21T10:06:40","guid":{"rendered":"https:\/\/stourm.news\/?p=2370"},"modified":"2024-09-21T10:12:05","modified_gmt":"2024-09-21T10:12:05","slug":"reze-un-adepte-de-letat-islamique-qui-a-menace-de-mort-son-enseignante-reste-place-en-foyer-dans-lattente-de-son-proces","status":"publish","type":"post","link":"https:\/\/stourm.news\/?p=2370","title":{"rendered":"Rez\u00e9 : un adepte de l&rsquo;\u00c9tat islamique qui a menac\u00e9 de mort son enseignante reste plac\u00e9 en foyer dans l&rsquo;attente de son proc\u00e8s"},"content":{"rendered":"<p style=\"text-align: justify;\">Une semaine apr\u00e8s le choc, le parquet de Nantes n&rsquo;a pas r\u00e9ussi \u00e0 atteindre son objectif. La justice demandait que le jeune qui <strong>a menac\u00e9 de mort<\/strong> une des enseignantes du lyc\u00e9e Jean Perrin soit plac\u00e9 en d\u00e9tention provisoire. Ce vendredi, la chambre de l\u2019instruction de la cour d\u2019appel de Rennes a confirm\u00e9 l\u2019ordonnance de refus de placement en d\u00e9tention provisoire de cet adolescent. Il reste donc plac\u00e9 en foyer dans l&rsquo;attente de son proc\u00e8s, comme l&rsquo;ont annonc\u00e9 nos confr\u00e8res de Ouest-France. Une information confirm\u00e9e par le procureur de la R\u00e9publique de Nantes, Renaud Gaudeul.<\/p>\n<p style=\"text-align: justify;\">Cet \u00e9l\u00e8ve du lyc\u00e9e a \u00e9t\u00e9 arr\u00eat\u00e9 la semaine derni\u00e8re suite \u00e0 ces <strong>menaces de mort<\/strong> qu&rsquo;il avait prof\u00e9r\u00e9 en mimant <strong>un tir d&rsquo;armes \u00e0 feu<\/strong>. Dans la foul\u00e9e, l&rsquo;enseignante avait repris l&rsquo;\u00e9l\u00e8ve qui s&rsquo;\u00e9tait excus\u00e9. Mais, en rentrant chez lui, il s&rsquo;\u00e9tait empress\u00e9 de raconter <strong>un projet de vengeance<\/strong> sur la messagerie chiffr\u00e9e Telegram. Des menaces d\u00e9tect\u00e9es par les services de renseignement qui avait alert\u00e9 le parquet de Nantes.<\/p>\n<p style=\"text-align: justify;\">Une interpellation avait \u00e9t\u00e9 effectu\u00e9e au domicile familial de ce jeune homme de 17 ans \u00e0 Bouguenais. L\u00e0, les services de police ont d\u00e9couvert <strong>deux couteaux et un drapeau de l&rsquo;\u00c9tat Islamique<\/strong>. Des fouilles num\u00e9riques et t\u00e9l\u00e9phoniques du jeune homme ont permis de retrouver des traces sur le r\u00e9seau social TikTok et la messagerie chiffr\u00e9e Telegram o\u00f9 <strong>\u00ab\u00a0il diffuse des actions violentes l\u2019\u00c9tat Islamique.\u00a0\u00bb<\/strong> Ce jeune est mis en examen pour \u00ab\u00a0apologie publique d\u2019un acte de terrorisme commis au moyen d\u2019un service de communication au public en ligne\u00a0\u00bb et pour \u00ab\u00a0menaces de mort \u00e0 l\u2019encontre d\u2019une personne charg\u00e9e d\u2019une mission de service public\u00a0\u00bb.<\/p>\n<p>Source : <a href=\"https:\/\/www.francebleu.fr\/infos\/faits-divers-justice\/reze-le-jeune-lyceen-qui-a-menace-de-mort-son-enseignante-reste-place-en-foyer-dans-l-attente-de-son-proces-3046849#xtor=RSS-147\">France Bleu<\/a><\/p>\n","protected":false},"excerpt":{"rendered":"<p>Une semaine apr\u00e8s le choc, le parquet de Nantes n&rsquo;a pas r\u00e9ussi \u00e0 atteindre son objectif. La justice demandait que le jeune qui a menac\u00e9 de mort une des enseignantes du lyc\u00e9e Jean Perrin soit plac\u00e9 en d\u00e9tention provisoire. Ce vendredi, la chambre de l\u2019instruction de la cour d\u2019appel de Rennes a confirm\u00e9 l\u2019ordonnance de [&hellip;]<\/p>\n","protected":false},"author":1,"featured_media":2373,"comment_status":"open","ping_status":"open","sticky":false,"template":"","format":"standard","meta":{"sb_editor_width":"","footnotes":""},"categories":[32,42,65],"tags":[],"class_list":["post-2370","post","type-post","status-publish","format-standard","has-post-thumbnail","hentry","category-islamisme","category-loire-atlantique","category-principale"],"relative_dates":{"created":"2 ans ago","modified":"2 ans ago"},"yoast_head":"<!-- This site is optimized with the Yoast SEO plugin v26.3 - https:\/\/yoast.com\/wordpress\/plugins\/seo\/ -->\n<title>Rez\u00e9 : un adepte de l&#039;\u00c9tat islamique qui a menac\u00e9 de mort son enseignante reste plac\u00e9 en foyer dans l&#039;attente de son proc\u00e8s - STOURM<\/title>\n<meta name=\"robots\" content=\"index, follow, max-snippet:-1, max-image-preview:large, max-video-preview:-1\" \/>\n<link rel=\"canonical\" href=\"https:\/\/stourm.news\/?p=2370\" \/>\n<meta property=\"og:locale\" content=\"fr_FR\" \/>\n<meta property=\"og:type\" content=\"article\" \/>\n<meta property=\"og:title\" content=\"Rez\u00e9 : un adepte de l&#039;\u00c9tat islamique qui a menac\u00e9 de mort son enseignante reste plac\u00e9 en foyer dans l&#039;attente de son proc\u00e8s - STOURM\" \/>\n<meta property=\"og:description\" content=\"Une semaine apr\u00e8s le choc, le parquet de Nantes n&rsquo;a pas r\u00e9ussi \u00e0 atteindre son objectif. La justice demandait que le jeune qui a menac\u00e9 de mort une des enseignantes du lyc\u00e9e Jean Perrin soit plac\u00e9 en d\u00e9tention provisoire. Ce vendredi, la chambre de l\u2019instruction de la cour d\u2019appel de Rennes a confirm\u00e9 l\u2019ordonnance de [&hellip;]\" \/>\n<meta property=\"og:url\" content=\"https:\/\/stourm.news\/?p=2370\" \/>\n<meta property=\"og:site_name\" content=\"STOURM\" \/>\n<meta property=\"article:publisher\" content=\"https:\/\/www.facebook.com\/stourmnews\/\" \/>\n<meta property=\"article:published_time\" content=\"2024-09-21T10:06:40+00:00\" \/>\n<meta property=\"article:modified_time\" content=\"2024-09-21T10:12:05+00:00\" \/>\n<meta property=\"og:image\" content=\"https:\/\/stourm.news\/wp-content\/uploads\/2024\/09\/Capture-decran-2024-09-21-a-19.11.35.png\" \/>\n\t<meta property=\"og:image:width\" content=\"812\" \/>\n\t<meta property=\"og:image:height\" content=\"580\" \/>\n\t<meta property=\"og:image:type\" content=\"image\/png\" \/>\n<meta name=\"author\" content=\"La r\u00e9daction\" \/>\n<meta name=\"twitter:card\" content=\"summary_large_image\" \/>\n<meta name=\"twitter:label1\" content=\"\u00c9crit par\" \/>\n\t<meta name=\"twitter:data1\" content=\"La r\u00e9daction\" \/>\n\t<meta name=\"twitter:label2\" content=\"Dur\u00e9e de lecture estim\u00e9e\" \/>\n\t<meta name=\"twitter:data2\" content=\"2 minutes\" \/>\n<script type=\"application\/ld+json\" class=\"yoast-schema-graph\">{\"@context\":\"https:\/\/schema.org\",\"@graph\":[{\"@type\":\"Article\",\"@id\":\"https:\/\/stourm.news\/?p=2370#article\",\"isPartOf\":{\"@id\":\"https:\/\/stourm.news\/?p=2370\"},\"author\":{\"name\":\"La r\u00e9daction\",\"@id\":\"https:\/\/stourm.news\/#\/schema\/person\/c3e1dc65988632e190969234ef046cf9\"},\"headline\":\"Rez\u00e9 : un adepte de l&rsquo;\u00c9tat islamique qui a menac\u00e9 de mort son enseignante reste plac\u00e9 en foyer dans l&rsquo;attente de son proc\u00e8s\",\"datePublished\":\"2024-09-21T10:06:40+00:00\",\"dateModified\":\"2024-09-21T10:12:05+00:00\",\"mainEntityOfPage\":{\"@id\":\"https:\/\/stourm.news\/?p=2370\"},\"wordCount\":336,\"commentCount\":0,\"publisher\":{\"@id\":\"https:\/\/stourm.news\/#organization\"},\"image\":{\"@id\":\"https:\/\/stourm.news\/?p=2370#primaryimage\"},\"thumbnailUrl\":\"https:\/\/stourm.news\/wp-content\/uploads\/2024\/09\/Capture-decran-2024-09-21-a-19.11.35.png\",\"articleSection\":[\"Islamisme\",\"Loire-Atlantique\",\"Principale\"],\"inLanguage\":\"fr-FR\",\"potentialAction\":[{\"@type\":\"CommentAction\",\"name\":\"Comment\",\"target\":[\"https:\/\/stourm.news\/?p=2370#respond\"]}]},{\"@type\":\"WebPage\",\"@id\":\"https:\/\/stourm.news\/?p=2370\",\"url\":\"https:\/\/stourm.news\/?p=2370\",\"name\":\"Rez\u00e9 : un adepte de l'\u00c9tat islamique qui a menac\u00e9 de mort son enseignante reste plac\u00e9 en foyer dans l'attente de son proc\u00e8s - STOURM\",\"isPartOf\":{\"@id\":\"https:\/\/stourm.news\/#website\"},\"primaryImageOfPage\":{\"@id\":\"https:\/\/stourm.news\/?p=2370#primaryimage\"},\"image\":{\"@id\":\"https:\/\/stourm.news\/?p=2370#primaryimage\"},\"thumbnailUrl\":\"https:\/\/stourm.news\/wp-content\/uploads\/2024\/09\/Capture-decran-2024-09-21-a-19.11.35.png\",\"datePublished\":\"2024-09-21T10:06:40+00:00\",\"dateModified\":\"2024-09-21T10:12:05+00:00\",\"breadcrumb\":{\"@id\":\"https:\/\/stourm.news\/?p=2370#breadcrumb\"},\"inLanguage\":\"fr-FR\",\"potentialAction\":[{\"@type\":\"ReadAction\",\"target\":[\"https:\/\/stourm.news\/?p=2370\"]}]},{\"@type\":\"ImageObject\",\"inLanguage\":\"fr-FR\",\"@id\":\"https:\/\/stourm.news\/?p=2370#primaryimage\",\"url\":\"https:\/\/stourm.news\/wp-content\/uploads\/2024\/09\/Capture-decran-2024-09-21-a-19.11.35.png\",\"contentUrl\":\"https:\/\/stourm.news\/wp-content\/uploads\/2024\/09\/Capture-decran-2024-09-21-a-19.11.35.png\",\"width\":812,\"height\":580},{\"@type\":\"BreadcrumbList\",\"@id\":\"https:\/\/stourm.news\/?p=2370#breadcrumb\",\"itemListElement\":[{\"@type\":\"ListItem\",\"position\":1,\"name\":\"Accueil\",\"item\":\"https:\/\/stourm.news\/\"},{\"@type\":\"ListItem\",\"position\":2,\"name\":\"Rez\u00e9 : un adepte de l&rsquo;\u00c9tat islamique qui a menac\u00e9 de mort son enseignante reste plac\u00e9 en foyer dans l&rsquo;attente de son proc\u00e8s\"}]},{\"@type\":\"WebSite\",\"@id\":\"https:\/\/stourm.news\/#website\",\"url\":\"https:\/\/stourm.news\/\",\"name\":\"Stourm\",\"description\":\"Kazetenn Strollad Broadel Breizh\",\"publisher\":{\"@id\":\"https:\/\/stourm.news\/#organization\"},\"potentialAction\":[{\"@type\":\"SearchAction\",\"target\":{\"@type\":\"EntryPoint\",\"urlTemplate\":\"https:\/\/stourm.news\/?s={search_term_string}\"},\"query-input\":{\"@type\":\"PropertyValueSpecification\",\"valueRequired\":true,\"valueName\":\"search_term_string\"}}],\"inLanguage\":\"fr-FR\"},{\"@type\":\"Organization\",\"@id\":\"https:\/\/stourm.news\/#organization\",\"name\":\"Stourm\",\"url\":\"https:\/\/stourm.news\/\",\"logo\":{\"@type\":\"ImageObject\",\"inLanguage\":\"fr-FR\",\"@id\":\"https:\/\/stourm.news\/#\/schema\/logo\/image\/\",\"url\":\"https:\/\/stourm.news\/wp-content\/uploads\/2025\/11\/cropped-Capture-decran-2025-11-28-a-15.19.07.png\",\"contentUrl\":\"https:\/\/stourm.news\/wp-content\/uploads\/2025\/11\/cropped-Capture-decran-2025-11-28-a-15.19.07.png\",\"width\":1855,\"height\":383,\"caption\":\"Stourm\"},\"image\":{\"@id\":\"https:\/\/stourm.news\/#\/schema\/logo\/image\/\"},\"sameAs\":[\"https:\/\/www.facebook.com\/stourmnews\/\"]},{\"@type\":\"Person\",\"@id\":\"https:\/\/stourm.news\/#\/schema\/person\/c3e1dc65988632e190969234ef046cf9\",\"name\":\"La r\u00e9daction\",\"image\":{\"@type\":\"ImageObject\",\"inLanguage\":\"fr-FR\",\"@id\":\"https:\/\/stourm.news\/#\/schema\/person\/image\/\",\"url\":\"https:\/\/secure.gravatar.com\/avatar\/7463443f194b6b5fb706b074ca0ef59a0cfcfd720cb47764b0ec5a952ce422b3?s=96&d=mm&r=g\",\"contentUrl\":\"https:\/\/secure.gravatar.com\/avatar\/7463443f194b6b5fb706b074ca0ef59a0cfcfd720cb47764b0ec5a952ce422b3?s=96&d=mm&r=g\",\"caption\":\"La r\u00e9daction\"},\"sameAs\":[\"https:\/\/stourm.news\"],\"url\":\"https:\/\/stourm.news\/?author=1\"}]}<\/script>\n<!-- \/ Yoast SEO plugin. -->","yoast_head_json":{"title":"Rez\u00e9 : un adepte de l'\u00c9tat islamique qui a menac\u00e9 de mort son enseignante reste plac\u00e9 en foyer dans l'attente de son proc\u00e8s - STOURM","robots":{"index":"index","follow":"follow","max-snippet":"max-snippet:-1","max-image-preview":"max-image-preview:large","max-video-preview":"max-video-preview:-1"},"canonical":"https:\/\/stourm.news\/?p=2370","og_locale":"fr_FR","og_type":"article","og_title":"Rez\u00e9 : un adepte de l'\u00c9tat islamique qui a menac\u00e9 de mort son enseignante reste plac\u00e9 en foyer dans l'attente de son proc\u00e8s - STOURM","og_description":"Une semaine apr\u00e8s le choc, le parquet de Nantes n&rsquo;a pas r\u00e9ussi \u00e0 atteindre son objectif. La justice demandait que le jeune qui a menac\u00e9 de mort une des enseignantes du lyc\u00e9e Jean Perrin soit plac\u00e9 en d\u00e9tention provisoire. Ce vendredi, la chambre de l\u2019instruction de la cour d\u2019appel de Rennes a confirm\u00e9 l\u2019ordonnance de [&hellip;]","og_url":"https:\/\/stourm.news\/?p=2370","og_site_name":"STOURM","article_publisher":"https:\/\/www.facebook.com\/stourmnews\/","article_published_time":"2024-09-21T10:06:40+00:00","article_modified_time":"2024-09-21T10:12:05+00:00","og_image":[{"width":812,"height":580,"url":"https:\/\/stourm.news\/wp-content\/uploads\/2024\/09\/Capture-decran-2024-09-21-a-19.11.35.png","type":"image\/png"}],"author":"La r\u00e9daction","twitter_card":"summary_large_image","twitter_misc":{"\u00c9crit par":"La r\u00e9daction","Dur\u00e9e de lecture estim\u00e9e":"2 minutes"},"schema":{"@context":"https:\/\/schema.org","@graph":[{"@type":"Article","@id":"https:\/\/stourm.news\/?p=2370#article","isPartOf":{"@id":"https:\/\/stourm.news\/?p=2370"},"author":{"name":"La r\u00e9daction","@id":"https:\/\/stourm.news\/#\/schema\/person\/c3e1dc65988632e190969234ef046cf9"},"headline":"Rez\u00e9 : un adepte de l&rsquo;\u00c9tat islamique qui a menac\u00e9 de mort son enseignante reste plac\u00e9 en foyer dans l&rsquo;attente de son proc\u00e8s","datePublished":"2024-09-21T10:06:40+00:00","dateModified":"2024-09-21T10:12:05+00:00","mainEntityOfPage":{"@id":"https:\/\/stourm.news\/?p=2370"},"wordCount":336,"commentCount":0,"publisher":{"@id":"https:\/\/stourm.news\/#organization"},"image":{"@id":"https:\/\/stourm.news\/?p=2370#primaryimage"},"thumbnailUrl":"https:\/\/stourm.news\/wp-content\/uploads\/2024\/09\/Capture-decran-2024-09-21-a-19.11.35.png","articleSection":["Islamisme","Loire-Atlantique","Principale"],"inLanguage":"fr-FR","potentialAction":[{"@type":"CommentAction","name":"Comment","target":["https:\/\/stourm.news\/?p=2370#respond"]}]},{"@type":"WebPage","@id":"https:\/\/stourm.news\/?p=2370","url":"https:\/\/stourm.news\/?p=2370","name":"Rez\u00e9 : un adepte de l'\u00c9tat islamique qui a menac\u00e9 de mort son enseignante reste plac\u00e9 en foyer dans l'attente de son proc\u00e8s - STOURM","isPartOf":{"@id":"https:\/\/stourm.news\/#website"},"primaryImageOfPage":{"@id":"https:\/\/stourm.news\/?p=2370#primaryimage"},"image":{"@id":"https:\/\/stourm.news\/?p=2370#primaryimage"},"thumbnailUrl":"https:\/\/stourm.news\/wp-content\/uploads\/2024\/09\/Capture-decran-2024-09-21-a-19.11.35.png","datePublished":"2024-09-21T10:06:40+00:00","dateModified":"2024-09-21T10:12:05+00:00","breadcrumb":{"@id":"https:\/\/stourm.news\/?p=2370#breadcrumb"},"inLanguage":"fr-FR","potentialAction":[{"@type":"ReadAction","target":["https:\/\/stourm.news\/?p=2370"]}]},{"@type":"ImageObject","inLanguage":"fr-FR","@id":"https:\/\/stourm.news\/?p=2370#primaryimage","url":"https:\/\/stourm.news\/wp-content\/uploads\/2024\/09\/Capture-decran-2024-09-21-a-19.11.35.png","contentUrl":"https:\/\/stourm.news\/wp-content\/uploads\/2024\/09\/Capture-decran-2024-09-21-a-19.11.35.png","width":812,"height":580},{"@type":"BreadcrumbList","@id":"https:\/\/stourm.news\/?p=2370#breadcrumb","itemListElement":[{"@type":"ListItem","position":1,"name":"Accueil","item":"https:\/\/stourm.news\/"},{"@type":"ListItem","position":2,"name":"Rez\u00e9 : un adepte de l&rsquo;\u00c9tat islamique qui a menac\u00e9 de mort son enseignante reste plac\u00e9 en foyer dans l&rsquo;attente de son proc\u00e8s"}]},{"@type":"WebSite","@id":"https:\/\/stourm.news\/#website","url":"https:\/\/stourm.news\/","name":"Stourm","description":"Kazetenn Strollad Broadel Breizh","publisher":{"@id":"https:\/\/stourm.news\/#organization"},"potentialAction":[{"@type":"SearchAction","target":{"@type":"EntryPoint","urlTemplate":"https:\/\/stourm.news\/?s={search_term_string}"},"query-input":{"@type":"PropertyValueSpecification","valueRequired":true,"valueName":"search_term_string"}}],"inLanguage":"fr-FR"},{"@type":"Organization","@id":"https:\/\/stourm.news\/#organization","name":"Stourm","url":"https:\/\/stourm.news\/","logo":{"@type":"ImageObject","inLanguage":"fr-FR","@id":"https:\/\/stourm.news\/#\/schema\/logo\/image\/","url":"https:\/\/stourm.news\/wp-content\/uploads\/2025\/11\/cropped-Capture-decran-2025-11-28-a-15.19.07.png","contentUrl":"https:\/\/stourm.news\/wp-content\/uploads\/2025\/11\/cropped-Capture-decran-2025-11-28-a-15.19.07.png","width":1855,"height":383,"caption":"Stourm"},"image":{"@id":"https:\/\/stourm.news\/#\/schema\/logo\/image\/"},"sameAs":["https:\/\/www.facebook.com\/stourmnews\/"]},{"@type":"Person","@id":"https:\/\/stourm.news\/#\/schema\/person\/c3e1dc65988632e190969234ef046cf9","name":"La r\u00e9daction","image":{"@type":"ImageObject","inLanguage":"fr-FR","@id":"https:\/\/stourm.news\/#\/schema\/person\/image\/","url":"https:\/\/secure.gravatar.com\/avatar\/7463443f194b6b5fb706b074ca0ef59a0cfcfd720cb47764b0ec5a952ce422b3?s=96&d=mm&r=g","contentUrl":"https:\/\/secure.gravatar.com\/avatar\/7463443f194b6b5fb706b074ca0ef59a0cfcfd720cb47764b0ec5a952ce422b3?s=96&d=mm&r=g","caption":"La r\u00e9daction"},"sameAs":["https:\/\/stourm.news"],"url":"https:\/\/stourm.news\/?author=1"}]}},"_links":{"self":[{"href":"https:\/\/stourm.news\/index.php?rest_route=\/wp\/v2\/posts\/2370","targetHints":{"allow":["GET"]}}],"collection":[{"href":"https:\/\/stourm.news\/index.php?rest_route=\/wp\/v2\/posts"}],"about":[{"href":"https:\/\/stourm.news\/index.php?rest_route=\/wp\/v2\/types\/post"}],"author":[{"embeddable":true,"href":"https:\/\/stourm.news\/index.php?rest_route=\/wp\/v2\/users\/1"}],"replies":[{"embeddable":true,"href":"https:\/\/stourm.news\/index.php?rest_route=%2Fwp%2Fv2%2Fcomments&post=2370"}],"version-history":[{"count":1,"href":"https:\/\/stourm.news\/index.php?rest_route=\/wp\/v2\/posts\/2370\/revisions"}],"predecessor-version":[{"id":2372,"href":"https:\/\/stourm.news\/index.php?rest_route=\/wp\/v2\/posts\/2370\/revisions\/2372"}],"wp:featuredmedia":[{"embeddable":true,"href":"https:\/\/stourm.news\/index.php?rest_route=\/wp\/v2\/media\/2373"}],"wp:attachment":[{"href":"https:\/\/stourm.news\/index.php?rest_route=%2Fwp%2Fv2%2Fmedia&parent=2370"}],"wp:term":[{"taxonomy":"category","embeddable":true,"href":"https:\/\/stourm.news\/index.php?rest_route=%2Fwp%2Fv2%2Fcategories&post=2370"},{"taxonomy":"post_tag","embeddable":true,"href":"https:\/\/stourm.news\/index.php?rest_route=%2Fwp%2Fv2%2Ftags&post=2370"}],"curies":[{"name":"wp","href":"https:\/\/api.w.org\/{rel}","templated":true}]}}