{"id":2377,"date":"2024-09-22T09:36:22","date_gmt":"2024-09-22T09:36:22","guid":{"rendered":"https:\/\/stourm.news\/?p=2377"},"modified":"2024-09-22T09:36:41","modified_gmt":"2024-09-22T09:36:41","slug":"2377","status":"publish","type":"post","link":"https:\/\/stourm.news\/?p=2377","title":{"rendered":"Anvers : les nationalistes flamands manifestent contre le remplacement de population"},"content":{"rendered":"<p style=\"text-align: justify;\">Les nationalistes flamands d\u00e9filaient \u00e0 Anvers pour appeler \u00e0 la r\u00e9\u00e9migration des \u00e9trangers ind\u00e9sirables. Parmi les organisations pr\u00e9sentes se trouvait le Voorpost et les \u00e9tudiants du NSV.<\/p>\n<p style=\"text-align: justify;\"><em><strong>A #antwerp, 300 nationalistes ont manifest\u00e9 pour la premi\u00e8re fois avec @voorpost en faveur de la #remigration. Le rapatriement obligatoire des \u00e9trangers est aujourd&rsquo;hui absolument n\u00e9cessaire pour que la Flandre reste la patrie des Flamands, ont-ils d\u00e9clar\u00e9. Il y avait des d\u00e9l\u00e9gations de #shieldfriends<\/strong><\/em><\/p>\n<blockquote class=\"twitter-tweet\">\n<p dir=\"ltr\" lang=\"nl\">In <a href=\"https:\/\/twitter.com\/hashtag\/antwerpen?src=hash&amp;ref_src=twsrc%5Etfw\">#antwerpen<\/a> hebben 300 nationalisten voor het eerst met <a href=\"https:\/\/twitter.com\/voorpost?ref_src=twsrc%5Etfw\">@voorpost<\/a> betoogd voor <a href=\"https:\/\/twitter.com\/hashtag\/remigratie?src=hash&amp;ref_src=twsrc%5Etfw\">#remigratie<\/a>. Het verplicht terugsturen van vreemdelingen is nu absoluut nodig, om Vlaanderen als vaderland van de Vlamingen te behouden, zo klonk het. Er waren delegaties van <a href=\"https:\/\/twitter.com\/hashtag\/schildenvrienden?src=hash&amp;ref_src=twsrc%5Etfw\">#schildenvrienden<\/a>,\u2026 <a href=\"https:\/\/t.co\/OdG7cRKN0F\">pic.twitter.com\/OdG7cRKN0F<\/a><\/p>\n<p>\u2014 ReactNieuws.net (@reactnieuws) <a href=\"https:\/\/twitter.com\/reactnieuws\/status\/1837526850136068522?ref_src=twsrc%5Etfw\">September 21, 2024<\/a><\/p><\/blockquote>\n<p><script async src=\"https:\/\/platform.twitter.com\/widgets.js\" charset=\"utf-8\"><\/script><\/p>\n<blockquote class=\"twitter-tweet\">\n<p dir=\"ltr\" lang=\"nl\">Geslaagde betoging te Antwerpen tegen de omvolking voor remigratie.<a href=\"https:\/\/twitter.com\/voorpost?ref_src=twsrc%5Etfw\">@voorpost<\/a> \ud83d\udcaa\ud83c\udffb <a href=\"https:\/\/t.co\/XrcZeECI3k\">pic.twitter.com\/XrcZeECI3k<\/a><\/p>\n<p>\u2014 Docker82\u16c9 (@docker82) <a href=\"https:\/\/twitter.com\/docker82\/status\/1837776195196231815?ref_src=twsrc%5Etfw\">September 22, 2024<\/a><\/p><\/blockquote>\n<p><script async src=\"https:\/\/platform.twitter.com\/widgets.js\" charset=\"utf-8\"><\/script><\/p>\n<blockquote class=\"twitter-tweet\">\n<p dir=\"ltr\" lang=\"nl\">Antwerpen gisteren. Voorpost demo<br \/>\nOMVOLKING: <a href=\"https:\/\/t.co\/GvPrmQH7pO\">pic.twitter.com\/GvPrmQH7pO<\/a><\/p>\n<p>\u2014 FREEDOM OF SPEECH \ud83c\uddf3\ud83c\uddf1\ud83c\uddec\ud83c\udde7\ud83c\uddfa\ud83c\uddf8\ud83c\udde9\ud83c\uddea\ud83c\udde6\ud83c\uddfa (@DDL2NL) <a href=\"https:\/\/twitter.com\/DDL2NL\/status\/1837773175389609992?ref_src=twsrc%5Etfw\">September 22, 2024<\/a><\/p><\/blockquote>\n<p><script async src=\"https:\/\/platform.twitter.com\/widgets.js\" charset=\"utf-8\"><\/script><\/p>\n<p style=\"text-align: right;\"><strong>Ewen Broc&rsquo;han<\/strong><\/p>\n","protected":false},"excerpt":{"rendered":"<p>Les nationalistes flamands d\u00e9filaient \u00e0 Anvers pour appeler \u00e0 la r\u00e9\u00e9migration des \u00e9trangers ind\u00e9sirables. Parmi les organisations pr\u00e9sentes se trouvait le Voorpost et les \u00e9tudiants du NSV. A #antwerp, 300 nationalistes ont manifest\u00e9 pour la premi\u00e8re fois avec @voorpost en faveur de la #remigration. Le rapatriement obligatoire des \u00e9trangers est aujourd&rsquo;hui absolument n\u00e9cessaire pour que [&hellip;]<\/p>\n","protected":false},"author":1,"featured_media":2383,"comment_status":"open","ping_status":"open","sticky":false,"template":"","format":"standard","meta":{"sb_editor_width":"","footnotes":""},"categories":[66,65],"tags":[],"class_list":["post-2377","post","type-post","status-publish","format-standard","has-post-thumbnail","hentry","category-international","category-principale"],"relative_dates":{"created":"2 ans ago","modified":"2 ans ago"},"yoast_head":"<!-- This site is optimized with the Yoast SEO plugin v26.3 - https:\/\/yoast.com\/wordpress\/plugins\/seo\/ -->\n<title>Anvers : les nationalistes flamands manifestent contre le remplacement de population - STOURM<\/title>\n<meta name=\"robots\" content=\"index, follow, max-snippet:-1, max-image-preview:large, max-video-preview:-1\" \/>\n<link rel=\"canonical\" href=\"https:\/\/stourm.news\/?p=2377\" \/>\n<meta property=\"og:locale\" content=\"fr_FR\" \/>\n<meta property=\"og:type\" content=\"article\" \/>\n<meta property=\"og:title\" content=\"Anvers : les nationalistes flamands manifestent contre le remplacement de population - STOURM\" \/>\n<meta property=\"og:description\" content=\"Les nationalistes flamands d\u00e9filaient \u00e0 Anvers pour appeler \u00e0 la r\u00e9\u00e9migration des \u00e9trangers ind\u00e9sirables. Parmi les organisations pr\u00e9sentes se trouvait le Voorpost et les \u00e9tudiants du NSV. A #antwerp, 300 nationalistes ont manifest\u00e9 pour la premi\u00e8re fois avec @voorpost en faveur de la #remigration. Le rapatriement obligatoire des \u00e9trangers est aujourd&rsquo;hui absolument n\u00e9cessaire pour que [&hellip;]\" \/>\n<meta property=\"og:url\" content=\"https:\/\/stourm.news\/?p=2377\" \/>\n<meta property=\"og:site_name\" content=\"STOURM\" \/>\n<meta property=\"article:publisher\" content=\"https:\/\/www.facebook.com\/stourmnews\/\" \/>\n<meta property=\"article:published_time\" content=\"2024-09-22T09:36:22+00:00\" \/>\n<meta property=\"article:modified_time\" content=\"2024-09-22T09:36:41+00:00\" \/>\n<meta property=\"og:image\" content=\"https:\/\/stourm.news\/wp-content\/uploads\/2024\/09\/GYEXtaRW8AAJNwP.jpg\" \/>\n\t<meta property=\"og:image:width\" content=\"679\" \/>\n\t<meta property=\"og:image:height\" content=\"306\" \/>\n\t<meta property=\"og:image:type\" content=\"image\/jpeg\" \/>\n<meta name=\"author\" content=\"La r\u00e9daction\" \/>\n<meta name=\"twitter:card\" content=\"summary_large_image\" \/>\n<meta name=\"twitter:label1\" content=\"\u00c9crit par\" \/>\n\t<meta name=\"twitter:data1\" content=\"La r\u00e9daction\" \/>\n\t<meta name=\"twitter:label2\" content=\"Dur\u00e9e de lecture estim\u00e9e\" \/>\n\t<meta name=\"twitter:data2\" content=\"1 minute\" \/>\n<script type=\"application\/ld+json\" class=\"yoast-schema-graph\">{\"@context\":\"https:\/\/schema.org\",\"@graph\":[{\"@type\":\"Article\",\"@id\":\"https:\/\/stourm.news\/?p=2377#article\",\"isPartOf\":{\"@id\":\"https:\/\/stourm.news\/?p=2377\"},\"author\":{\"name\":\"La r\u00e9daction\",\"@id\":\"https:\/\/stourm.news\/#\/schema\/person\/c3e1dc65988632e190969234ef046cf9\"},\"headline\":\"Anvers : les nationalistes flamands manifestent contre le remplacement de population\",\"datePublished\":\"2024-09-22T09:36:22+00:00\",\"dateModified\":\"2024-09-22T09:36:41+00:00\",\"mainEntityOfPage\":{\"@id\":\"https:\/\/stourm.news\/?p=2377\"},\"wordCount\":173,\"commentCount\":0,\"publisher\":{\"@id\":\"https:\/\/stourm.news\/#organization\"},\"image\":{\"@id\":\"https:\/\/stourm.news\/?p=2377#primaryimage\"},\"thumbnailUrl\":\"https:\/\/stourm.news\/wp-content\/uploads\/2024\/09\/GYEXtaRW8AAJNwP.jpg\",\"articleSection\":[\"International\",\"Principale\"],\"inLanguage\":\"fr-FR\",\"potentialAction\":[{\"@type\":\"CommentAction\",\"name\":\"Comment\",\"target\":[\"https:\/\/stourm.news\/?p=2377#respond\"]}]},{\"@type\":\"WebPage\",\"@id\":\"https:\/\/stourm.news\/?p=2377\",\"url\":\"https:\/\/stourm.news\/?p=2377\",\"name\":\"Anvers : les nationalistes flamands manifestent contre le remplacement de population - STOURM\",\"isPartOf\":{\"@id\":\"https:\/\/stourm.news\/#website\"},\"primaryImageOfPage\":{\"@id\":\"https:\/\/stourm.news\/?p=2377#primaryimage\"},\"image\":{\"@id\":\"https:\/\/stourm.news\/?p=2377#primaryimage\"},\"thumbnailUrl\":\"https:\/\/stourm.news\/wp-content\/uploads\/2024\/09\/GYEXtaRW8AAJNwP.jpg\",\"datePublished\":\"2024-09-22T09:36:22+00:00\",\"dateModified\":\"2024-09-22T09:36:41+00:00\",\"breadcrumb\":{\"@id\":\"https:\/\/stourm.news\/?p=2377#breadcrumb\"},\"inLanguage\":\"fr-FR\",\"potentialAction\":[{\"@type\":\"ReadAction\",\"target\":[\"https:\/\/stourm.news\/?p=2377\"]}]},{\"@type\":\"ImageObject\",\"inLanguage\":\"fr-FR\",\"@id\":\"https:\/\/stourm.news\/?p=2377#primaryimage\",\"url\":\"https:\/\/stourm.news\/wp-content\/uploads\/2024\/09\/GYEXtaRW8AAJNwP.jpg\",\"contentUrl\":\"https:\/\/stourm.news\/wp-content\/uploads\/2024\/09\/GYEXtaRW8AAJNwP.jpg\",\"width\":679,\"height\":306},{\"@type\":\"BreadcrumbList\",\"@id\":\"https:\/\/stourm.news\/?p=2377#breadcrumb\",\"itemListElement\":[{\"@type\":\"ListItem\",\"position\":1,\"name\":\"Accueil\",\"item\":\"https:\/\/stourm.news\/\"},{\"@type\":\"ListItem\",\"position\":2,\"name\":\"Anvers : les nationalistes flamands manifestent contre le remplacement de population\"}]},{\"@type\":\"WebSite\",\"@id\":\"https:\/\/stourm.news\/#website\",\"url\":\"https:\/\/stourm.news\/\",\"name\":\"Stourm\",\"description\":\"Kazetenn Strollad Broadel Breizh\",\"publisher\":{\"@id\":\"https:\/\/stourm.news\/#organization\"},\"potentialAction\":[{\"@type\":\"SearchAction\",\"target\":{\"@type\":\"EntryPoint\",\"urlTemplate\":\"https:\/\/stourm.news\/?s={search_term_string}\"},\"query-input\":{\"@type\":\"PropertyValueSpecification\",\"valueRequired\":true,\"valueName\":\"search_term_string\"}}],\"inLanguage\":\"fr-FR\"},{\"@type\":\"Organization\",\"@id\":\"https:\/\/stourm.news\/#organization\",\"name\":\"Stourm\",\"url\":\"https:\/\/stourm.news\/\",\"logo\":{\"@type\":\"ImageObject\",\"inLanguage\":\"fr-FR\",\"@id\":\"https:\/\/stourm.news\/#\/schema\/logo\/image\/\",\"url\":\"https:\/\/stourm.news\/wp-content\/uploads\/2025\/11\/cropped-Capture-decran-2025-11-28-a-15.19.07.png\",\"contentUrl\":\"https:\/\/stourm.news\/wp-content\/uploads\/2025\/11\/cropped-Capture-decran-2025-11-28-a-15.19.07.png\",\"width\":1855,\"height\":383,\"caption\":\"Stourm\"},\"image\":{\"@id\":\"https:\/\/stourm.news\/#\/schema\/logo\/image\/\"},\"sameAs\":[\"https:\/\/www.facebook.com\/stourmnews\/\"]},{\"@type\":\"Person\",\"@id\":\"https:\/\/stourm.news\/#\/schema\/person\/c3e1dc65988632e190969234ef046cf9\",\"name\":\"La r\u00e9daction\",\"image\":{\"@type\":\"ImageObject\",\"inLanguage\":\"fr-FR\",\"@id\":\"https:\/\/stourm.news\/#\/schema\/person\/image\/\",\"url\":\"https:\/\/secure.gravatar.com\/avatar\/7463443f194b6b5fb706b074ca0ef59a0cfcfd720cb47764b0ec5a952ce422b3?s=96&d=mm&r=g\",\"contentUrl\":\"https:\/\/secure.gravatar.com\/avatar\/7463443f194b6b5fb706b074ca0ef59a0cfcfd720cb47764b0ec5a952ce422b3?s=96&d=mm&r=g\",\"caption\":\"La r\u00e9daction\"},\"sameAs\":[\"https:\/\/stourm.news\"],\"url\":\"https:\/\/stourm.news\/?author=1\"}]}<\/script>\n<!-- \/ Yoast SEO plugin. -->","yoast_head_json":{"title":"Anvers : les nationalistes flamands manifestent contre le remplacement de population - STOURM","robots":{"index":"index","follow":"follow","max-snippet":"max-snippet:-1","max-image-preview":"max-image-preview:large","max-video-preview":"max-video-preview:-1"},"canonical":"https:\/\/stourm.news\/?p=2377","og_locale":"fr_FR","og_type":"article","og_title":"Anvers : les nationalistes flamands manifestent contre le remplacement de population - STOURM","og_description":"Les nationalistes flamands d\u00e9filaient \u00e0 Anvers pour appeler \u00e0 la r\u00e9\u00e9migration des \u00e9trangers ind\u00e9sirables. Parmi les organisations pr\u00e9sentes se trouvait le Voorpost et les \u00e9tudiants du NSV. A #antwerp, 300 nationalistes ont manifest\u00e9 pour la premi\u00e8re fois avec @voorpost en faveur de la #remigration. Le rapatriement obligatoire des \u00e9trangers est aujourd&rsquo;hui absolument n\u00e9cessaire pour que [&hellip;]","og_url":"https:\/\/stourm.news\/?p=2377","og_site_name":"STOURM","article_publisher":"https:\/\/www.facebook.com\/stourmnews\/","article_published_time":"2024-09-22T09:36:22+00:00","article_modified_time":"2024-09-22T09:36:41+00:00","og_image":[{"width":679,"height":306,"url":"https:\/\/stourm.news\/wp-content\/uploads\/2024\/09\/GYEXtaRW8AAJNwP.jpg","type":"image\/jpeg"}],"author":"La r\u00e9daction","twitter_card":"summary_large_image","twitter_misc":{"\u00c9crit par":"La r\u00e9daction","Dur\u00e9e de lecture estim\u00e9e":"1 minute"},"schema":{"@context":"https:\/\/schema.org","@graph":[{"@type":"Article","@id":"https:\/\/stourm.news\/?p=2377#article","isPartOf":{"@id":"https:\/\/stourm.news\/?p=2377"},"author":{"name":"La r\u00e9daction","@id":"https:\/\/stourm.news\/#\/schema\/person\/c3e1dc65988632e190969234ef046cf9"},"headline":"Anvers : les nationalistes flamands manifestent contre le remplacement de population","datePublished":"2024-09-22T09:36:22+00:00","dateModified":"2024-09-22T09:36:41+00:00","mainEntityOfPage":{"@id":"https:\/\/stourm.news\/?p=2377"},"wordCount":173,"commentCount":0,"publisher":{"@id":"https:\/\/stourm.news\/#organization"},"image":{"@id":"https:\/\/stourm.news\/?p=2377#primaryimage"},"thumbnailUrl":"https:\/\/stourm.news\/wp-content\/uploads\/2024\/09\/GYEXtaRW8AAJNwP.jpg","articleSection":["International","Principale"],"inLanguage":"fr-FR","potentialAction":[{"@type":"CommentAction","name":"Comment","target":["https:\/\/stourm.news\/?p=2377#respond"]}]},{"@type":"WebPage","@id":"https:\/\/stourm.news\/?p=2377","url":"https:\/\/stourm.news\/?p=2377","name":"Anvers : les nationalistes flamands manifestent contre le remplacement de population - STOURM","isPartOf":{"@id":"https:\/\/stourm.news\/#website"},"primaryImageOfPage":{"@id":"https:\/\/stourm.news\/?p=2377#primaryimage"},"image":{"@id":"https:\/\/stourm.news\/?p=2377#primaryimage"},"thumbnailUrl":"https:\/\/stourm.news\/wp-content\/uploads\/2024\/09\/GYEXtaRW8AAJNwP.jpg","datePublished":"2024-09-22T09:36:22+00:00","dateModified":"2024-09-22T09:36:41+00:00","breadcrumb":{"@id":"https:\/\/stourm.news\/?p=2377#breadcrumb"},"inLanguage":"fr-FR","potentialAction":[{"@type":"ReadAction","target":["https:\/\/stourm.news\/?p=2377"]}]},{"@type":"ImageObject","inLanguage":"fr-FR","@id":"https:\/\/stourm.news\/?p=2377#primaryimage","url":"https:\/\/stourm.news\/wp-content\/uploads\/2024\/09\/GYEXtaRW8AAJNwP.jpg","contentUrl":"https:\/\/stourm.news\/wp-content\/uploads\/2024\/09\/GYEXtaRW8AAJNwP.jpg","width":679,"height":306},{"@type":"BreadcrumbList","@id":"https:\/\/stourm.news\/?p=2377#breadcrumb","itemListElement":[{"@type":"ListItem","position":1,"name":"Accueil","item":"https:\/\/stourm.news\/"},{"@type":"ListItem","position":2,"name":"Anvers : les nationalistes flamands manifestent contre le remplacement de population"}]},{"@type":"WebSite","@id":"https:\/\/stourm.news\/#website","url":"https:\/\/stourm.news\/","name":"Stourm","description":"Kazetenn Strollad Broadel Breizh","publisher":{"@id":"https:\/\/stourm.news\/#organization"},"potentialAction":[{"@type":"SearchAction","target":{"@type":"EntryPoint","urlTemplate":"https:\/\/stourm.news\/?s={search_term_string}"},"query-input":{"@type":"PropertyValueSpecification","valueRequired":true,"valueName":"search_term_string"}}],"inLanguage":"fr-FR"},{"@type":"Organization","@id":"https:\/\/stourm.news\/#organization","name":"Stourm","url":"https:\/\/stourm.news\/","logo":{"@type":"ImageObject","inLanguage":"fr-FR","@id":"https:\/\/stourm.news\/#\/schema\/logo\/image\/","url":"https:\/\/stourm.news\/wp-content\/uploads\/2025\/11\/cropped-Capture-decran-2025-11-28-a-15.19.07.png","contentUrl":"https:\/\/stourm.news\/wp-content\/uploads\/2025\/11\/cropped-Capture-decran-2025-11-28-a-15.19.07.png","width":1855,"height":383,"caption":"Stourm"},"image":{"@id":"https:\/\/stourm.news\/#\/schema\/logo\/image\/"},"sameAs":["https:\/\/www.facebook.com\/stourmnews\/"]},{"@type":"Person","@id":"https:\/\/stourm.news\/#\/schema\/person\/c3e1dc65988632e190969234ef046cf9","name":"La r\u00e9daction","image":{"@type":"ImageObject","inLanguage":"fr-FR","@id":"https:\/\/stourm.news\/#\/schema\/person\/image\/","url":"https:\/\/secure.gravatar.com\/avatar\/7463443f194b6b5fb706b074ca0ef59a0cfcfd720cb47764b0ec5a952ce422b3?s=96&d=mm&r=g","contentUrl":"https:\/\/secure.gravatar.com\/avatar\/7463443f194b6b5fb706b074ca0ef59a0cfcfd720cb47764b0ec5a952ce422b3?s=96&d=mm&r=g","caption":"La r\u00e9daction"},"sameAs":["https:\/\/stourm.news"],"url":"https:\/\/stourm.news\/?author=1"}]}},"_links":{"self":[{"href":"https:\/\/stourm.news\/index.php?rest_route=\/wp\/v2\/posts\/2377","targetHints":{"allow":["GET"]}}],"collection":[{"href":"https:\/\/stourm.news\/index.php?rest_route=\/wp\/v2\/posts"}],"about":[{"href":"https:\/\/stourm.news\/index.php?rest_route=\/wp\/v2\/types\/post"}],"author":[{"embeddable":true,"href":"https:\/\/stourm.news\/index.php?rest_route=\/wp\/v2\/users\/1"}],"replies":[{"embeddable":true,"href":"https:\/\/stourm.news\/index.php?rest_route=%2Fwp%2Fv2%2Fcomments&post=2377"}],"version-history":[{"count":3,"href":"https:\/\/stourm.news\/index.php?rest_route=\/wp\/v2\/posts\/2377\/revisions"}],"predecessor-version":[{"id":2385,"href":"https:\/\/stourm.news\/index.php?rest_route=\/wp\/v2\/posts\/2377\/revisions\/2385"}],"wp:featuredmedia":[{"embeddable":true,"href":"https:\/\/stourm.news\/index.php?rest_route=\/wp\/v2\/media\/2383"}],"wp:attachment":[{"href":"https:\/\/stourm.news\/index.php?rest_route=%2Fwp%2Fv2%2Fmedia&parent=2377"}],"wp:term":[{"taxonomy":"category","embeddable":true,"href":"https:\/\/stourm.news\/index.php?rest_route=%2Fwp%2Fv2%2Fcategories&post=2377"},{"taxonomy":"post_tag","embeddable":true,"href":"https:\/\/stourm.news\/index.php?rest_route=%2Fwp%2Fv2%2Ftags&post=2377"}],"curies":[{"name":"wp","href":"https:\/\/api.w.org\/{rel}","templated":true}]}}