{"id":2379,"date":"2024-09-22T05:00:40","date_gmt":"2024-09-22T05:00:40","guid":{"rendered":"https:\/\/stourm.news\/?p=2379"},"modified":"2024-09-22T05:00:40","modified_gmt":"2024-09-22T05:00:40","slug":"retailleau-un-ennemi-declare-des-peuples-de-lhexagone","status":"publish","type":"post","link":"https:\/\/stourm.news\/?p=2379","title":{"rendered":"Retailleau, un ennemi d\u00e9clar\u00e9 des peuples de l&rsquo;Hexagone"},"content":{"rendered":"<p style=\"text-align: justify;\">Le Vend\u00e9en Bruno Retailleau entre au gouvernement fran\u00e7ais en tant que ministre de l&rsquo;int\u00e9rieur. Admirateur du non moins vend\u00e9en Cl\u00e9menceau, r\u00e9publicain enrag\u00e9, Retailleau incarne le versant r\u00e9actionnaire du nationalisme jacobin, une tradition pour les Vend\u00e9ens ralli\u00e9s \u00e0 leurs bourreaux r\u00e9volutionnaires. Sa politique sera simple : d\u00e9fendre l&rsquo;ordre bourgeois contre toute forme de changement, quel qu&rsquo;elle puisse \u00eatre.<\/p>\n<p>Qu&rsquo;on en juge rapidement.<\/p>\n<p style=\"text-align: justify;\"><strong>\u00ab\u00a0Attention \u00e0 ne pas introduire \u00e0 l\u2019\u00e9cole de la R\u00e9publique une nouvelle forme de communautarisme, apr\u00e8s le communautarisme culturel et confessionnel\u2009: le communautarisme linguistique\u2026 Attention \u00e0 ne pas cr\u00e9er une fuite en avant identitaire o\u00f9 chaque groupe culturel exigerait d\u2019utiliser dans l\u2019espace public la langue \u00e0 laquelle il est attach\u00e9, plut\u00f4t que la langue fran\u00e7aise. L\u2019unit\u00e9 linguistique a toujours \u00e9t\u00e9 le socle de l\u2019unit\u00e9 fran\u00e7aise. Fragiliser la langue fran\u00e7aise, c\u2019est fragiliser la France\u00a0\u00bb<\/strong> <a href=\"https:\/\/www.ouest-france.fr\/pays-de-la-loire\/nantes-44000\/langues-regionales-bruno-retailleau-ne-veut-pas-dune-charte-3548897\">vocif\u00e8rait-il en 2015<\/a> \u00e0 propos de la Charte des Langues R\u00e9gionales et Minoritaires, jamais adopt\u00e9e par l&rsquo;\u00c9tat fran\u00e7ais. Du Monzie dans le texte.<\/p>\n<p style=\"text-align: justify;\">Le processus de timide autonomie engag\u00e9 par le gouvernement pr\u00e9c\u00e9dent ne survivra pas davantage. En mars 2024, Retailleau peste : <strong>\u00ab\u00a0sur le fond, il y a deux difficult\u00e9s absolument majeures. D\u2019une part, la reconnaissance d\u2019une communaut\u00e9 historique, culturelle, linguistique, li\u00e9e \u00e0 une terre. Ce serait la constitutionnalisation du communautarisme. La Constitution ne reconna\u00eet qu\u2019une seule communaut\u00e9 : c\u2019est la communaut\u00e9 nationale\u00a0\u00bb<\/strong>. Et d&rsquo;ajouter un crachat en direction des Bretons, <strong>\u00ab\u00a0contourner le Parlement et faire en sorte qu\u2019il n\u2019y ait pas d\u2019habilitation, c\u2019est dangereux. La preuve : d\u00e8s hier, G\u00e9rard Larcher a re\u00e7u un courrier du pr\u00e9sident de la r\u00e9gion Bretagne pour demander de modifier aussi la Constitution pour la Bretagne. C\u2019est la bo\u00eete de Pandore.\u00a0\u00bb<\/strong><\/p>\n<p style=\"text-align: justify;\">Retailleau est le gourdin aussi in\u00e9vitable qu&rsquo;obsol\u00e8te d&rsquo;une r\u00e9publique profond\u00e9ment affaiblie par l&rsquo;immigration extra-europ\u00e9enne, l&rsquo;incomp\u00e9tence de ses \u00e9lites dirigeantes et un endettement hors de contr\u00f4le. Instrument d&rsquo;un r\u00e9gime inquiet assis sur une une large couche de retrait\u00e9s inquiets (20 millions d&rsquo;\u00e9lecteurs), ses acc\u00e8s d&rsquo;autoritarisme seront \u00e0 l&rsquo;image des mouvements du poulet sans t\u00eate qu&rsquo;est la r\u00e9publique fran\u00e7aise. Croyant son heure venue, ce petit ma\u00eetre d&rsquo;\u00e9cole vaniteux aura t\u00f4t fait de faire \u00e9clater les innombrables oppositions larv\u00e9es. Certain qu&rsquo;aucun probl\u00e8me ne puisse \u00eatre r\u00e9gl\u00e9 par un de ses coups de menton, la situation en Kanaky devrait rapidement lui donner l&rsquo;occasion d&rsquo;aggraver sa premi\u00e8re crise.<\/p>\n<p style=\"text-align: justify;\">Si pour la Bretagne cela rien de fondamentalement nouveau, nous pouvons compter sur la rigidit\u00e9 p\u00e9trie d&rsquo;aigreur d&rsquo;un tel chef de bureau pour \u00e9veiller les col\u00e8res lib\u00e9ratrices.<\/p>\n<p style=\"text-align: right;\"><strong>Ewen Broc&rsquo;han<\/strong><\/p>\n","protected":false},"excerpt":{"rendered":"<p>Le Vend\u00e9en Bruno Retailleau entre au gouvernement fran\u00e7ais en tant que ministre de l&rsquo;int\u00e9rieur. Admirateur du non moins vend\u00e9en Cl\u00e9menceau, r\u00e9publicain enrag\u00e9, Retailleau incarne le versant r\u00e9actionnaire du nationalisme jacobin, une tradition pour les Vend\u00e9ens ralli\u00e9s \u00e0 leurs bourreaux r\u00e9volutionnaires. Sa politique sera simple : d\u00e9fendre l&rsquo;ordre bourgeois contre toute forme de changement, quel qu&rsquo;elle [&hellip;]<\/p>\n","protected":false},"author":1,"featured_media":2380,"comment_status":"open","ping_status":"open","sticky":false,"template":"","format":"standard","meta":{"sb_editor_width":"","footnotes":""},"categories":[63,65],"tags":[],"class_list":["post-2379","post","type-post","status-publish","format-standard","has-post-thumbnail","hentry","category-editorial","category-principale"],"relative_dates":{"created":"2 ans ago","modified":"2 ans ago"},"yoast_head":"<!-- This site is optimized with the Yoast SEO plugin v26.3 - https:\/\/yoast.com\/wordpress\/plugins\/seo\/ -->\n<title>Retailleau, un ennemi d\u00e9clar\u00e9 des peuples de l&#039;Hexagone - STOURM<\/title>\n<meta name=\"robots\" content=\"index, follow, max-snippet:-1, max-image-preview:large, max-video-preview:-1\" \/>\n<link rel=\"canonical\" href=\"https:\/\/stourm.news\/?p=2379\" \/>\n<meta property=\"og:locale\" content=\"fr_FR\" \/>\n<meta property=\"og:type\" content=\"article\" \/>\n<meta property=\"og:title\" content=\"Retailleau, un ennemi d\u00e9clar\u00e9 des peuples de l&#039;Hexagone - STOURM\" \/>\n<meta property=\"og:description\" content=\"Le Vend\u00e9en Bruno Retailleau entre au gouvernement fran\u00e7ais en tant que ministre de l&rsquo;int\u00e9rieur. Admirateur du non moins vend\u00e9en Cl\u00e9menceau, r\u00e9publicain enrag\u00e9, Retailleau incarne le versant r\u00e9actionnaire du nationalisme jacobin, une tradition pour les Vend\u00e9ens ralli\u00e9s \u00e0 leurs bourreaux r\u00e9volutionnaires. Sa politique sera simple : d\u00e9fendre l&rsquo;ordre bourgeois contre toute forme de changement, quel qu&rsquo;elle [&hellip;]\" \/>\n<meta property=\"og:url\" content=\"https:\/\/stourm.news\/?p=2379\" \/>\n<meta property=\"og:site_name\" content=\"STOURM\" \/>\n<meta property=\"article:publisher\" content=\"https:\/\/www.facebook.com\/stourmnews\/\" \/>\n<meta property=\"article:published_time\" content=\"2024-09-22T05:00:40+00:00\" \/>\n<meta name=\"author\" content=\"La r\u00e9daction\" \/>\n<meta name=\"twitter:card\" content=\"summary_large_image\" \/>\n<meta name=\"twitter:label1\" content=\"\u00c9crit par\" \/>\n\t<meta name=\"twitter:data1\" content=\"La r\u00e9daction\" \/>\n\t<meta name=\"twitter:label2\" content=\"Dur\u00e9e de lecture estim\u00e9e\" \/>\n\t<meta name=\"twitter:data2\" content=\"3 minutes\" \/>\n<script type=\"application\/ld+json\" class=\"yoast-schema-graph\">{\"@context\":\"https:\/\/schema.org\",\"@graph\":[{\"@type\":\"Article\",\"@id\":\"https:\/\/stourm.news\/?p=2379#article\",\"isPartOf\":{\"@id\":\"https:\/\/stourm.news\/?p=2379\"},\"author\":{\"name\":\"La r\u00e9daction\",\"@id\":\"https:\/\/stourm.news\/#\/schema\/person\/c3e1dc65988632e190969234ef046cf9\"},\"headline\":\"Retailleau, un ennemi d\u00e9clar\u00e9 des peuples de l&rsquo;Hexagone\",\"datePublished\":\"2024-09-22T05:00:40+00:00\",\"mainEntityOfPage\":{\"@id\":\"https:\/\/stourm.news\/?p=2379\"},\"wordCount\":491,\"commentCount\":0,\"publisher\":{\"@id\":\"https:\/\/stourm.news\/#organization\"},\"image\":{\"@id\":\"https:\/\/stourm.news\/?p=2379#primaryimage\"},\"thumbnailUrl\":\"https:\/\/stourm.news\/wp-content\/uploads\/2024\/09\/MjAyNDA5MjY1MWI1NzVjYjNjNGI2ZGNkZWRmZGUxMjVkNDc1NDY.avif\",\"articleSection\":[\"Editorial\",\"Principale\"],\"inLanguage\":\"fr-FR\",\"potentialAction\":[{\"@type\":\"CommentAction\",\"name\":\"Comment\",\"target\":[\"https:\/\/stourm.news\/?p=2379#respond\"]}]},{\"@type\":\"WebPage\",\"@id\":\"https:\/\/stourm.news\/?p=2379\",\"url\":\"https:\/\/stourm.news\/?p=2379\",\"name\":\"Retailleau, un ennemi d\u00e9clar\u00e9 des peuples de l'Hexagone - STOURM\",\"isPartOf\":{\"@id\":\"https:\/\/stourm.news\/#website\"},\"primaryImageOfPage\":{\"@id\":\"https:\/\/stourm.news\/?p=2379#primaryimage\"},\"image\":{\"@id\":\"https:\/\/stourm.news\/?p=2379#primaryimage\"},\"thumbnailUrl\":\"https:\/\/stourm.news\/wp-content\/uploads\/2024\/09\/MjAyNDA5MjY1MWI1NzVjYjNjNGI2ZGNkZWRmZGUxMjVkNDc1NDY.avif\",\"datePublished\":\"2024-09-22T05:00:40+00:00\",\"breadcrumb\":{\"@id\":\"https:\/\/stourm.news\/?p=2379#breadcrumb\"},\"inLanguage\":\"fr-FR\",\"potentialAction\":[{\"@type\":\"ReadAction\",\"target\":[\"https:\/\/stourm.news\/?p=2379\"]}]},{\"@type\":\"ImageObject\",\"inLanguage\":\"fr-FR\",\"@id\":\"https:\/\/stourm.news\/?p=2379#primaryimage\",\"url\":\"https:\/\/stourm.news\/wp-content\/uploads\/2024\/09\/MjAyNDA5MjY1MWI1NzVjYjNjNGI2ZGNkZWRmZGUxMjVkNDc1NDY.avif\",\"contentUrl\":\"https:\/\/stourm.news\/wp-content\/uploads\/2024\/09\/MjAyNDA5MjY1MWI1NzVjYjNjNGI2ZGNkZWRmZGUxMjVkNDc1NDY.avif\",\"width\":1260,\"height\":708},{\"@type\":\"BreadcrumbList\",\"@id\":\"https:\/\/stourm.news\/?p=2379#breadcrumb\",\"itemListElement\":[{\"@type\":\"ListItem\",\"position\":1,\"name\":\"Accueil\",\"item\":\"https:\/\/stourm.news\/\"},{\"@type\":\"ListItem\",\"position\":2,\"name\":\"Retailleau, un ennemi d\u00e9clar\u00e9 des peuples de l&rsquo;Hexagone\"}]},{\"@type\":\"WebSite\",\"@id\":\"https:\/\/stourm.news\/#website\",\"url\":\"https:\/\/stourm.news\/\",\"name\":\"Stourm\",\"description\":\"Kazetenn Strollad Broadel Breizh\",\"publisher\":{\"@id\":\"https:\/\/stourm.news\/#organization\"},\"potentialAction\":[{\"@type\":\"SearchAction\",\"target\":{\"@type\":\"EntryPoint\",\"urlTemplate\":\"https:\/\/stourm.news\/?s={search_term_string}\"},\"query-input\":{\"@type\":\"PropertyValueSpecification\",\"valueRequired\":true,\"valueName\":\"search_term_string\"}}],\"inLanguage\":\"fr-FR\"},{\"@type\":\"Organization\",\"@id\":\"https:\/\/stourm.news\/#organization\",\"name\":\"Stourm\",\"url\":\"https:\/\/stourm.news\/\",\"logo\":{\"@type\":\"ImageObject\",\"inLanguage\":\"fr-FR\",\"@id\":\"https:\/\/stourm.news\/#\/schema\/logo\/image\/\",\"url\":\"https:\/\/stourm.news\/wp-content\/uploads\/2025\/11\/cropped-Capture-decran-2025-11-28-a-15.19.07.png\",\"contentUrl\":\"https:\/\/stourm.news\/wp-content\/uploads\/2025\/11\/cropped-Capture-decran-2025-11-28-a-15.19.07.png\",\"width\":1855,\"height\":383,\"caption\":\"Stourm\"},\"image\":{\"@id\":\"https:\/\/stourm.news\/#\/schema\/logo\/image\/\"},\"sameAs\":[\"https:\/\/www.facebook.com\/stourmnews\/\"]},{\"@type\":\"Person\",\"@id\":\"https:\/\/stourm.news\/#\/schema\/person\/c3e1dc65988632e190969234ef046cf9\",\"name\":\"La r\u00e9daction\",\"image\":{\"@type\":\"ImageObject\",\"inLanguage\":\"fr-FR\",\"@id\":\"https:\/\/stourm.news\/#\/schema\/person\/image\/\",\"url\":\"https:\/\/secure.gravatar.com\/avatar\/7463443f194b6b5fb706b074ca0ef59a0cfcfd720cb47764b0ec5a952ce422b3?s=96&d=mm&r=g\",\"contentUrl\":\"https:\/\/secure.gravatar.com\/avatar\/7463443f194b6b5fb706b074ca0ef59a0cfcfd720cb47764b0ec5a952ce422b3?s=96&d=mm&r=g\",\"caption\":\"La r\u00e9daction\"},\"sameAs\":[\"https:\/\/stourm.news\"],\"url\":\"https:\/\/stourm.news\/?author=1\"}]}<\/script>\n<!-- \/ Yoast SEO plugin. -->","yoast_head_json":{"title":"Retailleau, un ennemi d\u00e9clar\u00e9 des peuples de l'Hexagone - STOURM","robots":{"index":"index","follow":"follow","max-snippet":"max-snippet:-1","max-image-preview":"max-image-preview:large","max-video-preview":"max-video-preview:-1"},"canonical":"https:\/\/stourm.news\/?p=2379","og_locale":"fr_FR","og_type":"article","og_title":"Retailleau, un ennemi d\u00e9clar\u00e9 des peuples de l'Hexagone - STOURM","og_description":"Le Vend\u00e9en Bruno Retailleau entre au gouvernement fran\u00e7ais en tant que ministre de l&rsquo;int\u00e9rieur. Admirateur du non moins vend\u00e9en Cl\u00e9menceau, r\u00e9publicain enrag\u00e9, Retailleau incarne le versant r\u00e9actionnaire du nationalisme jacobin, une tradition pour les Vend\u00e9ens ralli\u00e9s \u00e0 leurs bourreaux r\u00e9volutionnaires. Sa politique sera simple : d\u00e9fendre l&rsquo;ordre bourgeois contre toute forme de changement, quel qu&rsquo;elle [&hellip;]","og_url":"https:\/\/stourm.news\/?p=2379","og_site_name":"STOURM","article_publisher":"https:\/\/www.facebook.com\/stourmnews\/","article_published_time":"2024-09-22T05:00:40+00:00","author":"La r\u00e9daction","twitter_card":"summary_large_image","twitter_misc":{"\u00c9crit par":"La r\u00e9daction","Dur\u00e9e de lecture estim\u00e9e":"3 minutes"},"schema":{"@context":"https:\/\/schema.org","@graph":[{"@type":"Article","@id":"https:\/\/stourm.news\/?p=2379#article","isPartOf":{"@id":"https:\/\/stourm.news\/?p=2379"},"author":{"name":"La r\u00e9daction","@id":"https:\/\/stourm.news\/#\/schema\/person\/c3e1dc65988632e190969234ef046cf9"},"headline":"Retailleau, un ennemi d\u00e9clar\u00e9 des peuples de l&rsquo;Hexagone","datePublished":"2024-09-22T05:00:40+00:00","mainEntityOfPage":{"@id":"https:\/\/stourm.news\/?p=2379"},"wordCount":491,"commentCount":0,"publisher":{"@id":"https:\/\/stourm.news\/#organization"},"image":{"@id":"https:\/\/stourm.news\/?p=2379#primaryimage"},"thumbnailUrl":"https:\/\/stourm.news\/wp-content\/uploads\/2024\/09\/MjAyNDA5MjY1MWI1NzVjYjNjNGI2ZGNkZWRmZGUxMjVkNDc1NDY.avif","articleSection":["Editorial","Principale"],"inLanguage":"fr-FR","potentialAction":[{"@type":"CommentAction","name":"Comment","target":["https:\/\/stourm.news\/?p=2379#respond"]}]},{"@type":"WebPage","@id":"https:\/\/stourm.news\/?p=2379","url":"https:\/\/stourm.news\/?p=2379","name":"Retailleau, un ennemi d\u00e9clar\u00e9 des peuples de l'Hexagone - STOURM","isPartOf":{"@id":"https:\/\/stourm.news\/#website"},"primaryImageOfPage":{"@id":"https:\/\/stourm.news\/?p=2379#primaryimage"},"image":{"@id":"https:\/\/stourm.news\/?p=2379#primaryimage"},"thumbnailUrl":"https:\/\/stourm.news\/wp-content\/uploads\/2024\/09\/MjAyNDA5MjY1MWI1NzVjYjNjNGI2ZGNkZWRmZGUxMjVkNDc1NDY.avif","datePublished":"2024-09-22T05:00:40+00:00","breadcrumb":{"@id":"https:\/\/stourm.news\/?p=2379#breadcrumb"},"inLanguage":"fr-FR","potentialAction":[{"@type":"ReadAction","target":["https:\/\/stourm.news\/?p=2379"]}]},{"@type":"ImageObject","inLanguage":"fr-FR","@id":"https:\/\/stourm.news\/?p=2379#primaryimage","url":"https:\/\/stourm.news\/wp-content\/uploads\/2024\/09\/MjAyNDA5MjY1MWI1NzVjYjNjNGI2ZGNkZWRmZGUxMjVkNDc1NDY.avif","contentUrl":"https:\/\/stourm.news\/wp-content\/uploads\/2024\/09\/MjAyNDA5MjY1MWI1NzVjYjNjNGI2ZGNkZWRmZGUxMjVkNDc1NDY.avif","width":1260,"height":708},{"@type":"BreadcrumbList","@id":"https:\/\/stourm.news\/?p=2379#breadcrumb","itemListElement":[{"@type":"ListItem","position":1,"name":"Accueil","item":"https:\/\/stourm.news\/"},{"@type":"ListItem","position":2,"name":"Retailleau, un ennemi d\u00e9clar\u00e9 des peuples de l&rsquo;Hexagone"}]},{"@type":"WebSite","@id":"https:\/\/stourm.news\/#website","url":"https:\/\/stourm.news\/","name":"Stourm","description":"Kazetenn Strollad Broadel Breizh","publisher":{"@id":"https:\/\/stourm.news\/#organization"},"potentialAction":[{"@type":"SearchAction","target":{"@type":"EntryPoint","urlTemplate":"https:\/\/stourm.news\/?s={search_term_string}"},"query-input":{"@type":"PropertyValueSpecification","valueRequired":true,"valueName":"search_term_string"}}],"inLanguage":"fr-FR"},{"@type":"Organization","@id":"https:\/\/stourm.news\/#organization","name":"Stourm","url":"https:\/\/stourm.news\/","logo":{"@type":"ImageObject","inLanguage":"fr-FR","@id":"https:\/\/stourm.news\/#\/schema\/logo\/image\/","url":"https:\/\/stourm.news\/wp-content\/uploads\/2025\/11\/cropped-Capture-decran-2025-11-28-a-15.19.07.png","contentUrl":"https:\/\/stourm.news\/wp-content\/uploads\/2025\/11\/cropped-Capture-decran-2025-11-28-a-15.19.07.png","width":1855,"height":383,"caption":"Stourm"},"image":{"@id":"https:\/\/stourm.news\/#\/schema\/logo\/image\/"},"sameAs":["https:\/\/www.facebook.com\/stourmnews\/"]},{"@type":"Person","@id":"https:\/\/stourm.news\/#\/schema\/person\/c3e1dc65988632e190969234ef046cf9","name":"La r\u00e9daction","image":{"@type":"ImageObject","inLanguage":"fr-FR","@id":"https:\/\/stourm.news\/#\/schema\/person\/image\/","url":"https:\/\/secure.gravatar.com\/avatar\/7463443f194b6b5fb706b074ca0ef59a0cfcfd720cb47764b0ec5a952ce422b3?s=96&d=mm&r=g","contentUrl":"https:\/\/secure.gravatar.com\/avatar\/7463443f194b6b5fb706b074ca0ef59a0cfcfd720cb47764b0ec5a952ce422b3?s=96&d=mm&r=g","caption":"La r\u00e9daction"},"sameAs":["https:\/\/stourm.news"],"url":"https:\/\/stourm.news\/?author=1"}]}},"_links":{"self":[{"href":"https:\/\/stourm.news\/index.php?rest_route=\/wp\/v2\/posts\/2379","targetHints":{"allow":["GET"]}}],"collection":[{"href":"https:\/\/stourm.news\/index.php?rest_route=\/wp\/v2\/posts"}],"about":[{"href":"https:\/\/stourm.news\/index.php?rest_route=\/wp\/v2\/types\/post"}],"author":[{"embeddable":true,"href":"https:\/\/stourm.news\/index.php?rest_route=\/wp\/v2\/users\/1"}],"replies":[{"embeddable":true,"href":"https:\/\/stourm.news\/index.php?rest_route=%2Fwp%2Fv2%2Fcomments&post=2379"}],"version-history":[{"count":1,"href":"https:\/\/stourm.news\/index.php?rest_route=\/wp\/v2\/posts\/2379\/revisions"}],"predecessor-version":[{"id":2381,"href":"https:\/\/stourm.news\/index.php?rest_route=\/wp\/v2\/posts\/2379\/revisions\/2381"}],"wp:featuredmedia":[{"embeddable":true,"href":"https:\/\/stourm.news\/index.php?rest_route=\/wp\/v2\/media\/2380"}],"wp:attachment":[{"href":"https:\/\/stourm.news\/index.php?rest_route=%2Fwp%2Fv2%2Fmedia&parent=2379"}],"wp:term":[{"taxonomy":"category","embeddable":true,"href":"https:\/\/stourm.news\/index.php?rest_route=%2Fwp%2Fv2%2Fcategories&post=2379"},{"taxonomy":"post_tag","embeddable":true,"href":"https:\/\/stourm.news\/index.php?rest_route=%2Fwp%2Fv2%2Ftags&post=2379"}],"curies":[{"name":"wp","href":"https:\/\/api.w.org\/{rel}","templated":true}]}}