{"id":2386,"date":"2024-09-23T10:37:11","date_gmt":"2024-09-23T10:37:11","guid":{"rendered":"https:\/\/stourm.news\/?p=2386"},"modified":"2024-09-23T10:37:11","modified_gmt":"2024-09-23T10:37:11","slug":"rennes-coups-de-feu-dans-le-quartier-multiculturel-de-maurepas","status":"publish","type":"post","link":"https:\/\/stourm.news\/?p=2386","title":{"rendered":"Rennes : coups de feu dans le quartier multiculturel de Maurepas"},"content":{"rendered":"<p style=\"text-align: justify;\">Les effectifs de la police nationale ont \u00e9t\u00e9 mobilis\u00e9s \u00e0 6\u2009h\u200915, lundi 23 septembre 2024, dans le quartier de Maurepas, \u00e0 Rennes. \u00ab\u2009Des riverains ont entendu des coups de feu\u2009\u00bb, pr\u00e9cise une source polici\u00e8re sollicit\u00e9e par actu Rennes, confirmant une information de nos confr\u00e8res de Ouest-France. Les tirs auraient eu lieu au niveau de l\u2019all\u00e9e de Brno, pr\u00e8s de l\u2019avenue de Rochester. Selon la police, la s\u00e9curisation du secteur est toujours en cours \u00e0 10\u2009h\u200920, ce lundi. Une enqu\u00eate est \u00e9galement ouverte.<\/p>\n<p style=\"text-align: justify;\">Source : <a href=\"https:\/\/actu.fr\/bretagne\/rennes_35238\/rennes-des-coups-de-feu-entendus-dans-le-quartier-de-maurepas-ce-lundi-matin_61637753.html\">Actu.fr\u00a0<\/a><\/p>\n","protected":false},"excerpt":{"rendered":"<p>Les effectifs de la police nationale ont \u00e9t\u00e9 mobilis\u00e9s \u00e0 6\u2009h\u200915, lundi 23 septembre 2024, dans le quartier de Maurepas, \u00e0 Rennes. \u00ab\u2009Des riverains ont entendu des coups de feu\u2009\u00bb, pr\u00e9cise une source polici\u00e8re sollicit\u00e9e par actu Rennes, confirmant une information de nos confr\u00e8res de Ouest-France. Les tirs auraient eu lieu au niveau de l\u2019all\u00e9e [&hellip;]<\/p>\n","protected":false},"author":1,"featured_media":2388,"comment_status":"open","ping_status":"open","sticky":false,"template":"","format":"standard","meta":{"sb_editor_width":"","footnotes":""},"categories":[52,41,62],"tags":[],"class_list":["post-2386","post","type-post","status-publish","format-standard","has-post-thumbnail","hentry","category-faits-divers","category-ille-et-vilaine","category-revue-de-presse"],"relative_dates":{"created":"2 ans ago","modified":"2 ans ago"},"yoast_head":"<!-- This site is optimized with the Yoast SEO plugin v26.3 - https:\/\/yoast.com\/wordpress\/plugins\/seo\/ -->\n<title>Rennes : coups de feu dans le quartier multiculturel de Maurepas - STOURM<\/title>\n<meta name=\"robots\" content=\"index, follow, max-snippet:-1, max-image-preview:large, max-video-preview:-1\" \/>\n<link rel=\"canonical\" href=\"https:\/\/stourm.news\/?p=2386\" \/>\n<meta property=\"og:locale\" content=\"fr_FR\" \/>\n<meta property=\"og:type\" content=\"article\" \/>\n<meta property=\"og:title\" content=\"Rennes : coups de feu dans le quartier multiculturel de Maurepas - STOURM\" \/>\n<meta property=\"og:description\" content=\"Les effectifs de la police nationale ont \u00e9t\u00e9 mobilis\u00e9s \u00e0 6\u2009h\u200915, lundi 23 septembre 2024, dans le quartier de Maurepas, \u00e0 Rennes. \u00ab\u2009Des riverains ont entendu des coups de feu\u2009\u00bb, pr\u00e9cise une source polici\u00e8re sollicit\u00e9e par actu Rennes, confirmant une information de nos confr\u00e8res de Ouest-France. Les tirs auraient eu lieu au niveau de l\u2019all\u00e9e [&hellip;]\" \/>\n<meta property=\"og:url\" content=\"https:\/\/stourm.news\/?p=2386\" \/>\n<meta property=\"og:site_name\" content=\"STOURM\" \/>\n<meta property=\"article:publisher\" content=\"https:\/\/www.facebook.com\/stourmnews\/\" \/>\n<meta property=\"article:published_time\" content=\"2024-09-23T10:37:11+00:00\" \/>\n<meta property=\"og:image\" content=\"https:\/\/stourm.news\/wp-content\/uploads\/2024\/09\/9-rennes-maurepas-allee-brno-tirs-coups-de-feu-faits-divers-drogue-armes-police-960x640-1.jpeg\" \/>\n\t<meta property=\"og:image:width\" content=\"960\" \/>\n\t<meta property=\"og:image:height\" content=\"640\" \/>\n\t<meta property=\"og:image:type\" content=\"image\/jpeg\" \/>\n<meta name=\"author\" content=\"La r\u00e9daction\" \/>\n<meta name=\"twitter:card\" content=\"summary_large_image\" \/>\n<meta name=\"twitter:label1\" content=\"\u00c9crit par\" \/>\n\t<meta name=\"twitter:data1\" content=\"La r\u00e9daction\" \/>\n\t<meta name=\"twitter:label2\" content=\"Dur\u00e9e de lecture estim\u00e9e\" \/>\n\t<meta name=\"twitter:data2\" content=\"1 minute\" \/>\n<script type=\"application\/ld+json\" class=\"yoast-schema-graph\">{\"@context\":\"https:\/\/schema.org\",\"@graph\":[{\"@type\":\"Article\",\"@id\":\"https:\/\/stourm.news\/?p=2386#article\",\"isPartOf\":{\"@id\":\"https:\/\/stourm.news\/?p=2386\"},\"author\":{\"name\":\"La r\u00e9daction\",\"@id\":\"https:\/\/stourm.news\/#\/schema\/person\/c3e1dc65988632e190969234ef046cf9\"},\"headline\":\"Rennes : coups de feu dans le quartier multiculturel de Maurepas\",\"datePublished\":\"2024-09-23T10:37:11+00:00\",\"mainEntityOfPage\":{\"@id\":\"https:\/\/stourm.news\/?p=2386\"},\"wordCount\":101,\"commentCount\":0,\"publisher\":{\"@id\":\"https:\/\/stourm.news\/#organization\"},\"image\":{\"@id\":\"https:\/\/stourm.news\/?p=2386#primaryimage\"},\"thumbnailUrl\":\"https:\/\/stourm.news\/wp-content\/uploads\/2024\/09\/9-rennes-maurepas-allee-brno-tirs-coups-de-feu-faits-divers-drogue-armes-police-960x640-1.jpeg\",\"articleSection\":[\"Faits divers\",\"Ille-et-Vilaine\",\"Revue de presse\"],\"inLanguage\":\"fr-FR\",\"potentialAction\":[{\"@type\":\"CommentAction\",\"name\":\"Comment\",\"target\":[\"https:\/\/stourm.news\/?p=2386#respond\"]}]},{\"@type\":\"WebPage\",\"@id\":\"https:\/\/stourm.news\/?p=2386\",\"url\":\"https:\/\/stourm.news\/?p=2386\",\"name\":\"Rennes : coups de feu dans le quartier multiculturel de Maurepas - STOURM\",\"isPartOf\":{\"@id\":\"https:\/\/stourm.news\/#website\"},\"primaryImageOfPage\":{\"@id\":\"https:\/\/stourm.news\/?p=2386#primaryimage\"},\"image\":{\"@id\":\"https:\/\/stourm.news\/?p=2386#primaryimage\"},\"thumbnailUrl\":\"https:\/\/stourm.news\/wp-content\/uploads\/2024\/09\/9-rennes-maurepas-allee-brno-tirs-coups-de-feu-faits-divers-drogue-armes-police-960x640-1.jpeg\",\"datePublished\":\"2024-09-23T10:37:11+00:00\",\"breadcrumb\":{\"@id\":\"https:\/\/stourm.news\/?p=2386#breadcrumb\"},\"inLanguage\":\"fr-FR\",\"potentialAction\":[{\"@type\":\"ReadAction\",\"target\":[\"https:\/\/stourm.news\/?p=2386\"]}]},{\"@type\":\"ImageObject\",\"inLanguage\":\"fr-FR\",\"@id\":\"https:\/\/stourm.news\/?p=2386#primaryimage\",\"url\":\"https:\/\/stourm.news\/wp-content\/uploads\/2024\/09\/9-rennes-maurepas-allee-brno-tirs-coups-de-feu-faits-divers-drogue-armes-police-960x640-1.jpeg\",\"contentUrl\":\"https:\/\/stourm.news\/wp-content\/uploads\/2024\/09\/9-rennes-maurepas-allee-brno-tirs-coups-de-feu-faits-divers-drogue-armes-police-960x640-1.jpeg\",\"width\":960,\"height\":640},{\"@type\":\"BreadcrumbList\",\"@id\":\"https:\/\/stourm.news\/?p=2386#breadcrumb\",\"itemListElement\":[{\"@type\":\"ListItem\",\"position\":1,\"name\":\"Accueil\",\"item\":\"https:\/\/stourm.news\/\"},{\"@type\":\"ListItem\",\"position\":2,\"name\":\"Rennes : coups de feu dans le quartier multiculturel de Maurepas\"}]},{\"@type\":\"WebSite\",\"@id\":\"https:\/\/stourm.news\/#website\",\"url\":\"https:\/\/stourm.news\/\",\"name\":\"Stourm\",\"description\":\"Kazetenn Strollad Broadel Breizh\",\"publisher\":{\"@id\":\"https:\/\/stourm.news\/#organization\"},\"potentialAction\":[{\"@type\":\"SearchAction\",\"target\":{\"@type\":\"EntryPoint\",\"urlTemplate\":\"https:\/\/stourm.news\/?s={search_term_string}\"},\"query-input\":{\"@type\":\"PropertyValueSpecification\",\"valueRequired\":true,\"valueName\":\"search_term_string\"}}],\"inLanguage\":\"fr-FR\"},{\"@type\":\"Organization\",\"@id\":\"https:\/\/stourm.news\/#organization\",\"name\":\"Stourm\",\"url\":\"https:\/\/stourm.news\/\",\"logo\":{\"@type\":\"ImageObject\",\"inLanguage\":\"fr-FR\",\"@id\":\"https:\/\/stourm.news\/#\/schema\/logo\/image\/\",\"url\":\"https:\/\/stourm.news\/wp-content\/uploads\/2025\/11\/cropped-Capture-decran-2025-11-28-a-15.19.07.png\",\"contentUrl\":\"https:\/\/stourm.news\/wp-content\/uploads\/2025\/11\/cropped-Capture-decran-2025-11-28-a-15.19.07.png\",\"width\":1855,\"height\":383,\"caption\":\"Stourm\"},\"image\":{\"@id\":\"https:\/\/stourm.news\/#\/schema\/logo\/image\/\"},\"sameAs\":[\"https:\/\/www.facebook.com\/stourmnews\/\"]},{\"@type\":\"Person\",\"@id\":\"https:\/\/stourm.news\/#\/schema\/person\/c3e1dc65988632e190969234ef046cf9\",\"name\":\"La r\u00e9daction\",\"image\":{\"@type\":\"ImageObject\",\"inLanguage\":\"fr-FR\",\"@id\":\"https:\/\/stourm.news\/#\/schema\/person\/image\/\",\"url\":\"https:\/\/secure.gravatar.com\/avatar\/7463443f194b6b5fb706b074ca0ef59a0cfcfd720cb47764b0ec5a952ce422b3?s=96&d=mm&r=g\",\"contentUrl\":\"https:\/\/secure.gravatar.com\/avatar\/7463443f194b6b5fb706b074ca0ef59a0cfcfd720cb47764b0ec5a952ce422b3?s=96&d=mm&r=g\",\"caption\":\"La r\u00e9daction\"},\"sameAs\":[\"https:\/\/stourm.news\"],\"url\":\"https:\/\/stourm.news\/?author=1\"}]}<\/script>\n<!-- \/ Yoast SEO plugin. -->","yoast_head_json":{"title":"Rennes : coups de feu dans le quartier multiculturel de Maurepas - STOURM","robots":{"index":"index","follow":"follow","max-snippet":"max-snippet:-1","max-image-preview":"max-image-preview:large","max-video-preview":"max-video-preview:-1"},"canonical":"https:\/\/stourm.news\/?p=2386","og_locale":"fr_FR","og_type":"article","og_title":"Rennes : coups de feu dans le quartier multiculturel de Maurepas - STOURM","og_description":"Les effectifs de la police nationale ont \u00e9t\u00e9 mobilis\u00e9s \u00e0 6\u2009h\u200915, lundi 23 septembre 2024, dans le quartier de Maurepas, \u00e0 Rennes. \u00ab\u2009Des riverains ont entendu des coups de feu\u2009\u00bb, pr\u00e9cise une source polici\u00e8re sollicit\u00e9e par actu Rennes, confirmant une information de nos confr\u00e8res de Ouest-France. Les tirs auraient eu lieu au niveau de l\u2019all\u00e9e [&hellip;]","og_url":"https:\/\/stourm.news\/?p=2386","og_site_name":"STOURM","article_publisher":"https:\/\/www.facebook.com\/stourmnews\/","article_published_time":"2024-09-23T10:37:11+00:00","og_image":[{"width":960,"height":640,"url":"https:\/\/stourm.news\/wp-content\/uploads\/2024\/09\/9-rennes-maurepas-allee-brno-tirs-coups-de-feu-faits-divers-drogue-armes-police-960x640-1.jpeg","type":"image\/jpeg"}],"author":"La r\u00e9daction","twitter_card":"summary_large_image","twitter_misc":{"\u00c9crit par":"La r\u00e9daction","Dur\u00e9e de lecture estim\u00e9e":"1 minute"},"schema":{"@context":"https:\/\/schema.org","@graph":[{"@type":"Article","@id":"https:\/\/stourm.news\/?p=2386#article","isPartOf":{"@id":"https:\/\/stourm.news\/?p=2386"},"author":{"name":"La r\u00e9daction","@id":"https:\/\/stourm.news\/#\/schema\/person\/c3e1dc65988632e190969234ef046cf9"},"headline":"Rennes : coups de feu dans le quartier multiculturel de Maurepas","datePublished":"2024-09-23T10:37:11+00:00","mainEntityOfPage":{"@id":"https:\/\/stourm.news\/?p=2386"},"wordCount":101,"commentCount":0,"publisher":{"@id":"https:\/\/stourm.news\/#organization"},"image":{"@id":"https:\/\/stourm.news\/?p=2386#primaryimage"},"thumbnailUrl":"https:\/\/stourm.news\/wp-content\/uploads\/2024\/09\/9-rennes-maurepas-allee-brno-tirs-coups-de-feu-faits-divers-drogue-armes-police-960x640-1.jpeg","articleSection":["Faits divers","Ille-et-Vilaine","Revue de presse"],"inLanguage":"fr-FR","potentialAction":[{"@type":"CommentAction","name":"Comment","target":["https:\/\/stourm.news\/?p=2386#respond"]}]},{"@type":"WebPage","@id":"https:\/\/stourm.news\/?p=2386","url":"https:\/\/stourm.news\/?p=2386","name":"Rennes : coups de feu dans le quartier multiculturel de Maurepas - STOURM","isPartOf":{"@id":"https:\/\/stourm.news\/#website"},"primaryImageOfPage":{"@id":"https:\/\/stourm.news\/?p=2386#primaryimage"},"image":{"@id":"https:\/\/stourm.news\/?p=2386#primaryimage"},"thumbnailUrl":"https:\/\/stourm.news\/wp-content\/uploads\/2024\/09\/9-rennes-maurepas-allee-brno-tirs-coups-de-feu-faits-divers-drogue-armes-police-960x640-1.jpeg","datePublished":"2024-09-23T10:37:11+00:00","breadcrumb":{"@id":"https:\/\/stourm.news\/?p=2386#breadcrumb"},"inLanguage":"fr-FR","potentialAction":[{"@type":"ReadAction","target":["https:\/\/stourm.news\/?p=2386"]}]},{"@type":"ImageObject","inLanguage":"fr-FR","@id":"https:\/\/stourm.news\/?p=2386#primaryimage","url":"https:\/\/stourm.news\/wp-content\/uploads\/2024\/09\/9-rennes-maurepas-allee-brno-tirs-coups-de-feu-faits-divers-drogue-armes-police-960x640-1.jpeg","contentUrl":"https:\/\/stourm.news\/wp-content\/uploads\/2024\/09\/9-rennes-maurepas-allee-brno-tirs-coups-de-feu-faits-divers-drogue-armes-police-960x640-1.jpeg","width":960,"height":640},{"@type":"BreadcrumbList","@id":"https:\/\/stourm.news\/?p=2386#breadcrumb","itemListElement":[{"@type":"ListItem","position":1,"name":"Accueil","item":"https:\/\/stourm.news\/"},{"@type":"ListItem","position":2,"name":"Rennes : coups de feu dans le quartier multiculturel de Maurepas"}]},{"@type":"WebSite","@id":"https:\/\/stourm.news\/#website","url":"https:\/\/stourm.news\/","name":"Stourm","description":"Kazetenn Strollad Broadel Breizh","publisher":{"@id":"https:\/\/stourm.news\/#organization"},"potentialAction":[{"@type":"SearchAction","target":{"@type":"EntryPoint","urlTemplate":"https:\/\/stourm.news\/?s={search_term_string}"},"query-input":{"@type":"PropertyValueSpecification","valueRequired":true,"valueName":"search_term_string"}}],"inLanguage":"fr-FR"},{"@type":"Organization","@id":"https:\/\/stourm.news\/#organization","name":"Stourm","url":"https:\/\/stourm.news\/","logo":{"@type":"ImageObject","inLanguage":"fr-FR","@id":"https:\/\/stourm.news\/#\/schema\/logo\/image\/","url":"https:\/\/stourm.news\/wp-content\/uploads\/2025\/11\/cropped-Capture-decran-2025-11-28-a-15.19.07.png","contentUrl":"https:\/\/stourm.news\/wp-content\/uploads\/2025\/11\/cropped-Capture-decran-2025-11-28-a-15.19.07.png","width":1855,"height":383,"caption":"Stourm"},"image":{"@id":"https:\/\/stourm.news\/#\/schema\/logo\/image\/"},"sameAs":["https:\/\/www.facebook.com\/stourmnews\/"]},{"@type":"Person","@id":"https:\/\/stourm.news\/#\/schema\/person\/c3e1dc65988632e190969234ef046cf9","name":"La r\u00e9daction","image":{"@type":"ImageObject","inLanguage":"fr-FR","@id":"https:\/\/stourm.news\/#\/schema\/person\/image\/","url":"https:\/\/secure.gravatar.com\/avatar\/7463443f194b6b5fb706b074ca0ef59a0cfcfd720cb47764b0ec5a952ce422b3?s=96&d=mm&r=g","contentUrl":"https:\/\/secure.gravatar.com\/avatar\/7463443f194b6b5fb706b074ca0ef59a0cfcfd720cb47764b0ec5a952ce422b3?s=96&d=mm&r=g","caption":"La r\u00e9daction"},"sameAs":["https:\/\/stourm.news"],"url":"https:\/\/stourm.news\/?author=1"}]}},"_links":{"self":[{"href":"https:\/\/stourm.news\/index.php?rest_route=\/wp\/v2\/posts\/2386","targetHints":{"allow":["GET"]}}],"collection":[{"href":"https:\/\/stourm.news\/index.php?rest_route=\/wp\/v2\/posts"}],"about":[{"href":"https:\/\/stourm.news\/index.php?rest_route=\/wp\/v2\/types\/post"}],"author":[{"embeddable":true,"href":"https:\/\/stourm.news\/index.php?rest_route=\/wp\/v2\/users\/1"}],"replies":[{"embeddable":true,"href":"https:\/\/stourm.news\/index.php?rest_route=%2Fwp%2Fv2%2Fcomments&post=2386"}],"version-history":[{"count":2,"href":"https:\/\/stourm.news\/index.php?rest_route=\/wp\/v2\/posts\/2386\/revisions"}],"predecessor-version":[{"id":2394,"href":"https:\/\/stourm.news\/index.php?rest_route=\/wp\/v2\/posts\/2386\/revisions\/2394"}],"wp:featuredmedia":[{"embeddable":true,"href":"https:\/\/stourm.news\/index.php?rest_route=\/wp\/v2\/media\/2388"}],"wp:attachment":[{"href":"https:\/\/stourm.news\/index.php?rest_route=%2Fwp%2Fv2%2Fmedia&parent=2386"}],"wp:term":[{"taxonomy":"category","embeddable":true,"href":"https:\/\/stourm.news\/index.php?rest_route=%2Fwp%2Fv2%2Fcategories&post=2386"},{"taxonomy":"post_tag","embeddable":true,"href":"https:\/\/stourm.news\/index.php?rest_route=%2Fwp%2Fv2%2Ftags&post=2386"}],"curies":[{"name":"wp","href":"https:\/\/api.w.org\/{rel}","templated":true}]}}