{"id":2390,"date":"2024-09-23T15:25:50","date_gmt":"2024-09-23T15:25:50","guid":{"rendered":"https:\/\/stourm.news\/?p=2390"},"modified":"2024-09-23T15:25:50","modified_gmt":"2024-09-23T15:25:50","slug":"rennes-plusieurs-blesses-au-couteau-dans-le-quartier-multiculturel-de-villejean","status":"publish","type":"post","link":"https:\/\/stourm.news\/?p=2390","title":{"rendered":"Rennes : plusieurs bless\u00e9s au couteau dans le quartier multiculturel de Villejean"},"content":{"rendered":"<p style=\"text-align: justify;\">Un homme \u00e2g\u00e9 de 38 ans a \u00e9t\u00e9 bless\u00e9 par <strong>un coup de couteau<\/strong> au cours d\u2019une rixe \u00e0 Rennes ce lundi 23 septembre 2024. Les faits se sont d\u00e9roul\u00e9s un peu apr\u00e8s 14 h sur la dalle Kennedy dans le quartier de Villejean.<\/p>\n<p style=\"text-align: justify;\">Touch\u00e9e au niveau du bras, la victime a \u00e9t\u00e9 prise en charge par les sapeurs-pompiers. Son pronostic vital n\u2019est pas engag\u00e9. L\u2019agresseur &#8211; un homme de 28 ans &#8211; et une femme de 37 ans ont \u00e9galement \u00e9t\u00e9 transport\u00e9s \u00e0 l\u2019h\u00f4pital en urgence relative apr\u00e8s avoir re\u00e7u des coups de poing au visage durant la bagarre. Selon des t\u00e9moins pr\u00e9sents sur les lieux, la rixe serait li\u00e9e \u00e0 <strong>une affaire de drogue<\/strong>.<\/p>\n<p style=\"text-align: justify;\">Source : <a href=\"https:\/\/www.letelegramme.fr\/ille-et-vilaine\/rennes-35000\/plusieurs-blesses-dans-une-bagarre-au-couteau-a-rennes-6668198.php\">Le T\u00e9l\u00e9gramme<\/a><\/p>\n","protected":false},"excerpt":{"rendered":"<p>Un homme \u00e2g\u00e9 de 38 ans a \u00e9t\u00e9 bless\u00e9 par un coup de couteau au cours d\u2019une rixe \u00e0 Rennes ce lundi 23 septembre 2024. Les faits se sont d\u00e9roul\u00e9s un peu apr\u00e8s 14 h sur la dalle Kennedy dans le quartier de Villejean. Touch\u00e9e au niveau du bras, la victime a \u00e9t\u00e9 prise en [&hellip;]<\/p>\n","protected":false},"author":1,"featured_media":2391,"comment_status":"open","ping_status":"open","sticky":false,"template":"","format":"standard","meta":{"sb_editor_width":"","footnotes":""},"categories":[52,41,62],"tags":[],"class_list":["post-2390","post","type-post","status-publish","format-standard","has-post-thumbnail","hentry","category-faits-divers","category-ille-et-vilaine","category-revue-de-presse"],"relative_dates":{"created":"2 ans ago","modified":"2 ans ago"},"yoast_head":"<!-- This site is optimized with the Yoast SEO plugin v26.3 - https:\/\/yoast.com\/wordpress\/plugins\/seo\/ -->\n<title>Rennes : plusieurs bless\u00e9s au couteau dans le quartier multiculturel de Villejean - STOURM<\/title>\n<meta name=\"robots\" content=\"index, follow, max-snippet:-1, max-image-preview:large, max-video-preview:-1\" \/>\n<link rel=\"canonical\" href=\"https:\/\/stourm.news\/?p=2390\" \/>\n<meta property=\"og:locale\" content=\"fr_FR\" \/>\n<meta property=\"og:type\" content=\"article\" \/>\n<meta property=\"og:title\" content=\"Rennes : plusieurs bless\u00e9s au couteau dans le quartier multiculturel de Villejean - STOURM\" \/>\n<meta property=\"og:description\" content=\"Un homme \u00e2g\u00e9 de 38 ans a \u00e9t\u00e9 bless\u00e9 par un coup de couteau au cours d\u2019une rixe \u00e0 Rennes ce lundi 23 septembre 2024. Les faits se sont d\u00e9roul\u00e9s un peu apr\u00e8s 14 h sur la dalle Kennedy dans le quartier de Villejean. Touch\u00e9e au niveau du bras, la victime a \u00e9t\u00e9 prise en [&hellip;]\" \/>\n<meta property=\"og:url\" content=\"https:\/\/stourm.news\/?p=2390\" \/>\n<meta property=\"og:site_name\" content=\"STOURM\" \/>\n<meta property=\"article:publisher\" content=\"https:\/\/www.facebook.com\/stourmnews\/\" \/>\n<meta property=\"article:published_time\" content=\"2024-09-23T15:25:50+00:00\" \/>\n<meta name=\"author\" content=\"La r\u00e9daction\" \/>\n<meta name=\"twitter:card\" content=\"summary_large_image\" \/>\n<meta name=\"twitter:label1\" content=\"\u00c9crit par\" \/>\n\t<meta name=\"twitter:data1\" content=\"La r\u00e9daction\" \/>\n\t<meta name=\"twitter:label2\" content=\"Dur\u00e9e de lecture estim\u00e9e\" \/>\n\t<meta name=\"twitter:data2\" content=\"1 minute\" \/>\n<script type=\"application\/ld+json\" class=\"yoast-schema-graph\">{\"@context\":\"https:\/\/schema.org\",\"@graph\":[{\"@type\":\"Article\",\"@id\":\"https:\/\/stourm.news\/?p=2390#article\",\"isPartOf\":{\"@id\":\"https:\/\/stourm.news\/?p=2390\"},\"author\":{\"name\":\"La r\u00e9daction\",\"@id\":\"https:\/\/stourm.news\/#\/schema\/person\/c3e1dc65988632e190969234ef046cf9\"},\"headline\":\"Rennes : plusieurs bless\u00e9s au couteau dans le quartier multiculturel de Villejean\",\"datePublished\":\"2024-09-23T15:25:50+00:00\",\"mainEntityOfPage\":{\"@id\":\"https:\/\/stourm.news\/?p=2390\"},\"wordCount\":139,\"commentCount\":0,\"publisher\":{\"@id\":\"https:\/\/stourm.news\/#organization\"},\"image\":{\"@id\":\"https:\/\/stourm.news\/?p=2390#primaryimage\"},\"thumbnailUrl\":\"https:\/\/stourm.news\/wp-content\/uploads\/2024\/09\/MjAxNTA3YTMyZjEzZTAzY2MwMGY2NDliZjZiYTYzZWY2MzY5ZjI.avif\",\"articleSection\":[\"Faits divers\",\"Ille-et-Vilaine\",\"Revue de presse\"],\"inLanguage\":\"fr-FR\",\"potentialAction\":[{\"@type\":\"CommentAction\",\"name\":\"Comment\",\"target\":[\"https:\/\/stourm.news\/?p=2390#respond\"]}]},{\"@type\":\"WebPage\",\"@id\":\"https:\/\/stourm.news\/?p=2390\",\"url\":\"https:\/\/stourm.news\/?p=2390\",\"name\":\"Rennes : plusieurs bless\u00e9s au couteau dans le quartier multiculturel de Villejean - STOURM\",\"isPartOf\":{\"@id\":\"https:\/\/stourm.news\/#website\"},\"primaryImageOfPage\":{\"@id\":\"https:\/\/stourm.news\/?p=2390#primaryimage\"},\"image\":{\"@id\":\"https:\/\/stourm.news\/?p=2390#primaryimage\"},\"thumbnailUrl\":\"https:\/\/stourm.news\/wp-content\/uploads\/2024\/09\/MjAxNTA3YTMyZjEzZTAzY2MwMGY2NDliZjZiYTYzZWY2MzY5ZjI.avif\",\"datePublished\":\"2024-09-23T15:25:50+00:00\",\"breadcrumb\":{\"@id\":\"https:\/\/stourm.news\/?p=2390#breadcrumb\"},\"inLanguage\":\"fr-FR\",\"potentialAction\":[{\"@type\":\"ReadAction\",\"target\":[\"https:\/\/stourm.news\/?p=2390\"]}]},{\"@type\":\"ImageObject\",\"inLanguage\":\"fr-FR\",\"@id\":\"https:\/\/stourm.news\/?p=2390#primaryimage\",\"url\":\"https:\/\/stourm.news\/wp-content\/uploads\/2024\/09\/MjAxNTA3YTMyZjEzZTAzY2MwMGY2NDliZjZiYTYzZWY2MzY5ZjI.avif\",\"contentUrl\":\"https:\/\/stourm.news\/wp-content\/uploads\/2024\/09\/MjAxNTA3YTMyZjEzZTAzY2MwMGY2NDliZjZiYTYzZWY2MzY5ZjI.avif\",\"width\":1260,\"height\":708},{\"@type\":\"BreadcrumbList\",\"@id\":\"https:\/\/stourm.news\/?p=2390#breadcrumb\",\"itemListElement\":[{\"@type\":\"ListItem\",\"position\":1,\"name\":\"Accueil\",\"item\":\"https:\/\/stourm.news\/\"},{\"@type\":\"ListItem\",\"position\":2,\"name\":\"Rennes : plusieurs bless\u00e9s au couteau dans le quartier multiculturel de Villejean\"}]},{\"@type\":\"WebSite\",\"@id\":\"https:\/\/stourm.news\/#website\",\"url\":\"https:\/\/stourm.news\/\",\"name\":\"Stourm\",\"description\":\"Kazetenn Strollad Broadel Breizh\",\"publisher\":{\"@id\":\"https:\/\/stourm.news\/#organization\"},\"potentialAction\":[{\"@type\":\"SearchAction\",\"target\":{\"@type\":\"EntryPoint\",\"urlTemplate\":\"https:\/\/stourm.news\/?s={search_term_string}\"},\"query-input\":{\"@type\":\"PropertyValueSpecification\",\"valueRequired\":true,\"valueName\":\"search_term_string\"}}],\"inLanguage\":\"fr-FR\"},{\"@type\":\"Organization\",\"@id\":\"https:\/\/stourm.news\/#organization\",\"name\":\"Stourm\",\"url\":\"https:\/\/stourm.news\/\",\"logo\":{\"@type\":\"ImageObject\",\"inLanguage\":\"fr-FR\",\"@id\":\"https:\/\/stourm.news\/#\/schema\/logo\/image\/\",\"url\":\"https:\/\/stourm.news\/wp-content\/uploads\/2025\/11\/cropped-Capture-decran-2025-11-28-a-15.19.07.png\",\"contentUrl\":\"https:\/\/stourm.news\/wp-content\/uploads\/2025\/11\/cropped-Capture-decran-2025-11-28-a-15.19.07.png\",\"width\":1855,\"height\":383,\"caption\":\"Stourm\"},\"image\":{\"@id\":\"https:\/\/stourm.news\/#\/schema\/logo\/image\/\"},\"sameAs\":[\"https:\/\/www.facebook.com\/stourmnews\/\"]},{\"@type\":\"Person\",\"@id\":\"https:\/\/stourm.news\/#\/schema\/person\/c3e1dc65988632e190969234ef046cf9\",\"name\":\"La r\u00e9daction\",\"image\":{\"@type\":\"ImageObject\",\"inLanguage\":\"fr-FR\",\"@id\":\"https:\/\/stourm.news\/#\/schema\/person\/image\/\",\"url\":\"https:\/\/secure.gravatar.com\/avatar\/7463443f194b6b5fb706b074ca0ef59a0cfcfd720cb47764b0ec5a952ce422b3?s=96&d=mm&r=g\",\"contentUrl\":\"https:\/\/secure.gravatar.com\/avatar\/7463443f194b6b5fb706b074ca0ef59a0cfcfd720cb47764b0ec5a952ce422b3?s=96&d=mm&r=g\",\"caption\":\"La r\u00e9daction\"},\"sameAs\":[\"https:\/\/stourm.news\"],\"url\":\"https:\/\/stourm.news\/?author=1\"}]}<\/script>\n<!-- \/ Yoast SEO plugin. -->","yoast_head_json":{"title":"Rennes : plusieurs bless\u00e9s au couteau dans le quartier multiculturel de Villejean - STOURM","robots":{"index":"index","follow":"follow","max-snippet":"max-snippet:-1","max-image-preview":"max-image-preview:large","max-video-preview":"max-video-preview:-1"},"canonical":"https:\/\/stourm.news\/?p=2390","og_locale":"fr_FR","og_type":"article","og_title":"Rennes : plusieurs bless\u00e9s au couteau dans le quartier multiculturel de Villejean - STOURM","og_description":"Un homme \u00e2g\u00e9 de 38 ans a \u00e9t\u00e9 bless\u00e9 par un coup de couteau au cours d\u2019une rixe \u00e0 Rennes ce lundi 23 septembre 2024. Les faits se sont d\u00e9roul\u00e9s un peu apr\u00e8s 14 h sur la dalle Kennedy dans le quartier de Villejean. Touch\u00e9e au niveau du bras, la victime a \u00e9t\u00e9 prise en [&hellip;]","og_url":"https:\/\/stourm.news\/?p=2390","og_site_name":"STOURM","article_publisher":"https:\/\/www.facebook.com\/stourmnews\/","article_published_time":"2024-09-23T15:25:50+00:00","author":"La r\u00e9daction","twitter_card":"summary_large_image","twitter_misc":{"\u00c9crit par":"La r\u00e9daction","Dur\u00e9e de lecture estim\u00e9e":"1 minute"},"schema":{"@context":"https:\/\/schema.org","@graph":[{"@type":"Article","@id":"https:\/\/stourm.news\/?p=2390#article","isPartOf":{"@id":"https:\/\/stourm.news\/?p=2390"},"author":{"name":"La r\u00e9daction","@id":"https:\/\/stourm.news\/#\/schema\/person\/c3e1dc65988632e190969234ef046cf9"},"headline":"Rennes : plusieurs bless\u00e9s au couteau dans le quartier multiculturel de Villejean","datePublished":"2024-09-23T15:25:50+00:00","mainEntityOfPage":{"@id":"https:\/\/stourm.news\/?p=2390"},"wordCount":139,"commentCount":0,"publisher":{"@id":"https:\/\/stourm.news\/#organization"},"image":{"@id":"https:\/\/stourm.news\/?p=2390#primaryimage"},"thumbnailUrl":"https:\/\/stourm.news\/wp-content\/uploads\/2024\/09\/MjAxNTA3YTMyZjEzZTAzY2MwMGY2NDliZjZiYTYzZWY2MzY5ZjI.avif","articleSection":["Faits divers","Ille-et-Vilaine","Revue de presse"],"inLanguage":"fr-FR","potentialAction":[{"@type":"CommentAction","name":"Comment","target":["https:\/\/stourm.news\/?p=2390#respond"]}]},{"@type":"WebPage","@id":"https:\/\/stourm.news\/?p=2390","url":"https:\/\/stourm.news\/?p=2390","name":"Rennes : plusieurs bless\u00e9s au couteau dans le quartier multiculturel de Villejean - STOURM","isPartOf":{"@id":"https:\/\/stourm.news\/#website"},"primaryImageOfPage":{"@id":"https:\/\/stourm.news\/?p=2390#primaryimage"},"image":{"@id":"https:\/\/stourm.news\/?p=2390#primaryimage"},"thumbnailUrl":"https:\/\/stourm.news\/wp-content\/uploads\/2024\/09\/MjAxNTA3YTMyZjEzZTAzY2MwMGY2NDliZjZiYTYzZWY2MzY5ZjI.avif","datePublished":"2024-09-23T15:25:50+00:00","breadcrumb":{"@id":"https:\/\/stourm.news\/?p=2390#breadcrumb"},"inLanguage":"fr-FR","potentialAction":[{"@type":"ReadAction","target":["https:\/\/stourm.news\/?p=2390"]}]},{"@type":"ImageObject","inLanguage":"fr-FR","@id":"https:\/\/stourm.news\/?p=2390#primaryimage","url":"https:\/\/stourm.news\/wp-content\/uploads\/2024\/09\/MjAxNTA3YTMyZjEzZTAzY2MwMGY2NDliZjZiYTYzZWY2MzY5ZjI.avif","contentUrl":"https:\/\/stourm.news\/wp-content\/uploads\/2024\/09\/MjAxNTA3YTMyZjEzZTAzY2MwMGY2NDliZjZiYTYzZWY2MzY5ZjI.avif","width":1260,"height":708},{"@type":"BreadcrumbList","@id":"https:\/\/stourm.news\/?p=2390#breadcrumb","itemListElement":[{"@type":"ListItem","position":1,"name":"Accueil","item":"https:\/\/stourm.news\/"},{"@type":"ListItem","position":2,"name":"Rennes : plusieurs bless\u00e9s au couteau dans le quartier multiculturel de Villejean"}]},{"@type":"WebSite","@id":"https:\/\/stourm.news\/#website","url":"https:\/\/stourm.news\/","name":"Stourm","description":"Kazetenn Strollad Broadel Breizh","publisher":{"@id":"https:\/\/stourm.news\/#organization"},"potentialAction":[{"@type":"SearchAction","target":{"@type":"EntryPoint","urlTemplate":"https:\/\/stourm.news\/?s={search_term_string}"},"query-input":{"@type":"PropertyValueSpecification","valueRequired":true,"valueName":"search_term_string"}}],"inLanguage":"fr-FR"},{"@type":"Organization","@id":"https:\/\/stourm.news\/#organization","name":"Stourm","url":"https:\/\/stourm.news\/","logo":{"@type":"ImageObject","inLanguage":"fr-FR","@id":"https:\/\/stourm.news\/#\/schema\/logo\/image\/","url":"https:\/\/stourm.news\/wp-content\/uploads\/2025\/11\/cropped-Capture-decran-2025-11-28-a-15.19.07.png","contentUrl":"https:\/\/stourm.news\/wp-content\/uploads\/2025\/11\/cropped-Capture-decran-2025-11-28-a-15.19.07.png","width":1855,"height":383,"caption":"Stourm"},"image":{"@id":"https:\/\/stourm.news\/#\/schema\/logo\/image\/"},"sameAs":["https:\/\/www.facebook.com\/stourmnews\/"]},{"@type":"Person","@id":"https:\/\/stourm.news\/#\/schema\/person\/c3e1dc65988632e190969234ef046cf9","name":"La r\u00e9daction","image":{"@type":"ImageObject","inLanguage":"fr-FR","@id":"https:\/\/stourm.news\/#\/schema\/person\/image\/","url":"https:\/\/secure.gravatar.com\/avatar\/7463443f194b6b5fb706b074ca0ef59a0cfcfd720cb47764b0ec5a952ce422b3?s=96&d=mm&r=g","contentUrl":"https:\/\/secure.gravatar.com\/avatar\/7463443f194b6b5fb706b074ca0ef59a0cfcfd720cb47764b0ec5a952ce422b3?s=96&d=mm&r=g","caption":"La r\u00e9daction"},"sameAs":["https:\/\/stourm.news"],"url":"https:\/\/stourm.news\/?author=1"}]}},"_links":{"self":[{"href":"https:\/\/stourm.news\/index.php?rest_route=\/wp\/v2\/posts\/2390","targetHints":{"allow":["GET"]}}],"collection":[{"href":"https:\/\/stourm.news\/index.php?rest_route=\/wp\/v2\/posts"}],"about":[{"href":"https:\/\/stourm.news\/index.php?rest_route=\/wp\/v2\/types\/post"}],"author":[{"embeddable":true,"href":"https:\/\/stourm.news\/index.php?rest_route=\/wp\/v2\/users\/1"}],"replies":[{"embeddable":true,"href":"https:\/\/stourm.news\/index.php?rest_route=%2Fwp%2Fv2%2Fcomments&post=2390"}],"version-history":[{"count":1,"href":"https:\/\/stourm.news\/index.php?rest_route=\/wp\/v2\/posts\/2390\/revisions"}],"predecessor-version":[{"id":2392,"href":"https:\/\/stourm.news\/index.php?rest_route=\/wp\/v2\/posts\/2390\/revisions\/2392"}],"wp:featuredmedia":[{"embeddable":true,"href":"https:\/\/stourm.news\/index.php?rest_route=\/wp\/v2\/media\/2391"}],"wp:attachment":[{"href":"https:\/\/stourm.news\/index.php?rest_route=%2Fwp%2Fv2%2Fmedia&parent=2390"}],"wp:term":[{"taxonomy":"category","embeddable":true,"href":"https:\/\/stourm.news\/index.php?rest_route=%2Fwp%2Fv2%2Fcategories&post=2390"},{"taxonomy":"post_tag","embeddable":true,"href":"https:\/\/stourm.news\/index.php?rest_route=%2Fwp%2Fv2%2Ftags&post=2390"}],"curies":[{"name":"wp","href":"https:\/\/api.w.org\/{rel}","templated":true}]}}