{"id":2395,"date":"2024-09-24T14:45:37","date_gmt":"2024-09-24T14:45:37","guid":{"rendered":"https:\/\/stourm.news\/?p=2395"},"modified":"2024-09-24T14:45:37","modified_gmt":"2024-09-24T14:45:37","slug":"centralisme-les-bretons-nont-pas-a-financer-les-retraites-exorbitantes-de-la-ratp-parisienne","status":"publish","type":"post","link":"https:\/\/stourm.news\/?p=2395","title":{"rendered":"Centralisme : les Bretons n&rsquo;ont pas \u00e0 financer les retraites exorbitantes de la RATP parisienne !"},"content":{"rendered":"<p style=\"text-align: justify;\">L&rsquo;in\u00e9galit\u00e9 entre un retrait\u00e9 du secteur priv\u00e9 en Bretagne et un retrait\u00e9 de la RATP \u00e0 Paris refl\u00e8te des disparit\u00e9s structurelles dans le syst\u00e8me de retraite hexagonal, li\u00e9es aux diff\u00e9rences de statuts professionnels, d&#8217;employeurs et de r\u00e9gimes sp\u00e9cifiques. Ces \u00e9carts sont injustes, en particulier pour les retrait\u00e9s bretons du secteur priv\u00e9 qui cotisent pendant des d\u00e9cennies sans b\u00e9n\u00e9ficier des m\u00eames avantages que les r\u00e9gimes sp\u00e9ciaux, comme celui de la RATP.<\/p>\n<p><img fetchpriority=\"high\" decoding=\"async\" class=\"alignnone wp-image-2396 size-full\" src=\"https:\/\/stourm.news\/wp-content\/uploads\/2024\/09\/GYO3ZXWXEAA53_E.jpg\" alt=\"\" width=\"1551\" height=\"1491\" srcset=\"https:\/\/stourm.news\/wp-content\/uploads\/2024\/09\/GYO3ZXWXEAA53_E.jpg 1551w, https:\/\/stourm.news\/wp-content\/uploads\/2024\/09\/GYO3ZXWXEAA53_E-300x288.jpg 300w, https:\/\/stourm.news\/wp-content\/uploads\/2024\/09\/GYO3ZXWXEAA53_E-1024x984.jpg 1024w, https:\/\/stourm.news\/wp-content\/uploads\/2024\/09\/GYO3ZXWXEAA53_E-768x738.jpg 768w, https:\/\/stourm.news\/wp-content\/uploads\/2024\/09\/GYO3ZXWXEAA53_E-1536x1477.jpg 1536w\" sizes=\"(max-width: 1551px) 100vw, 1551px\" \/><\/p>\n<p style=\"text-align: justify;\">Un retrait\u00e9 du secteur priv\u00e9, en Bretagne ou ailleurs, cotise g\u00e9n\u00e9ralement dans le cadre du r\u00e9gime g\u00e9n\u00e9ral, compl\u00e9t\u00e9 par les r\u00e9gimes compl\u00e9mentaires comme l&rsquo;Agirc-Arrco. Les pensions d\u00e9pendent de la dur\u00e9e de cotisation et des revenus per\u00e7us pendant la vie active. Souvent, les pensions du secteur priv\u00e9 sont per\u00e7ues comme plus faibles que celles des r\u00e9gimes sp\u00e9ciaux.<\/p>\n<p style=\"text-align: justify;\">Les agents parisiens de la RATP, eux, b\u00e9n\u00e9ficient d&rsquo;un r\u00e9gime sp\u00e9cial historiquement plus favorable. Ils peuvent partir \u00e0 la retraite plus t\u00f4t (en g\u00e9n\u00e9ral autour de 52-57 ans selon la cat\u00e9gorie d\u2019emploi), avec des pensions plus \u00e9lev\u00e9es, en raison de la prise en compte des sp\u00e9cificit\u00e9s de leur m\u00e9tier, telles que la p\u00e9nibilit\u00e9 et le risque. Ainsi, un retrait\u00e9 de la RATP de 52 ans fort d&rsquo;une esp\u00e9rance de vie de 82 ans passera 30 ans de sa vie \u00e0 la retraite, soit 360 mois \u00e0 3705 euros par mois. Cela repr\u00e9sente <strong>1,3 millions d&rsquo;euros<\/strong> par retrait\u00e9 !<\/p>\n<p style=\"text-align: justify;\">Les r\u00e9gimes sp\u00e9ciaux comme celui de la RATP sont largement subventionn\u00e9s par l&rsquo;\u00c9tat central, donc l&rsquo;ensemble des contribuables hexagonaux, ce qui alimente l\u00e9gitimement le sentiment d&rsquo;injustice chez les salari\u00e9s du secteur priv\u00e9, qui doivent eux cotiser plus longtemps pour recevoir une pension souvent inf\u00e9rieure.<\/p>\n<p style=\"text-align: justify;\">En Bretagne, les retrait\u00e9s du secteur priv\u00e9 peuvent se retrouver dans des situations financi\u00e8res difficiles, surtout s&rsquo;ils ont eu des carri\u00e8res morcel\u00e9es ou des revenus modestes. Le co\u00fbt de la vie en Bretagne, bien que g\u00e9n\u00e9ralement moins \u00e9lev\u00e9 qu&rsquo;\u00e0 Paris, peut n\u00e9anmoins peser lourd sur les retrait\u00e9s, notamment en raison de la hausse des prix immobiliers dans certaines zones c\u00f4ti\u00e8res.<\/p>\n<p><strong>Un nouveau syst\u00e8me de solidarit\u00e9 breton<\/strong><\/p>\n<p style=\"text-align: justify;\">Pour cr\u00e9er un syst\u00e8me de retraite plus \u00e9quitable et mieux adapt\u00e9 aux r\u00e9alit\u00e9s nationales de la Bretagne, une rupture doit \u00eatre faite avec le syst\u00e8me hexagonal actuel. Un nouveau syst\u00e8me de retraite breton doit int\u00e9grer le param\u00e8tre fondamental de la d\u00e9mographie, la chute de la natalit\u00e9 \u00e9tant la cause de la crise que le syst\u00e8me hexagonal traverse. Il est essentiel de placer la nation devant ses responsabilit\u00e9s collectives et individuelles gr\u00e2ce \u00e0 une responsabilisation concentrique.<\/p>\n<p style=\"text-align: justify;\">D&rsquo;abord au sein des familles en assurant que 50% de la retraite soit directement financ\u00e9e par les enfants d&rsquo;une personne. Cela encouragerait les citoyens bretons \u00e0 avoir un nombre raisonnable d&rsquo;enfants et donc \u00e0 veiller \u00e0 ce que la solidarit\u00e9 interg\u00e9n\u00e9rationnelle soit effective.<\/p>\n<p style=\"text-align: justify;\">Ensuite, 25% du financement devrait \u00eatre assur\u00e9 par la communaut\u00e9 de communes gr\u00e2ce \u00e0 une caisse de retraites intercommunale. Les communes veilleraient ainsi \u00e0 ce que la natalit\u00e9 soit un param\u00e8tre central de leur organisation et m\u00e8neraient une politique nataliste pour rester attractives pour les familles.<\/p>\n<p style=\"text-align: justify;\">Enfin, les entreprises devraient assurer le financement de la derni\u00e8re tranche de 25% du financement. Gr\u00e2ce \u00e0 des am\u00e9nagements fiscaux conditionn\u00e9s par des politiques natalistes internes en faveur des travailleurs bretons, elles contribueraient au maintien de la vitalit\u00e9 d\u00e9mographique de la nation bretonne.<\/p>\n<p style=\"text-align: right;\"><strong>Ewen Broc&rsquo;han<\/strong><\/p>\n","protected":false},"excerpt":{"rendered":"<p>L&rsquo;in\u00e9galit\u00e9 entre un retrait\u00e9 du secteur priv\u00e9 en Bretagne et un retrait\u00e9 de la RATP \u00e0 Paris refl\u00e8te des disparit\u00e9s structurelles dans le syst\u00e8me de retraite hexagonal, li\u00e9es aux diff\u00e9rences de statuts professionnels, d&#8217;employeurs et de r\u00e9gimes sp\u00e9cifiques. Ces \u00e9carts sont injustes, en particulier pour les retrait\u00e9s bretons du secteur priv\u00e9 qui cotisent pendant des [&hellip;]<\/p>\n","protected":false},"author":1,"featured_media":2397,"comment_status":"open","ping_status":"open","sticky":false,"template":"","format":"standard","meta":{"sb_editor_width":"","footnotes":""},"categories":[63,65],"tags":[],"class_list":["post-2395","post","type-post","status-publish","format-standard","has-post-thumbnail","hentry","category-editorial","category-principale"],"relative_dates":{"created":"2 ans ago","modified":"2 ans ago"},"yoast_head":"<!-- This site is optimized with the Yoast SEO plugin v26.3 - https:\/\/yoast.com\/wordpress\/plugins\/seo\/ -->\n<title>Centralisme : les Bretons n&#039;ont pas \u00e0 financer les retraites exorbitantes de la RATP parisienne ! - STOURM<\/title>\n<meta name=\"robots\" content=\"index, follow, max-snippet:-1, max-image-preview:large, max-video-preview:-1\" \/>\n<link rel=\"canonical\" href=\"https:\/\/stourm.news\/?p=2395\" \/>\n<meta property=\"og:locale\" content=\"fr_FR\" \/>\n<meta property=\"og:type\" content=\"article\" \/>\n<meta property=\"og:title\" content=\"Centralisme : les Bretons n&#039;ont pas \u00e0 financer les retraites exorbitantes de la RATP parisienne ! - STOURM\" \/>\n<meta property=\"og:description\" content=\"L&rsquo;in\u00e9galit\u00e9 entre un retrait\u00e9 du secteur priv\u00e9 en Bretagne et un retrait\u00e9 de la RATP \u00e0 Paris refl\u00e8te des disparit\u00e9s structurelles dans le syst\u00e8me de retraite hexagonal, li\u00e9es aux diff\u00e9rences de statuts professionnels, d&#8217;employeurs et de r\u00e9gimes sp\u00e9cifiques. Ces \u00e9carts sont injustes, en particulier pour les retrait\u00e9s bretons du secteur priv\u00e9 qui cotisent pendant des [&hellip;]\" \/>\n<meta property=\"og:url\" content=\"https:\/\/stourm.news\/?p=2395\" \/>\n<meta property=\"og:site_name\" content=\"STOURM\" \/>\n<meta property=\"article:publisher\" content=\"https:\/\/www.facebook.com\/stourmnews\/\" \/>\n<meta property=\"article:published_time\" content=\"2024-09-24T14:45:37+00:00\" \/>\n<meta property=\"og:image\" content=\"https:\/\/stourm.news\/wp-content\/uploads\/2024\/09\/cover-r4x3w1200-64e60e4d3e9ec-greve-tres-suivie-a-la-ratp-paris-bloque.jpg\" \/>\n\t<meta property=\"og:image:width\" content=\"1200\" \/>\n\t<meta property=\"og:image:height\" content=\"899\" \/>\n\t<meta property=\"og:image:type\" content=\"image\/jpeg\" \/>\n<meta name=\"author\" content=\"La r\u00e9daction\" \/>\n<meta name=\"twitter:card\" content=\"summary_large_image\" \/>\n<meta name=\"twitter:label1\" content=\"\u00c9crit par\" \/>\n\t<meta name=\"twitter:data1\" content=\"La r\u00e9daction\" \/>\n\t<meta name=\"twitter:label2\" content=\"Dur\u00e9e de lecture estim\u00e9e\" \/>\n\t<meta name=\"twitter:data2\" content=\"3 minutes\" \/>\n<script type=\"application\/ld+json\" class=\"yoast-schema-graph\">{\"@context\":\"https:\/\/schema.org\",\"@graph\":[{\"@type\":\"Article\",\"@id\":\"https:\/\/stourm.news\/?p=2395#article\",\"isPartOf\":{\"@id\":\"https:\/\/stourm.news\/?p=2395\"},\"author\":{\"name\":\"La r\u00e9daction\",\"@id\":\"https:\/\/stourm.news\/#\/schema\/person\/c3e1dc65988632e190969234ef046cf9\"},\"headline\":\"Centralisme : les Bretons n&rsquo;ont pas \u00e0 financer les retraites exorbitantes de la RATP parisienne !\",\"datePublished\":\"2024-09-24T14:45:37+00:00\",\"mainEntityOfPage\":{\"@id\":\"https:\/\/stourm.news\/?p=2395\"},\"wordCount\":636,\"commentCount\":0,\"publisher\":{\"@id\":\"https:\/\/stourm.news\/#organization\"},\"image\":{\"@id\":\"https:\/\/stourm.news\/?p=2395#primaryimage\"},\"thumbnailUrl\":\"https:\/\/stourm.news\/wp-content\/uploads\/2024\/09\/cover-r4x3w1200-64e60e4d3e9ec-greve-tres-suivie-a-la-ratp-paris-bloque.jpg\",\"articleSection\":[\"Editorial\",\"Principale\"],\"inLanguage\":\"fr-FR\",\"potentialAction\":[{\"@type\":\"CommentAction\",\"name\":\"Comment\",\"target\":[\"https:\/\/stourm.news\/?p=2395#respond\"]}]},{\"@type\":\"WebPage\",\"@id\":\"https:\/\/stourm.news\/?p=2395\",\"url\":\"https:\/\/stourm.news\/?p=2395\",\"name\":\"Centralisme : les Bretons n'ont pas \u00e0 financer les retraites exorbitantes de la RATP parisienne ! - STOURM\",\"isPartOf\":{\"@id\":\"https:\/\/stourm.news\/#website\"},\"primaryImageOfPage\":{\"@id\":\"https:\/\/stourm.news\/?p=2395#primaryimage\"},\"image\":{\"@id\":\"https:\/\/stourm.news\/?p=2395#primaryimage\"},\"thumbnailUrl\":\"https:\/\/stourm.news\/wp-content\/uploads\/2024\/09\/cover-r4x3w1200-64e60e4d3e9ec-greve-tres-suivie-a-la-ratp-paris-bloque.jpg\",\"datePublished\":\"2024-09-24T14:45:37+00:00\",\"breadcrumb\":{\"@id\":\"https:\/\/stourm.news\/?p=2395#breadcrumb\"},\"inLanguage\":\"fr-FR\",\"potentialAction\":[{\"@type\":\"ReadAction\",\"target\":[\"https:\/\/stourm.news\/?p=2395\"]}]},{\"@type\":\"ImageObject\",\"inLanguage\":\"fr-FR\",\"@id\":\"https:\/\/stourm.news\/?p=2395#primaryimage\",\"url\":\"https:\/\/stourm.news\/wp-content\/uploads\/2024\/09\/cover-r4x3w1200-64e60e4d3e9ec-greve-tres-suivie-a-la-ratp-paris-bloque.jpg\",\"contentUrl\":\"https:\/\/stourm.news\/wp-content\/uploads\/2024\/09\/cover-r4x3w1200-64e60e4d3e9ec-greve-tres-suivie-a-la-ratp-paris-bloque.jpg\",\"width\":1200,\"height\":899},{\"@type\":\"BreadcrumbList\",\"@id\":\"https:\/\/stourm.news\/?p=2395#breadcrumb\",\"itemListElement\":[{\"@type\":\"ListItem\",\"position\":1,\"name\":\"Accueil\",\"item\":\"https:\/\/stourm.news\/\"},{\"@type\":\"ListItem\",\"position\":2,\"name\":\"Centralisme : les Bretons n&rsquo;ont pas \u00e0 financer les retraites exorbitantes de la RATP parisienne !\"}]},{\"@type\":\"WebSite\",\"@id\":\"https:\/\/stourm.news\/#website\",\"url\":\"https:\/\/stourm.news\/\",\"name\":\"Stourm\",\"description\":\"Kazetenn Strollad Broadel Breizh\",\"publisher\":{\"@id\":\"https:\/\/stourm.news\/#organization\"},\"potentialAction\":[{\"@type\":\"SearchAction\",\"target\":{\"@type\":\"EntryPoint\",\"urlTemplate\":\"https:\/\/stourm.news\/?s={search_term_string}\"},\"query-input\":{\"@type\":\"PropertyValueSpecification\",\"valueRequired\":true,\"valueName\":\"search_term_string\"}}],\"inLanguage\":\"fr-FR\"},{\"@type\":\"Organization\",\"@id\":\"https:\/\/stourm.news\/#organization\",\"name\":\"Stourm\",\"url\":\"https:\/\/stourm.news\/\",\"logo\":{\"@type\":\"ImageObject\",\"inLanguage\":\"fr-FR\",\"@id\":\"https:\/\/stourm.news\/#\/schema\/logo\/image\/\",\"url\":\"https:\/\/stourm.news\/wp-content\/uploads\/2025\/11\/cropped-Capture-decran-2025-11-28-a-15.19.07.png\",\"contentUrl\":\"https:\/\/stourm.news\/wp-content\/uploads\/2025\/11\/cropped-Capture-decran-2025-11-28-a-15.19.07.png\",\"width\":1855,\"height\":383,\"caption\":\"Stourm\"},\"image\":{\"@id\":\"https:\/\/stourm.news\/#\/schema\/logo\/image\/\"},\"sameAs\":[\"https:\/\/www.facebook.com\/stourmnews\/\"]},{\"@type\":\"Person\",\"@id\":\"https:\/\/stourm.news\/#\/schema\/person\/c3e1dc65988632e190969234ef046cf9\",\"name\":\"La r\u00e9daction\",\"image\":{\"@type\":\"ImageObject\",\"inLanguage\":\"fr-FR\",\"@id\":\"https:\/\/stourm.news\/#\/schema\/person\/image\/\",\"url\":\"https:\/\/secure.gravatar.com\/avatar\/7463443f194b6b5fb706b074ca0ef59a0cfcfd720cb47764b0ec5a952ce422b3?s=96&d=mm&r=g\",\"contentUrl\":\"https:\/\/secure.gravatar.com\/avatar\/7463443f194b6b5fb706b074ca0ef59a0cfcfd720cb47764b0ec5a952ce422b3?s=96&d=mm&r=g\",\"caption\":\"La r\u00e9daction\"},\"sameAs\":[\"https:\/\/stourm.news\"],\"url\":\"https:\/\/stourm.news\/?author=1\"}]}<\/script>\n<!-- \/ Yoast SEO plugin. -->","yoast_head_json":{"title":"Centralisme : les Bretons n'ont pas \u00e0 financer les retraites exorbitantes de la RATP parisienne ! - STOURM","robots":{"index":"index","follow":"follow","max-snippet":"max-snippet:-1","max-image-preview":"max-image-preview:large","max-video-preview":"max-video-preview:-1"},"canonical":"https:\/\/stourm.news\/?p=2395","og_locale":"fr_FR","og_type":"article","og_title":"Centralisme : les Bretons n'ont pas \u00e0 financer les retraites exorbitantes de la RATP parisienne ! - STOURM","og_description":"L&rsquo;in\u00e9galit\u00e9 entre un retrait\u00e9 du secteur priv\u00e9 en Bretagne et un retrait\u00e9 de la RATP \u00e0 Paris refl\u00e8te des disparit\u00e9s structurelles dans le syst\u00e8me de retraite hexagonal, li\u00e9es aux diff\u00e9rences de statuts professionnels, d&#8217;employeurs et de r\u00e9gimes sp\u00e9cifiques. Ces \u00e9carts sont injustes, en particulier pour les retrait\u00e9s bretons du secteur priv\u00e9 qui cotisent pendant des [&hellip;]","og_url":"https:\/\/stourm.news\/?p=2395","og_site_name":"STOURM","article_publisher":"https:\/\/www.facebook.com\/stourmnews\/","article_published_time":"2024-09-24T14:45:37+00:00","og_image":[{"width":1200,"height":899,"url":"https:\/\/stourm.news\/wp-content\/uploads\/2024\/09\/cover-r4x3w1200-64e60e4d3e9ec-greve-tres-suivie-a-la-ratp-paris-bloque.jpg","type":"image\/jpeg"}],"author":"La r\u00e9daction","twitter_card":"summary_large_image","twitter_misc":{"\u00c9crit par":"La r\u00e9daction","Dur\u00e9e de lecture estim\u00e9e":"3 minutes"},"schema":{"@context":"https:\/\/schema.org","@graph":[{"@type":"Article","@id":"https:\/\/stourm.news\/?p=2395#article","isPartOf":{"@id":"https:\/\/stourm.news\/?p=2395"},"author":{"name":"La r\u00e9daction","@id":"https:\/\/stourm.news\/#\/schema\/person\/c3e1dc65988632e190969234ef046cf9"},"headline":"Centralisme : les Bretons n&rsquo;ont pas \u00e0 financer les retraites exorbitantes de la RATP parisienne !","datePublished":"2024-09-24T14:45:37+00:00","mainEntityOfPage":{"@id":"https:\/\/stourm.news\/?p=2395"},"wordCount":636,"commentCount":0,"publisher":{"@id":"https:\/\/stourm.news\/#organization"},"image":{"@id":"https:\/\/stourm.news\/?p=2395#primaryimage"},"thumbnailUrl":"https:\/\/stourm.news\/wp-content\/uploads\/2024\/09\/cover-r4x3w1200-64e60e4d3e9ec-greve-tres-suivie-a-la-ratp-paris-bloque.jpg","articleSection":["Editorial","Principale"],"inLanguage":"fr-FR","potentialAction":[{"@type":"CommentAction","name":"Comment","target":["https:\/\/stourm.news\/?p=2395#respond"]}]},{"@type":"WebPage","@id":"https:\/\/stourm.news\/?p=2395","url":"https:\/\/stourm.news\/?p=2395","name":"Centralisme : les Bretons n'ont pas \u00e0 financer les retraites exorbitantes de la RATP parisienne ! - STOURM","isPartOf":{"@id":"https:\/\/stourm.news\/#website"},"primaryImageOfPage":{"@id":"https:\/\/stourm.news\/?p=2395#primaryimage"},"image":{"@id":"https:\/\/stourm.news\/?p=2395#primaryimage"},"thumbnailUrl":"https:\/\/stourm.news\/wp-content\/uploads\/2024\/09\/cover-r4x3w1200-64e60e4d3e9ec-greve-tres-suivie-a-la-ratp-paris-bloque.jpg","datePublished":"2024-09-24T14:45:37+00:00","breadcrumb":{"@id":"https:\/\/stourm.news\/?p=2395#breadcrumb"},"inLanguage":"fr-FR","potentialAction":[{"@type":"ReadAction","target":["https:\/\/stourm.news\/?p=2395"]}]},{"@type":"ImageObject","inLanguage":"fr-FR","@id":"https:\/\/stourm.news\/?p=2395#primaryimage","url":"https:\/\/stourm.news\/wp-content\/uploads\/2024\/09\/cover-r4x3w1200-64e60e4d3e9ec-greve-tres-suivie-a-la-ratp-paris-bloque.jpg","contentUrl":"https:\/\/stourm.news\/wp-content\/uploads\/2024\/09\/cover-r4x3w1200-64e60e4d3e9ec-greve-tres-suivie-a-la-ratp-paris-bloque.jpg","width":1200,"height":899},{"@type":"BreadcrumbList","@id":"https:\/\/stourm.news\/?p=2395#breadcrumb","itemListElement":[{"@type":"ListItem","position":1,"name":"Accueil","item":"https:\/\/stourm.news\/"},{"@type":"ListItem","position":2,"name":"Centralisme : les Bretons n&rsquo;ont pas \u00e0 financer les retraites exorbitantes de la RATP parisienne !"}]},{"@type":"WebSite","@id":"https:\/\/stourm.news\/#website","url":"https:\/\/stourm.news\/","name":"Stourm","description":"Kazetenn Strollad Broadel Breizh","publisher":{"@id":"https:\/\/stourm.news\/#organization"},"potentialAction":[{"@type":"SearchAction","target":{"@type":"EntryPoint","urlTemplate":"https:\/\/stourm.news\/?s={search_term_string}"},"query-input":{"@type":"PropertyValueSpecification","valueRequired":true,"valueName":"search_term_string"}}],"inLanguage":"fr-FR"},{"@type":"Organization","@id":"https:\/\/stourm.news\/#organization","name":"Stourm","url":"https:\/\/stourm.news\/","logo":{"@type":"ImageObject","inLanguage":"fr-FR","@id":"https:\/\/stourm.news\/#\/schema\/logo\/image\/","url":"https:\/\/stourm.news\/wp-content\/uploads\/2025\/11\/cropped-Capture-decran-2025-11-28-a-15.19.07.png","contentUrl":"https:\/\/stourm.news\/wp-content\/uploads\/2025\/11\/cropped-Capture-decran-2025-11-28-a-15.19.07.png","width":1855,"height":383,"caption":"Stourm"},"image":{"@id":"https:\/\/stourm.news\/#\/schema\/logo\/image\/"},"sameAs":["https:\/\/www.facebook.com\/stourmnews\/"]},{"@type":"Person","@id":"https:\/\/stourm.news\/#\/schema\/person\/c3e1dc65988632e190969234ef046cf9","name":"La r\u00e9daction","image":{"@type":"ImageObject","inLanguage":"fr-FR","@id":"https:\/\/stourm.news\/#\/schema\/person\/image\/","url":"https:\/\/secure.gravatar.com\/avatar\/7463443f194b6b5fb706b074ca0ef59a0cfcfd720cb47764b0ec5a952ce422b3?s=96&d=mm&r=g","contentUrl":"https:\/\/secure.gravatar.com\/avatar\/7463443f194b6b5fb706b074ca0ef59a0cfcfd720cb47764b0ec5a952ce422b3?s=96&d=mm&r=g","caption":"La r\u00e9daction"},"sameAs":["https:\/\/stourm.news"],"url":"https:\/\/stourm.news\/?author=1"}]}},"_links":{"self":[{"href":"https:\/\/stourm.news\/index.php?rest_route=\/wp\/v2\/posts\/2395","targetHints":{"allow":["GET"]}}],"collection":[{"href":"https:\/\/stourm.news\/index.php?rest_route=\/wp\/v2\/posts"}],"about":[{"href":"https:\/\/stourm.news\/index.php?rest_route=\/wp\/v2\/types\/post"}],"author":[{"embeddable":true,"href":"https:\/\/stourm.news\/index.php?rest_route=\/wp\/v2\/users\/1"}],"replies":[{"embeddable":true,"href":"https:\/\/stourm.news\/index.php?rest_route=%2Fwp%2Fv2%2Fcomments&post=2395"}],"version-history":[{"count":1,"href":"https:\/\/stourm.news\/index.php?rest_route=\/wp\/v2\/posts\/2395\/revisions"}],"predecessor-version":[{"id":2398,"href":"https:\/\/stourm.news\/index.php?rest_route=\/wp\/v2\/posts\/2395\/revisions\/2398"}],"wp:featuredmedia":[{"embeddable":true,"href":"https:\/\/stourm.news\/index.php?rest_route=\/wp\/v2\/media\/2397"}],"wp:attachment":[{"href":"https:\/\/stourm.news\/index.php?rest_route=%2Fwp%2Fv2%2Fmedia&parent=2395"}],"wp:term":[{"taxonomy":"category","embeddable":true,"href":"https:\/\/stourm.news\/index.php?rest_route=%2Fwp%2Fv2%2Fcategories&post=2395"},{"taxonomy":"post_tag","embeddable":true,"href":"https:\/\/stourm.news\/index.php?rest_route=%2Fwp%2Fv2%2Ftags&post=2395"}],"curies":[{"name":"wp","href":"https:\/\/api.w.org\/{rel}","templated":true}]}}