{"id":2399,"date":"2024-09-25T05:11:58","date_gmt":"2024-09-25T05:11:58","guid":{"rendered":"https:\/\/stourm.news\/?p=2399"},"modified":"2024-09-25T05:11:58","modified_gmt":"2024-09-25T05:11:58","slug":"emsav-25-septembre-1963-fondation-du-front-de-liberation-de-la-bretagne","status":"publish","type":"post","link":"https:\/\/stourm.news\/?p=2399","title":{"rendered":"Emsav : 25 septembre 1963, fondation du Front de Lib\u00e9ration de la Bretagne"},"content":{"rendered":"<p style=\"text-align: justify;\">EMSAV &#8211; Le 25 septembre 1963 est fond\u00e9 \u00e0 Pontivy le Front de Lib\u00e9ration de la Bretagne. Sur fond de d\u00e9colonisation, le FLB \u00e9merge dans une p\u00e9riode de mont\u00e9e en puissance du sentiment identitaire au sein des peuples de l&rsquo;Hexagone, notamment en Bretagne, en Corse ou au Pays basque. Le mouvement se nourrit de l&rsquo;histoire et de la culture bretonnes, en particulier la langue bretonne, ainsi que du ressentiment face \u00e0 l&rsquo;exode rural et \u00e0 l&rsquo;industrialisation qui affectent la Bretagne, mais \u00e9galement de la tradition insurrectionnelle depuis la Chouannerie en 1791-1792.<\/p>\n<p style=\"text-align: justify;\">Entre les ann\u00e9es 1960 et 1970, le FLB m\u00e8ne diverses actions clandestines, souvent violentes. Il est surtout connu pour ses attentats \u00e0 la bombe contre des symboles de l&rsquo;\u00c9tat fran\u00e7ais, notamment des postes de gendarmerie, des b\u00e2timents publics ou des infrastructures touristiques, dans le but de faire pression sur le gouvernement fran\u00e7ais. Le 29 septembre 1976, le soldat Yann-Kel Kernaleguen, 22 ans, meurt ainsi lors de l&rsquo;action de Ti-Voujeret.<\/p>\n<p><iframe title=\"YouTube video player\" src=\"https:\/\/www.youtube.com\/embed\/FMS9mcuD_sA?si=5HKf6h-XMYjYSpbq\" width=\"560\" height=\"315\" frameborder=\"0\" allowfullscreen=\"allowfullscreen\"><\/iframe><\/p>\n<p style=\"text-align: justify;\">Le <strong>Front de Lib\u00e9ration de la Bretagne<\/strong> (FLB) et sa branche arm\u00e9e, l&rsquo;<strong>Arm\u00e9e R\u00e9volutionnaire Bretonne<\/strong> (ARB), ont commis environ <strong>200 attentats<\/strong> entre les ann\u00e9es 1960 et 1970.\u00a0Il est important de noter que ces attentats, pour la plupart, \u00e9taient des actions de sabotage plut\u00f4t que des attaques ayant pour but de faire des victimes humaines.<\/p>\n<p style=\"text-align: right;\"><strong>Olwen Kerdrel<\/strong><\/p>\n","protected":false},"excerpt":{"rendered":"<p>EMSAV &#8211; Le 25 septembre 1963 est fond\u00e9 \u00e0 Pontivy le Front de Lib\u00e9ration de la Bretagne. Sur fond de d\u00e9colonisation, le FLB \u00e9merge dans une p\u00e9riode de mont\u00e9e en puissance du sentiment identitaire au sein des peuples de l&rsquo;Hexagone, notamment en Bretagne, en Corse ou au Pays basque. Le mouvement se nourrit de l&rsquo;histoire [&hellip;]<\/p>\n","protected":false},"author":1,"featured_media":2400,"comment_status":"open","ping_status":"open","sticky":false,"template":"","format":"standard","meta":{"sb_editor_width":"","footnotes":""},"categories":[74,50,65],"tags":[],"class_list":["post-2399","post","type-post","status-publish","format-standard","has-post-thumbnail","hentry","category-emsav","category-histoire-de-bretagne","category-principale"],"relative_dates":{"created":"2 ans ago","modified":"2 ans ago"},"yoast_head":"<!-- This site is optimized with the Yoast SEO plugin v26.3 - https:\/\/yoast.com\/wordpress\/plugins\/seo\/ -->\n<title>Emsav : 25 septembre 1963, fondation du Front de Lib\u00e9ration de la Bretagne - STOURM<\/title>\n<meta name=\"robots\" content=\"index, follow, max-snippet:-1, max-image-preview:large, max-video-preview:-1\" \/>\n<link rel=\"canonical\" href=\"https:\/\/stourm.news\/?p=2399\" \/>\n<meta property=\"og:locale\" content=\"fr_FR\" \/>\n<meta property=\"og:type\" content=\"article\" \/>\n<meta property=\"og:title\" content=\"Emsav : 25 septembre 1963, fondation du Front de Lib\u00e9ration de la Bretagne - STOURM\" \/>\n<meta property=\"og:description\" content=\"EMSAV &#8211; Le 25 septembre 1963 est fond\u00e9 \u00e0 Pontivy le Front de Lib\u00e9ration de la Bretagne. Sur fond de d\u00e9colonisation, le FLB \u00e9merge dans une p\u00e9riode de mont\u00e9e en puissance du sentiment identitaire au sein des peuples de l&rsquo;Hexagone, notamment en Bretagne, en Corse ou au Pays basque. Le mouvement se nourrit de l&rsquo;histoire [&hellip;]\" \/>\n<meta property=\"og:url\" content=\"https:\/\/stourm.news\/?p=2399\" \/>\n<meta property=\"og:site_name\" content=\"STOURM\" \/>\n<meta property=\"article:publisher\" content=\"https:\/\/www.facebook.com\/stourmnews\/\" \/>\n<meta property=\"article:published_time\" content=\"2024-09-25T05:11:58+00:00\" \/>\n<meta property=\"og:image\" content=\"https:\/\/stourm.news\/wp-content\/uploads\/2024\/09\/banniere_14.jpg\" \/>\n\t<meta property=\"og:image:width\" content=\"1500\" \/>\n\t<meta property=\"og:image:height\" content=\"984\" \/>\n\t<meta property=\"og:image:type\" content=\"image\/jpeg\" \/>\n<meta name=\"author\" content=\"La r\u00e9daction\" \/>\n<meta name=\"twitter:card\" content=\"summary_large_image\" \/>\n<meta name=\"twitter:label1\" content=\"\u00c9crit par\" \/>\n\t<meta name=\"twitter:data1\" content=\"La r\u00e9daction\" \/>\n\t<meta name=\"twitter:label2\" content=\"Dur\u00e9e de lecture estim\u00e9e\" \/>\n\t<meta name=\"twitter:data2\" content=\"2 minutes\" \/>\n<script type=\"application\/ld+json\" class=\"yoast-schema-graph\">{\"@context\":\"https:\/\/schema.org\",\"@graph\":[{\"@type\":\"Article\",\"@id\":\"https:\/\/stourm.news\/?p=2399#article\",\"isPartOf\":{\"@id\":\"https:\/\/stourm.news\/?p=2399\"},\"author\":{\"name\":\"La r\u00e9daction\",\"@id\":\"https:\/\/stourm.news\/#\/schema\/person\/c3e1dc65988632e190969234ef046cf9\"},\"headline\":\"Emsav : 25 septembre 1963, fondation du Front de Lib\u00e9ration de la Bretagne\",\"datePublished\":\"2024-09-25T05:11:58+00:00\",\"mainEntityOfPage\":{\"@id\":\"https:\/\/stourm.news\/?p=2399\"},\"wordCount\":236,\"commentCount\":0,\"publisher\":{\"@id\":\"https:\/\/stourm.news\/#organization\"},\"image\":{\"@id\":\"https:\/\/stourm.news\/?p=2399#primaryimage\"},\"thumbnailUrl\":\"https:\/\/stourm.news\/wp-content\/uploads\/2024\/09\/banniere_14.jpg\",\"articleSection\":[\"Emsav\",\"Histoire de Bretagne\",\"Principale\"],\"inLanguage\":\"fr-FR\",\"potentialAction\":[{\"@type\":\"CommentAction\",\"name\":\"Comment\",\"target\":[\"https:\/\/stourm.news\/?p=2399#respond\"]}]},{\"@type\":\"WebPage\",\"@id\":\"https:\/\/stourm.news\/?p=2399\",\"url\":\"https:\/\/stourm.news\/?p=2399\",\"name\":\"Emsav : 25 septembre 1963, fondation du Front de Lib\u00e9ration de la Bretagne - STOURM\",\"isPartOf\":{\"@id\":\"https:\/\/stourm.news\/#website\"},\"primaryImageOfPage\":{\"@id\":\"https:\/\/stourm.news\/?p=2399#primaryimage\"},\"image\":{\"@id\":\"https:\/\/stourm.news\/?p=2399#primaryimage\"},\"thumbnailUrl\":\"https:\/\/stourm.news\/wp-content\/uploads\/2024\/09\/banniere_14.jpg\",\"datePublished\":\"2024-09-25T05:11:58+00:00\",\"breadcrumb\":{\"@id\":\"https:\/\/stourm.news\/?p=2399#breadcrumb\"},\"inLanguage\":\"fr-FR\",\"potentialAction\":[{\"@type\":\"ReadAction\",\"target\":[\"https:\/\/stourm.news\/?p=2399\"]}]},{\"@type\":\"ImageObject\",\"inLanguage\":\"fr-FR\",\"@id\":\"https:\/\/stourm.news\/?p=2399#primaryimage\",\"url\":\"https:\/\/stourm.news\/wp-content\/uploads\/2024\/09\/banniere_14.jpg\",\"contentUrl\":\"https:\/\/stourm.news\/wp-content\/uploads\/2024\/09\/banniere_14.jpg\",\"width\":1500,\"height\":984},{\"@type\":\"BreadcrumbList\",\"@id\":\"https:\/\/stourm.news\/?p=2399#breadcrumb\",\"itemListElement\":[{\"@type\":\"ListItem\",\"position\":1,\"name\":\"Accueil\",\"item\":\"https:\/\/stourm.news\/\"},{\"@type\":\"ListItem\",\"position\":2,\"name\":\"Emsav : 25 septembre 1963, fondation du Front de Lib\u00e9ration de la Bretagne\"}]},{\"@type\":\"WebSite\",\"@id\":\"https:\/\/stourm.news\/#website\",\"url\":\"https:\/\/stourm.news\/\",\"name\":\"Stourm\",\"description\":\"Kazetenn Strollad Broadel Breizh\",\"publisher\":{\"@id\":\"https:\/\/stourm.news\/#organization\"},\"potentialAction\":[{\"@type\":\"SearchAction\",\"target\":{\"@type\":\"EntryPoint\",\"urlTemplate\":\"https:\/\/stourm.news\/?s={search_term_string}\"},\"query-input\":{\"@type\":\"PropertyValueSpecification\",\"valueRequired\":true,\"valueName\":\"search_term_string\"}}],\"inLanguage\":\"fr-FR\"},{\"@type\":\"Organization\",\"@id\":\"https:\/\/stourm.news\/#organization\",\"name\":\"Stourm\",\"url\":\"https:\/\/stourm.news\/\",\"logo\":{\"@type\":\"ImageObject\",\"inLanguage\":\"fr-FR\",\"@id\":\"https:\/\/stourm.news\/#\/schema\/logo\/image\/\",\"url\":\"https:\/\/stourm.news\/wp-content\/uploads\/2025\/11\/cropped-Capture-decran-2025-11-28-a-15.19.07.png\",\"contentUrl\":\"https:\/\/stourm.news\/wp-content\/uploads\/2025\/11\/cropped-Capture-decran-2025-11-28-a-15.19.07.png\",\"width\":1855,\"height\":383,\"caption\":\"Stourm\"},\"image\":{\"@id\":\"https:\/\/stourm.news\/#\/schema\/logo\/image\/\"},\"sameAs\":[\"https:\/\/www.facebook.com\/stourmnews\/\"]},{\"@type\":\"Person\",\"@id\":\"https:\/\/stourm.news\/#\/schema\/person\/c3e1dc65988632e190969234ef046cf9\",\"name\":\"La r\u00e9daction\",\"image\":{\"@type\":\"ImageObject\",\"inLanguage\":\"fr-FR\",\"@id\":\"https:\/\/stourm.news\/#\/schema\/person\/image\/\",\"url\":\"https:\/\/secure.gravatar.com\/avatar\/7463443f194b6b5fb706b074ca0ef59a0cfcfd720cb47764b0ec5a952ce422b3?s=96&d=mm&r=g\",\"contentUrl\":\"https:\/\/secure.gravatar.com\/avatar\/7463443f194b6b5fb706b074ca0ef59a0cfcfd720cb47764b0ec5a952ce422b3?s=96&d=mm&r=g\",\"caption\":\"La r\u00e9daction\"},\"sameAs\":[\"https:\/\/stourm.news\"],\"url\":\"https:\/\/stourm.news\/?author=1\"}]}<\/script>\n<!-- \/ Yoast SEO plugin. -->","yoast_head_json":{"title":"Emsav : 25 septembre 1963, fondation du Front de Lib\u00e9ration de la Bretagne - STOURM","robots":{"index":"index","follow":"follow","max-snippet":"max-snippet:-1","max-image-preview":"max-image-preview:large","max-video-preview":"max-video-preview:-1"},"canonical":"https:\/\/stourm.news\/?p=2399","og_locale":"fr_FR","og_type":"article","og_title":"Emsav : 25 septembre 1963, fondation du Front de Lib\u00e9ration de la Bretagne - STOURM","og_description":"EMSAV &#8211; Le 25 septembre 1963 est fond\u00e9 \u00e0 Pontivy le Front de Lib\u00e9ration de la Bretagne. Sur fond de d\u00e9colonisation, le FLB \u00e9merge dans une p\u00e9riode de mont\u00e9e en puissance du sentiment identitaire au sein des peuples de l&rsquo;Hexagone, notamment en Bretagne, en Corse ou au Pays basque. Le mouvement se nourrit de l&rsquo;histoire [&hellip;]","og_url":"https:\/\/stourm.news\/?p=2399","og_site_name":"STOURM","article_publisher":"https:\/\/www.facebook.com\/stourmnews\/","article_published_time":"2024-09-25T05:11:58+00:00","og_image":[{"width":1500,"height":984,"url":"https:\/\/stourm.news\/wp-content\/uploads\/2024\/09\/banniere_14.jpg","type":"image\/jpeg"}],"author":"La r\u00e9daction","twitter_card":"summary_large_image","twitter_misc":{"\u00c9crit par":"La r\u00e9daction","Dur\u00e9e de lecture estim\u00e9e":"2 minutes"},"schema":{"@context":"https:\/\/schema.org","@graph":[{"@type":"Article","@id":"https:\/\/stourm.news\/?p=2399#article","isPartOf":{"@id":"https:\/\/stourm.news\/?p=2399"},"author":{"name":"La r\u00e9daction","@id":"https:\/\/stourm.news\/#\/schema\/person\/c3e1dc65988632e190969234ef046cf9"},"headline":"Emsav : 25 septembre 1963, fondation du Front de Lib\u00e9ration de la Bretagne","datePublished":"2024-09-25T05:11:58+00:00","mainEntityOfPage":{"@id":"https:\/\/stourm.news\/?p=2399"},"wordCount":236,"commentCount":0,"publisher":{"@id":"https:\/\/stourm.news\/#organization"},"image":{"@id":"https:\/\/stourm.news\/?p=2399#primaryimage"},"thumbnailUrl":"https:\/\/stourm.news\/wp-content\/uploads\/2024\/09\/banniere_14.jpg","articleSection":["Emsav","Histoire de Bretagne","Principale"],"inLanguage":"fr-FR","potentialAction":[{"@type":"CommentAction","name":"Comment","target":["https:\/\/stourm.news\/?p=2399#respond"]}]},{"@type":"WebPage","@id":"https:\/\/stourm.news\/?p=2399","url":"https:\/\/stourm.news\/?p=2399","name":"Emsav : 25 septembre 1963, fondation du Front de Lib\u00e9ration de la Bretagne - STOURM","isPartOf":{"@id":"https:\/\/stourm.news\/#website"},"primaryImageOfPage":{"@id":"https:\/\/stourm.news\/?p=2399#primaryimage"},"image":{"@id":"https:\/\/stourm.news\/?p=2399#primaryimage"},"thumbnailUrl":"https:\/\/stourm.news\/wp-content\/uploads\/2024\/09\/banniere_14.jpg","datePublished":"2024-09-25T05:11:58+00:00","breadcrumb":{"@id":"https:\/\/stourm.news\/?p=2399#breadcrumb"},"inLanguage":"fr-FR","potentialAction":[{"@type":"ReadAction","target":["https:\/\/stourm.news\/?p=2399"]}]},{"@type":"ImageObject","inLanguage":"fr-FR","@id":"https:\/\/stourm.news\/?p=2399#primaryimage","url":"https:\/\/stourm.news\/wp-content\/uploads\/2024\/09\/banniere_14.jpg","contentUrl":"https:\/\/stourm.news\/wp-content\/uploads\/2024\/09\/banniere_14.jpg","width":1500,"height":984},{"@type":"BreadcrumbList","@id":"https:\/\/stourm.news\/?p=2399#breadcrumb","itemListElement":[{"@type":"ListItem","position":1,"name":"Accueil","item":"https:\/\/stourm.news\/"},{"@type":"ListItem","position":2,"name":"Emsav : 25 septembre 1963, fondation du Front de Lib\u00e9ration de la Bretagne"}]},{"@type":"WebSite","@id":"https:\/\/stourm.news\/#website","url":"https:\/\/stourm.news\/","name":"Stourm","description":"Kazetenn Strollad Broadel Breizh","publisher":{"@id":"https:\/\/stourm.news\/#organization"},"potentialAction":[{"@type":"SearchAction","target":{"@type":"EntryPoint","urlTemplate":"https:\/\/stourm.news\/?s={search_term_string}"},"query-input":{"@type":"PropertyValueSpecification","valueRequired":true,"valueName":"search_term_string"}}],"inLanguage":"fr-FR"},{"@type":"Organization","@id":"https:\/\/stourm.news\/#organization","name":"Stourm","url":"https:\/\/stourm.news\/","logo":{"@type":"ImageObject","inLanguage":"fr-FR","@id":"https:\/\/stourm.news\/#\/schema\/logo\/image\/","url":"https:\/\/stourm.news\/wp-content\/uploads\/2025\/11\/cropped-Capture-decran-2025-11-28-a-15.19.07.png","contentUrl":"https:\/\/stourm.news\/wp-content\/uploads\/2025\/11\/cropped-Capture-decran-2025-11-28-a-15.19.07.png","width":1855,"height":383,"caption":"Stourm"},"image":{"@id":"https:\/\/stourm.news\/#\/schema\/logo\/image\/"},"sameAs":["https:\/\/www.facebook.com\/stourmnews\/"]},{"@type":"Person","@id":"https:\/\/stourm.news\/#\/schema\/person\/c3e1dc65988632e190969234ef046cf9","name":"La r\u00e9daction","image":{"@type":"ImageObject","inLanguage":"fr-FR","@id":"https:\/\/stourm.news\/#\/schema\/person\/image\/","url":"https:\/\/secure.gravatar.com\/avatar\/7463443f194b6b5fb706b074ca0ef59a0cfcfd720cb47764b0ec5a952ce422b3?s=96&d=mm&r=g","contentUrl":"https:\/\/secure.gravatar.com\/avatar\/7463443f194b6b5fb706b074ca0ef59a0cfcfd720cb47764b0ec5a952ce422b3?s=96&d=mm&r=g","caption":"La r\u00e9daction"},"sameAs":["https:\/\/stourm.news"],"url":"https:\/\/stourm.news\/?author=1"}]}},"_links":{"self":[{"href":"https:\/\/stourm.news\/index.php?rest_route=\/wp\/v2\/posts\/2399","targetHints":{"allow":["GET"]}}],"collection":[{"href":"https:\/\/stourm.news\/index.php?rest_route=\/wp\/v2\/posts"}],"about":[{"href":"https:\/\/stourm.news\/index.php?rest_route=\/wp\/v2\/types\/post"}],"author":[{"embeddable":true,"href":"https:\/\/stourm.news\/index.php?rest_route=\/wp\/v2\/users\/1"}],"replies":[{"embeddable":true,"href":"https:\/\/stourm.news\/index.php?rest_route=%2Fwp%2Fv2%2Fcomments&post=2399"}],"version-history":[{"count":1,"href":"https:\/\/stourm.news\/index.php?rest_route=\/wp\/v2\/posts\/2399\/revisions"}],"predecessor-version":[{"id":2401,"href":"https:\/\/stourm.news\/index.php?rest_route=\/wp\/v2\/posts\/2399\/revisions\/2401"}],"wp:featuredmedia":[{"embeddable":true,"href":"https:\/\/stourm.news\/index.php?rest_route=\/wp\/v2\/media\/2400"}],"wp:attachment":[{"href":"https:\/\/stourm.news\/index.php?rest_route=%2Fwp%2Fv2%2Fmedia&parent=2399"}],"wp:term":[{"taxonomy":"category","embeddable":true,"href":"https:\/\/stourm.news\/index.php?rest_route=%2Fwp%2Fv2%2Fcategories&post=2399"},{"taxonomy":"post_tag","embeddable":true,"href":"https:\/\/stourm.news\/index.php?rest_route=%2Fwp%2Fv2%2Ftags&post=2399"}],"curies":[{"name":"wp","href":"https:\/\/api.w.org\/{rel}","templated":true}]}}