{"id":2402,"date":"2024-09-25T05:20:47","date_gmt":"2024-09-25T05:20:47","guid":{"rendered":"https:\/\/stourm.news\/?p=2402"},"modified":"2024-09-25T05:20:47","modified_gmt":"2024-09-25T05:20:47","slug":"brest-le-membre-dune-bande-interpelle-apres-avoir-frappe-un-chien-policier","status":"publish","type":"post","link":"https:\/\/stourm.news\/?p=2402","title":{"rendered":"Brest : le membre d&rsquo;une bande interpell\u00e9 apr\u00e8s avoir frapp\u00e9 un chien policier"},"content":{"rendered":"<p style=\"text-align: justify;\">Aux alentours de 1 h 50 du matin, les habitants du square La\u00ebnnec, situ\u00e9 dans le secteur de la rue de Kerfautras, ont \u00e9t\u00e9 brutalement r\u00e9veill\u00e9s par de <strong>la musique diffus\u00e9e \u00e0 plein volume<\/strong>. Alert\u00e9es par ce tapage nocturne, les forces de l\u2019ordre sont rapidement intervenues sur place.<\/p>\n<p style=\"text-align: justify;\">\u00c0 leur arriv\u00e9e, sept individus pr\u00e9sents sur les lieux auraient tent\u00e9 de prendre la fuite. La brigade cynophile, mobilis\u00e9e pour cette intervention, aurait alors utilis\u00e9 une \u201cfrappe musel\u00e9e\u201d afin de stopper les fuyards. L\u2019un des individus, \u00e2g\u00e9 de 39 ans, a finalement \u00e9t\u00e9 rattrap\u00e9 par les policiers relate Ouest-France.<\/p>\n<p style=\"text-align: justify;\">Toutefois, loin de se laisser appr\u00e9hender, l\u2019homme s\u2019en serait pris violemment au chien policier en lui ass\u00e9nant <strong>des coups de pied<\/strong>, avant d\u2019attaquer verbalement et physiquement son ma\u00eetre. Il aurait notamment saisi le fonctionnaire par le col, <strong>tout en prof\u00e9rant des insultes<\/strong> \u00e0 l\u2019encontre des agents sur place.<\/p>\n<p style=\"text-align: justify;\">L\u2019individu interpell\u00e9 a \u00e9t\u00e9 plac\u00e9 en garde \u00e0 vue avant d\u2019\u00eatre d\u00e9f\u00e9r\u00e9 ce lundi 23 septembre 2024. Poursuivi pour violences sur un fonctionnaire de police et sur un animal d\u2019assistance, <strong>il a n\u00e9anmoins ni\u00e9 les faits<\/strong> lors de son audition, d\u00e9clarant avoir \u00ab seulement mis de la musique \u00bb et contest\u00e9 les accusations de violence. Il compara\u00eetra ce mardi 24 septembre 2024 devant le tribunal de Brest en comparution imm\u00e9diate.<\/p>\n<p>Source : <a href=\"https:\/\/actuforcesdelordre.fr\/2024\/09\/24\/brest-un-homme-interpelle-apres-avoir-frappe-un-chien-policier-et-insulte-les-forces-de-lordre\/\">Actu Forces de l&rsquo;ordre<\/a><\/p>\n","protected":false},"excerpt":{"rendered":"<p>Aux alentours de 1 h 50 du matin, les habitants du square La\u00ebnnec, situ\u00e9 dans le secteur de la rue de Kerfautras, ont \u00e9t\u00e9 brutalement r\u00e9veill\u00e9s par de la musique diffus\u00e9e \u00e0 plein volume. Alert\u00e9es par ce tapage nocturne, les forces de l\u2019ordre sont rapidement intervenues sur place. \u00c0 leur arriv\u00e9e, sept individus pr\u00e9sents sur [&hellip;]<\/p>\n","protected":false},"author":1,"featured_media":2403,"comment_status":"open","ping_status":"open","sticky":false,"template":"","format":"standard","meta":{"sb_editor_width":"","footnotes":""},"categories":[52,38,62],"tags":[],"class_list":["post-2402","post","type-post","status-publish","format-standard","has-post-thumbnail","hentry","category-faits-divers","category-finistere","category-revue-de-presse"],"relative_dates":{"created":"2 ans ago","modified":"2 ans ago"},"yoast_head":"<!-- This site is optimized with the Yoast SEO plugin v26.3 - https:\/\/yoast.com\/wordpress\/plugins\/seo\/ -->\n<title>Brest : le membre d&#039;une bande interpell\u00e9 apr\u00e8s avoir frapp\u00e9 un chien policier - STOURM<\/title>\n<meta name=\"robots\" content=\"index, follow, max-snippet:-1, max-image-preview:large, max-video-preview:-1\" \/>\n<link rel=\"canonical\" href=\"https:\/\/stourm.news\/?p=2402\" \/>\n<meta property=\"og:locale\" content=\"fr_FR\" \/>\n<meta property=\"og:type\" content=\"article\" \/>\n<meta property=\"og:title\" content=\"Brest : le membre d&#039;une bande interpell\u00e9 apr\u00e8s avoir frapp\u00e9 un chien policier - STOURM\" \/>\n<meta property=\"og:description\" content=\"Aux alentours de 1 h 50 du matin, les habitants du square La\u00ebnnec, situ\u00e9 dans le secteur de la rue de Kerfautras, ont \u00e9t\u00e9 brutalement r\u00e9veill\u00e9s par de la musique diffus\u00e9e \u00e0 plein volume. Alert\u00e9es par ce tapage nocturne, les forces de l\u2019ordre sont rapidement intervenues sur place. \u00c0 leur arriv\u00e9e, sept individus pr\u00e9sents sur [&hellip;]\" \/>\n<meta property=\"og:url\" content=\"https:\/\/stourm.news\/?p=2402\" \/>\n<meta property=\"og:site_name\" content=\"STOURM\" \/>\n<meta property=\"article:publisher\" content=\"https:\/\/www.facebook.com\/stourmnews\/\" \/>\n<meta property=\"article:published_time\" content=\"2024-09-25T05:20:47+00:00\" \/>\n<meta property=\"og:image\" content=\"https:\/\/stourm.news\/wp-content\/uploads\/2024\/09\/chien-policier-top-10.jpg\" \/>\n\t<meta property=\"og:image:width\" content=\"1875\" \/>\n\t<meta property=\"og:image:height\" content=\"1250\" \/>\n\t<meta property=\"og:image:type\" content=\"image\/jpeg\" \/>\n<meta name=\"author\" content=\"La r\u00e9daction\" \/>\n<meta name=\"twitter:card\" content=\"summary_large_image\" \/>\n<meta name=\"twitter:label1\" content=\"\u00c9crit par\" \/>\n\t<meta name=\"twitter:data1\" content=\"La r\u00e9daction\" \/>\n\t<meta name=\"twitter:label2\" content=\"Dur\u00e9e de lecture estim\u00e9e\" \/>\n\t<meta name=\"twitter:data2\" content=\"2 minutes\" \/>\n<script type=\"application\/ld+json\" class=\"yoast-schema-graph\">{\"@context\":\"https:\/\/schema.org\",\"@graph\":[{\"@type\":\"Article\",\"@id\":\"https:\/\/stourm.news\/?p=2402#article\",\"isPartOf\":{\"@id\":\"https:\/\/stourm.news\/?p=2402\"},\"author\":{\"name\":\"La r\u00e9daction\",\"@id\":\"https:\/\/stourm.news\/#\/schema\/person\/c3e1dc65988632e190969234ef046cf9\"},\"headline\":\"Brest : le membre d&rsquo;une bande interpell\u00e9 apr\u00e8s avoir frapp\u00e9 un chien policier\",\"datePublished\":\"2024-09-25T05:20:47+00:00\",\"mainEntityOfPage\":{\"@id\":\"https:\/\/stourm.news\/?p=2402\"},\"wordCount\":250,\"commentCount\":0,\"publisher\":{\"@id\":\"https:\/\/stourm.news\/#organization\"},\"image\":{\"@id\":\"https:\/\/stourm.news\/?p=2402#primaryimage\"},\"thumbnailUrl\":\"https:\/\/stourm.news\/wp-content\/uploads\/2024\/09\/chien-policier-top-10.jpg\",\"articleSection\":[\"Faits divers\",\"Finist\u00e8re\",\"Revue de presse\"],\"inLanguage\":\"fr-FR\",\"potentialAction\":[{\"@type\":\"CommentAction\",\"name\":\"Comment\",\"target\":[\"https:\/\/stourm.news\/?p=2402#respond\"]}]},{\"@type\":\"WebPage\",\"@id\":\"https:\/\/stourm.news\/?p=2402\",\"url\":\"https:\/\/stourm.news\/?p=2402\",\"name\":\"Brest : le membre d'une bande interpell\u00e9 apr\u00e8s avoir frapp\u00e9 un chien policier - STOURM\",\"isPartOf\":{\"@id\":\"https:\/\/stourm.news\/#website\"},\"primaryImageOfPage\":{\"@id\":\"https:\/\/stourm.news\/?p=2402#primaryimage\"},\"image\":{\"@id\":\"https:\/\/stourm.news\/?p=2402#primaryimage\"},\"thumbnailUrl\":\"https:\/\/stourm.news\/wp-content\/uploads\/2024\/09\/chien-policier-top-10.jpg\",\"datePublished\":\"2024-09-25T05:20:47+00:00\",\"breadcrumb\":{\"@id\":\"https:\/\/stourm.news\/?p=2402#breadcrumb\"},\"inLanguage\":\"fr-FR\",\"potentialAction\":[{\"@type\":\"ReadAction\",\"target\":[\"https:\/\/stourm.news\/?p=2402\"]}]},{\"@type\":\"ImageObject\",\"inLanguage\":\"fr-FR\",\"@id\":\"https:\/\/stourm.news\/?p=2402#primaryimage\",\"url\":\"https:\/\/stourm.news\/wp-content\/uploads\/2024\/09\/chien-policier-top-10.jpg\",\"contentUrl\":\"https:\/\/stourm.news\/wp-content\/uploads\/2024\/09\/chien-policier-top-10.jpg\",\"width\":1875,\"height\":1250},{\"@type\":\"BreadcrumbList\",\"@id\":\"https:\/\/stourm.news\/?p=2402#breadcrumb\",\"itemListElement\":[{\"@type\":\"ListItem\",\"position\":1,\"name\":\"Accueil\",\"item\":\"https:\/\/stourm.news\/\"},{\"@type\":\"ListItem\",\"position\":2,\"name\":\"Brest : le membre d&rsquo;une bande interpell\u00e9 apr\u00e8s avoir frapp\u00e9 un chien policier\"}]},{\"@type\":\"WebSite\",\"@id\":\"https:\/\/stourm.news\/#website\",\"url\":\"https:\/\/stourm.news\/\",\"name\":\"Stourm\",\"description\":\"Kazetenn Strollad Broadel Breizh\",\"publisher\":{\"@id\":\"https:\/\/stourm.news\/#organization\"},\"potentialAction\":[{\"@type\":\"SearchAction\",\"target\":{\"@type\":\"EntryPoint\",\"urlTemplate\":\"https:\/\/stourm.news\/?s={search_term_string}\"},\"query-input\":{\"@type\":\"PropertyValueSpecification\",\"valueRequired\":true,\"valueName\":\"search_term_string\"}}],\"inLanguage\":\"fr-FR\"},{\"@type\":\"Organization\",\"@id\":\"https:\/\/stourm.news\/#organization\",\"name\":\"Stourm\",\"url\":\"https:\/\/stourm.news\/\",\"logo\":{\"@type\":\"ImageObject\",\"inLanguage\":\"fr-FR\",\"@id\":\"https:\/\/stourm.news\/#\/schema\/logo\/image\/\",\"url\":\"https:\/\/stourm.news\/wp-content\/uploads\/2025\/11\/cropped-Capture-decran-2025-11-28-a-15.19.07.png\",\"contentUrl\":\"https:\/\/stourm.news\/wp-content\/uploads\/2025\/11\/cropped-Capture-decran-2025-11-28-a-15.19.07.png\",\"width\":1855,\"height\":383,\"caption\":\"Stourm\"},\"image\":{\"@id\":\"https:\/\/stourm.news\/#\/schema\/logo\/image\/\"},\"sameAs\":[\"https:\/\/www.facebook.com\/stourmnews\/\"]},{\"@type\":\"Person\",\"@id\":\"https:\/\/stourm.news\/#\/schema\/person\/c3e1dc65988632e190969234ef046cf9\",\"name\":\"La r\u00e9daction\",\"image\":{\"@type\":\"ImageObject\",\"inLanguage\":\"fr-FR\",\"@id\":\"https:\/\/stourm.news\/#\/schema\/person\/image\/\",\"url\":\"https:\/\/secure.gravatar.com\/avatar\/7463443f194b6b5fb706b074ca0ef59a0cfcfd720cb47764b0ec5a952ce422b3?s=96&d=mm&r=g\",\"contentUrl\":\"https:\/\/secure.gravatar.com\/avatar\/7463443f194b6b5fb706b074ca0ef59a0cfcfd720cb47764b0ec5a952ce422b3?s=96&d=mm&r=g\",\"caption\":\"La r\u00e9daction\"},\"sameAs\":[\"https:\/\/stourm.news\"],\"url\":\"https:\/\/stourm.news\/?author=1\"}]}<\/script>\n<!-- \/ Yoast SEO plugin. -->","yoast_head_json":{"title":"Brest : le membre d'une bande interpell\u00e9 apr\u00e8s avoir frapp\u00e9 un chien policier - STOURM","robots":{"index":"index","follow":"follow","max-snippet":"max-snippet:-1","max-image-preview":"max-image-preview:large","max-video-preview":"max-video-preview:-1"},"canonical":"https:\/\/stourm.news\/?p=2402","og_locale":"fr_FR","og_type":"article","og_title":"Brest : le membre d'une bande interpell\u00e9 apr\u00e8s avoir frapp\u00e9 un chien policier - STOURM","og_description":"Aux alentours de 1 h 50 du matin, les habitants du square La\u00ebnnec, situ\u00e9 dans le secteur de la rue de Kerfautras, ont \u00e9t\u00e9 brutalement r\u00e9veill\u00e9s par de la musique diffus\u00e9e \u00e0 plein volume. Alert\u00e9es par ce tapage nocturne, les forces de l\u2019ordre sont rapidement intervenues sur place. \u00c0 leur arriv\u00e9e, sept individus pr\u00e9sents sur [&hellip;]","og_url":"https:\/\/stourm.news\/?p=2402","og_site_name":"STOURM","article_publisher":"https:\/\/www.facebook.com\/stourmnews\/","article_published_time":"2024-09-25T05:20:47+00:00","og_image":[{"width":1875,"height":1250,"url":"https:\/\/stourm.news\/wp-content\/uploads\/2024\/09\/chien-policier-top-10.jpg","type":"image\/jpeg"}],"author":"La r\u00e9daction","twitter_card":"summary_large_image","twitter_misc":{"\u00c9crit par":"La r\u00e9daction","Dur\u00e9e de lecture estim\u00e9e":"2 minutes"},"schema":{"@context":"https:\/\/schema.org","@graph":[{"@type":"Article","@id":"https:\/\/stourm.news\/?p=2402#article","isPartOf":{"@id":"https:\/\/stourm.news\/?p=2402"},"author":{"name":"La r\u00e9daction","@id":"https:\/\/stourm.news\/#\/schema\/person\/c3e1dc65988632e190969234ef046cf9"},"headline":"Brest : le membre d&rsquo;une bande interpell\u00e9 apr\u00e8s avoir frapp\u00e9 un chien policier","datePublished":"2024-09-25T05:20:47+00:00","mainEntityOfPage":{"@id":"https:\/\/stourm.news\/?p=2402"},"wordCount":250,"commentCount":0,"publisher":{"@id":"https:\/\/stourm.news\/#organization"},"image":{"@id":"https:\/\/stourm.news\/?p=2402#primaryimage"},"thumbnailUrl":"https:\/\/stourm.news\/wp-content\/uploads\/2024\/09\/chien-policier-top-10.jpg","articleSection":["Faits divers","Finist\u00e8re","Revue de presse"],"inLanguage":"fr-FR","potentialAction":[{"@type":"CommentAction","name":"Comment","target":["https:\/\/stourm.news\/?p=2402#respond"]}]},{"@type":"WebPage","@id":"https:\/\/stourm.news\/?p=2402","url":"https:\/\/stourm.news\/?p=2402","name":"Brest : le membre d'une bande interpell\u00e9 apr\u00e8s avoir frapp\u00e9 un chien policier - STOURM","isPartOf":{"@id":"https:\/\/stourm.news\/#website"},"primaryImageOfPage":{"@id":"https:\/\/stourm.news\/?p=2402#primaryimage"},"image":{"@id":"https:\/\/stourm.news\/?p=2402#primaryimage"},"thumbnailUrl":"https:\/\/stourm.news\/wp-content\/uploads\/2024\/09\/chien-policier-top-10.jpg","datePublished":"2024-09-25T05:20:47+00:00","breadcrumb":{"@id":"https:\/\/stourm.news\/?p=2402#breadcrumb"},"inLanguage":"fr-FR","potentialAction":[{"@type":"ReadAction","target":["https:\/\/stourm.news\/?p=2402"]}]},{"@type":"ImageObject","inLanguage":"fr-FR","@id":"https:\/\/stourm.news\/?p=2402#primaryimage","url":"https:\/\/stourm.news\/wp-content\/uploads\/2024\/09\/chien-policier-top-10.jpg","contentUrl":"https:\/\/stourm.news\/wp-content\/uploads\/2024\/09\/chien-policier-top-10.jpg","width":1875,"height":1250},{"@type":"BreadcrumbList","@id":"https:\/\/stourm.news\/?p=2402#breadcrumb","itemListElement":[{"@type":"ListItem","position":1,"name":"Accueil","item":"https:\/\/stourm.news\/"},{"@type":"ListItem","position":2,"name":"Brest : le membre d&rsquo;une bande interpell\u00e9 apr\u00e8s avoir frapp\u00e9 un chien policier"}]},{"@type":"WebSite","@id":"https:\/\/stourm.news\/#website","url":"https:\/\/stourm.news\/","name":"Stourm","description":"Kazetenn Strollad Broadel Breizh","publisher":{"@id":"https:\/\/stourm.news\/#organization"},"potentialAction":[{"@type":"SearchAction","target":{"@type":"EntryPoint","urlTemplate":"https:\/\/stourm.news\/?s={search_term_string}"},"query-input":{"@type":"PropertyValueSpecification","valueRequired":true,"valueName":"search_term_string"}}],"inLanguage":"fr-FR"},{"@type":"Organization","@id":"https:\/\/stourm.news\/#organization","name":"Stourm","url":"https:\/\/stourm.news\/","logo":{"@type":"ImageObject","inLanguage":"fr-FR","@id":"https:\/\/stourm.news\/#\/schema\/logo\/image\/","url":"https:\/\/stourm.news\/wp-content\/uploads\/2025\/11\/cropped-Capture-decran-2025-11-28-a-15.19.07.png","contentUrl":"https:\/\/stourm.news\/wp-content\/uploads\/2025\/11\/cropped-Capture-decran-2025-11-28-a-15.19.07.png","width":1855,"height":383,"caption":"Stourm"},"image":{"@id":"https:\/\/stourm.news\/#\/schema\/logo\/image\/"},"sameAs":["https:\/\/www.facebook.com\/stourmnews\/"]},{"@type":"Person","@id":"https:\/\/stourm.news\/#\/schema\/person\/c3e1dc65988632e190969234ef046cf9","name":"La r\u00e9daction","image":{"@type":"ImageObject","inLanguage":"fr-FR","@id":"https:\/\/stourm.news\/#\/schema\/person\/image\/","url":"https:\/\/secure.gravatar.com\/avatar\/7463443f194b6b5fb706b074ca0ef59a0cfcfd720cb47764b0ec5a952ce422b3?s=96&d=mm&r=g","contentUrl":"https:\/\/secure.gravatar.com\/avatar\/7463443f194b6b5fb706b074ca0ef59a0cfcfd720cb47764b0ec5a952ce422b3?s=96&d=mm&r=g","caption":"La r\u00e9daction"},"sameAs":["https:\/\/stourm.news"],"url":"https:\/\/stourm.news\/?author=1"}]}},"_links":{"self":[{"href":"https:\/\/stourm.news\/index.php?rest_route=\/wp\/v2\/posts\/2402","targetHints":{"allow":["GET"]}}],"collection":[{"href":"https:\/\/stourm.news\/index.php?rest_route=\/wp\/v2\/posts"}],"about":[{"href":"https:\/\/stourm.news\/index.php?rest_route=\/wp\/v2\/types\/post"}],"author":[{"embeddable":true,"href":"https:\/\/stourm.news\/index.php?rest_route=\/wp\/v2\/users\/1"}],"replies":[{"embeddable":true,"href":"https:\/\/stourm.news\/index.php?rest_route=%2Fwp%2Fv2%2Fcomments&post=2402"}],"version-history":[{"count":1,"href":"https:\/\/stourm.news\/index.php?rest_route=\/wp\/v2\/posts\/2402\/revisions"}],"predecessor-version":[{"id":2404,"href":"https:\/\/stourm.news\/index.php?rest_route=\/wp\/v2\/posts\/2402\/revisions\/2404"}],"wp:featuredmedia":[{"embeddable":true,"href":"https:\/\/stourm.news\/index.php?rest_route=\/wp\/v2\/media\/2403"}],"wp:attachment":[{"href":"https:\/\/stourm.news\/index.php?rest_route=%2Fwp%2Fv2%2Fmedia&parent=2402"}],"wp:term":[{"taxonomy":"category","embeddable":true,"href":"https:\/\/stourm.news\/index.php?rest_route=%2Fwp%2Fv2%2Fcategories&post=2402"},{"taxonomy":"post_tag","embeddable":true,"href":"https:\/\/stourm.news\/index.php?rest_route=%2Fwp%2Fv2%2Ftags&post=2402"}],"curies":[{"name":"wp","href":"https:\/\/api.w.org\/{rel}","templated":true}]}}