{"id":2405,"date":"2024-09-25T05:26:54","date_gmt":"2024-09-25T05:26:54","guid":{"rendered":"https:\/\/stourm.news\/?p=2405"},"modified":"2024-09-25T05:26:54","modified_gmt":"2024-09-25T05:26:54","slug":"vannes-un-refugie-politique-afghan-condamne-pour-le-lynchage-de-deux-hommes","status":"publish","type":"post","link":"https:\/\/stourm.news\/?p=2405","title":{"rendered":"Vannes : un \u00ab\u00a0r\u00e9fugi\u00e9 politique\u00a0\u00bb afghan condamn\u00e9 pour le lynchage de deux hommes"},"content":{"rendered":"<p style=\"text-align: justify;\">Ce sont deux versions d\u2019un m\u00eame dossier qui s\u2019affrontent ce mardi 24 septembre devant le tribunal correctionnel de Vannes. Dans le box, <strong>un Afghan<\/strong> de 33 ans est jug\u00e9 <strong>pour avoir frapp\u00e9<\/strong>, en compagnie de deux compatriotes, deux hommes, le 31 ao\u00fbt dernier, \u00e0 la Rabine.<\/p>\n<p style=\"text-align: justify;\">Les coups de poing et pied ont provoqu\u00e9 une interruption temporaire de travail de dix jours pour l\u2019une des deux victimes. D\u00e9j\u00e0, le 3 septembre dernier, les deux autres auteurs des faits ont \u00e9t\u00e9 condamn\u00e9s \u00e0 un an de prison avec sursis. Le pr\u00e9venu de ce jour avait demand\u00e9 un d\u00e9lai pour pr\u00e9parer sa d\u00e9fense. Apr\u00e8s trois semaines pass\u00e9es en prison, il donne une version des faits qu\u2019il est seul \u00e0 soutenir.<\/p>\n<p>Source : <a href=\"https:\/\/www.letelegramme.fr\/morbihan\/vannes-56000\/tabassage-a-la-rabine-a-vannes-le-refugie-politique-condamne-a-de-la-prison-ferme-6668985.php\">Le T\u00e9l\u00e9gramme<\/a><\/p>\n","protected":false},"excerpt":{"rendered":"<p>Ce sont deux versions d\u2019un m\u00eame dossier qui s\u2019affrontent ce mardi 24 septembre devant le tribunal correctionnel de Vannes. Dans le box, un Afghan de 33 ans est jug\u00e9 pour avoir frapp\u00e9, en compagnie de deux compatriotes, deux hommes, le 31 ao\u00fbt dernier, \u00e0 la Rabine. Les coups de poing et pied ont provoqu\u00e9 une [&hellip;]<\/p>\n","protected":false},"author":1,"featured_media":2406,"comment_status":"open","ping_status":"open","sticky":false,"template":"","format":"standard","meta":{"sb_editor_width":"","footnotes":""},"categories":[31,33,40,62],"tags":[],"class_list":["post-2405","post","type-post","status-publish","format-standard","has-post-thumbnail","hentry","category-agression","category-immigration","category-morbihan","category-revue-de-presse"],"relative_dates":{"created":"2 ans ago","modified":"2 ans ago"},"yoast_head":"<!-- This site is optimized with the Yoast SEO plugin v26.3 - https:\/\/yoast.com\/wordpress\/plugins\/seo\/ -->\n<title>Vannes : un &quot;r\u00e9fugi\u00e9 politique&quot; afghan condamn\u00e9 pour le lynchage de deux hommes - STOURM<\/title>\n<meta name=\"robots\" content=\"index, follow, max-snippet:-1, max-image-preview:large, max-video-preview:-1\" \/>\n<link rel=\"canonical\" href=\"https:\/\/stourm.news\/?p=2405\" \/>\n<meta property=\"og:locale\" content=\"fr_FR\" \/>\n<meta property=\"og:type\" content=\"article\" \/>\n<meta property=\"og:title\" content=\"Vannes : un &quot;r\u00e9fugi\u00e9 politique&quot; afghan condamn\u00e9 pour le lynchage de deux hommes - STOURM\" \/>\n<meta property=\"og:description\" content=\"Ce sont deux versions d\u2019un m\u00eame dossier qui s\u2019affrontent ce mardi 24 septembre devant le tribunal correctionnel de Vannes. Dans le box, un Afghan de 33 ans est jug\u00e9 pour avoir frapp\u00e9, en compagnie de deux compatriotes, deux hommes, le 31 ao\u00fbt dernier, \u00e0 la Rabine. Les coups de poing et pied ont provoqu\u00e9 une [&hellip;]\" \/>\n<meta property=\"og:url\" content=\"https:\/\/stourm.news\/?p=2405\" \/>\n<meta property=\"og:site_name\" content=\"STOURM\" \/>\n<meta property=\"article:publisher\" content=\"https:\/\/www.facebook.com\/stourmnews\/\" \/>\n<meta property=\"article:published_time\" content=\"2024-09-25T05:26:54+00:00\" \/>\n<meta property=\"og:image\" content=\"https:\/\/stourm.news\/wp-content\/uploads\/2024\/09\/PFDFVRFFM5ATXC47UUIN6OFUEA.jpg\" \/>\n\t<meta property=\"og:image:width\" content=\"1024\" \/>\n\t<meta property=\"og:image:height\" content=\"683\" \/>\n\t<meta property=\"og:image:type\" content=\"image\/jpeg\" \/>\n<meta name=\"author\" content=\"La r\u00e9daction\" \/>\n<meta name=\"twitter:card\" content=\"summary_large_image\" \/>\n<meta name=\"twitter:label1\" content=\"\u00c9crit par\" \/>\n\t<meta name=\"twitter:data1\" content=\"La r\u00e9daction\" \/>\n\t<meta name=\"twitter:label2\" content=\"Dur\u00e9e de lecture estim\u00e9e\" \/>\n\t<meta name=\"twitter:data2\" content=\"1 minute\" \/>\n<script type=\"application\/ld+json\" class=\"yoast-schema-graph\">{\"@context\":\"https:\/\/schema.org\",\"@graph\":[{\"@type\":\"Article\",\"@id\":\"https:\/\/stourm.news\/?p=2405#article\",\"isPartOf\":{\"@id\":\"https:\/\/stourm.news\/?p=2405\"},\"author\":{\"name\":\"La r\u00e9daction\",\"@id\":\"https:\/\/stourm.news\/#\/schema\/person\/c3e1dc65988632e190969234ef046cf9\"},\"headline\":\"Vannes : un \u00ab\u00a0r\u00e9fugi\u00e9 politique\u00a0\u00bb afghan condamn\u00e9 pour le lynchage de deux hommes\",\"datePublished\":\"2024-09-25T05:26:54+00:00\",\"mainEntityOfPage\":{\"@id\":\"https:\/\/stourm.news\/?p=2405\"},\"wordCount\":143,\"commentCount\":0,\"publisher\":{\"@id\":\"https:\/\/stourm.news\/#organization\"},\"image\":{\"@id\":\"https:\/\/stourm.news\/?p=2405#primaryimage\"},\"thumbnailUrl\":\"https:\/\/stourm.news\/wp-content\/uploads\/2024\/09\/PFDFVRFFM5ATXC47UUIN6OFUEA.jpg\",\"articleSection\":[\"Agression\",\"Immigration\",\"Morbihan\",\"Revue de presse\"],\"inLanguage\":\"fr-FR\",\"potentialAction\":[{\"@type\":\"CommentAction\",\"name\":\"Comment\",\"target\":[\"https:\/\/stourm.news\/?p=2405#respond\"]}]},{\"@type\":\"WebPage\",\"@id\":\"https:\/\/stourm.news\/?p=2405\",\"url\":\"https:\/\/stourm.news\/?p=2405\",\"name\":\"Vannes : un \\\"r\u00e9fugi\u00e9 politique\\\" afghan condamn\u00e9 pour le lynchage de deux hommes - STOURM\",\"isPartOf\":{\"@id\":\"https:\/\/stourm.news\/#website\"},\"primaryImageOfPage\":{\"@id\":\"https:\/\/stourm.news\/?p=2405#primaryimage\"},\"image\":{\"@id\":\"https:\/\/stourm.news\/?p=2405#primaryimage\"},\"thumbnailUrl\":\"https:\/\/stourm.news\/wp-content\/uploads\/2024\/09\/PFDFVRFFM5ATXC47UUIN6OFUEA.jpg\",\"datePublished\":\"2024-09-25T05:26:54+00:00\",\"breadcrumb\":{\"@id\":\"https:\/\/stourm.news\/?p=2405#breadcrumb\"},\"inLanguage\":\"fr-FR\",\"potentialAction\":[{\"@type\":\"ReadAction\",\"target\":[\"https:\/\/stourm.news\/?p=2405\"]}]},{\"@type\":\"ImageObject\",\"inLanguage\":\"fr-FR\",\"@id\":\"https:\/\/stourm.news\/?p=2405#primaryimage\",\"url\":\"https:\/\/stourm.news\/wp-content\/uploads\/2024\/09\/PFDFVRFFM5ATXC47UUIN6OFUEA.jpg\",\"contentUrl\":\"https:\/\/stourm.news\/wp-content\/uploads\/2024\/09\/PFDFVRFFM5ATXC47UUIN6OFUEA.jpg\",\"width\":1024,\"height\":683,\"caption\":\"Protesters wave national Afghan flags and holds banners during a rally in support for Afghanistan following the take over of the country by the Taliban, at Place de la Republique in Paris on August 22, 2021. - The rally is to protest the takeover of Afghanistan by the Taliban and show solidarity with Afghans opposed to the new regime in Kabul. (Photo by STEPHANE DE SAKUTIN \/ AFP)\"},{\"@type\":\"BreadcrumbList\",\"@id\":\"https:\/\/stourm.news\/?p=2405#breadcrumb\",\"itemListElement\":[{\"@type\":\"ListItem\",\"position\":1,\"name\":\"Accueil\",\"item\":\"https:\/\/stourm.news\/\"},{\"@type\":\"ListItem\",\"position\":2,\"name\":\"Vannes : un \u00ab\u00a0r\u00e9fugi\u00e9 politique\u00a0\u00bb afghan condamn\u00e9 pour le lynchage de deux hommes\"}]},{\"@type\":\"WebSite\",\"@id\":\"https:\/\/stourm.news\/#website\",\"url\":\"https:\/\/stourm.news\/\",\"name\":\"Stourm\",\"description\":\"Kazetenn Strollad Broadel Breizh\",\"publisher\":{\"@id\":\"https:\/\/stourm.news\/#organization\"},\"potentialAction\":[{\"@type\":\"SearchAction\",\"target\":{\"@type\":\"EntryPoint\",\"urlTemplate\":\"https:\/\/stourm.news\/?s={search_term_string}\"},\"query-input\":{\"@type\":\"PropertyValueSpecification\",\"valueRequired\":true,\"valueName\":\"search_term_string\"}}],\"inLanguage\":\"fr-FR\"},{\"@type\":\"Organization\",\"@id\":\"https:\/\/stourm.news\/#organization\",\"name\":\"Stourm\",\"url\":\"https:\/\/stourm.news\/\",\"logo\":{\"@type\":\"ImageObject\",\"inLanguage\":\"fr-FR\",\"@id\":\"https:\/\/stourm.news\/#\/schema\/logo\/image\/\",\"url\":\"https:\/\/stourm.news\/wp-content\/uploads\/2025\/11\/cropped-Capture-decran-2025-11-28-a-15.19.07.png\",\"contentUrl\":\"https:\/\/stourm.news\/wp-content\/uploads\/2025\/11\/cropped-Capture-decran-2025-11-28-a-15.19.07.png\",\"width\":1855,\"height\":383,\"caption\":\"Stourm\"},\"image\":{\"@id\":\"https:\/\/stourm.news\/#\/schema\/logo\/image\/\"},\"sameAs\":[\"https:\/\/www.facebook.com\/stourmnews\/\"]},{\"@type\":\"Person\",\"@id\":\"https:\/\/stourm.news\/#\/schema\/person\/c3e1dc65988632e190969234ef046cf9\",\"name\":\"La r\u00e9daction\",\"image\":{\"@type\":\"ImageObject\",\"inLanguage\":\"fr-FR\",\"@id\":\"https:\/\/stourm.news\/#\/schema\/person\/image\/\",\"url\":\"https:\/\/secure.gravatar.com\/avatar\/7463443f194b6b5fb706b074ca0ef59a0cfcfd720cb47764b0ec5a952ce422b3?s=96&d=mm&r=g\",\"contentUrl\":\"https:\/\/secure.gravatar.com\/avatar\/7463443f194b6b5fb706b074ca0ef59a0cfcfd720cb47764b0ec5a952ce422b3?s=96&d=mm&r=g\",\"caption\":\"La r\u00e9daction\"},\"sameAs\":[\"https:\/\/stourm.news\"],\"url\":\"https:\/\/stourm.news\/?author=1\"}]}<\/script>\n<!-- \/ Yoast SEO plugin. -->","yoast_head_json":{"title":"Vannes : un \"r\u00e9fugi\u00e9 politique\" afghan condamn\u00e9 pour le lynchage de deux hommes - STOURM","robots":{"index":"index","follow":"follow","max-snippet":"max-snippet:-1","max-image-preview":"max-image-preview:large","max-video-preview":"max-video-preview:-1"},"canonical":"https:\/\/stourm.news\/?p=2405","og_locale":"fr_FR","og_type":"article","og_title":"Vannes : un \"r\u00e9fugi\u00e9 politique\" afghan condamn\u00e9 pour le lynchage de deux hommes - STOURM","og_description":"Ce sont deux versions d\u2019un m\u00eame dossier qui s\u2019affrontent ce mardi 24 septembre devant le tribunal correctionnel de Vannes. Dans le box, un Afghan de 33 ans est jug\u00e9 pour avoir frapp\u00e9, en compagnie de deux compatriotes, deux hommes, le 31 ao\u00fbt dernier, \u00e0 la Rabine. Les coups de poing et pied ont provoqu\u00e9 une [&hellip;]","og_url":"https:\/\/stourm.news\/?p=2405","og_site_name":"STOURM","article_publisher":"https:\/\/www.facebook.com\/stourmnews\/","article_published_time":"2024-09-25T05:26:54+00:00","og_image":[{"width":1024,"height":683,"url":"https:\/\/stourm.news\/wp-content\/uploads\/2024\/09\/PFDFVRFFM5ATXC47UUIN6OFUEA.jpg","type":"image\/jpeg"}],"author":"La r\u00e9daction","twitter_card":"summary_large_image","twitter_misc":{"\u00c9crit par":"La r\u00e9daction","Dur\u00e9e de lecture estim\u00e9e":"1 minute"},"schema":{"@context":"https:\/\/schema.org","@graph":[{"@type":"Article","@id":"https:\/\/stourm.news\/?p=2405#article","isPartOf":{"@id":"https:\/\/stourm.news\/?p=2405"},"author":{"name":"La r\u00e9daction","@id":"https:\/\/stourm.news\/#\/schema\/person\/c3e1dc65988632e190969234ef046cf9"},"headline":"Vannes : un \u00ab\u00a0r\u00e9fugi\u00e9 politique\u00a0\u00bb afghan condamn\u00e9 pour le lynchage de deux hommes","datePublished":"2024-09-25T05:26:54+00:00","mainEntityOfPage":{"@id":"https:\/\/stourm.news\/?p=2405"},"wordCount":143,"commentCount":0,"publisher":{"@id":"https:\/\/stourm.news\/#organization"},"image":{"@id":"https:\/\/stourm.news\/?p=2405#primaryimage"},"thumbnailUrl":"https:\/\/stourm.news\/wp-content\/uploads\/2024\/09\/PFDFVRFFM5ATXC47UUIN6OFUEA.jpg","articleSection":["Agression","Immigration","Morbihan","Revue de presse"],"inLanguage":"fr-FR","potentialAction":[{"@type":"CommentAction","name":"Comment","target":["https:\/\/stourm.news\/?p=2405#respond"]}]},{"@type":"WebPage","@id":"https:\/\/stourm.news\/?p=2405","url":"https:\/\/stourm.news\/?p=2405","name":"Vannes : un \"r\u00e9fugi\u00e9 politique\" afghan condamn\u00e9 pour le lynchage de deux hommes - STOURM","isPartOf":{"@id":"https:\/\/stourm.news\/#website"},"primaryImageOfPage":{"@id":"https:\/\/stourm.news\/?p=2405#primaryimage"},"image":{"@id":"https:\/\/stourm.news\/?p=2405#primaryimage"},"thumbnailUrl":"https:\/\/stourm.news\/wp-content\/uploads\/2024\/09\/PFDFVRFFM5ATXC47UUIN6OFUEA.jpg","datePublished":"2024-09-25T05:26:54+00:00","breadcrumb":{"@id":"https:\/\/stourm.news\/?p=2405#breadcrumb"},"inLanguage":"fr-FR","potentialAction":[{"@type":"ReadAction","target":["https:\/\/stourm.news\/?p=2405"]}]},{"@type":"ImageObject","inLanguage":"fr-FR","@id":"https:\/\/stourm.news\/?p=2405#primaryimage","url":"https:\/\/stourm.news\/wp-content\/uploads\/2024\/09\/PFDFVRFFM5ATXC47UUIN6OFUEA.jpg","contentUrl":"https:\/\/stourm.news\/wp-content\/uploads\/2024\/09\/PFDFVRFFM5ATXC47UUIN6OFUEA.jpg","width":1024,"height":683,"caption":"Protesters wave national Afghan flags and holds banners during a rally in support for Afghanistan following the take over of the country by the Taliban, at Place de la Republique in Paris on August 22, 2021. - The rally is to protest the takeover of Afghanistan by the Taliban and show solidarity with Afghans opposed to the new regime in Kabul. (Photo by STEPHANE DE SAKUTIN \/ AFP)"},{"@type":"BreadcrumbList","@id":"https:\/\/stourm.news\/?p=2405#breadcrumb","itemListElement":[{"@type":"ListItem","position":1,"name":"Accueil","item":"https:\/\/stourm.news\/"},{"@type":"ListItem","position":2,"name":"Vannes : un \u00ab\u00a0r\u00e9fugi\u00e9 politique\u00a0\u00bb afghan condamn\u00e9 pour le lynchage de deux hommes"}]},{"@type":"WebSite","@id":"https:\/\/stourm.news\/#website","url":"https:\/\/stourm.news\/","name":"Stourm","description":"Kazetenn Strollad Broadel Breizh","publisher":{"@id":"https:\/\/stourm.news\/#organization"},"potentialAction":[{"@type":"SearchAction","target":{"@type":"EntryPoint","urlTemplate":"https:\/\/stourm.news\/?s={search_term_string}"},"query-input":{"@type":"PropertyValueSpecification","valueRequired":true,"valueName":"search_term_string"}}],"inLanguage":"fr-FR"},{"@type":"Organization","@id":"https:\/\/stourm.news\/#organization","name":"Stourm","url":"https:\/\/stourm.news\/","logo":{"@type":"ImageObject","inLanguage":"fr-FR","@id":"https:\/\/stourm.news\/#\/schema\/logo\/image\/","url":"https:\/\/stourm.news\/wp-content\/uploads\/2025\/11\/cropped-Capture-decran-2025-11-28-a-15.19.07.png","contentUrl":"https:\/\/stourm.news\/wp-content\/uploads\/2025\/11\/cropped-Capture-decran-2025-11-28-a-15.19.07.png","width":1855,"height":383,"caption":"Stourm"},"image":{"@id":"https:\/\/stourm.news\/#\/schema\/logo\/image\/"},"sameAs":["https:\/\/www.facebook.com\/stourmnews\/"]},{"@type":"Person","@id":"https:\/\/stourm.news\/#\/schema\/person\/c3e1dc65988632e190969234ef046cf9","name":"La r\u00e9daction","image":{"@type":"ImageObject","inLanguage":"fr-FR","@id":"https:\/\/stourm.news\/#\/schema\/person\/image\/","url":"https:\/\/secure.gravatar.com\/avatar\/7463443f194b6b5fb706b074ca0ef59a0cfcfd720cb47764b0ec5a952ce422b3?s=96&d=mm&r=g","contentUrl":"https:\/\/secure.gravatar.com\/avatar\/7463443f194b6b5fb706b074ca0ef59a0cfcfd720cb47764b0ec5a952ce422b3?s=96&d=mm&r=g","caption":"La r\u00e9daction"},"sameAs":["https:\/\/stourm.news"],"url":"https:\/\/stourm.news\/?author=1"}]}},"_links":{"self":[{"href":"https:\/\/stourm.news\/index.php?rest_route=\/wp\/v2\/posts\/2405","targetHints":{"allow":["GET"]}}],"collection":[{"href":"https:\/\/stourm.news\/index.php?rest_route=\/wp\/v2\/posts"}],"about":[{"href":"https:\/\/stourm.news\/index.php?rest_route=\/wp\/v2\/types\/post"}],"author":[{"embeddable":true,"href":"https:\/\/stourm.news\/index.php?rest_route=\/wp\/v2\/users\/1"}],"replies":[{"embeddable":true,"href":"https:\/\/stourm.news\/index.php?rest_route=%2Fwp%2Fv2%2Fcomments&post=2405"}],"version-history":[{"count":1,"href":"https:\/\/stourm.news\/index.php?rest_route=\/wp\/v2\/posts\/2405\/revisions"}],"predecessor-version":[{"id":2407,"href":"https:\/\/stourm.news\/index.php?rest_route=\/wp\/v2\/posts\/2405\/revisions\/2407"}],"wp:featuredmedia":[{"embeddable":true,"href":"https:\/\/stourm.news\/index.php?rest_route=\/wp\/v2\/media\/2406"}],"wp:attachment":[{"href":"https:\/\/stourm.news\/index.php?rest_route=%2Fwp%2Fv2%2Fmedia&parent=2405"}],"wp:term":[{"taxonomy":"category","embeddable":true,"href":"https:\/\/stourm.news\/index.php?rest_route=%2Fwp%2Fv2%2Fcategories&post=2405"},{"taxonomy":"post_tag","embeddable":true,"href":"https:\/\/stourm.news\/index.php?rest_route=%2Fwp%2Fv2%2Ftags&post=2405"}],"curies":[{"name":"wp","href":"https:\/\/api.w.org\/{rel}","templated":true}]}}