{"id":2411,"date":"2024-09-25T05:46:20","date_gmt":"2024-09-25T05:46:20","guid":{"rendered":"https:\/\/stourm.news\/?p=2411"},"modified":"2024-09-25T05:46:20","modified_gmt":"2024-09-25T05:46:20","slug":"saint-nazaire-le-corps-dun-sdf-en-etat-de-decomposition-avancee-decouvert-en-centre-ville","status":"publish","type":"post","link":"https:\/\/stourm.news\/?p=2411","title":{"rendered":"Saint-Nazaire : Le corps d\u2019un SDF en \u00e9tat de d\u00e9composition avanc\u00e9e d\u00e9couvert en centre-ville"},"content":{"rendered":"<p style=\"text-align: justify;\">Macabre d\u00e9couverte lundi en milieu de matin\u00e9e \u00e0 Saint-Nazaire (Loire-Atlantique), o\u00f9 <strong>le corps sans vie<\/strong> d\u2019un sans-abri a \u00e9t\u00e9 d\u00e9couvert dans une tente, rapporte Presse Oc\u00e9an. La victime se trouvait dans un camp de fortune dissimul\u00e9 par des bambous <strong>au niveau de la place de l\u2019Am\u00e9rique latine<\/strong>, non loin de la base sous-marine. Selon le quotidien, son d\u00e9c\u00e8s remonte \u00e0 plusieurs jours, le corps \u00e9tant \u00ab dans un \u00e9tat de d\u00e9composition avanc\u00e9e \u00bb, selon la procureure de la ville.<\/p>\n<p>Source : <a href=\"https:\/\/www.20minutes.fr\/faits_divers\/4111653-20240924-saint-nazaire-corps-sdf-etat-decomposition-avancee-decouvert-sous-tente#xtor=RSS-149\">20 Minutes<\/a><\/p>\n","protected":false},"excerpt":{"rendered":"<p>Macabre d\u00e9couverte lundi en milieu de matin\u00e9e \u00e0 Saint-Nazaire (Loire-Atlantique), o\u00f9 le corps sans vie d\u2019un sans-abri a \u00e9t\u00e9 d\u00e9couvert dans une tente, rapporte Presse Oc\u00e9an. La victime se trouvait dans un camp de fortune dissimul\u00e9 par des bambous au niveau de la place de l\u2019Am\u00e9rique latine, non loin de la base sous-marine. Selon le [&hellip;]<\/p>\n","protected":false},"author":1,"featured_media":2412,"comment_status":"open","ping_status":"open","sticky":false,"template":"","format":"standard","meta":{"sb_editor_width":"","footnotes":""},"categories":[52,42,62],"tags":[],"class_list":["post-2411","post","type-post","status-publish","format-standard","has-post-thumbnail","hentry","category-faits-divers","category-loire-atlantique","category-revue-de-presse"],"relative_dates":{"created":"2 ans ago","modified":"2 ans ago"},"yoast_head":"<!-- This site is optimized with the Yoast SEO plugin v26.3 - https:\/\/yoast.com\/wordpress\/plugins\/seo\/ -->\n<title>Saint-Nazaire : Le corps d\u2019un SDF en \u00e9tat de d\u00e9composition avanc\u00e9e d\u00e9couvert en centre-ville - STOURM<\/title>\n<meta name=\"robots\" content=\"index, follow, max-snippet:-1, max-image-preview:large, max-video-preview:-1\" \/>\n<link rel=\"canonical\" href=\"https:\/\/stourm.news\/?p=2411\" \/>\n<meta property=\"og:locale\" content=\"fr_FR\" \/>\n<meta property=\"og:type\" content=\"article\" \/>\n<meta property=\"og:title\" content=\"Saint-Nazaire : Le corps d\u2019un SDF en \u00e9tat de d\u00e9composition avanc\u00e9e d\u00e9couvert en centre-ville - STOURM\" \/>\n<meta property=\"og:description\" content=\"Macabre d\u00e9couverte lundi en milieu de matin\u00e9e \u00e0 Saint-Nazaire (Loire-Atlantique), o\u00f9 le corps sans vie d\u2019un sans-abri a \u00e9t\u00e9 d\u00e9couvert dans une tente, rapporte Presse Oc\u00e9an. La victime se trouvait dans un camp de fortune dissimul\u00e9 par des bambous au niveau de la place de l\u2019Am\u00e9rique latine, non loin de la base sous-marine. Selon le [&hellip;]\" \/>\n<meta property=\"og:url\" content=\"https:\/\/stourm.news\/?p=2411\" \/>\n<meta property=\"og:site_name\" content=\"STOURM\" \/>\n<meta property=\"article:publisher\" content=\"https:\/\/www.facebook.com\/stourmnews\/\" \/>\n<meta property=\"article:published_time\" content=\"2024-09-25T05:46:20+00:00\" \/>\n<meta property=\"og:image\" content=\"https:\/\/stourm.news\/wp-content\/uploads\/2024\/09\/place-de-lamerique-latine.jpg\" \/>\n\t<meta property=\"og:image:width\" content=\"1280\" \/>\n\t<meta property=\"og:image:height\" content=\"853\" \/>\n\t<meta property=\"og:image:type\" content=\"image\/jpeg\" \/>\n<meta name=\"author\" content=\"La r\u00e9daction\" \/>\n<meta name=\"twitter:card\" content=\"summary_large_image\" \/>\n<meta name=\"twitter:label1\" content=\"\u00c9crit par\" \/>\n\t<meta name=\"twitter:data1\" content=\"La r\u00e9daction\" \/>\n\t<meta name=\"twitter:label2\" content=\"Dur\u00e9e de lecture estim\u00e9e\" \/>\n\t<meta name=\"twitter:data2\" content=\"1 minute\" \/>\n<script type=\"application\/ld+json\" class=\"yoast-schema-graph\">{\"@context\":\"https:\/\/schema.org\",\"@graph\":[{\"@type\":\"Article\",\"@id\":\"https:\/\/stourm.news\/?p=2411#article\",\"isPartOf\":{\"@id\":\"https:\/\/stourm.news\/?p=2411\"},\"author\":{\"name\":\"La r\u00e9daction\",\"@id\":\"https:\/\/stourm.news\/#\/schema\/person\/c3e1dc65988632e190969234ef046cf9\"},\"headline\":\"Saint-Nazaire : Le corps d\u2019un SDF en \u00e9tat de d\u00e9composition avanc\u00e9e d\u00e9couvert en centre-ville\",\"datePublished\":\"2024-09-25T05:46:20+00:00\",\"mainEntityOfPage\":{\"@id\":\"https:\/\/stourm.news\/?p=2411\"},\"wordCount\":105,\"commentCount\":0,\"publisher\":{\"@id\":\"https:\/\/stourm.news\/#organization\"},\"image\":{\"@id\":\"https:\/\/stourm.news\/?p=2411#primaryimage\"},\"thumbnailUrl\":\"https:\/\/stourm.news\/wp-content\/uploads\/2024\/09\/place-de-lamerique-latine.jpg\",\"articleSection\":[\"Faits divers\",\"Loire-Atlantique\",\"Revue de presse\"],\"inLanguage\":\"fr-FR\",\"potentialAction\":[{\"@type\":\"CommentAction\",\"name\":\"Comment\",\"target\":[\"https:\/\/stourm.news\/?p=2411#respond\"]}]},{\"@type\":\"WebPage\",\"@id\":\"https:\/\/stourm.news\/?p=2411\",\"url\":\"https:\/\/stourm.news\/?p=2411\",\"name\":\"Saint-Nazaire : Le corps d\u2019un SDF en \u00e9tat de d\u00e9composition avanc\u00e9e d\u00e9couvert en centre-ville - STOURM\",\"isPartOf\":{\"@id\":\"https:\/\/stourm.news\/#website\"},\"primaryImageOfPage\":{\"@id\":\"https:\/\/stourm.news\/?p=2411#primaryimage\"},\"image\":{\"@id\":\"https:\/\/stourm.news\/?p=2411#primaryimage\"},\"thumbnailUrl\":\"https:\/\/stourm.news\/wp-content\/uploads\/2024\/09\/place-de-lamerique-latine.jpg\",\"datePublished\":\"2024-09-25T05:46:20+00:00\",\"breadcrumb\":{\"@id\":\"https:\/\/stourm.news\/?p=2411#breadcrumb\"},\"inLanguage\":\"fr-FR\",\"potentialAction\":[{\"@type\":\"ReadAction\",\"target\":[\"https:\/\/stourm.news\/?p=2411\"]}]},{\"@type\":\"ImageObject\",\"inLanguage\":\"fr-FR\",\"@id\":\"https:\/\/stourm.news\/?p=2411#primaryimage\",\"url\":\"https:\/\/stourm.news\/wp-content\/uploads\/2024\/09\/place-de-lamerique-latine.jpg\",\"contentUrl\":\"https:\/\/stourm.news\/wp-content\/uploads\/2024\/09\/place-de-lamerique-latine.jpg\",\"width\":1280,\"height\":853},{\"@type\":\"BreadcrumbList\",\"@id\":\"https:\/\/stourm.news\/?p=2411#breadcrumb\",\"itemListElement\":[{\"@type\":\"ListItem\",\"position\":1,\"name\":\"Accueil\",\"item\":\"https:\/\/stourm.news\/\"},{\"@type\":\"ListItem\",\"position\":2,\"name\":\"Saint-Nazaire : Le corps d\u2019un SDF en \u00e9tat de d\u00e9composition avanc\u00e9e d\u00e9couvert en centre-ville\"}]},{\"@type\":\"WebSite\",\"@id\":\"https:\/\/stourm.news\/#website\",\"url\":\"https:\/\/stourm.news\/\",\"name\":\"Stourm\",\"description\":\"Kazetenn Strollad Broadel Breizh\",\"publisher\":{\"@id\":\"https:\/\/stourm.news\/#organization\"},\"potentialAction\":[{\"@type\":\"SearchAction\",\"target\":{\"@type\":\"EntryPoint\",\"urlTemplate\":\"https:\/\/stourm.news\/?s={search_term_string}\"},\"query-input\":{\"@type\":\"PropertyValueSpecification\",\"valueRequired\":true,\"valueName\":\"search_term_string\"}}],\"inLanguage\":\"fr-FR\"},{\"@type\":\"Organization\",\"@id\":\"https:\/\/stourm.news\/#organization\",\"name\":\"Stourm\",\"url\":\"https:\/\/stourm.news\/\",\"logo\":{\"@type\":\"ImageObject\",\"inLanguage\":\"fr-FR\",\"@id\":\"https:\/\/stourm.news\/#\/schema\/logo\/image\/\",\"url\":\"https:\/\/stourm.news\/wp-content\/uploads\/2025\/11\/cropped-Capture-decran-2025-11-28-a-15.19.07.png\",\"contentUrl\":\"https:\/\/stourm.news\/wp-content\/uploads\/2025\/11\/cropped-Capture-decran-2025-11-28-a-15.19.07.png\",\"width\":1855,\"height\":383,\"caption\":\"Stourm\"},\"image\":{\"@id\":\"https:\/\/stourm.news\/#\/schema\/logo\/image\/\"},\"sameAs\":[\"https:\/\/www.facebook.com\/stourmnews\/\"]},{\"@type\":\"Person\",\"@id\":\"https:\/\/stourm.news\/#\/schema\/person\/c3e1dc65988632e190969234ef046cf9\",\"name\":\"La r\u00e9daction\",\"image\":{\"@type\":\"ImageObject\",\"inLanguage\":\"fr-FR\",\"@id\":\"https:\/\/stourm.news\/#\/schema\/person\/image\/\",\"url\":\"https:\/\/secure.gravatar.com\/avatar\/7463443f194b6b5fb706b074ca0ef59a0cfcfd720cb47764b0ec5a952ce422b3?s=96&d=mm&r=g\",\"contentUrl\":\"https:\/\/secure.gravatar.com\/avatar\/7463443f194b6b5fb706b074ca0ef59a0cfcfd720cb47764b0ec5a952ce422b3?s=96&d=mm&r=g\",\"caption\":\"La r\u00e9daction\"},\"sameAs\":[\"https:\/\/stourm.news\"],\"url\":\"https:\/\/stourm.news\/?author=1\"}]}<\/script>\n<!-- \/ Yoast SEO plugin. -->","yoast_head_json":{"title":"Saint-Nazaire : Le corps d\u2019un SDF en \u00e9tat de d\u00e9composition avanc\u00e9e d\u00e9couvert en centre-ville - STOURM","robots":{"index":"index","follow":"follow","max-snippet":"max-snippet:-1","max-image-preview":"max-image-preview:large","max-video-preview":"max-video-preview:-1"},"canonical":"https:\/\/stourm.news\/?p=2411","og_locale":"fr_FR","og_type":"article","og_title":"Saint-Nazaire : Le corps d\u2019un SDF en \u00e9tat de d\u00e9composition avanc\u00e9e d\u00e9couvert en centre-ville - STOURM","og_description":"Macabre d\u00e9couverte lundi en milieu de matin\u00e9e \u00e0 Saint-Nazaire (Loire-Atlantique), o\u00f9 le corps sans vie d\u2019un sans-abri a \u00e9t\u00e9 d\u00e9couvert dans une tente, rapporte Presse Oc\u00e9an. La victime se trouvait dans un camp de fortune dissimul\u00e9 par des bambous au niveau de la place de l\u2019Am\u00e9rique latine, non loin de la base sous-marine. Selon le [&hellip;]","og_url":"https:\/\/stourm.news\/?p=2411","og_site_name":"STOURM","article_publisher":"https:\/\/www.facebook.com\/stourmnews\/","article_published_time":"2024-09-25T05:46:20+00:00","og_image":[{"width":1280,"height":853,"url":"https:\/\/stourm.news\/wp-content\/uploads\/2024\/09\/place-de-lamerique-latine.jpg","type":"image\/jpeg"}],"author":"La r\u00e9daction","twitter_card":"summary_large_image","twitter_misc":{"\u00c9crit par":"La r\u00e9daction","Dur\u00e9e de lecture estim\u00e9e":"1 minute"},"schema":{"@context":"https:\/\/schema.org","@graph":[{"@type":"Article","@id":"https:\/\/stourm.news\/?p=2411#article","isPartOf":{"@id":"https:\/\/stourm.news\/?p=2411"},"author":{"name":"La r\u00e9daction","@id":"https:\/\/stourm.news\/#\/schema\/person\/c3e1dc65988632e190969234ef046cf9"},"headline":"Saint-Nazaire : Le corps d\u2019un SDF en \u00e9tat de d\u00e9composition avanc\u00e9e d\u00e9couvert en centre-ville","datePublished":"2024-09-25T05:46:20+00:00","mainEntityOfPage":{"@id":"https:\/\/stourm.news\/?p=2411"},"wordCount":105,"commentCount":0,"publisher":{"@id":"https:\/\/stourm.news\/#organization"},"image":{"@id":"https:\/\/stourm.news\/?p=2411#primaryimage"},"thumbnailUrl":"https:\/\/stourm.news\/wp-content\/uploads\/2024\/09\/place-de-lamerique-latine.jpg","articleSection":["Faits divers","Loire-Atlantique","Revue de presse"],"inLanguage":"fr-FR","potentialAction":[{"@type":"CommentAction","name":"Comment","target":["https:\/\/stourm.news\/?p=2411#respond"]}]},{"@type":"WebPage","@id":"https:\/\/stourm.news\/?p=2411","url":"https:\/\/stourm.news\/?p=2411","name":"Saint-Nazaire : Le corps d\u2019un SDF en \u00e9tat de d\u00e9composition avanc\u00e9e d\u00e9couvert en centre-ville - STOURM","isPartOf":{"@id":"https:\/\/stourm.news\/#website"},"primaryImageOfPage":{"@id":"https:\/\/stourm.news\/?p=2411#primaryimage"},"image":{"@id":"https:\/\/stourm.news\/?p=2411#primaryimage"},"thumbnailUrl":"https:\/\/stourm.news\/wp-content\/uploads\/2024\/09\/place-de-lamerique-latine.jpg","datePublished":"2024-09-25T05:46:20+00:00","breadcrumb":{"@id":"https:\/\/stourm.news\/?p=2411#breadcrumb"},"inLanguage":"fr-FR","potentialAction":[{"@type":"ReadAction","target":["https:\/\/stourm.news\/?p=2411"]}]},{"@type":"ImageObject","inLanguage":"fr-FR","@id":"https:\/\/stourm.news\/?p=2411#primaryimage","url":"https:\/\/stourm.news\/wp-content\/uploads\/2024\/09\/place-de-lamerique-latine.jpg","contentUrl":"https:\/\/stourm.news\/wp-content\/uploads\/2024\/09\/place-de-lamerique-latine.jpg","width":1280,"height":853},{"@type":"BreadcrumbList","@id":"https:\/\/stourm.news\/?p=2411#breadcrumb","itemListElement":[{"@type":"ListItem","position":1,"name":"Accueil","item":"https:\/\/stourm.news\/"},{"@type":"ListItem","position":2,"name":"Saint-Nazaire : Le corps d\u2019un SDF en \u00e9tat de d\u00e9composition avanc\u00e9e d\u00e9couvert en centre-ville"}]},{"@type":"WebSite","@id":"https:\/\/stourm.news\/#website","url":"https:\/\/stourm.news\/","name":"Stourm","description":"Kazetenn Strollad Broadel Breizh","publisher":{"@id":"https:\/\/stourm.news\/#organization"},"potentialAction":[{"@type":"SearchAction","target":{"@type":"EntryPoint","urlTemplate":"https:\/\/stourm.news\/?s={search_term_string}"},"query-input":{"@type":"PropertyValueSpecification","valueRequired":true,"valueName":"search_term_string"}}],"inLanguage":"fr-FR"},{"@type":"Organization","@id":"https:\/\/stourm.news\/#organization","name":"Stourm","url":"https:\/\/stourm.news\/","logo":{"@type":"ImageObject","inLanguage":"fr-FR","@id":"https:\/\/stourm.news\/#\/schema\/logo\/image\/","url":"https:\/\/stourm.news\/wp-content\/uploads\/2025\/11\/cropped-Capture-decran-2025-11-28-a-15.19.07.png","contentUrl":"https:\/\/stourm.news\/wp-content\/uploads\/2025\/11\/cropped-Capture-decran-2025-11-28-a-15.19.07.png","width":1855,"height":383,"caption":"Stourm"},"image":{"@id":"https:\/\/stourm.news\/#\/schema\/logo\/image\/"},"sameAs":["https:\/\/www.facebook.com\/stourmnews\/"]},{"@type":"Person","@id":"https:\/\/stourm.news\/#\/schema\/person\/c3e1dc65988632e190969234ef046cf9","name":"La r\u00e9daction","image":{"@type":"ImageObject","inLanguage":"fr-FR","@id":"https:\/\/stourm.news\/#\/schema\/person\/image\/","url":"https:\/\/secure.gravatar.com\/avatar\/7463443f194b6b5fb706b074ca0ef59a0cfcfd720cb47764b0ec5a952ce422b3?s=96&d=mm&r=g","contentUrl":"https:\/\/secure.gravatar.com\/avatar\/7463443f194b6b5fb706b074ca0ef59a0cfcfd720cb47764b0ec5a952ce422b3?s=96&d=mm&r=g","caption":"La r\u00e9daction"},"sameAs":["https:\/\/stourm.news"],"url":"https:\/\/stourm.news\/?author=1"}]}},"_links":{"self":[{"href":"https:\/\/stourm.news\/index.php?rest_route=\/wp\/v2\/posts\/2411","targetHints":{"allow":["GET"]}}],"collection":[{"href":"https:\/\/stourm.news\/index.php?rest_route=\/wp\/v2\/posts"}],"about":[{"href":"https:\/\/stourm.news\/index.php?rest_route=\/wp\/v2\/types\/post"}],"author":[{"embeddable":true,"href":"https:\/\/stourm.news\/index.php?rest_route=\/wp\/v2\/users\/1"}],"replies":[{"embeddable":true,"href":"https:\/\/stourm.news\/index.php?rest_route=%2Fwp%2Fv2%2Fcomments&post=2411"}],"version-history":[{"count":1,"href":"https:\/\/stourm.news\/index.php?rest_route=\/wp\/v2\/posts\/2411\/revisions"}],"predecessor-version":[{"id":2413,"href":"https:\/\/stourm.news\/index.php?rest_route=\/wp\/v2\/posts\/2411\/revisions\/2413"}],"wp:featuredmedia":[{"embeddable":true,"href":"https:\/\/stourm.news\/index.php?rest_route=\/wp\/v2\/media\/2412"}],"wp:attachment":[{"href":"https:\/\/stourm.news\/index.php?rest_route=%2Fwp%2Fv2%2Fmedia&parent=2411"}],"wp:term":[{"taxonomy":"category","embeddable":true,"href":"https:\/\/stourm.news\/index.php?rest_route=%2Fwp%2Fv2%2Fcategories&post=2411"},{"taxonomy":"post_tag","embeddable":true,"href":"https:\/\/stourm.news\/index.php?rest_route=%2Fwp%2Fv2%2Ftags&post=2411"}],"curies":[{"name":"wp","href":"https:\/\/api.w.org\/{rel}","templated":true}]}}