{"id":2414,"date":"2024-09-26T06:35:58","date_gmt":"2024-09-26T06:35:58","guid":{"rendered":"https:\/\/stourm.news\/?p=2414"},"modified":"2024-09-26T06:35:58","modified_gmt":"2024-09-26T06:35:58","slug":"plogoff-victoire-dun-petit-village-breton-face-a-letat-francais","status":"publish","type":"post","link":"https:\/\/stourm.news\/?p=2414","title":{"rendered":"Plogoff : victoire d&rsquo;un petit village breton, face \u00e0 l&rsquo;Etat fran\u00e7ais"},"content":{"rendered":"<p style=\"text-align: justify;\">Dans les ann\u00e9es 1970, la Bretagne, est au c\u0153ur d&rsquo;un mouvement de contestation qui marquera son histoire : la lutte contre l&rsquo;implantation d&rsquo;une centrale nucl\u00e9aire \u00e0 Plogoff. Cette petite commune, situ\u00e9e sur la Pointe du Raz, devient le symbole d&rsquo;une r\u00e9sistance populaire face \u00e0 un projet de centrale nucl\u00e9aire inadapt\u00e9 et impos\u00e9 par l&rsquo;Etat fran\u00e7ais.<\/p>\n<p style=\"text-align: justify;\"><strong>Le commencement<\/strong><\/p>\n<p style=\"text-align: justify;\">\u00c0 cette \u00e9poque, la France s&rsquo;engage dans une politique \u00e9nerg\u00e9tique ambitieuse, visant \u00e0 d\u00e9velopper le nucl\u00e9aire comme principale source d&rsquo;\u00e9nergie. Dans ce cadre l&rsquo;Etat fran\u00e7ais d\u00e9cide de construire une centrale \u00e0 Plogoff, sur des terres qui, pour les habitants, sont non seulement un lieu de vie, mais aussi un espace naturel pr\u00e9cieux. La d\u00e9cision, prise \u00e0 Paris, suscite une forte opposition locale d\u00e8s le d\u00e9part.<\/p>\n<p style=\"text-align: justify;\"><strong>Rapidement, la mobilisation&#8230;<\/strong><\/p>\n<p style=\"text-align: justify;\">La contestation s&rsquo;organise rapidement. Des manifestations, des r\u00e9unions publiques et des actions de d\u00e9sob\u00e9issance civile sont mises en place. Les habitants de Plogoff, soutenus par des \u00e9cologistes, des militants bretons et des activistes de divers horizons, se rassemblent pour exprimer leur rejet du projet. Des slogans tels que \u00ab\u00a0Non \u00e0 la centrale \u00e0 Plogoff !\u00a0\u00bb r\u00e9sonnent dans les rues, les chemins et les champs du pays. La lutte prend une dimension symbolique, incarnant un refus de la centralisation fran\u00e7aise des d\u00e9cisions politiques et un appel \u00e0 la d\u00e9mocratie locale en Bretagne. Tous les jours vers 17H, toute la population Plogoffite se r\u00e9unit pour calomni\u00e9 le d\u00e9part des gardes mobiles fran\u00e7ais, \u00e0 coups de jets de pierres et d&rsquo;insultes.<\/p>\n<p style=\"text-align: justify;\"><strong>Les \u00e9v\u00e9nements marquants<\/strong><\/p>\n<p style=\"text-align: justify;\">Le mouvement Plogoffite atteint son apog\u00e9e en 1980, lorsque des milliers de personnes se rassemblent pour une grande manifestation. Les forces de l&rsquo;ordre sont mobilis\u00e9es de mani\u00e8re surdimensionn\u00e9es pour tenter de disperser les manifestants, mais la r\u00e9sistance est forte. Les actions de blocage, de sabotage, d&rsquo;intimidation et d&rsquo;occupation des sites pr\u00e9vus pour la construction de la centrale se multiplient.<\/p>\n<p style=\"text-align: justify;\"><strong>Un combat gagn\u00e9, un exemple pour le Peuple breton<\/strong><\/p>\n<p style=\"text-align: justify;\">Face \u00e0 cette mobilisation intense et \u00e0 la pression croissante de l&rsquo;opinion publique, l&rsquo;Etat fran\u00e7ais finit par abandonner le projet de centrale nucl\u00e9aire \u00e0 Plogoff en 1981. Cette victoire est salu\u00e9e comme un triomphe de la d\u00e9mocratie locale et de la r\u00e9sistance bretonne.<\/p>\n<p style=\"text-align: justify;\"><strong>Qu&rsquo;en dit le Parti National Breton ?<\/strong><\/p>\n<p style=\"text-align: justify;\">La lutte contre la centrale nucl\u00e9aire de Plogoff illustre parfaitement la n\u00e9cessit\u00e9 d&rsquo;un dialogue entre les d\u00e9cideurs politiques et les populations locales. Le Parti National Breton, dans sa position, souligne que le nucl\u00e9aire doit \u00eatre implant\u00e9 sur des sites adapt\u00e9s et en accord avec les habitants. La centrale nucl\u00e9aire impos\u00e9e par Paris en Bretagne \u00e9tait per\u00e7ue comme une insulte \u00e0 la d\u00e9mocratie, un d\u00e9ni des droits des populations \u00e0 d\u00e9cider de leur avenir. Cette lutte a permise de faire entendre la voix des Bretons, dans leur propre pays, encore occup\u00e9 par les forces fran\u00e7aises.<\/p>\n<p style=\"text-align: right;\"><strong>Ronan Morvan<\/strong><\/p>\n","protected":false},"excerpt":{"rendered":"<p>Dans les ann\u00e9es 1970, la Bretagne, est au c\u0153ur d&rsquo;un mouvement de contestation qui marquera son histoire : la lutte contre l&rsquo;implantation d&rsquo;une centrale nucl\u00e9aire \u00e0 Plogoff. Cette petite commune, situ\u00e9e sur la Pointe du Raz, devient le symbole d&rsquo;une r\u00e9sistance populaire face \u00e0 un projet de centrale nucl\u00e9aire inadapt\u00e9 et impos\u00e9 par l&rsquo;Etat fran\u00e7ais. [&hellip;]<\/p>\n","protected":false},"author":1,"featured_media":2426,"comment_status":"open","ping_status":"open","sticky":false,"template":"","format":"standard","meta":{"sb_editor_width":"","footnotes":""},"categories":[58,65],"tags":[],"class_list":["post-2414","post","type-post","status-publish","format-standard","has-post-thumbnail","hentry","category-breizh","category-principale"],"relative_dates":{"created":"2 ans ago","modified":"2 ans ago"},"yoast_head":"<!-- This site is optimized with the Yoast SEO plugin v26.3 - https:\/\/yoast.com\/wordpress\/plugins\/seo\/ -->\n<title>Plogoff : victoire d&#039;un petit village breton, face \u00e0 l&#039;Etat fran\u00e7ais - STOURM<\/title>\n<meta name=\"robots\" content=\"index, follow, max-snippet:-1, max-image-preview:large, max-video-preview:-1\" \/>\n<link rel=\"canonical\" href=\"https:\/\/stourm.news\/?p=2414\" \/>\n<meta property=\"og:locale\" content=\"fr_FR\" \/>\n<meta property=\"og:type\" content=\"article\" \/>\n<meta property=\"og:title\" content=\"Plogoff : victoire d&#039;un petit village breton, face \u00e0 l&#039;Etat fran\u00e7ais - STOURM\" \/>\n<meta property=\"og:description\" content=\"Dans les ann\u00e9es 1970, la Bretagne, est au c\u0153ur d&rsquo;un mouvement de contestation qui marquera son histoire : la lutte contre l&rsquo;implantation d&rsquo;une centrale nucl\u00e9aire \u00e0 Plogoff. Cette petite commune, situ\u00e9e sur la Pointe du Raz, devient le symbole d&rsquo;une r\u00e9sistance populaire face \u00e0 un projet de centrale nucl\u00e9aire inadapt\u00e9 et impos\u00e9 par l&rsquo;Etat fran\u00e7ais. [&hellip;]\" \/>\n<meta property=\"og:url\" content=\"https:\/\/stourm.news\/?p=2414\" \/>\n<meta property=\"og:site_name\" content=\"STOURM\" \/>\n<meta property=\"article:publisher\" content=\"https:\/\/www.facebook.com\/stourmnews\/\" \/>\n<meta property=\"article:published_time\" content=\"2024-09-26T06:35:58+00:00\" \/>\n<meta property=\"og:image\" content=\"https:\/\/stourm.news\/wp-content\/uploads\/2024\/09\/1200x680_eugene_le_droff_telegramme.jpg\" \/>\n\t<meta property=\"og:image:width\" content=\"1200\" \/>\n\t<meta property=\"og:image:height\" content=\"680\" \/>\n\t<meta property=\"og:image:type\" content=\"image\/jpeg\" \/>\n<meta name=\"author\" content=\"La r\u00e9daction\" \/>\n<meta name=\"twitter:card\" content=\"summary_large_image\" \/>\n<meta name=\"twitter:label1\" content=\"\u00c9crit par\" \/>\n\t<meta name=\"twitter:data1\" content=\"La r\u00e9daction\" \/>\n\t<meta name=\"twitter:label2\" content=\"Dur\u00e9e de lecture estim\u00e9e\" \/>\n\t<meta name=\"twitter:data2\" content=\"3 minutes\" \/>\n<script type=\"application\/ld+json\" class=\"yoast-schema-graph\">{\"@context\":\"https:\/\/schema.org\",\"@graph\":[{\"@type\":\"Article\",\"@id\":\"https:\/\/stourm.news\/?p=2414#article\",\"isPartOf\":{\"@id\":\"https:\/\/stourm.news\/?p=2414\"},\"author\":{\"name\":\"La r\u00e9daction\",\"@id\":\"https:\/\/stourm.news\/#\/schema\/person\/c3e1dc65988632e190969234ef046cf9\"},\"headline\":\"Plogoff : victoire d&rsquo;un petit village breton, face \u00e0 l&rsquo;Etat fran\u00e7ais\",\"datePublished\":\"2024-09-26T06:35:58+00:00\",\"mainEntityOfPage\":{\"@id\":\"https:\/\/stourm.news\/?p=2414\"},\"wordCount\":518,\"commentCount\":0,\"publisher\":{\"@id\":\"https:\/\/stourm.news\/#organization\"},\"image\":{\"@id\":\"https:\/\/stourm.news\/?p=2414#primaryimage\"},\"thumbnailUrl\":\"https:\/\/stourm.news\/wp-content\/uploads\/2024\/09\/1200x680_eugene_le_droff_telegramme.jpg\",\"articleSection\":[\"Breizh\",\"Principale\"],\"inLanguage\":\"fr-FR\",\"potentialAction\":[{\"@type\":\"CommentAction\",\"name\":\"Comment\",\"target\":[\"https:\/\/stourm.news\/?p=2414#respond\"]}]},{\"@type\":\"WebPage\",\"@id\":\"https:\/\/stourm.news\/?p=2414\",\"url\":\"https:\/\/stourm.news\/?p=2414\",\"name\":\"Plogoff : victoire d'un petit village breton, face \u00e0 l'Etat fran\u00e7ais - STOURM\",\"isPartOf\":{\"@id\":\"https:\/\/stourm.news\/#website\"},\"primaryImageOfPage\":{\"@id\":\"https:\/\/stourm.news\/?p=2414#primaryimage\"},\"image\":{\"@id\":\"https:\/\/stourm.news\/?p=2414#primaryimage\"},\"thumbnailUrl\":\"https:\/\/stourm.news\/wp-content\/uploads\/2024\/09\/1200x680_eugene_le_droff_telegramme.jpg\",\"datePublished\":\"2024-09-26T06:35:58+00:00\",\"breadcrumb\":{\"@id\":\"https:\/\/stourm.news\/?p=2414#breadcrumb\"},\"inLanguage\":\"fr-FR\",\"potentialAction\":[{\"@type\":\"ReadAction\",\"target\":[\"https:\/\/stourm.news\/?p=2414\"]}]},{\"@type\":\"ImageObject\",\"inLanguage\":\"fr-FR\",\"@id\":\"https:\/\/stourm.news\/?p=2414#primaryimage\",\"url\":\"https:\/\/stourm.news\/wp-content\/uploads\/2024\/09\/1200x680_eugene_le_droff_telegramme.jpg\",\"contentUrl\":\"https:\/\/stourm.news\/wp-content\/uploads\/2024\/09\/1200x680_eugene_le_droff_telegramme.jpg\",\"width\":1200,\"height\":680},{\"@type\":\"BreadcrumbList\",\"@id\":\"https:\/\/stourm.news\/?p=2414#breadcrumb\",\"itemListElement\":[{\"@type\":\"ListItem\",\"position\":1,\"name\":\"Accueil\",\"item\":\"https:\/\/stourm.news\/\"},{\"@type\":\"ListItem\",\"position\":2,\"name\":\"Plogoff : victoire d&rsquo;un petit village breton, face \u00e0 l&rsquo;Etat fran\u00e7ais\"}]},{\"@type\":\"WebSite\",\"@id\":\"https:\/\/stourm.news\/#website\",\"url\":\"https:\/\/stourm.news\/\",\"name\":\"Stourm\",\"description\":\"Kazetenn Strollad Broadel Breizh\",\"publisher\":{\"@id\":\"https:\/\/stourm.news\/#organization\"},\"potentialAction\":[{\"@type\":\"SearchAction\",\"target\":{\"@type\":\"EntryPoint\",\"urlTemplate\":\"https:\/\/stourm.news\/?s={search_term_string}\"},\"query-input\":{\"@type\":\"PropertyValueSpecification\",\"valueRequired\":true,\"valueName\":\"search_term_string\"}}],\"inLanguage\":\"fr-FR\"},{\"@type\":\"Organization\",\"@id\":\"https:\/\/stourm.news\/#organization\",\"name\":\"Stourm\",\"url\":\"https:\/\/stourm.news\/\",\"logo\":{\"@type\":\"ImageObject\",\"inLanguage\":\"fr-FR\",\"@id\":\"https:\/\/stourm.news\/#\/schema\/logo\/image\/\",\"url\":\"https:\/\/stourm.news\/wp-content\/uploads\/2025\/11\/cropped-Capture-decran-2025-11-28-a-15.19.07.png\",\"contentUrl\":\"https:\/\/stourm.news\/wp-content\/uploads\/2025\/11\/cropped-Capture-decran-2025-11-28-a-15.19.07.png\",\"width\":1855,\"height\":383,\"caption\":\"Stourm\"},\"image\":{\"@id\":\"https:\/\/stourm.news\/#\/schema\/logo\/image\/\"},\"sameAs\":[\"https:\/\/www.facebook.com\/stourmnews\/\"]},{\"@type\":\"Person\",\"@id\":\"https:\/\/stourm.news\/#\/schema\/person\/c3e1dc65988632e190969234ef046cf9\",\"name\":\"La r\u00e9daction\",\"image\":{\"@type\":\"ImageObject\",\"inLanguage\":\"fr-FR\",\"@id\":\"https:\/\/stourm.news\/#\/schema\/person\/image\/\",\"url\":\"https:\/\/secure.gravatar.com\/avatar\/7463443f194b6b5fb706b074ca0ef59a0cfcfd720cb47764b0ec5a952ce422b3?s=96&d=mm&r=g\",\"contentUrl\":\"https:\/\/secure.gravatar.com\/avatar\/7463443f194b6b5fb706b074ca0ef59a0cfcfd720cb47764b0ec5a952ce422b3?s=96&d=mm&r=g\",\"caption\":\"La r\u00e9daction\"},\"sameAs\":[\"https:\/\/stourm.news\"],\"url\":\"https:\/\/stourm.news\/?author=1\"}]}<\/script>\n<!-- \/ Yoast SEO plugin. -->","yoast_head_json":{"title":"Plogoff : victoire d'un petit village breton, face \u00e0 l'Etat fran\u00e7ais - STOURM","robots":{"index":"index","follow":"follow","max-snippet":"max-snippet:-1","max-image-preview":"max-image-preview:large","max-video-preview":"max-video-preview:-1"},"canonical":"https:\/\/stourm.news\/?p=2414","og_locale":"fr_FR","og_type":"article","og_title":"Plogoff : victoire d'un petit village breton, face \u00e0 l'Etat fran\u00e7ais - STOURM","og_description":"Dans les ann\u00e9es 1970, la Bretagne, est au c\u0153ur d&rsquo;un mouvement de contestation qui marquera son histoire : la lutte contre l&rsquo;implantation d&rsquo;une centrale nucl\u00e9aire \u00e0 Plogoff. Cette petite commune, situ\u00e9e sur la Pointe du Raz, devient le symbole d&rsquo;une r\u00e9sistance populaire face \u00e0 un projet de centrale nucl\u00e9aire inadapt\u00e9 et impos\u00e9 par l&rsquo;Etat fran\u00e7ais. [&hellip;]","og_url":"https:\/\/stourm.news\/?p=2414","og_site_name":"STOURM","article_publisher":"https:\/\/www.facebook.com\/stourmnews\/","article_published_time":"2024-09-26T06:35:58+00:00","og_image":[{"width":1200,"height":680,"url":"https:\/\/stourm.news\/wp-content\/uploads\/2024\/09\/1200x680_eugene_le_droff_telegramme.jpg","type":"image\/jpeg"}],"author":"La r\u00e9daction","twitter_card":"summary_large_image","twitter_misc":{"\u00c9crit par":"La r\u00e9daction","Dur\u00e9e de lecture estim\u00e9e":"3 minutes"},"schema":{"@context":"https:\/\/schema.org","@graph":[{"@type":"Article","@id":"https:\/\/stourm.news\/?p=2414#article","isPartOf":{"@id":"https:\/\/stourm.news\/?p=2414"},"author":{"name":"La r\u00e9daction","@id":"https:\/\/stourm.news\/#\/schema\/person\/c3e1dc65988632e190969234ef046cf9"},"headline":"Plogoff : victoire d&rsquo;un petit village breton, face \u00e0 l&rsquo;Etat fran\u00e7ais","datePublished":"2024-09-26T06:35:58+00:00","mainEntityOfPage":{"@id":"https:\/\/stourm.news\/?p=2414"},"wordCount":518,"commentCount":0,"publisher":{"@id":"https:\/\/stourm.news\/#organization"},"image":{"@id":"https:\/\/stourm.news\/?p=2414#primaryimage"},"thumbnailUrl":"https:\/\/stourm.news\/wp-content\/uploads\/2024\/09\/1200x680_eugene_le_droff_telegramme.jpg","articleSection":["Breizh","Principale"],"inLanguage":"fr-FR","potentialAction":[{"@type":"CommentAction","name":"Comment","target":["https:\/\/stourm.news\/?p=2414#respond"]}]},{"@type":"WebPage","@id":"https:\/\/stourm.news\/?p=2414","url":"https:\/\/stourm.news\/?p=2414","name":"Plogoff : victoire d'un petit village breton, face \u00e0 l'Etat fran\u00e7ais - STOURM","isPartOf":{"@id":"https:\/\/stourm.news\/#website"},"primaryImageOfPage":{"@id":"https:\/\/stourm.news\/?p=2414#primaryimage"},"image":{"@id":"https:\/\/stourm.news\/?p=2414#primaryimage"},"thumbnailUrl":"https:\/\/stourm.news\/wp-content\/uploads\/2024\/09\/1200x680_eugene_le_droff_telegramme.jpg","datePublished":"2024-09-26T06:35:58+00:00","breadcrumb":{"@id":"https:\/\/stourm.news\/?p=2414#breadcrumb"},"inLanguage":"fr-FR","potentialAction":[{"@type":"ReadAction","target":["https:\/\/stourm.news\/?p=2414"]}]},{"@type":"ImageObject","inLanguage":"fr-FR","@id":"https:\/\/stourm.news\/?p=2414#primaryimage","url":"https:\/\/stourm.news\/wp-content\/uploads\/2024\/09\/1200x680_eugene_le_droff_telegramme.jpg","contentUrl":"https:\/\/stourm.news\/wp-content\/uploads\/2024\/09\/1200x680_eugene_le_droff_telegramme.jpg","width":1200,"height":680},{"@type":"BreadcrumbList","@id":"https:\/\/stourm.news\/?p=2414#breadcrumb","itemListElement":[{"@type":"ListItem","position":1,"name":"Accueil","item":"https:\/\/stourm.news\/"},{"@type":"ListItem","position":2,"name":"Plogoff : victoire d&rsquo;un petit village breton, face \u00e0 l&rsquo;Etat fran\u00e7ais"}]},{"@type":"WebSite","@id":"https:\/\/stourm.news\/#website","url":"https:\/\/stourm.news\/","name":"Stourm","description":"Kazetenn Strollad Broadel Breizh","publisher":{"@id":"https:\/\/stourm.news\/#organization"},"potentialAction":[{"@type":"SearchAction","target":{"@type":"EntryPoint","urlTemplate":"https:\/\/stourm.news\/?s={search_term_string}"},"query-input":{"@type":"PropertyValueSpecification","valueRequired":true,"valueName":"search_term_string"}}],"inLanguage":"fr-FR"},{"@type":"Organization","@id":"https:\/\/stourm.news\/#organization","name":"Stourm","url":"https:\/\/stourm.news\/","logo":{"@type":"ImageObject","inLanguage":"fr-FR","@id":"https:\/\/stourm.news\/#\/schema\/logo\/image\/","url":"https:\/\/stourm.news\/wp-content\/uploads\/2025\/11\/cropped-Capture-decran-2025-11-28-a-15.19.07.png","contentUrl":"https:\/\/stourm.news\/wp-content\/uploads\/2025\/11\/cropped-Capture-decran-2025-11-28-a-15.19.07.png","width":1855,"height":383,"caption":"Stourm"},"image":{"@id":"https:\/\/stourm.news\/#\/schema\/logo\/image\/"},"sameAs":["https:\/\/www.facebook.com\/stourmnews\/"]},{"@type":"Person","@id":"https:\/\/stourm.news\/#\/schema\/person\/c3e1dc65988632e190969234ef046cf9","name":"La r\u00e9daction","image":{"@type":"ImageObject","inLanguage":"fr-FR","@id":"https:\/\/stourm.news\/#\/schema\/person\/image\/","url":"https:\/\/secure.gravatar.com\/avatar\/7463443f194b6b5fb706b074ca0ef59a0cfcfd720cb47764b0ec5a952ce422b3?s=96&d=mm&r=g","contentUrl":"https:\/\/secure.gravatar.com\/avatar\/7463443f194b6b5fb706b074ca0ef59a0cfcfd720cb47764b0ec5a952ce422b3?s=96&d=mm&r=g","caption":"La r\u00e9daction"},"sameAs":["https:\/\/stourm.news"],"url":"https:\/\/stourm.news\/?author=1"}]}},"_links":{"self":[{"href":"https:\/\/stourm.news\/index.php?rest_route=\/wp\/v2\/posts\/2414","targetHints":{"allow":["GET"]}}],"collection":[{"href":"https:\/\/stourm.news\/index.php?rest_route=\/wp\/v2\/posts"}],"about":[{"href":"https:\/\/stourm.news\/index.php?rest_route=\/wp\/v2\/types\/post"}],"author":[{"embeddable":true,"href":"https:\/\/stourm.news\/index.php?rest_route=\/wp\/v2\/users\/1"}],"replies":[{"embeddable":true,"href":"https:\/\/stourm.news\/index.php?rest_route=%2Fwp%2Fv2%2Fcomments&post=2414"}],"version-history":[{"count":1,"href":"https:\/\/stourm.news\/index.php?rest_route=\/wp\/v2\/posts\/2414\/revisions"}],"predecessor-version":[{"id":2427,"href":"https:\/\/stourm.news\/index.php?rest_route=\/wp\/v2\/posts\/2414\/revisions\/2427"}],"wp:featuredmedia":[{"embeddable":true,"href":"https:\/\/stourm.news\/index.php?rest_route=\/wp\/v2\/media\/2426"}],"wp:attachment":[{"href":"https:\/\/stourm.news\/index.php?rest_route=%2Fwp%2Fv2%2Fmedia&parent=2414"}],"wp:term":[{"taxonomy":"category","embeddable":true,"href":"https:\/\/stourm.news\/index.php?rest_route=%2Fwp%2Fv2%2Fcategories&post=2414"},{"taxonomy":"post_tag","embeddable":true,"href":"https:\/\/stourm.news\/index.php?rest_route=%2Fwp%2Fv2%2Ftags&post=2414"}],"curies":[{"name":"wp","href":"https:\/\/api.w.org\/{rel}","templated":true}]}}