{"id":2416,"date":"2024-09-26T05:47:59","date_gmt":"2024-09-26T05:47:59","guid":{"rendered":"https:\/\/stourm.news\/?p=2416"},"modified":"2024-09-26T05:56:51","modified_gmt":"2024-09-26T05:56:51","slug":"pseudo-manifestation-pour-la-reunification-du-28-septembre-une-operation-de-lextreme-gauche-contre-bretagne-reunie","status":"publish","type":"post","link":"https:\/\/stourm.news\/?p=2416","title":{"rendered":"Pseudo-manifestation pour la r\u00e9unification du 28 septembre : une op\u00e9ration de l&rsquo;extr\u00eame-gauche contre Bretagne R\u00e9unie"},"content":{"rendered":"<p style=\"text-align: justify;\">Le 28 septembre 2024 \u00e0 Nantes, une manifestation a \u00e9t\u00e9 annonc\u00e9e pour la \u00ab\u00a0r\u00e9unification de la Bretagne\u00a0\u00bb. Manoeuvre de l&rsquo;extr\u00eame-gauche r\u00e9gionaliste pour invisibiliser la manifestation organis\u00e9e le 12 octobre par Bretagne R\u00e9unie, l&rsquo;association historique qui milite pour la r\u00e9unification, on retrouve parmi les principaux signataires l&rsquo;UDB, voiture-balais de la gauche hexagonale, et l&rsquo;histrion marxiste Ga\u00ebl Roblin.<\/p>\n<p style=\"text-align: justify;\">Un rapide coup d&rsquo;oeil permet de comprendre que la \u00ab\u00a0r\u00e9unification\u00a0\u00bb n&rsquo;est pas le th\u00e8me central de l&rsquo;\u00e9v\u00e8nement, tant s&rsquo;en faut. Con\u00e7ue pour ratisser large, les organisateurs appellent \u00e0 se mobiliser contre le \u00ab\u00a0populisme\u00a0\u00bb, le gouvernement fran\u00e7ais et son ministre de la police Bruno Retailleau, et \u00e0 \u00ab\u00a0refonder la d\u00e9mocratie\u00a0\u00bb locale. Pour faire bonne mesure, il s&rsquo;agira aussi de soutenir l&rsquo;Ukraine, la Cal\u00e9donie voire la Palestine.<\/p>\n<blockquote class=\"twitter-tweet\">\n<p dir=\"ltr\" lang=\"fr\">La soci\u00e9t\u00e9 bretonne se mobilise pour faire barrage aux nationalo-populistes et proposer une refondation de la d\u00e9mocratie sur ses bases locales<\/p>\n<p>1er RDV \u00e0 <a href=\"https:\/\/twitter.com\/hashtag\/Nantes?src=hash&amp;ref_src=twsrc%5Etfw\">#Nantes<\/a> ce samedi 28\/09 \u00e0 15h au Miroir d\u2019Eau<\/p>\n<p>Le projet autoritaire de M. <a href=\"https:\/\/twitter.com\/hashtag\/Retailleau?src=hash&amp;ref_src=twsrc%5Etfw\">#Retailleau<\/a> ne passera pas! <a href=\"https:\/\/twitter.com\/hashtag\/Autonomie?src=hash&amp;ref_src=twsrc%5Etfw\">#Autonomie<\/a> <a href=\"https:\/\/twitter.com\/hashtag\/Unit%C3%A9BZH?src=hash&amp;ref_src=twsrc%5Etfw\">#Unit\u00e9BZH<\/a> <a href=\"https:\/\/t.co\/M1EMVUo5a9\">pic.twitter.com\/M1EMVUo5a9<\/a><\/p>\n<p>\u2014 Aziliz Gouez \ud83c\uddfa\ud83c\udde6 (@AzilizGouez) <a href=\"https:\/\/twitter.com\/AzilizGouez\/status\/1838701391725928822?ref_src=twsrc%5Etfw\">September 24, 2024<\/a><\/p><\/blockquote>\n<p><script async src=\"https:\/\/platform.twitter.com\/widgets.js\" charset=\"utf-8\"><\/script><\/p>\n<blockquote class=\"twitter-tweet\">\n<p dir=\"ltr\" lang=\"fr\">Alors on a une manif toute pr\u00eate et livr\u00e9e samedi prochain \u00e0 <a href=\"https:\/\/twitter.com\/hashtag\/Nantes?src=hash&amp;ref_src=twsrc%5Etfw\">#Nantes<\/a> , pour l&rsquo;unit\u00e9 de la <a href=\"https:\/\/twitter.com\/hashtag\/Bretagne?src=hash&amp;ref_src=twsrc%5Etfw\">#Bretagne<\/a> , le droit de d\u00e9cider, la solidarit\u00e9 internationaliste,un RdV <a href=\"https:\/\/twitter.com\/hashtag\/antifasciste?src=hash&amp;ref_src=twsrc%5Etfw\">#antifasciste<\/a> qui tombe \u00e0 point pour dire toute notre d\u00e9fiance au <a href=\"https:\/\/twitter.com\/hashtag\/GouvernenementBarnier?src=hash&amp;ref_src=twsrc%5Etfw\">#GouvernenementBarnier<\/a> , non \u00e0 <a href=\"https:\/\/twitter.com\/hashtag\/Macron?src=hash&amp;ref_src=twsrc%5Etfw\">#Macron<\/a> , non \u00e0\u2026 <a href=\"https:\/\/t.co\/f9dpw2zSBB\">https:\/\/t.co\/f9dpw2zSBB<\/a><\/p>\n<p>\u2014 Gael Roblin (@gaelroblin) <a href=\"https:\/\/twitter.com\/gaelroblin\/status\/1837554096632746002?ref_src=twsrc%5Etfw\">September 21, 2024<\/a><\/p><\/blockquote>\n<p><script async src=\"https:\/\/platform.twitter.com\/widgets.js\" charset=\"utf-8\"><\/script><\/p>\n<p style=\"text-align: justify;\">Le seul mot d&rsquo;ordre v\u00e9ritablement consensuel parmi les protagonistes est toutefois le soutien \u00e0 l&rsquo;immigration de masse comme le prouvent les visuels de la manifestation qui projettent une Bretagne \u00e0 minorit\u00e9 bretonne, repeupl\u00e9e d&rsquo;Africains, d&rsquo;Orientaux et &#8211; apr\u00e8s tout pourquoi pas &#8211; d&rsquo;Asiatiques. Dans cette manifestation soi-disant relative \u00e0 la \u00ab\u00a0r\u00e9unification\u00a0\u00bb, les Bretons, devenus encombrants pour les adeptes de la religion de l&rsquo;immigration, n&rsquo;occupent plus qu&rsquo;une place symbolique.<\/p>\n<blockquote class=\"twitter-tweet\">\n<p dir=\"ltr\" lang=\"sl\"><a href=\"https:\/\/twitter.com\/hashtag\/Nantes?src=hash&amp;ref_src=twsrc%5Etfw\">#Nantes<\/a> samedi 28 septembre <a href=\"https:\/\/twitter.com\/15h?ref_src=twsrc%5Etfw\">@15h<\/a> <a href=\"https:\/\/t.co\/o0PWUyPrrw\">pic.twitter.com\/o0PWUyPrrw<\/a><\/p>\n<p>\u2014 Aziliz Gouez \ud83c\uddfa\ud83c\udde6 (@AzilizGouez) <a href=\"https:\/\/twitter.com\/AzilizGouez\/status\/1838709517355487527?ref_src=twsrc%5Etfw\">September 24, 2024<\/a><\/p><\/blockquote>\n<p><script async src=\"https:\/\/platform.twitter.com\/widgets.js\" charset=\"utf-8\"><\/script><\/p>\n<p style=\"text-align: justify;\">Le succ\u00e8s de Bretagne R\u00e9unie, renforc\u00e9 par la p\u00e9tition qui lui avait permis de r\u00e9unir 105,000 habitants de Loire-Atlantique, fait d&rsquo;elle le principal levier d&rsquo;action sur la question en Bretagne. Prudente, elle est demeur\u00e9e neutre politiquement. Une position difficilement tol\u00e9rable pour l&rsquo;extr\u00eame-gauche r\u00e9gionaliste dont les \u00e9lus d\u00e9pendent d&rsquo;un \u00e9troit monopole associatif et m\u00e9diatique, tout particuli\u00e8rement \u00e0 Nantes o\u00f9 le Parti socialiste fran\u00e7ais entend r\u00e9gner sans partage. Aziliz Gouez, membre de la majorit\u00e9 de Johanna Rolland (PS), a int\u00e9r\u00eat \u00e0 occuper ce terrain pour justifier de sa reconduction en 2026.<\/p>\n<p style=\"text-align: justify;\">Au del\u00e0 de l&rsquo;agitation de cette petite frange marxiste, nous assistons \u00e0 un rapprochement tactique entre l&rsquo;UDB et Roblin, relais du Parti Communiste Fran\u00e7ais dans les C\u00f4tes d&rsquo;Armor. Leur marginalisation respective par le Nouveau Front Populaire lors des \u00e9lections l\u00e9gislatives de juin dernier, particuli\u00e8rement sous l&rsquo;impulsion de la France Insoumise, pousse les uns et les autres \u00e0 mettre leurs diff\u00e9rences id\u00e9ologiques de c\u00f4t\u00e9 pour tenter d&rsquo;exister en vue des \u00e9lections municipales de 2026, mais surtout des \u00e9lections d\u00e9partementales et r\u00e9gionales de 2028.<\/p>\n<blockquote class=\"twitter-tweet\">\n<p dir=\"ltr\" lang=\"fr\">L&rsquo;<a href=\"https:\/\/twitter.com\/UDB__?ref_src=twsrc%5Etfw\">@UDB__<\/a> sera \u00e0 la manif du 28 septembre \u00e0 <a href=\"https:\/\/twitter.com\/hashtag\/Nantes?src=hash&amp;ref_src=twsrc%5Etfw\">#Nantes<\/a> \u00e0 15h au miroir d&rsquo;eau pour r\u00e9clamer entre autres, la r\u00e9unification de la Bretagne et son autonomie.<br \/>\nOn vous y attend nombreux ! <a href=\"https:\/\/t.co\/GjFMSbrYjg\">pic.twitter.com\/GjFMSbrYjg<\/a><\/p>\n<p>\u2014 Union D\u00e9m. Bretonne (@UDB__) <a href=\"https:\/\/twitter.com\/UDB__\/status\/1838257472181780858?ref_src=twsrc%5Etfw\">September 23, 2024<\/a><\/p><\/blockquote>\n<p><script async src=\"https:\/\/platform.twitter.com\/widgets.js\" charset=\"utf-8\"><\/script><\/p>\n<p style=\"text-align: justify;\">L&rsquo;extr\u00eame-gauche r\u00e9gionaliste tente depuis longtemps de s&rsquo;approprier la question de la r\u00e9unification de la Bretagne pour mieux la subordonner \u00e0 sa th\u00e9matique obsessionnelle qu&rsquo;est la religion de l&rsquo;immigration massive. On se souvient de \u00ab\u00a0Dibab\u00a0\u00bb il y a dix ans, une autre op\u00e9ration de Ga\u00ebl Roblin visant \u00e0 mettre en coupes r\u00e9gl\u00e9es le th\u00e8me de la R\u00e9unification qui a fait long feu. Cette nouvelle tentative ne vise rien moins qu&rsquo;\u00e0 saboter l&rsquo;action de Bretagne r\u00e9unie, confortant au passage les int\u00e9r\u00eats de l&rsquo;\u00c9tat fran\u00e7ais sur la question.<\/p>\n<p style=\"text-align: justify;\">Rappelons donc que la v\u00e9ritable manifestation pour la r\u00e9unification de la Bretagne aura lieu le samedi 12 octobre prochain \u00e0 l&rsquo;initiative de Bretagne r\u00e9unie.<\/p>\n<blockquote class=\"twitter-tweet\">\n<p dir=\"ltr\" lang=\"fr\">NE PAS CONFONDRE !<\/p>\n<p>BRETAGNE:il y a la r\u00e9alit\u00e9 politico-administrative et la r\u00e9alit\u00e9 g\u00e9ographique<\/p>\n<p>D&rsquo;o\u00f9 la violation par l&rsquo;Etat fran\u00e7ais de notre communaut\u00e9 humaine bretonne \u00e9cartel\u00e9e entre 2 r\u00e9gions administratives<\/p>\n<p>Politique contraire aux chartes internationales !<a href=\"https:\/\/twitter.com\/AlanCoraud?ref_src=twsrc%5Etfw\">@AlanCoraud<\/a> <a href=\"https:\/\/t.co\/ZFotbPW8bz\">pic.twitter.com\/ZFotbPW8bz<\/a><\/p>\n<p>\u2014 Bretagne R\u00e9unie \ud83d\udcaf (@bretagnereunie) <a href=\"https:\/\/twitter.com\/bretagnereunie\/status\/1824740519106207861?ref_src=twsrc%5Etfw\">August 17, 2024<\/a><\/p><\/blockquote>\n<p><script async src=\"https:\/\/platform.twitter.com\/widgets.js\" charset=\"utf-8\"><\/script><\/p>\n<p style=\"text-align: right;\"><strong>Ewen Broc&rsquo;han<\/strong><\/p>\n","protected":false},"excerpt":{"rendered":"<p>Le 28 septembre 2024 \u00e0 Nantes, une manifestation a \u00e9t\u00e9 annonc\u00e9e pour la \u00ab\u00a0r\u00e9unification de la Bretagne\u00a0\u00bb. Manoeuvre de l&rsquo;extr\u00eame-gauche r\u00e9gionaliste pour invisibiliser la manifestation organis\u00e9e le 12 octobre par Bretagne R\u00e9unie, l&rsquo;association historique qui milite pour la r\u00e9unification, on retrouve parmi les principaux signataires l&rsquo;UDB, voiture-balais de la gauche hexagonale, et l&rsquo;histrion marxiste Ga\u00ebl [&hellip;]<\/p>\n","protected":false},"author":1,"featured_media":2418,"comment_status":"open","ping_status":"open","sticky":false,"template":"","format":"standard","meta":{"sb_editor_width":"","footnotes":""},"categories":[63,36,67,65],"tags":[],"class_list":["post-2416","post","type-post","status-publish","format-standard","has-post-thumbnail","hentry","category-editorial","category-extreme-gauche","category-politique","category-principale"],"relative_dates":{"created":"2 ans ago","modified":"2 ans ago"},"yoast_head":"<!-- This site is optimized with the Yoast SEO plugin v26.3 - https:\/\/yoast.com\/wordpress\/plugins\/seo\/ -->\n<title>Pseudo-manifestation pour la r\u00e9unification du 28 septembre : une op\u00e9ration de l&#039;extr\u00eame-gauche contre Bretagne R\u00e9unie - STOURM<\/title>\n<meta name=\"robots\" content=\"index, follow, max-snippet:-1, max-image-preview:large, max-video-preview:-1\" \/>\n<link rel=\"canonical\" href=\"https:\/\/stourm.news\/?p=2416\" \/>\n<meta property=\"og:locale\" content=\"fr_FR\" \/>\n<meta property=\"og:type\" content=\"article\" \/>\n<meta property=\"og:title\" content=\"Pseudo-manifestation pour la r\u00e9unification du 28 septembre : une op\u00e9ration de l&#039;extr\u00eame-gauche contre Bretagne R\u00e9unie - STOURM\" \/>\n<meta property=\"og:description\" content=\"Le 28 septembre 2024 \u00e0 Nantes, une manifestation a \u00e9t\u00e9 annonc\u00e9e pour la \u00ab\u00a0r\u00e9unification de la Bretagne\u00a0\u00bb. Manoeuvre de l&rsquo;extr\u00eame-gauche r\u00e9gionaliste pour invisibiliser la manifestation organis\u00e9e le 12 octobre par Bretagne R\u00e9unie, l&rsquo;association historique qui milite pour la r\u00e9unification, on retrouve parmi les principaux signataires l&rsquo;UDB, voiture-balais de la gauche hexagonale, et l&rsquo;histrion marxiste Ga\u00ebl [&hellip;]\" \/>\n<meta property=\"og:url\" content=\"https:\/\/stourm.news\/?p=2416\" \/>\n<meta property=\"og:site_name\" content=\"STOURM\" \/>\n<meta property=\"article:publisher\" content=\"https:\/\/www.facebook.com\/stourmnews\/\" \/>\n<meta property=\"article:published_time\" content=\"2024-09-26T05:47:59+00:00\" \/>\n<meta property=\"article:modified_time\" content=\"2024-09-26T05:56:51+00:00\" \/>\n<meta property=\"og:image\" content=\"https:\/\/stourm.news\/wp-content\/uploads\/2024\/09\/P34159212D6267889G_crop_640-330_.webp\" \/>\n\t<meta property=\"og:image:width\" content=\"640\" \/>\n\t<meta property=\"og:image:height\" content=\"330\" \/>\n\t<meta property=\"og:image:type\" content=\"image\/webp\" \/>\n<meta name=\"author\" content=\"La r\u00e9daction\" \/>\n<meta name=\"twitter:card\" content=\"summary_large_image\" \/>\n<meta name=\"twitter:label1\" content=\"\u00c9crit par\" \/>\n\t<meta name=\"twitter:data1\" content=\"La r\u00e9daction\" \/>\n\t<meta name=\"twitter:label2\" content=\"Dur\u00e9e de lecture estim\u00e9e\" \/>\n\t<meta name=\"twitter:data2\" content=\"3 minutes\" \/>\n<script type=\"application\/ld+json\" class=\"yoast-schema-graph\">{\"@context\":\"https:\/\/schema.org\",\"@graph\":[{\"@type\":\"Article\",\"@id\":\"https:\/\/stourm.news\/?p=2416#article\",\"isPartOf\":{\"@id\":\"https:\/\/stourm.news\/?p=2416\"},\"author\":{\"name\":\"La r\u00e9daction\",\"@id\":\"https:\/\/stourm.news\/#\/schema\/person\/c3e1dc65988632e190969234ef046cf9\"},\"headline\":\"Pseudo-manifestation pour la r\u00e9unification du 28 septembre : une op\u00e9ration de l&rsquo;extr\u00eame-gauche contre Bretagne R\u00e9unie\",\"datePublished\":\"2024-09-26T05:47:59+00:00\",\"dateModified\":\"2024-09-26T05:56:51+00:00\",\"mainEntityOfPage\":{\"@id\":\"https:\/\/stourm.news\/?p=2416\"},\"wordCount\":781,\"commentCount\":0,\"publisher\":{\"@id\":\"https:\/\/stourm.news\/#organization\"},\"image\":{\"@id\":\"https:\/\/stourm.news\/?p=2416#primaryimage\"},\"thumbnailUrl\":\"https:\/\/stourm.news\/wp-content\/uploads\/2024\/09\/P34159212D6267889G_crop_640-330_.webp\",\"articleSection\":[\"Editorial\",\"Extr\u00eame-gauche\",\"Politique\",\"Principale\"],\"inLanguage\":\"fr-FR\",\"potentialAction\":[{\"@type\":\"CommentAction\",\"name\":\"Comment\",\"target\":[\"https:\/\/stourm.news\/?p=2416#respond\"]}]},{\"@type\":\"WebPage\",\"@id\":\"https:\/\/stourm.news\/?p=2416\",\"url\":\"https:\/\/stourm.news\/?p=2416\",\"name\":\"Pseudo-manifestation pour la r\u00e9unification du 28 septembre : une op\u00e9ration de l'extr\u00eame-gauche contre Bretagne R\u00e9unie - STOURM\",\"isPartOf\":{\"@id\":\"https:\/\/stourm.news\/#website\"},\"primaryImageOfPage\":{\"@id\":\"https:\/\/stourm.news\/?p=2416#primaryimage\"},\"image\":{\"@id\":\"https:\/\/stourm.news\/?p=2416#primaryimage\"},\"thumbnailUrl\":\"https:\/\/stourm.news\/wp-content\/uploads\/2024\/09\/P34159212D6267889G_crop_640-330_.webp\",\"datePublished\":\"2024-09-26T05:47:59+00:00\",\"dateModified\":\"2024-09-26T05:56:51+00:00\",\"breadcrumb\":{\"@id\":\"https:\/\/stourm.news\/?p=2416#breadcrumb\"},\"inLanguage\":\"fr-FR\",\"potentialAction\":[{\"@type\":\"ReadAction\",\"target\":[\"https:\/\/stourm.news\/?p=2416\"]}]},{\"@type\":\"ImageObject\",\"inLanguage\":\"fr-FR\",\"@id\":\"https:\/\/stourm.news\/?p=2416#primaryimage\",\"url\":\"https:\/\/stourm.news\/wp-content\/uploads\/2024\/09\/P34159212D6267889G_crop_640-330_.webp\",\"contentUrl\":\"https:\/\/stourm.news\/wp-content\/uploads\/2024\/09\/P34159212D6267889G_crop_640-330_.webp\",\"width\":640,\"height\":330},{\"@type\":\"BreadcrumbList\",\"@id\":\"https:\/\/stourm.news\/?p=2416#breadcrumb\",\"itemListElement\":[{\"@type\":\"ListItem\",\"position\":1,\"name\":\"Accueil\",\"item\":\"https:\/\/stourm.news\/\"},{\"@type\":\"ListItem\",\"position\":2,\"name\":\"Pseudo-manifestation pour la r\u00e9unification du 28 septembre : une op\u00e9ration de l&rsquo;extr\u00eame-gauche contre Bretagne R\u00e9unie\"}]},{\"@type\":\"WebSite\",\"@id\":\"https:\/\/stourm.news\/#website\",\"url\":\"https:\/\/stourm.news\/\",\"name\":\"Stourm\",\"description\":\"Kazetenn Strollad Broadel Breizh\",\"publisher\":{\"@id\":\"https:\/\/stourm.news\/#organization\"},\"potentialAction\":[{\"@type\":\"SearchAction\",\"target\":{\"@type\":\"EntryPoint\",\"urlTemplate\":\"https:\/\/stourm.news\/?s={search_term_string}\"},\"query-input\":{\"@type\":\"PropertyValueSpecification\",\"valueRequired\":true,\"valueName\":\"search_term_string\"}}],\"inLanguage\":\"fr-FR\"},{\"@type\":\"Organization\",\"@id\":\"https:\/\/stourm.news\/#organization\",\"name\":\"Stourm\",\"url\":\"https:\/\/stourm.news\/\",\"logo\":{\"@type\":\"ImageObject\",\"inLanguage\":\"fr-FR\",\"@id\":\"https:\/\/stourm.news\/#\/schema\/logo\/image\/\",\"url\":\"https:\/\/stourm.news\/wp-content\/uploads\/2025\/11\/cropped-Capture-decran-2025-11-28-a-15.19.07.png\",\"contentUrl\":\"https:\/\/stourm.news\/wp-content\/uploads\/2025\/11\/cropped-Capture-decran-2025-11-28-a-15.19.07.png\",\"width\":1855,\"height\":383,\"caption\":\"Stourm\"},\"image\":{\"@id\":\"https:\/\/stourm.news\/#\/schema\/logo\/image\/\"},\"sameAs\":[\"https:\/\/www.facebook.com\/stourmnews\/\"]},{\"@type\":\"Person\",\"@id\":\"https:\/\/stourm.news\/#\/schema\/person\/c3e1dc65988632e190969234ef046cf9\",\"name\":\"La r\u00e9daction\",\"image\":{\"@type\":\"ImageObject\",\"inLanguage\":\"fr-FR\",\"@id\":\"https:\/\/stourm.news\/#\/schema\/person\/image\/\",\"url\":\"https:\/\/secure.gravatar.com\/avatar\/7463443f194b6b5fb706b074ca0ef59a0cfcfd720cb47764b0ec5a952ce422b3?s=96&d=mm&r=g\",\"contentUrl\":\"https:\/\/secure.gravatar.com\/avatar\/7463443f194b6b5fb706b074ca0ef59a0cfcfd720cb47764b0ec5a952ce422b3?s=96&d=mm&r=g\",\"caption\":\"La r\u00e9daction\"},\"sameAs\":[\"https:\/\/stourm.news\"],\"url\":\"https:\/\/stourm.news\/?author=1\"}]}<\/script>\n<!-- \/ Yoast SEO plugin. -->","yoast_head_json":{"title":"Pseudo-manifestation pour la r\u00e9unification du 28 septembre : une op\u00e9ration de l'extr\u00eame-gauche contre Bretagne R\u00e9unie - STOURM","robots":{"index":"index","follow":"follow","max-snippet":"max-snippet:-1","max-image-preview":"max-image-preview:large","max-video-preview":"max-video-preview:-1"},"canonical":"https:\/\/stourm.news\/?p=2416","og_locale":"fr_FR","og_type":"article","og_title":"Pseudo-manifestation pour la r\u00e9unification du 28 septembre : une op\u00e9ration de l'extr\u00eame-gauche contre Bretagne R\u00e9unie - STOURM","og_description":"Le 28 septembre 2024 \u00e0 Nantes, une manifestation a \u00e9t\u00e9 annonc\u00e9e pour la \u00ab\u00a0r\u00e9unification de la Bretagne\u00a0\u00bb. Manoeuvre de l&rsquo;extr\u00eame-gauche r\u00e9gionaliste pour invisibiliser la manifestation organis\u00e9e le 12 octobre par Bretagne R\u00e9unie, l&rsquo;association historique qui milite pour la r\u00e9unification, on retrouve parmi les principaux signataires l&rsquo;UDB, voiture-balais de la gauche hexagonale, et l&rsquo;histrion marxiste Ga\u00ebl [&hellip;]","og_url":"https:\/\/stourm.news\/?p=2416","og_site_name":"STOURM","article_publisher":"https:\/\/www.facebook.com\/stourmnews\/","article_published_time":"2024-09-26T05:47:59+00:00","article_modified_time":"2024-09-26T05:56:51+00:00","og_image":[{"width":640,"height":330,"url":"https:\/\/stourm.news\/wp-content\/uploads\/2024\/09\/P34159212D6267889G_crop_640-330_.webp","type":"image\/webp"}],"author":"La r\u00e9daction","twitter_card":"summary_large_image","twitter_misc":{"\u00c9crit par":"La r\u00e9daction","Dur\u00e9e de lecture estim\u00e9e":"3 minutes"},"schema":{"@context":"https:\/\/schema.org","@graph":[{"@type":"Article","@id":"https:\/\/stourm.news\/?p=2416#article","isPartOf":{"@id":"https:\/\/stourm.news\/?p=2416"},"author":{"name":"La r\u00e9daction","@id":"https:\/\/stourm.news\/#\/schema\/person\/c3e1dc65988632e190969234ef046cf9"},"headline":"Pseudo-manifestation pour la r\u00e9unification du 28 septembre : une op\u00e9ration de l&rsquo;extr\u00eame-gauche contre Bretagne R\u00e9unie","datePublished":"2024-09-26T05:47:59+00:00","dateModified":"2024-09-26T05:56:51+00:00","mainEntityOfPage":{"@id":"https:\/\/stourm.news\/?p=2416"},"wordCount":781,"commentCount":0,"publisher":{"@id":"https:\/\/stourm.news\/#organization"},"image":{"@id":"https:\/\/stourm.news\/?p=2416#primaryimage"},"thumbnailUrl":"https:\/\/stourm.news\/wp-content\/uploads\/2024\/09\/P34159212D6267889G_crop_640-330_.webp","articleSection":["Editorial","Extr\u00eame-gauche","Politique","Principale"],"inLanguage":"fr-FR","potentialAction":[{"@type":"CommentAction","name":"Comment","target":["https:\/\/stourm.news\/?p=2416#respond"]}]},{"@type":"WebPage","@id":"https:\/\/stourm.news\/?p=2416","url":"https:\/\/stourm.news\/?p=2416","name":"Pseudo-manifestation pour la r\u00e9unification du 28 septembre : une op\u00e9ration de l'extr\u00eame-gauche contre Bretagne R\u00e9unie - STOURM","isPartOf":{"@id":"https:\/\/stourm.news\/#website"},"primaryImageOfPage":{"@id":"https:\/\/stourm.news\/?p=2416#primaryimage"},"image":{"@id":"https:\/\/stourm.news\/?p=2416#primaryimage"},"thumbnailUrl":"https:\/\/stourm.news\/wp-content\/uploads\/2024\/09\/P34159212D6267889G_crop_640-330_.webp","datePublished":"2024-09-26T05:47:59+00:00","dateModified":"2024-09-26T05:56:51+00:00","breadcrumb":{"@id":"https:\/\/stourm.news\/?p=2416#breadcrumb"},"inLanguage":"fr-FR","potentialAction":[{"@type":"ReadAction","target":["https:\/\/stourm.news\/?p=2416"]}]},{"@type":"ImageObject","inLanguage":"fr-FR","@id":"https:\/\/stourm.news\/?p=2416#primaryimage","url":"https:\/\/stourm.news\/wp-content\/uploads\/2024\/09\/P34159212D6267889G_crop_640-330_.webp","contentUrl":"https:\/\/stourm.news\/wp-content\/uploads\/2024\/09\/P34159212D6267889G_crop_640-330_.webp","width":640,"height":330},{"@type":"BreadcrumbList","@id":"https:\/\/stourm.news\/?p=2416#breadcrumb","itemListElement":[{"@type":"ListItem","position":1,"name":"Accueil","item":"https:\/\/stourm.news\/"},{"@type":"ListItem","position":2,"name":"Pseudo-manifestation pour la r\u00e9unification du 28 septembre : une op\u00e9ration de l&rsquo;extr\u00eame-gauche contre Bretagne R\u00e9unie"}]},{"@type":"WebSite","@id":"https:\/\/stourm.news\/#website","url":"https:\/\/stourm.news\/","name":"Stourm","description":"Kazetenn Strollad Broadel Breizh","publisher":{"@id":"https:\/\/stourm.news\/#organization"},"potentialAction":[{"@type":"SearchAction","target":{"@type":"EntryPoint","urlTemplate":"https:\/\/stourm.news\/?s={search_term_string}"},"query-input":{"@type":"PropertyValueSpecification","valueRequired":true,"valueName":"search_term_string"}}],"inLanguage":"fr-FR"},{"@type":"Organization","@id":"https:\/\/stourm.news\/#organization","name":"Stourm","url":"https:\/\/stourm.news\/","logo":{"@type":"ImageObject","inLanguage":"fr-FR","@id":"https:\/\/stourm.news\/#\/schema\/logo\/image\/","url":"https:\/\/stourm.news\/wp-content\/uploads\/2025\/11\/cropped-Capture-decran-2025-11-28-a-15.19.07.png","contentUrl":"https:\/\/stourm.news\/wp-content\/uploads\/2025\/11\/cropped-Capture-decran-2025-11-28-a-15.19.07.png","width":1855,"height":383,"caption":"Stourm"},"image":{"@id":"https:\/\/stourm.news\/#\/schema\/logo\/image\/"},"sameAs":["https:\/\/www.facebook.com\/stourmnews\/"]},{"@type":"Person","@id":"https:\/\/stourm.news\/#\/schema\/person\/c3e1dc65988632e190969234ef046cf9","name":"La r\u00e9daction","image":{"@type":"ImageObject","inLanguage":"fr-FR","@id":"https:\/\/stourm.news\/#\/schema\/person\/image\/","url":"https:\/\/secure.gravatar.com\/avatar\/7463443f194b6b5fb706b074ca0ef59a0cfcfd720cb47764b0ec5a952ce422b3?s=96&d=mm&r=g","contentUrl":"https:\/\/secure.gravatar.com\/avatar\/7463443f194b6b5fb706b074ca0ef59a0cfcfd720cb47764b0ec5a952ce422b3?s=96&d=mm&r=g","caption":"La r\u00e9daction"},"sameAs":["https:\/\/stourm.news"],"url":"https:\/\/stourm.news\/?author=1"}]}},"_links":{"self":[{"href":"https:\/\/stourm.news\/index.php?rest_route=\/wp\/v2\/posts\/2416","targetHints":{"allow":["GET"]}}],"collection":[{"href":"https:\/\/stourm.news\/index.php?rest_route=\/wp\/v2\/posts"}],"about":[{"href":"https:\/\/stourm.news\/index.php?rest_route=\/wp\/v2\/types\/post"}],"author":[{"embeddable":true,"href":"https:\/\/stourm.news\/index.php?rest_route=\/wp\/v2\/users\/1"}],"replies":[{"embeddable":true,"href":"https:\/\/stourm.news\/index.php?rest_route=%2Fwp%2Fv2%2Fcomments&post=2416"}],"version-history":[{"count":4,"href":"https:\/\/stourm.news\/index.php?rest_route=\/wp\/v2\/posts\/2416\/revisions"}],"predecessor-version":[{"id":2422,"href":"https:\/\/stourm.news\/index.php?rest_route=\/wp\/v2\/posts\/2416\/revisions\/2422"}],"wp:featuredmedia":[{"embeddable":true,"href":"https:\/\/stourm.news\/index.php?rest_route=\/wp\/v2\/media\/2418"}],"wp:attachment":[{"href":"https:\/\/stourm.news\/index.php?rest_route=%2Fwp%2Fv2%2Fmedia&parent=2416"}],"wp:term":[{"taxonomy":"category","embeddable":true,"href":"https:\/\/stourm.news\/index.php?rest_route=%2Fwp%2Fv2%2Fcategories&post=2416"},{"taxonomy":"post_tag","embeddable":true,"href":"https:\/\/stourm.news\/index.php?rest_route=%2Fwp%2Fv2%2Ftags&post=2416"}],"curies":[{"name":"wp","href":"https:\/\/api.w.org\/{rel}","templated":true}]}}