{"id":2428,"date":"2024-09-26T07:06:31","date_gmt":"2024-09-26T07:06:31","guid":{"rendered":"https:\/\/stourm.news\/?p=2428"},"modified":"2024-09-26T07:06:31","modified_gmt":"2024-09-26T07:06:31","slug":"brest-leglise-saint-luc-profanee","status":"publish","type":"post","link":"https:\/\/stourm.news\/?p=2428","title":{"rendered":"Brest : l\u2019\u00e9glise Saint-Luc profan\u00e9e"},"content":{"rendered":"<p style=\"text-align: justify;\">Les d\u00e9g\u00e2ts sont mineurs mais suffisants pour forcer l\u2019\u00e9difice \u00e0 fermer pendant une semaine. L\u2019\u00e9glise Saint-Luc, situ\u00e9e \u00e0 l\u2019angle des boulevards Montaigne et Blum, \u00e0 Brest, a \u00e9t\u00e9 <strong>vandalis\u00e9e<\/strong> samedi dernier. <strong>Le tabernacle a \u00e9t\u00e9 fractur\u00e9 et incendi\u00e9<\/strong>, et une plainte a \u00e9t\u00e9 d\u00e9pos\u00e9e.<\/p>\n<p style=\"text-align: justify;\">Source : <a href=\"https:\/\/www.letelegramme.fr\/finistere\/brest-29200\/eglise-profanee-union-des-gauches-et-soiree-gratuite-bonjour-brest-6669962.php\">Le T\u00e9l\u00e9gramme<\/a><\/p>\n","protected":false},"excerpt":{"rendered":"<p>Les d\u00e9g\u00e2ts sont mineurs mais suffisants pour forcer l\u2019\u00e9difice \u00e0 fermer pendant une semaine. L\u2019\u00e9glise Saint-Luc, situ\u00e9e \u00e0 l\u2019angle des boulevards Montaigne et Blum, \u00e0 Brest, a \u00e9t\u00e9 vandalis\u00e9e samedi dernier. Le tabernacle a \u00e9t\u00e9 fractur\u00e9 et incendi\u00e9, et une plainte a \u00e9t\u00e9 d\u00e9pos\u00e9e. Source : Le T\u00e9l\u00e9gramme<\/p>\n","protected":false},"author":1,"featured_media":2429,"comment_status":"open","ping_status":"open","sticky":false,"template":"","format":"standard","meta":{"sb_editor_width":"","footnotes":""},"categories":[52,38,62],"tags":[],"class_list":["post-2428","post","type-post","status-publish","format-standard","has-post-thumbnail","hentry","category-faits-divers","category-finistere","category-revue-de-presse"],"relative_dates":{"created":"2 ans ago","modified":"2 ans ago"},"yoast_head":"<!-- This site is optimized with the Yoast SEO plugin v26.3 - https:\/\/yoast.com\/wordpress\/plugins\/seo\/ -->\n<title>Brest : l\u2019\u00e9glise Saint-Luc profan\u00e9e - STOURM<\/title>\n<meta name=\"robots\" content=\"index, follow, max-snippet:-1, max-image-preview:large, max-video-preview:-1\" \/>\n<link rel=\"canonical\" href=\"https:\/\/stourm.news\/?p=2428\" \/>\n<meta property=\"og:locale\" content=\"fr_FR\" \/>\n<meta property=\"og:type\" content=\"article\" \/>\n<meta property=\"og:title\" content=\"Brest : l\u2019\u00e9glise Saint-Luc profan\u00e9e - STOURM\" \/>\n<meta property=\"og:description\" content=\"Les d\u00e9g\u00e2ts sont mineurs mais suffisants pour forcer l\u2019\u00e9difice \u00e0 fermer pendant une semaine. L\u2019\u00e9glise Saint-Luc, situ\u00e9e \u00e0 l\u2019angle des boulevards Montaigne et Blum, \u00e0 Brest, a \u00e9t\u00e9 vandalis\u00e9e samedi dernier. Le tabernacle a \u00e9t\u00e9 fractur\u00e9 et incendi\u00e9, et une plainte a \u00e9t\u00e9 d\u00e9pos\u00e9e. Source : Le T\u00e9l\u00e9gramme\" \/>\n<meta property=\"og:url\" content=\"https:\/\/stourm.news\/?p=2428\" \/>\n<meta property=\"og:site_name\" content=\"STOURM\" \/>\n<meta property=\"article:publisher\" content=\"https:\/\/www.facebook.com\/stourmnews\/\" \/>\n<meta property=\"article:published_time\" content=\"2024-09-26T07:06:31+00:00\" \/>\n<meta property=\"og:image\" content=\"https:\/\/stourm.news\/wp-content\/uploads\/2024\/09\/Capture-decran-2024-09-26-a-16.05.29.png\" \/>\n\t<meta property=\"og:image:width\" content=\"904\" \/>\n\t<meta property=\"og:image:height\" content=\"562\" \/>\n\t<meta property=\"og:image:type\" content=\"image\/png\" \/>\n<meta name=\"author\" content=\"La r\u00e9daction\" \/>\n<meta name=\"twitter:card\" content=\"summary_large_image\" \/>\n<meta name=\"twitter:label1\" content=\"\u00c9crit par\" \/>\n\t<meta name=\"twitter:data1\" content=\"La r\u00e9daction\" \/>\n\t<meta name=\"twitter:label2\" content=\"Dur\u00e9e de lecture estim\u00e9e\" \/>\n\t<meta name=\"twitter:data2\" content=\"1 minute\" \/>\n<script type=\"application\/ld+json\" class=\"yoast-schema-graph\">{\"@context\":\"https:\/\/schema.org\",\"@graph\":[{\"@type\":\"Article\",\"@id\":\"https:\/\/stourm.news\/?p=2428#article\",\"isPartOf\":{\"@id\":\"https:\/\/stourm.news\/?p=2428\"},\"author\":{\"name\":\"La r\u00e9daction\",\"@id\":\"https:\/\/stourm.news\/#\/schema\/person\/c3e1dc65988632e190969234ef046cf9\"},\"headline\":\"Brest : l\u2019\u00e9glise Saint-Luc profan\u00e9e\",\"datePublished\":\"2024-09-26T07:06:31+00:00\",\"mainEntityOfPage\":{\"@id\":\"https:\/\/stourm.news\/?p=2428\"},\"wordCount\":61,\"commentCount\":0,\"publisher\":{\"@id\":\"https:\/\/stourm.news\/#organization\"},\"image\":{\"@id\":\"https:\/\/stourm.news\/?p=2428#primaryimage\"},\"thumbnailUrl\":\"https:\/\/stourm.news\/wp-content\/uploads\/2024\/09\/Capture-decran-2024-09-26-a-16.05.29.png\",\"articleSection\":[\"Faits divers\",\"Finist\u00e8re\",\"Revue de presse\"],\"inLanguage\":\"fr-FR\",\"potentialAction\":[{\"@type\":\"CommentAction\",\"name\":\"Comment\",\"target\":[\"https:\/\/stourm.news\/?p=2428#respond\"]}]},{\"@type\":\"WebPage\",\"@id\":\"https:\/\/stourm.news\/?p=2428\",\"url\":\"https:\/\/stourm.news\/?p=2428\",\"name\":\"Brest : l\u2019\u00e9glise Saint-Luc profan\u00e9e - STOURM\",\"isPartOf\":{\"@id\":\"https:\/\/stourm.news\/#website\"},\"primaryImageOfPage\":{\"@id\":\"https:\/\/stourm.news\/?p=2428#primaryimage\"},\"image\":{\"@id\":\"https:\/\/stourm.news\/?p=2428#primaryimage\"},\"thumbnailUrl\":\"https:\/\/stourm.news\/wp-content\/uploads\/2024\/09\/Capture-decran-2024-09-26-a-16.05.29.png\",\"datePublished\":\"2024-09-26T07:06:31+00:00\",\"breadcrumb\":{\"@id\":\"https:\/\/stourm.news\/?p=2428#breadcrumb\"},\"inLanguage\":\"fr-FR\",\"potentialAction\":[{\"@type\":\"ReadAction\",\"target\":[\"https:\/\/stourm.news\/?p=2428\"]}]},{\"@type\":\"ImageObject\",\"inLanguage\":\"fr-FR\",\"@id\":\"https:\/\/stourm.news\/?p=2428#primaryimage\",\"url\":\"https:\/\/stourm.news\/wp-content\/uploads\/2024\/09\/Capture-decran-2024-09-26-a-16.05.29.png\",\"contentUrl\":\"https:\/\/stourm.news\/wp-content\/uploads\/2024\/09\/Capture-decran-2024-09-26-a-16.05.29.png\",\"width\":904,\"height\":562},{\"@type\":\"BreadcrumbList\",\"@id\":\"https:\/\/stourm.news\/?p=2428#breadcrumb\",\"itemListElement\":[{\"@type\":\"ListItem\",\"position\":1,\"name\":\"Accueil\",\"item\":\"https:\/\/stourm.news\/\"},{\"@type\":\"ListItem\",\"position\":2,\"name\":\"Brest : l\u2019\u00e9glise Saint-Luc profan\u00e9e\"}]},{\"@type\":\"WebSite\",\"@id\":\"https:\/\/stourm.news\/#website\",\"url\":\"https:\/\/stourm.news\/\",\"name\":\"Stourm\",\"description\":\"Kazetenn Strollad Broadel Breizh\",\"publisher\":{\"@id\":\"https:\/\/stourm.news\/#organization\"},\"potentialAction\":[{\"@type\":\"SearchAction\",\"target\":{\"@type\":\"EntryPoint\",\"urlTemplate\":\"https:\/\/stourm.news\/?s={search_term_string}\"},\"query-input\":{\"@type\":\"PropertyValueSpecification\",\"valueRequired\":true,\"valueName\":\"search_term_string\"}}],\"inLanguage\":\"fr-FR\"},{\"@type\":\"Organization\",\"@id\":\"https:\/\/stourm.news\/#organization\",\"name\":\"Stourm\",\"url\":\"https:\/\/stourm.news\/\",\"logo\":{\"@type\":\"ImageObject\",\"inLanguage\":\"fr-FR\",\"@id\":\"https:\/\/stourm.news\/#\/schema\/logo\/image\/\",\"url\":\"https:\/\/stourm.news\/wp-content\/uploads\/2025\/11\/cropped-Capture-decran-2025-11-28-a-15.19.07.png\",\"contentUrl\":\"https:\/\/stourm.news\/wp-content\/uploads\/2025\/11\/cropped-Capture-decran-2025-11-28-a-15.19.07.png\",\"width\":1855,\"height\":383,\"caption\":\"Stourm\"},\"image\":{\"@id\":\"https:\/\/stourm.news\/#\/schema\/logo\/image\/\"},\"sameAs\":[\"https:\/\/www.facebook.com\/stourmnews\/\"]},{\"@type\":\"Person\",\"@id\":\"https:\/\/stourm.news\/#\/schema\/person\/c3e1dc65988632e190969234ef046cf9\",\"name\":\"La r\u00e9daction\",\"image\":{\"@type\":\"ImageObject\",\"inLanguage\":\"fr-FR\",\"@id\":\"https:\/\/stourm.news\/#\/schema\/person\/image\/\",\"url\":\"https:\/\/secure.gravatar.com\/avatar\/7463443f194b6b5fb706b074ca0ef59a0cfcfd720cb47764b0ec5a952ce422b3?s=96&d=mm&r=g\",\"contentUrl\":\"https:\/\/secure.gravatar.com\/avatar\/7463443f194b6b5fb706b074ca0ef59a0cfcfd720cb47764b0ec5a952ce422b3?s=96&d=mm&r=g\",\"caption\":\"La r\u00e9daction\"},\"sameAs\":[\"https:\/\/stourm.news\"],\"url\":\"https:\/\/stourm.news\/?author=1\"}]}<\/script>\n<!-- \/ Yoast SEO plugin. -->","yoast_head_json":{"title":"Brest : l\u2019\u00e9glise Saint-Luc profan\u00e9e - STOURM","robots":{"index":"index","follow":"follow","max-snippet":"max-snippet:-1","max-image-preview":"max-image-preview:large","max-video-preview":"max-video-preview:-1"},"canonical":"https:\/\/stourm.news\/?p=2428","og_locale":"fr_FR","og_type":"article","og_title":"Brest : l\u2019\u00e9glise Saint-Luc profan\u00e9e - STOURM","og_description":"Les d\u00e9g\u00e2ts sont mineurs mais suffisants pour forcer l\u2019\u00e9difice \u00e0 fermer pendant une semaine. L\u2019\u00e9glise Saint-Luc, situ\u00e9e \u00e0 l\u2019angle des boulevards Montaigne et Blum, \u00e0 Brest, a \u00e9t\u00e9 vandalis\u00e9e samedi dernier. Le tabernacle a \u00e9t\u00e9 fractur\u00e9 et incendi\u00e9, et une plainte a \u00e9t\u00e9 d\u00e9pos\u00e9e. Source : Le T\u00e9l\u00e9gramme","og_url":"https:\/\/stourm.news\/?p=2428","og_site_name":"STOURM","article_publisher":"https:\/\/www.facebook.com\/stourmnews\/","article_published_time":"2024-09-26T07:06:31+00:00","og_image":[{"width":904,"height":562,"url":"https:\/\/stourm.news\/wp-content\/uploads\/2024\/09\/Capture-decran-2024-09-26-a-16.05.29.png","type":"image\/png"}],"author":"La r\u00e9daction","twitter_card":"summary_large_image","twitter_misc":{"\u00c9crit par":"La r\u00e9daction","Dur\u00e9e de lecture estim\u00e9e":"1 minute"},"schema":{"@context":"https:\/\/schema.org","@graph":[{"@type":"Article","@id":"https:\/\/stourm.news\/?p=2428#article","isPartOf":{"@id":"https:\/\/stourm.news\/?p=2428"},"author":{"name":"La r\u00e9daction","@id":"https:\/\/stourm.news\/#\/schema\/person\/c3e1dc65988632e190969234ef046cf9"},"headline":"Brest : l\u2019\u00e9glise Saint-Luc profan\u00e9e","datePublished":"2024-09-26T07:06:31+00:00","mainEntityOfPage":{"@id":"https:\/\/stourm.news\/?p=2428"},"wordCount":61,"commentCount":0,"publisher":{"@id":"https:\/\/stourm.news\/#organization"},"image":{"@id":"https:\/\/stourm.news\/?p=2428#primaryimage"},"thumbnailUrl":"https:\/\/stourm.news\/wp-content\/uploads\/2024\/09\/Capture-decran-2024-09-26-a-16.05.29.png","articleSection":["Faits divers","Finist\u00e8re","Revue de presse"],"inLanguage":"fr-FR","potentialAction":[{"@type":"CommentAction","name":"Comment","target":["https:\/\/stourm.news\/?p=2428#respond"]}]},{"@type":"WebPage","@id":"https:\/\/stourm.news\/?p=2428","url":"https:\/\/stourm.news\/?p=2428","name":"Brest : l\u2019\u00e9glise Saint-Luc profan\u00e9e - STOURM","isPartOf":{"@id":"https:\/\/stourm.news\/#website"},"primaryImageOfPage":{"@id":"https:\/\/stourm.news\/?p=2428#primaryimage"},"image":{"@id":"https:\/\/stourm.news\/?p=2428#primaryimage"},"thumbnailUrl":"https:\/\/stourm.news\/wp-content\/uploads\/2024\/09\/Capture-decran-2024-09-26-a-16.05.29.png","datePublished":"2024-09-26T07:06:31+00:00","breadcrumb":{"@id":"https:\/\/stourm.news\/?p=2428#breadcrumb"},"inLanguage":"fr-FR","potentialAction":[{"@type":"ReadAction","target":["https:\/\/stourm.news\/?p=2428"]}]},{"@type":"ImageObject","inLanguage":"fr-FR","@id":"https:\/\/stourm.news\/?p=2428#primaryimage","url":"https:\/\/stourm.news\/wp-content\/uploads\/2024\/09\/Capture-decran-2024-09-26-a-16.05.29.png","contentUrl":"https:\/\/stourm.news\/wp-content\/uploads\/2024\/09\/Capture-decran-2024-09-26-a-16.05.29.png","width":904,"height":562},{"@type":"BreadcrumbList","@id":"https:\/\/stourm.news\/?p=2428#breadcrumb","itemListElement":[{"@type":"ListItem","position":1,"name":"Accueil","item":"https:\/\/stourm.news\/"},{"@type":"ListItem","position":2,"name":"Brest : l\u2019\u00e9glise Saint-Luc profan\u00e9e"}]},{"@type":"WebSite","@id":"https:\/\/stourm.news\/#website","url":"https:\/\/stourm.news\/","name":"Stourm","description":"Kazetenn Strollad Broadel Breizh","publisher":{"@id":"https:\/\/stourm.news\/#organization"},"potentialAction":[{"@type":"SearchAction","target":{"@type":"EntryPoint","urlTemplate":"https:\/\/stourm.news\/?s={search_term_string}"},"query-input":{"@type":"PropertyValueSpecification","valueRequired":true,"valueName":"search_term_string"}}],"inLanguage":"fr-FR"},{"@type":"Organization","@id":"https:\/\/stourm.news\/#organization","name":"Stourm","url":"https:\/\/stourm.news\/","logo":{"@type":"ImageObject","inLanguage":"fr-FR","@id":"https:\/\/stourm.news\/#\/schema\/logo\/image\/","url":"https:\/\/stourm.news\/wp-content\/uploads\/2025\/11\/cropped-Capture-decran-2025-11-28-a-15.19.07.png","contentUrl":"https:\/\/stourm.news\/wp-content\/uploads\/2025\/11\/cropped-Capture-decran-2025-11-28-a-15.19.07.png","width":1855,"height":383,"caption":"Stourm"},"image":{"@id":"https:\/\/stourm.news\/#\/schema\/logo\/image\/"},"sameAs":["https:\/\/www.facebook.com\/stourmnews\/"]},{"@type":"Person","@id":"https:\/\/stourm.news\/#\/schema\/person\/c3e1dc65988632e190969234ef046cf9","name":"La r\u00e9daction","image":{"@type":"ImageObject","inLanguage":"fr-FR","@id":"https:\/\/stourm.news\/#\/schema\/person\/image\/","url":"https:\/\/secure.gravatar.com\/avatar\/7463443f194b6b5fb706b074ca0ef59a0cfcfd720cb47764b0ec5a952ce422b3?s=96&d=mm&r=g","contentUrl":"https:\/\/secure.gravatar.com\/avatar\/7463443f194b6b5fb706b074ca0ef59a0cfcfd720cb47764b0ec5a952ce422b3?s=96&d=mm&r=g","caption":"La r\u00e9daction"},"sameAs":["https:\/\/stourm.news"],"url":"https:\/\/stourm.news\/?author=1"}]}},"_links":{"self":[{"href":"https:\/\/stourm.news\/index.php?rest_route=\/wp\/v2\/posts\/2428","targetHints":{"allow":["GET"]}}],"collection":[{"href":"https:\/\/stourm.news\/index.php?rest_route=\/wp\/v2\/posts"}],"about":[{"href":"https:\/\/stourm.news\/index.php?rest_route=\/wp\/v2\/types\/post"}],"author":[{"embeddable":true,"href":"https:\/\/stourm.news\/index.php?rest_route=\/wp\/v2\/users\/1"}],"replies":[{"embeddable":true,"href":"https:\/\/stourm.news\/index.php?rest_route=%2Fwp%2Fv2%2Fcomments&post=2428"}],"version-history":[{"count":1,"href":"https:\/\/stourm.news\/index.php?rest_route=\/wp\/v2\/posts\/2428\/revisions"}],"predecessor-version":[{"id":2430,"href":"https:\/\/stourm.news\/index.php?rest_route=\/wp\/v2\/posts\/2428\/revisions\/2430"}],"wp:featuredmedia":[{"embeddable":true,"href":"https:\/\/stourm.news\/index.php?rest_route=\/wp\/v2\/media\/2429"}],"wp:attachment":[{"href":"https:\/\/stourm.news\/index.php?rest_route=%2Fwp%2Fv2%2Fmedia&parent=2428"}],"wp:term":[{"taxonomy":"category","embeddable":true,"href":"https:\/\/stourm.news\/index.php?rest_route=%2Fwp%2Fv2%2Fcategories&post=2428"},{"taxonomy":"post_tag","embeddable":true,"href":"https:\/\/stourm.news\/index.php?rest_route=%2Fwp%2Fv2%2Ftags&post=2428"}],"curies":[{"name":"wp","href":"https:\/\/api.w.org\/{rel}","templated":true}]}}