{"id":2454,"date":"2024-09-28T16:35:40","date_gmt":"2024-09-28T16:35:40","guid":{"rendered":"https:\/\/stourm.news\/?p=2454"},"modified":"2024-09-28T16:35:40","modified_gmt":"2024-09-28T16:35:40","slug":"nantes-le-rassemblement-dextreme-gauche-pour-la-reunification-absorbe-par-une-marche-lfi-pour-la-palestine-et-le-liban","status":"publish","type":"post","link":"https:\/\/stourm.news\/?p=2454","title":{"rendered":"Nantes : le rassemblement d&rsquo;extr\u00eame-gauche pour la r\u00e9unification absorb\u00e9 par une marche LFI pour \u00ab\u00a0la Palestine et le Liban\u00a0\u00bb"},"content":{"rendered":"<p style=\"text-align: justify;\">La r\u00e9cup\u00e9ration du combat pour la r\u00e9unification de la Bretagne initi\u00e9 par l&rsquo;extr\u00eame-gauche r\u00e9gionaliste est un \u00e9chec. Annonc\u00e9e tr\u00e8s en avance \u00e0 renfort d&rsquo;affiches \u00e0 l&rsquo;appel de l&rsquo;UDB et de Ga\u00ebl Roblin (proche du PCF), elle n&rsquo;a attir\u00e9 qu&rsquo;une petite centaine de personnes comme l&rsquo;indique <strong><a href=\"https:\/\/www.ouest-france.fr\/bretagne\/video-tous-unis-pour-une-bretagne-reunie-a-nantes-af95e248-442a-40d1-bd76-bc1928fbd897\">Ouest-France<\/a><\/strong>. Un chiffre corrobor\u00e9 par la vid\u00e9o du rassemblement.<\/p>\n<blockquote class=\"twitter-tweet\">\n<p dir=\"ltr\" lang=\"fr\">VIDEO. La Loire-Atlantique sera-t-elle rattach\u00e9e \u00e0 La Bretagne ? Pour eux, la r\u00e9ponse est oui.<\/p>\n<p>Manifestation en cours dans le centre-ville de Nantes, plus d&rsquo;infos ici \u27a1\ufe0f <a href=\"https:\/\/t.co\/iVY1nIZRdq\">https:\/\/t.co\/iVY1nIZRdq<\/a> <a href=\"https:\/\/t.co\/cJCgMfB3yX\">pic.twitter.com\/cJCgMfB3yX<\/a><\/p>\n<p>\u2014 Presse Oc\u00e9an (@presseocean) <a href=\"https:\/\/twitter.com\/presseocean\/status\/1840026348003152234?ref_src=twsrc%5Etfw\">September 28, 2024<\/a><\/p><\/blockquote>\n<p><script async src=\"https:\/\/platform.twitter.com\/widgets.js\" charset=\"utf-8\"><\/script><\/p>\n<p style=\"text-align: justify;\">Tr\u00e8s vite, c&rsquo;est un rassemblement pour \u00ab\u00a0la Palestine, le Liban, la Kanaky\u00a0\u00bb qui a envahi le lieu du rassemblement, au pied du Ch\u00e2teau des Ducs de Bretagne.<\/p>\n<blockquote class=\"twitter-tweet\">\n<p dir=\"ltr\" lang=\"fr\">Les deux manifestations se sont retrouv\u00e9es au m\u00eame endroit.<\/p>\n<p>\u2014 Presse Oc\u00e9an (@presseocean) <a href=\"https:\/\/twitter.com\/presseocean\/status\/1840058091728986213?ref_src=twsrc%5Etfw\">September 28, 2024<\/a><\/p><\/blockquote>\n<p><script async src=\"https:\/\/platform.twitter.com\/widgets.js\" charset=\"utf-8\"><\/script><\/p>\n<blockquote class=\"twitter-tweet\">\n<p dir=\"ltr\" lang=\"fr\">\u00c0 Nantes, les collectifs Kanaks, Bretons, Ultramarins, Queer, antifascistes, Feminsites, Libanais, pro-Palestiniens participent \u00e0 cette grande marche des solidarit\u00e9s.<\/p>\n<p>Nous r\u00e9clamons le cessez-le-feu imm\u00e9diat \u00e0 Gaza et au Liban, l&rsquo;arr\u00eat des livraisons d&rsquo;armes ! <a href=\"https:\/\/t.co\/OpZFWdMt7Q\">pic.twitter.com\/OpZFWdMt7Q<\/a><\/p>\n<p>\u2014 S\u00e9gol\u00e8ne AMIOT \ud83d\udd3b\ud83d\udc1d\ud83c\udff3\ufe0f\u200d\ud83c\udf08 (@SegoleneAmiot) <a href=\"https:\/\/twitter.com\/SegoleneAmiot\/status\/1840042614092955833?ref_src=twsrc%5Etfw\">September 28, 2024<\/a><\/p><\/blockquote>\n<p><script async src=\"https:\/\/platform.twitter.com\/widgets.js\" charset=\"utf-8\"><\/script><\/p>\n<p style=\"text-align: justify;\">Au final, quelques centaines d&rsquo;\u00e9l\u00e9ments d&rsquo;extr\u00eame-gauche ont ensuite converg\u00e9 vers la Place de Bretagne pour \u00e9voquer les querelles orientales pr\u00e9cit\u00e9es.<\/p>\n<blockquote class=\"twitter-tweet\">\n<p dir=\"ltr\" lang=\"fr\">Manifestation en soutien \u00e0 la Palestine, \u00e0 la Kanaky et au Liban ce samedi \u00e0 Nantes \u270a<\/p>\n<p>Le rassemblement est en r\u00e9action au bombardement de Beyrouth par Isra\u00ebl hier soir.<\/p>\n<p>Soutien \u00e0 la Palestine et au Liban face \u00e0 l\u2019imp\u00e9rialisme ! <a href=\"https:\/\/t.co\/drBziVRCQa\">pic.twitter.com\/drBziVRCQa<\/a><\/p>\n<p>\u2014 R\u00e9volution Permanente Nantes (@revpermanente44) <a href=\"https:\/\/twitter.com\/revpermanente44\/status\/1840040826715426918?ref_src=twsrc%5Etfw\">September 28, 2024<\/a><\/p><\/blockquote>\n<p><script async src=\"https:\/\/platform.twitter.com\/widgets.js\" charset=\"utf-8\"><\/script><\/p>\n<p style=\"text-align: justify;\">Une r\u00e9alit\u00e9 qu&rsquo;a difficilement tent\u00e9 de maquiller Ga\u00ebl Roblin et ses associ\u00e9s via leur compte Twitter.<\/p>\n<blockquote class=\"twitter-tweet\">\n<p dir=\"ltr\" lang=\"fr\">Une petite foule dense , joyeuse, compacte venue d&rsquo;horizons divers a d\u00e9fil\u00e9 dans <a href=\"https:\/\/twitter.com\/hashtag\/Nantes?src=hash&amp;ref_src=twsrc%5Etfw\">#Nantes<\/a> pour construire la <a href=\"https:\/\/twitter.com\/hashtag\/Bretagne?src=hash&amp;ref_src=twsrc%5Etfw\">#Bretagne<\/a> en commun ! <a href=\"https:\/\/twitter.com\/hashtag\/bzh?src=hash&amp;ref_src=twsrc%5Etfw\">#bzh<\/a> Plus de 1500 personnes ! Un succ\u00e8s qui en appelle d&rsquo;autres ! <a href=\"https:\/\/t.co\/3L44oKwxs2\">pic.twitter.com\/3L44oKwxs2<\/a><\/p>\n<p>\u2014 Bretagne-Info (@bretagne_info) <a href=\"https:\/\/twitter.com\/bretagne_info\/status\/1840050390751957317?ref_src=twsrc%5Etfw\">September 28, 2024<\/a><\/p><\/blockquote>\n<p><script async src=\"https:\/\/platform.twitter.com\/widgets.js\" charset=\"utf-8\"><\/script><\/p>\n<p>Une farce grotesque, mais pas surprenante.<\/p>\n<blockquote class=\"twitter-tweet\">\n<p dir=\"ltr\" lang=\"fr\">La manifestation pour la Palestine continue de traverser le centre-ville de <a href=\"https:\/\/twitter.com\/hashtag\/Nantes?src=hash&amp;ref_src=twsrc%5Etfw\">#Nantes<\/a>. Elle atteindra bient\u00f4t la Place de Bretagne. <a href=\"https:\/\/t.co\/L1eLEFvvb6\">pic.twitter.com\/L1eLEFvvb6<\/a><\/p>\n<p>\u2014 AB NANTES (@ABNantes) <a href=\"https:\/\/twitter.com\/ABNantes\/status\/1840040138287599656?ref_src=twsrc%5Etfw\">September 28, 2024<\/a><\/p><\/blockquote>\n<p><script async src=\"https:\/\/platform.twitter.com\/widgets.js\" charset=\"utf-8\"><\/script><\/p>\n<p style=\"text-align: justify;\">Le 12 octobre prochain, toujours \u00e0 Nantes, c&rsquo;est l&rsquo;association patriotique Bretagne R\u00e9unie qui organisera la seule v\u00e9ritable manifestation pour la r\u00e9unification de la Bretagne. Une clarification d&rsquo;autant plus n\u00e9cessaire au moment o\u00f9 l&rsquo;extr\u00eame-gauche r\u00e9gionaliste tente de semer la confusion.<\/p>\n<p style=\"text-align: right;\"><strong>Ewen Broc&rsquo;han<\/strong><\/p>\n","protected":false},"excerpt":{"rendered":"<p>La r\u00e9cup\u00e9ration du combat pour la r\u00e9unification de la Bretagne initi\u00e9 par l&rsquo;extr\u00eame-gauche r\u00e9gionaliste est un \u00e9chec. Annonc\u00e9e tr\u00e8s en avance \u00e0 renfort d&rsquo;affiches \u00e0 l&rsquo;appel de l&rsquo;UDB et de Ga\u00ebl Roblin (proche du PCF), elle n&rsquo;a attir\u00e9 qu&rsquo;une petite centaine de personnes comme l&rsquo;indique Ouest-France. Un chiffre corrobor\u00e9 par la vid\u00e9o du rassemblement. VIDEO. [&hellip;]<\/p>\n","protected":false},"author":1,"featured_media":2455,"comment_status":"open","ping_status":"open","sticky":false,"template":"","format":"standard","meta":{"sb_editor_width":"","footnotes":""},"categories":[36,67,65],"tags":[],"class_list":["post-2454","post","type-post","status-publish","format-standard","has-post-thumbnail","hentry","category-extreme-gauche","category-politique","category-principale"],"relative_dates":{"created":"2 ans ago","modified":"2 ans ago"},"yoast_head":"<!-- This site is optimized with the Yoast SEO plugin v26.3 - https:\/\/yoast.com\/wordpress\/plugins\/seo\/ -->\n<title>Nantes : le rassemblement d&#039;extr\u00eame-gauche pour la r\u00e9unification absorb\u00e9 par une marche LFI pour &quot;la Palestine et le Liban&quot; - STOURM<\/title>\n<meta name=\"robots\" content=\"index, follow, max-snippet:-1, max-image-preview:large, max-video-preview:-1\" \/>\n<link rel=\"canonical\" href=\"https:\/\/stourm.news\/?p=2454\" \/>\n<meta property=\"og:locale\" content=\"fr_FR\" \/>\n<meta property=\"og:type\" content=\"article\" \/>\n<meta property=\"og:title\" content=\"Nantes : le rassemblement d&#039;extr\u00eame-gauche pour la r\u00e9unification absorb\u00e9 par une marche LFI pour &quot;la Palestine et le Liban&quot; - STOURM\" \/>\n<meta property=\"og:description\" content=\"La r\u00e9cup\u00e9ration du combat pour la r\u00e9unification de la Bretagne initi\u00e9 par l&rsquo;extr\u00eame-gauche r\u00e9gionaliste est un \u00e9chec. Annonc\u00e9e tr\u00e8s en avance \u00e0 renfort d&rsquo;affiches \u00e0 l&rsquo;appel de l&rsquo;UDB et de Ga\u00ebl Roblin (proche du PCF), elle n&rsquo;a attir\u00e9 qu&rsquo;une petite centaine de personnes comme l&rsquo;indique Ouest-France. Un chiffre corrobor\u00e9 par la vid\u00e9o du rassemblement. VIDEO. [&hellip;]\" \/>\n<meta property=\"og:url\" content=\"https:\/\/stourm.news\/?p=2454\" \/>\n<meta property=\"og:site_name\" content=\"STOURM\" \/>\n<meta property=\"article:publisher\" content=\"https:\/\/www.facebook.com\/stourmnews\/\" \/>\n<meta property=\"article:published_time\" content=\"2024-09-28T16:35:40+00:00\" \/>\n<meta property=\"og:image\" content=\"https:\/\/stourm.news\/wp-content\/uploads\/2024\/09\/Capture-decran-2024-09-29-a-01.32.13.png\" \/>\n\t<meta property=\"og:image:width\" content=\"1002\" \/>\n\t<meta property=\"og:image:height\" content=\"686\" \/>\n\t<meta property=\"og:image:type\" content=\"image\/png\" \/>\n<meta name=\"author\" content=\"La r\u00e9daction\" \/>\n<meta name=\"twitter:card\" content=\"summary_large_image\" \/>\n<meta name=\"twitter:label1\" content=\"\u00c9crit par\" \/>\n\t<meta name=\"twitter:data1\" content=\"La r\u00e9daction\" \/>\n\t<meta name=\"twitter:label2\" content=\"Dur\u00e9e de lecture estim\u00e9e\" \/>\n\t<meta name=\"twitter:data2\" content=\"1 minute\" \/>\n<script type=\"application\/ld+json\" class=\"yoast-schema-graph\">{\"@context\":\"https:\/\/schema.org\",\"@graph\":[{\"@type\":\"Article\",\"@id\":\"https:\/\/stourm.news\/?p=2454#article\",\"isPartOf\":{\"@id\":\"https:\/\/stourm.news\/?p=2454\"},\"author\":{\"name\":\"La r\u00e9daction\",\"@id\":\"https:\/\/stourm.news\/#\/schema\/person\/c3e1dc65988632e190969234ef046cf9\"},\"headline\":\"Nantes : le rassemblement d&rsquo;extr\u00eame-gauche pour la r\u00e9unification absorb\u00e9 par une marche LFI pour \u00ab\u00a0la Palestine et le Liban\u00a0\u00bb\",\"datePublished\":\"2024-09-28T16:35:40+00:00\",\"mainEntityOfPage\":{\"@id\":\"https:\/\/stourm.news\/?p=2454\"},\"wordCount\":445,\"commentCount\":0,\"publisher\":{\"@id\":\"https:\/\/stourm.news\/#organization\"},\"image\":{\"@id\":\"https:\/\/stourm.news\/?p=2454#primaryimage\"},\"thumbnailUrl\":\"https:\/\/stourm.news\/wp-content\/uploads\/2024\/09\/Capture-decran-2024-09-29-a-01.32.13.png\",\"articleSection\":[\"Extr\u00eame-gauche\",\"Politique\",\"Principale\"],\"inLanguage\":\"fr-FR\",\"potentialAction\":[{\"@type\":\"CommentAction\",\"name\":\"Comment\",\"target\":[\"https:\/\/stourm.news\/?p=2454#respond\"]}]},{\"@type\":\"WebPage\",\"@id\":\"https:\/\/stourm.news\/?p=2454\",\"url\":\"https:\/\/stourm.news\/?p=2454\",\"name\":\"Nantes : le rassemblement d'extr\u00eame-gauche pour la r\u00e9unification absorb\u00e9 par une marche LFI pour \\\"la Palestine et le Liban\\\" - STOURM\",\"isPartOf\":{\"@id\":\"https:\/\/stourm.news\/#website\"},\"primaryImageOfPage\":{\"@id\":\"https:\/\/stourm.news\/?p=2454#primaryimage\"},\"image\":{\"@id\":\"https:\/\/stourm.news\/?p=2454#primaryimage\"},\"thumbnailUrl\":\"https:\/\/stourm.news\/wp-content\/uploads\/2024\/09\/Capture-decran-2024-09-29-a-01.32.13.png\",\"datePublished\":\"2024-09-28T16:35:40+00:00\",\"breadcrumb\":{\"@id\":\"https:\/\/stourm.news\/?p=2454#breadcrumb\"},\"inLanguage\":\"fr-FR\",\"potentialAction\":[{\"@type\":\"ReadAction\",\"target\":[\"https:\/\/stourm.news\/?p=2454\"]}]},{\"@type\":\"ImageObject\",\"inLanguage\":\"fr-FR\",\"@id\":\"https:\/\/stourm.news\/?p=2454#primaryimage\",\"url\":\"https:\/\/stourm.news\/wp-content\/uploads\/2024\/09\/Capture-decran-2024-09-29-a-01.32.13.png\",\"contentUrl\":\"https:\/\/stourm.news\/wp-content\/uploads\/2024\/09\/Capture-decran-2024-09-29-a-01.32.13.png\",\"width\":1002,\"height\":686},{\"@type\":\"BreadcrumbList\",\"@id\":\"https:\/\/stourm.news\/?p=2454#breadcrumb\",\"itemListElement\":[{\"@type\":\"ListItem\",\"position\":1,\"name\":\"Accueil\",\"item\":\"https:\/\/stourm.news\/\"},{\"@type\":\"ListItem\",\"position\":2,\"name\":\"Nantes : le rassemblement d&rsquo;extr\u00eame-gauche pour la r\u00e9unification absorb\u00e9 par une marche LFI pour \u00ab\u00a0la Palestine et le Liban\u00a0\u00bb\"}]},{\"@type\":\"WebSite\",\"@id\":\"https:\/\/stourm.news\/#website\",\"url\":\"https:\/\/stourm.news\/\",\"name\":\"Stourm\",\"description\":\"Kazetenn Strollad Broadel Breizh\",\"publisher\":{\"@id\":\"https:\/\/stourm.news\/#organization\"},\"potentialAction\":[{\"@type\":\"SearchAction\",\"target\":{\"@type\":\"EntryPoint\",\"urlTemplate\":\"https:\/\/stourm.news\/?s={search_term_string}\"},\"query-input\":{\"@type\":\"PropertyValueSpecification\",\"valueRequired\":true,\"valueName\":\"search_term_string\"}}],\"inLanguage\":\"fr-FR\"},{\"@type\":\"Organization\",\"@id\":\"https:\/\/stourm.news\/#organization\",\"name\":\"Stourm\",\"url\":\"https:\/\/stourm.news\/\",\"logo\":{\"@type\":\"ImageObject\",\"inLanguage\":\"fr-FR\",\"@id\":\"https:\/\/stourm.news\/#\/schema\/logo\/image\/\",\"url\":\"https:\/\/stourm.news\/wp-content\/uploads\/2025\/11\/cropped-Capture-decran-2025-11-28-a-15.19.07.png\",\"contentUrl\":\"https:\/\/stourm.news\/wp-content\/uploads\/2025\/11\/cropped-Capture-decran-2025-11-28-a-15.19.07.png\",\"width\":1855,\"height\":383,\"caption\":\"Stourm\"},\"image\":{\"@id\":\"https:\/\/stourm.news\/#\/schema\/logo\/image\/\"},\"sameAs\":[\"https:\/\/www.facebook.com\/stourmnews\/\"]},{\"@type\":\"Person\",\"@id\":\"https:\/\/stourm.news\/#\/schema\/person\/c3e1dc65988632e190969234ef046cf9\",\"name\":\"La r\u00e9daction\",\"image\":{\"@type\":\"ImageObject\",\"inLanguage\":\"fr-FR\",\"@id\":\"https:\/\/stourm.news\/#\/schema\/person\/image\/\",\"url\":\"https:\/\/secure.gravatar.com\/avatar\/7463443f194b6b5fb706b074ca0ef59a0cfcfd720cb47764b0ec5a952ce422b3?s=96&d=mm&r=g\",\"contentUrl\":\"https:\/\/secure.gravatar.com\/avatar\/7463443f194b6b5fb706b074ca0ef59a0cfcfd720cb47764b0ec5a952ce422b3?s=96&d=mm&r=g\",\"caption\":\"La r\u00e9daction\"},\"sameAs\":[\"https:\/\/stourm.news\"],\"url\":\"https:\/\/stourm.news\/?author=1\"}]}<\/script>\n<!-- \/ Yoast SEO plugin. -->","yoast_head_json":{"title":"Nantes : le rassemblement d'extr\u00eame-gauche pour la r\u00e9unification absorb\u00e9 par une marche LFI pour \"la Palestine et le Liban\" - STOURM","robots":{"index":"index","follow":"follow","max-snippet":"max-snippet:-1","max-image-preview":"max-image-preview:large","max-video-preview":"max-video-preview:-1"},"canonical":"https:\/\/stourm.news\/?p=2454","og_locale":"fr_FR","og_type":"article","og_title":"Nantes : le rassemblement d'extr\u00eame-gauche pour la r\u00e9unification absorb\u00e9 par une marche LFI pour \"la Palestine et le Liban\" - STOURM","og_description":"La r\u00e9cup\u00e9ration du combat pour la r\u00e9unification de la Bretagne initi\u00e9 par l&rsquo;extr\u00eame-gauche r\u00e9gionaliste est un \u00e9chec. Annonc\u00e9e tr\u00e8s en avance \u00e0 renfort d&rsquo;affiches \u00e0 l&rsquo;appel de l&rsquo;UDB et de Ga\u00ebl Roblin (proche du PCF), elle n&rsquo;a attir\u00e9 qu&rsquo;une petite centaine de personnes comme l&rsquo;indique Ouest-France. Un chiffre corrobor\u00e9 par la vid\u00e9o du rassemblement. VIDEO. [&hellip;]","og_url":"https:\/\/stourm.news\/?p=2454","og_site_name":"STOURM","article_publisher":"https:\/\/www.facebook.com\/stourmnews\/","article_published_time":"2024-09-28T16:35:40+00:00","og_image":[{"width":1002,"height":686,"url":"https:\/\/stourm.news\/wp-content\/uploads\/2024\/09\/Capture-decran-2024-09-29-a-01.32.13.png","type":"image\/png"}],"author":"La r\u00e9daction","twitter_card":"summary_large_image","twitter_misc":{"\u00c9crit par":"La r\u00e9daction","Dur\u00e9e de lecture estim\u00e9e":"1 minute"},"schema":{"@context":"https:\/\/schema.org","@graph":[{"@type":"Article","@id":"https:\/\/stourm.news\/?p=2454#article","isPartOf":{"@id":"https:\/\/stourm.news\/?p=2454"},"author":{"name":"La r\u00e9daction","@id":"https:\/\/stourm.news\/#\/schema\/person\/c3e1dc65988632e190969234ef046cf9"},"headline":"Nantes : le rassemblement d&rsquo;extr\u00eame-gauche pour la r\u00e9unification absorb\u00e9 par une marche LFI pour \u00ab\u00a0la Palestine et le Liban\u00a0\u00bb","datePublished":"2024-09-28T16:35:40+00:00","mainEntityOfPage":{"@id":"https:\/\/stourm.news\/?p=2454"},"wordCount":445,"commentCount":0,"publisher":{"@id":"https:\/\/stourm.news\/#organization"},"image":{"@id":"https:\/\/stourm.news\/?p=2454#primaryimage"},"thumbnailUrl":"https:\/\/stourm.news\/wp-content\/uploads\/2024\/09\/Capture-decran-2024-09-29-a-01.32.13.png","articleSection":["Extr\u00eame-gauche","Politique","Principale"],"inLanguage":"fr-FR","potentialAction":[{"@type":"CommentAction","name":"Comment","target":["https:\/\/stourm.news\/?p=2454#respond"]}]},{"@type":"WebPage","@id":"https:\/\/stourm.news\/?p=2454","url":"https:\/\/stourm.news\/?p=2454","name":"Nantes : le rassemblement d'extr\u00eame-gauche pour la r\u00e9unification absorb\u00e9 par une marche LFI pour \"la Palestine et le Liban\" - STOURM","isPartOf":{"@id":"https:\/\/stourm.news\/#website"},"primaryImageOfPage":{"@id":"https:\/\/stourm.news\/?p=2454#primaryimage"},"image":{"@id":"https:\/\/stourm.news\/?p=2454#primaryimage"},"thumbnailUrl":"https:\/\/stourm.news\/wp-content\/uploads\/2024\/09\/Capture-decran-2024-09-29-a-01.32.13.png","datePublished":"2024-09-28T16:35:40+00:00","breadcrumb":{"@id":"https:\/\/stourm.news\/?p=2454#breadcrumb"},"inLanguage":"fr-FR","potentialAction":[{"@type":"ReadAction","target":["https:\/\/stourm.news\/?p=2454"]}]},{"@type":"ImageObject","inLanguage":"fr-FR","@id":"https:\/\/stourm.news\/?p=2454#primaryimage","url":"https:\/\/stourm.news\/wp-content\/uploads\/2024\/09\/Capture-decran-2024-09-29-a-01.32.13.png","contentUrl":"https:\/\/stourm.news\/wp-content\/uploads\/2024\/09\/Capture-decran-2024-09-29-a-01.32.13.png","width":1002,"height":686},{"@type":"BreadcrumbList","@id":"https:\/\/stourm.news\/?p=2454#breadcrumb","itemListElement":[{"@type":"ListItem","position":1,"name":"Accueil","item":"https:\/\/stourm.news\/"},{"@type":"ListItem","position":2,"name":"Nantes : le rassemblement d&rsquo;extr\u00eame-gauche pour la r\u00e9unification absorb\u00e9 par une marche LFI pour \u00ab\u00a0la Palestine et le Liban\u00a0\u00bb"}]},{"@type":"WebSite","@id":"https:\/\/stourm.news\/#website","url":"https:\/\/stourm.news\/","name":"Stourm","description":"Kazetenn Strollad Broadel Breizh","publisher":{"@id":"https:\/\/stourm.news\/#organization"},"potentialAction":[{"@type":"SearchAction","target":{"@type":"EntryPoint","urlTemplate":"https:\/\/stourm.news\/?s={search_term_string}"},"query-input":{"@type":"PropertyValueSpecification","valueRequired":true,"valueName":"search_term_string"}}],"inLanguage":"fr-FR"},{"@type":"Organization","@id":"https:\/\/stourm.news\/#organization","name":"Stourm","url":"https:\/\/stourm.news\/","logo":{"@type":"ImageObject","inLanguage":"fr-FR","@id":"https:\/\/stourm.news\/#\/schema\/logo\/image\/","url":"https:\/\/stourm.news\/wp-content\/uploads\/2025\/11\/cropped-Capture-decran-2025-11-28-a-15.19.07.png","contentUrl":"https:\/\/stourm.news\/wp-content\/uploads\/2025\/11\/cropped-Capture-decran-2025-11-28-a-15.19.07.png","width":1855,"height":383,"caption":"Stourm"},"image":{"@id":"https:\/\/stourm.news\/#\/schema\/logo\/image\/"},"sameAs":["https:\/\/www.facebook.com\/stourmnews\/"]},{"@type":"Person","@id":"https:\/\/stourm.news\/#\/schema\/person\/c3e1dc65988632e190969234ef046cf9","name":"La r\u00e9daction","image":{"@type":"ImageObject","inLanguage":"fr-FR","@id":"https:\/\/stourm.news\/#\/schema\/person\/image\/","url":"https:\/\/secure.gravatar.com\/avatar\/7463443f194b6b5fb706b074ca0ef59a0cfcfd720cb47764b0ec5a952ce422b3?s=96&d=mm&r=g","contentUrl":"https:\/\/secure.gravatar.com\/avatar\/7463443f194b6b5fb706b074ca0ef59a0cfcfd720cb47764b0ec5a952ce422b3?s=96&d=mm&r=g","caption":"La r\u00e9daction"},"sameAs":["https:\/\/stourm.news"],"url":"https:\/\/stourm.news\/?author=1"}]}},"_links":{"self":[{"href":"https:\/\/stourm.news\/index.php?rest_route=\/wp\/v2\/posts\/2454","targetHints":{"allow":["GET"]}}],"collection":[{"href":"https:\/\/stourm.news\/index.php?rest_route=\/wp\/v2\/posts"}],"about":[{"href":"https:\/\/stourm.news\/index.php?rest_route=\/wp\/v2\/types\/post"}],"author":[{"embeddable":true,"href":"https:\/\/stourm.news\/index.php?rest_route=\/wp\/v2\/users\/1"}],"replies":[{"embeddable":true,"href":"https:\/\/stourm.news\/index.php?rest_route=%2Fwp%2Fv2%2Fcomments&post=2454"}],"version-history":[{"count":1,"href":"https:\/\/stourm.news\/index.php?rest_route=\/wp\/v2\/posts\/2454\/revisions"}],"predecessor-version":[{"id":2456,"href":"https:\/\/stourm.news\/index.php?rest_route=\/wp\/v2\/posts\/2454\/revisions\/2456"}],"wp:featuredmedia":[{"embeddable":true,"href":"https:\/\/stourm.news\/index.php?rest_route=\/wp\/v2\/media\/2455"}],"wp:attachment":[{"href":"https:\/\/stourm.news\/index.php?rest_route=%2Fwp%2Fv2%2Fmedia&parent=2454"}],"wp:term":[{"taxonomy":"category","embeddable":true,"href":"https:\/\/stourm.news\/index.php?rest_route=%2Fwp%2Fv2%2Fcategories&post=2454"},{"taxonomy":"post_tag","embeddable":true,"href":"https:\/\/stourm.news\/index.php?rest_route=%2Fwp%2Fv2%2Ftags&post=2454"}],"curies":[{"name":"wp","href":"https:\/\/api.w.org\/{rel}","templated":true}]}}