{"id":2457,"date":"2024-09-29T07:09:56","date_gmt":"2024-09-29T07:09:56","guid":{"rendered":"https:\/\/stourm.news\/?p=2457"},"modified":"2024-09-29T07:09:56","modified_gmt":"2024-09-29T07:09:56","slug":"emsav-29-septembre-1976-mort-de-yann-kel-kernalegenn-soldat-du-flb","status":"publish","type":"post","link":"https:\/\/stourm.news\/?p=2457","title":{"rendered":"Emsav : 29 septembre 1976, mort de Yann-Kel Kernalegenn, soldat du FLB"},"content":{"rendered":"<p style=\"text-align: justify;\">EMSAV &#8211; Yann-Kel Kernaleguen (Jean-Michel Kernaleguen en fran\u00e7ais, Yann-Mikael Kernalegenn en breton), n\u00e9 le 6 mai 1954 \u00e0 Quimper et mort le 29 septembre 1976 \u00e0 Din\u00e9ault1, \u00e9tait un militant breton, membre du Front de Lib\u00e9ration de la Bretagne (FLB).<\/p>\n<p style=\"text-align: justify;\">Il est connu d\u00e8s le tout d\u00e9but des ann\u00e9es 1970, vers l&rsquo;\u00e2ge de seize ans, comme militant <strong>nationaliste<\/strong> puis culturel (il enseignera \u00e0 Skol an Emsav, cours du soir en breton) et syndicaliste. Apr\u00e8s le bac, il suit une premi\u00e8re ann\u00e9e d&rsquo;\u00e9tude de droit. \u00c0 la suite de la r\u00e9daction en breton de son examen de fin d&rsquo;ann\u00e9e, il ne peut pas passer en deuxi\u00e8me ann\u00e9e. Il doit d\u00e8s lors partir au service militaire, effectu\u00e9 en Allemagne. Malgr\u00e9 son niveau de formation, son appartenance \u00e0 l&rsquo;Emsav lui interdit de devenir officier. \u00c0 son retour de l&rsquo;arm\u00e9e, il devient auxiliaire \u00e0 la Poste puis chauffeur dans une entreprise de transport. Sa participation \u00e0 la mise en place d&rsquo;un syndicat CFDT dans l&rsquo;entreprise l&rsquo;envoie au ch\u00f4mage \u00e0 la mi-septembre 1976.<\/p>\n<p style=\"text-align: justify;\">Il est tu\u00e9 \u00e0 l&rsquo;\u00e2ge de 22 ans par l&rsquo;explosion de sa bombe alors qu&rsquo;il s&rsquo;appr\u00eatait \u00e0 commettre un attentat contre le site militaire de Ti-Voujeret (Finist\u00e8re, Bretagne), dans la nuit du 29 au 30 septembre 1976.<\/p>\n<p style=\"text-align: justify;\">Le drame a marqu\u00e9 le Mouvement breton et plusieurs personnalit\u00e9s rendirent hommage \u00e0 Yann-Kel Kernaleguen.<\/p>\n<p style=\"text-align: justify;\">Lionel Henry \u00e9crit dans son livre FLB-ARB que l&rsquo;\u00ab attentat contre la future caserne de Ti-Voujeret entre dans la logique du FLB. Celui-ci avait mis en garde, en juillet 1974, les municipalit\u00e9s susceptibles d&rsquo;accueillir des bases militaires. A Ti-Voujeret, le projet porte sur 200 hectares et la base doit accueillir des militaires charg\u00e9s d&rsquo;assurer la d\u00e9fense du site de l&rsquo;\u00cele-Longue. Malgr\u00e9 les protestations, la construction commence \u00e0 la mi-septembre 1976 \u00bb.<\/p>\n<p style=\"text-align: justify;\">Selon Thierry Vareilles, l&rsquo;auteur de l&rsquo;Encyclop\u00e9die du terrorisme international, Kernaleguen \u00ab tentait de d\u00e9samorcer la bombe qu&rsquo;il venait de poser parce qu&rsquo;une femme promenait son chien sur le lieu de l&rsquo;attentat [&#8230;]. Selon la police, l&rsquo;amateurisme et les fr\u00e9quents ratages des artificiers de l&rsquo;ARB s&rsquo;expliqueraient par son recrutement fragile \u00bb.<\/p>\n<p style=\"text-align: justify;\">Le 2 octobre 1976, Yann-Kel est enterr\u00e9 \u00e0 Quimper en pr\u00e9sence de sympathisants.<\/p>\n<p>Plusieurs chansons furent \u00e9crites en son honneur :<\/p>\n<ul>\n<li>\u00ab Gwerz Ti Voujeret \u00bb (La complainte de Ti Voujeret) par Youenn Gwernig en 1976,<\/li>\n<li>\u00ab E dibenn miz Gwengolo \u00bb (Fin septembre) par Glenmor en 1977, chant\u00e9e notamment par Andrea Ar Gouilh et Clarisse Lavanant (dans son album Je te souviens Glenmor)<\/li>\n<li>\u00ab Maro evit e bobl \u00bb (Mort pour son peuple) par Alan Stivell en 1977<\/li>\n<li>\u00ab Kernaleguen \u00bb par le groupe Brann Vor<\/li>\n<\/ul>\n<p><iframe title=\"Youenn Gwernig - Gwerz Ti-voujeret\" width=\"500\" height=\"281\" src=\"https:\/\/www.youtube.com\/embed\/FMS9mcuD_sA?feature=oembed\" frameborder=\"0\" allow=\"accelerometer; autoplay; clipboard-write; encrypted-media; gyroscope; picture-in-picture; web-share\" referrerpolicy=\"strict-origin-when-cross-origin\" allowfullscreen><\/iframe><\/p>\n<p style=\"text-align: right;\"><strong>Olwen Kerdrel<\/strong><\/p>\n","protected":false},"excerpt":{"rendered":"<p>EMSAV &#8211; Yann-Kel Kernaleguen (Jean-Michel Kernaleguen en fran\u00e7ais, Yann-Mikael Kernalegenn en breton), n\u00e9 le 6 mai 1954 \u00e0 Quimper et mort le 29 septembre 1976 \u00e0 Din\u00e9ault1, \u00e9tait un militant breton, membre du Front de Lib\u00e9ration de la Bretagne (FLB). Il est connu d\u00e8s le tout d\u00e9but des ann\u00e9es 1970, vers l&rsquo;\u00e2ge de seize ans, [&hellip;]<\/p>\n","protected":false},"author":1,"featured_media":2458,"comment_status":"open","ping_status":"open","sticky":false,"template":"","format":"standard","meta":{"sb_editor_width":"","footnotes":""},"categories":[74,50,65],"tags":[],"class_list":["post-2457","post","type-post","status-publish","format-standard","has-post-thumbnail","hentry","category-emsav","category-histoire-de-bretagne","category-principale"],"relative_dates":{"created":"2 ans ago","modified":"2 ans ago"},"yoast_head":"<!-- This site is optimized with the Yoast SEO plugin v26.3 - https:\/\/yoast.com\/wordpress\/plugins\/seo\/ -->\n<title>Emsav : 29 septembre 1976, mort de Yann-Kel Kernalegenn, soldat du FLB - STOURM<\/title>\n<meta name=\"robots\" content=\"index, follow, max-snippet:-1, max-image-preview:large, max-video-preview:-1\" \/>\n<link rel=\"canonical\" href=\"https:\/\/stourm.news\/?p=2457\" \/>\n<meta property=\"og:locale\" content=\"fr_FR\" \/>\n<meta property=\"og:type\" content=\"article\" \/>\n<meta property=\"og:title\" content=\"Emsav : 29 septembre 1976, mort de Yann-Kel Kernalegenn, soldat du FLB - STOURM\" \/>\n<meta property=\"og:description\" content=\"EMSAV &#8211; Yann-Kel Kernaleguen (Jean-Michel Kernaleguen en fran\u00e7ais, Yann-Mikael Kernalegenn en breton), n\u00e9 le 6 mai 1954 \u00e0 Quimper et mort le 29 septembre 1976 \u00e0 Din\u00e9ault1, \u00e9tait un militant breton, membre du Front de Lib\u00e9ration de la Bretagne (FLB). Il est connu d\u00e8s le tout d\u00e9but des ann\u00e9es 1970, vers l&rsquo;\u00e2ge de seize ans, [&hellip;]\" \/>\n<meta property=\"og:url\" content=\"https:\/\/stourm.news\/?p=2457\" \/>\n<meta property=\"og:site_name\" content=\"STOURM\" \/>\n<meta property=\"article:publisher\" content=\"https:\/\/www.facebook.com\/stourmnews\/\" \/>\n<meta property=\"article:published_time\" content=\"2024-09-29T07:09:56+00:00\" \/>\n<meta property=\"og:image\" content=\"https:\/\/stourm.news\/wp-content\/uploads\/2024\/09\/yann_kel.jpg\" \/>\n\t<meta property=\"og:image:width\" content=\"1206\" \/>\n\t<meta property=\"og:image:height\" content=\"740\" \/>\n\t<meta property=\"og:image:type\" content=\"image\/jpeg\" \/>\n<meta name=\"author\" content=\"La r\u00e9daction\" \/>\n<meta name=\"twitter:card\" content=\"summary_large_image\" \/>\n<meta name=\"twitter:label1\" content=\"\u00c9crit par\" \/>\n\t<meta name=\"twitter:data1\" content=\"La r\u00e9daction\" \/>\n\t<meta name=\"twitter:label2\" content=\"Dur\u00e9e de lecture estim\u00e9e\" \/>\n\t<meta name=\"twitter:data2\" content=\"3 minutes\" \/>\n<script type=\"application\/ld+json\" class=\"yoast-schema-graph\">{\"@context\":\"https:\/\/schema.org\",\"@graph\":[{\"@type\":\"Article\",\"@id\":\"https:\/\/stourm.news\/?p=2457#article\",\"isPartOf\":{\"@id\":\"https:\/\/stourm.news\/?p=2457\"},\"author\":{\"name\":\"La r\u00e9daction\",\"@id\":\"https:\/\/stourm.news\/#\/schema\/person\/c3e1dc65988632e190969234ef046cf9\"},\"headline\":\"Emsav : 29 septembre 1976, mort de Yann-Kel Kernalegenn, soldat du FLB\",\"datePublished\":\"2024-09-29T07:09:56+00:00\",\"mainEntityOfPage\":{\"@id\":\"https:\/\/stourm.news\/?p=2457\"},\"wordCount\":453,\"commentCount\":0,\"publisher\":{\"@id\":\"https:\/\/stourm.news\/#organization\"},\"image\":{\"@id\":\"https:\/\/stourm.news\/?p=2457#primaryimage\"},\"thumbnailUrl\":\"https:\/\/stourm.news\/wp-content\/uploads\/2024\/09\/yann_kel.jpg\",\"articleSection\":[\"Emsav\",\"Histoire de Bretagne\",\"Principale\"],\"inLanguage\":\"fr-FR\",\"potentialAction\":[{\"@type\":\"CommentAction\",\"name\":\"Comment\",\"target\":[\"https:\/\/stourm.news\/?p=2457#respond\"]}]},{\"@type\":\"WebPage\",\"@id\":\"https:\/\/stourm.news\/?p=2457\",\"url\":\"https:\/\/stourm.news\/?p=2457\",\"name\":\"Emsav : 29 septembre 1976, mort de Yann-Kel Kernalegenn, soldat du FLB - STOURM\",\"isPartOf\":{\"@id\":\"https:\/\/stourm.news\/#website\"},\"primaryImageOfPage\":{\"@id\":\"https:\/\/stourm.news\/?p=2457#primaryimage\"},\"image\":{\"@id\":\"https:\/\/stourm.news\/?p=2457#primaryimage\"},\"thumbnailUrl\":\"https:\/\/stourm.news\/wp-content\/uploads\/2024\/09\/yann_kel.jpg\",\"datePublished\":\"2024-09-29T07:09:56+00:00\",\"breadcrumb\":{\"@id\":\"https:\/\/stourm.news\/?p=2457#breadcrumb\"},\"inLanguage\":\"fr-FR\",\"potentialAction\":[{\"@type\":\"ReadAction\",\"target\":[\"https:\/\/stourm.news\/?p=2457\"]}]},{\"@type\":\"ImageObject\",\"inLanguage\":\"fr-FR\",\"@id\":\"https:\/\/stourm.news\/?p=2457#primaryimage\",\"url\":\"https:\/\/stourm.news\/wp-content\/uploads\/2024\/09\/yann_kel.jpg\",\"contentUrl\":\"https:\/\/stourm.news\/wp-content\/uploads\/2024\/09\/yann_kel.jpg\",\"width\":1206,\"height\":740},{\"@type\":\"BreadcrumbList\",\"@id\":\"https:\/\/stourm.news\/?p=2457#breadcrumb\",\"itemListElement\":[{\"@type\":\"ListItem\",\"position\":1,\"name\":\"Accueil\",\"item\":\"https:\/\/stourm.news\/\"},{\"@type\":\"ListItem\",\"position\":2,\"name\":\"Emsav : 29 septembre 1976, mort de Yann-Kel Kernalegenn, soldat du FLB\"}]},{\"@type\":\"WebSite\",\"@id\":\"https:\/\/stourm.news\/#website\",\"url\":\"https:\/\/stourm.news\/\",\"name\":\"Stourm\",\"description\":\"Kazetenn Strollad Broadel Breizh\",\"publisher\":{\"@id\":\"https:\/\/stourm.news\/#organization\"},\"potentialAction\":[{\"@type\":\"SearchAction\",\"target\":{\"@type\":\"EntryPoint\",\"urlTemplate\":\"https:\/\/stourm.news\/?s={search_term_string}\"},\"query-input\":{\"@type\":\"PropertyValueSpecification\",\"valueRequired\":true,\"valueName\":\"search_term_string\"}}],\"inLanguage\":\"fr-FR\"},{\"@type\":\"Organization\",\"@id\":\"https:\/\/stourm.news\/#organization\",\"name\":\"Stourm\",\"url\":\"https:\/\/stourm.news\/\",\"logo\":{\"@type\":\"ImageObject\",\"inLanguage\":\"fr-FR\",\"@id\":\"https:\/\/stourm.news\/#\/schema\/logo\/image\/\",\"url\":\"https:\/\/stourm.news\/wp-content\/uploads\/2025\/11\/cropped-Capture-decran-2025-11-28-a-15.19.07.png\",\"contentUrl\":\"https:\/\/stourm.news\/wp-content\/uploads\/2025\/11\/cropped-Capture-decran-2025-11-28-a-15.19.07.png\",\"width\":1855,\"height\":383,\"caption\":\"Stourm\"},\"image\":{\"@id\":\"https:\/\/stourm.news\/#\/schema\/logo\/image\/\"},\"sameAs\":[\"https:\/\/www.facebook.com\/stourmnews\/\"]},{\"@type\":\"Person\",\"@id\":\"https:\/\/stourm.news\/#\/schema\/person\/c3e1dc65988632e190969234ef046cf9\",\"name\":\"La r\u00e9daction\",\"image\":{\"@type\":\"ImageObject\",\"inLanguage\":\"fr-FR\",\"@id\":\"https:\/\/stourm.news\/#\/schema\/person\/image\/\",\"url\":\"https:\/\/secure.gravatar.com\/avatar\/7463443f194b6b5fb706b074ca0ef59a0cfcfd720cb47764b0ec5a952ce422b3?s=96&d=mm&r=g\",\"contentUrl\":\"https:\/\/secure.gravatar.com\/avatar\/7463443f194b6b5fb706b074ca0ef59a0cfcfd720cb47764b0ec5a952ce422b3?s=96&d=mm&r=g\",\"caption\":\"La r\u00e9daction\"},\"sameAs\":[\"https:\/\/stourm.news\"],\"url\":\"https:\/\/stourm.news\/?author=1\"}]}<\/script>\n<!-- \/ Yoast SEO plugin. -->","yoast_head_json":{"title":"Emsav : 29 septembre 1976, mort de Yann-Kel Kernalegenn, soldat du FLB - STOURM","robots":{"index":"index","follow":"follow","max-snippet":"max-snippet:-1","max-image-preview":"max-image-preview:large","max-video-preview":"max-video-preview:-1"},"canonical":"https:\/\/stourm.news\/?p=2457","og_locale":"fr_FR","og_type":"article","og_title":"Emsav : 29 septembre 1976, mort de Yann-Kel Kernalegenn, soldat du FLB - STOURM","og_description":"EMSAV &#8211; Yann-Kel Kernaleguen (Jean-Michel Kernaleguen en fran\u00e7ais, Yann-Mikael Kernalegenn en breton), n\u00e9 le 6 mai 1954 \u00e0 Quimper et mort le 29 septembre 1976 \u00e0 Din\u00e9ault1, \u00e9tait un militant breton, membre du Front de Lib\u00e9ration de la Bretagne (FLB). Il est connu d\u00e8s le tout d\u00e9but des ann\u00e9es 1970, vers l&rsquo;\u00e2ge de seize ans, [&hellip;]","og_url":"https:\/\/stourm.news\/?p=2457","og_site_name":"STOURM","article_publisher":"https:\/\/www.facebook.com\/stourmnews\/","article_published_time":"2024-09-29T07:09:56+00:00","og_image":[{"width":1206,"height":740,"url":"https:\/\/stourm.news\/wp-content\/uploads\/2024\/09\/yann_kel.jpg","type":"image\/jpeg"}],"author":"La r\u00e9daction","twitter_card":"summary_large_image","twitter_misc":{"\u00c9crit par":"La r\u00e9daction","Dur\u00e9e de lecture estim\u00e9e":"3 minutes"},"schema":{"@context":"https:\/\/schema.org","@graph":[{"@type":"Article","@id":"https:\/\/stourm.news\/?p=2457#article","isPartOf":{"@id":"https:\/\/stourm.news\/?p=2457"},"author":{"name":"La r\u00e9daction","@id":"https:\/\/stourm.news\/#\/schema\/person\/c3e1dc65988632e190969234ef046cf9"},"headline":"Emsav : 29 septembre 1976, mort de Yann-Kel Kernalegenn, soldat du FLB","datePublished":"2024-09-29T07:09:56+00:00","mainEntityOfPage":{"@id":"https:\/\/stourm.news\/?p=2457"},"wordCount":453,"commentCount":0,"publisher":{"@id":"https:\/\/stourm.news\/#organization"},"image":{"@id":"https:\/\/stourm.news\/?p=2457#primaryimage"},"thumbnailUrl":"https:\/\/stourm.news\/wp-content\/uploads\/2024\/09\/yann_kel.jpg","articleSection":["Emsav","Histoire de Bretagne","Principale"],"inLanguage":"fr-FR","potentialAction":[{"@type":"CommentAction","name":"Comment","target":["https:\/\/stourm.news\/?p=2457#respond"]}]},{"@type":"WebPage","@id":"https:\/\/stourm.news\/?p=2457","url":"https:\/\/stourm.news\/?p=2457","name":"Emsav : 29 septembre 1976, mort de Yann-Kel Kernalegenn, soldat du FLB - STOURM","isPartOf":{"@id":"https:\/\/stourm.news\/#website"},"primaryImageOfPage":{"@id":"https:\/\/stourm.news\/?p=2457#primaryimage"},"image":{"@id":"https:\/\/stourm.news\/?p=2457#primaryimage"},"thumbnailUrl":"https:\/\/stourm.news\/wp-content\/uploads\/2024\/09\/yann_kel.jpg","datePublished":"2024-09-29T07:09:56+00:00","breadcrumb":{"@id":"https:\/\/stourm.news\/?p=2457#breadcrumb"},"inLanguage":"fr-FR","potentialAction":[{"@type":"ReadAction","target":["https:\/\/stourm.news\/?p=2457"]}]},{"@type":"ImageObject","inLanguage":"fr-FR","@id":"https:\/\/stourm.news\/?p=2457#primaryimage","url":"https:\/\/stourm.news\/wp-content\/uploads\/2024\/09\/yann_kel.jpg","contentUrl":"https:\/\/stourm.news\/wp-content\/uploads\/2024\/09\/yann_kel.jpg","width":1206,"height":740},{"@type":"BreadcrumbList","@id":"https:\/\/stourm.news\/?p=2457#breadcrumb","itemListElement":[{"@type":"ListItem","position":1,"name":"Accueil","item":"https:\/\/stourm.news\/"},{"@type":"ListItem","position":2,"name":"Emsav : 29 septembre 1976, mort de Yann-Kel Kernalegenn, soldat du FLB"}]},{"@type":"WebSite","@id":"https:\/\/stourm.news\/#website","url":"https:\/\/stourm.news\/","name":"Stourm","description":"Kazetenn Strollad Broadel Breizh","publisher":{"@id":"https:\/\/stourm.news\/#organization"},"potentialAction":[{"@type":"SearchAction","target":{"@type":"EntryPoint","urlTemplate":"https:\/\/stourm.news\/?s={search_term_string}"},"query-input":{"@type":"PropertyValueSpecification","valueRequired":true,"valueName":"search_term_string"}}],"inLanguage":"fr-FR"},{"@type":"Organization","@id":"https:\/\/stourm.news\/#organization","name":"Stourm","url":"https:\/\/stourm.news\/","logo":{"@type":"ImageObject","inLanguage":"fr-FR","@id":"https:\/\/stourm.news\/#\/schema\/logo\/image\/","url":"https:\/\/stourm.news\/wp-content\/uploads\/2025\/11\/cropped-Capture-decran-2025-11-28-a-15.19.07.png","contentUrl":"https:\/\/stourm.news\/wp-content\/uploads\/2025\/11\/cropped-Capture-decran-2025-11-28-a-15.19.07.png","width":1855,"height":383,"caption":"Stourm"},"image":{"@id":"https:\/\/stourm.news\/#\/schema\/logo\/image\/"},"sameAs":["https:\/\/www.facebook.com\/stourmnews\/"]},{"@type":"Person","@id":"https:\/\/stourm.news\/#\/schema\/person\/c3e1dc65988632e190969234ef046cf9","name":"La r\u00e9daction","image":{"@type":"ImageObject","inLanguage":"fr-FR","@id":"https:\/\/stourm.news\/#\/schema\/person\/image\/","url":"https:\/\/secure.gravatar.com\/avatar\/7463443f194b6b5fb706b074ca0ef59a0cfcfd720cb47764b0ec5a952ce422b3?s=96&d=mm&r=g","contentUrl":"https:\/\/secure.gravatar.com\/avatar\/7463443f194b6b5fb706b074ca0ef59a0cfcfd720cb47764b0ec5a952ce422b3?s=96&d=mm&r=g","caption":"La r\u00e9daction"},"sameAs":["https:\/\/stourm.news"],"url":"https:\/\/stourm.news\/?author=1"}]}},"_links":{"self":[{"href":"https:\/\/stourm.news\/index.php?rest_route=\/wp\/v2\/posts\/2457","targetHints":{"allow":["GET"]}}],"collection":[{"href":"https:\/\/stourm.news\/index.php?rest_route=\/wp\/v2\/posts"}],"about":[{"href":"https:\/\/stourm.news\/index.php?rest_route=\/wp\/v2\/types\/post"}],"author":[{"embeddable":true,"href":"https:\/\/stourm.news\/index.php?rest_route=\/wp\/v2\/users\/1"}],"replies":[{"embeddable":true,"href":"https:\/\/stourm.news\/index.php?rest_route=%2Fwp%2Fv2%2Fcomments&post=2457"}],"version-history":[{"count":1,"href":"https:\/\/stourm.news\/index.php?rest_route=\/wp\/v2\/posts\/2457\/revisions"}],"predecessor-version":[{"id":2459,"href":"https:\/\/stourm.news\/index.php?rest_route=\/wp\/v2\/posts\/2457\/revisions\/2459"}],"wp:featuredmedia":[{"embeddable":true,"href":"https:\/\/stourm.news\/index.php?rest_route=\/wp\/v2\/media\/2458"}],"wp:attachment":[{"href":"https:\/\/stourm.news\/index.php?rest_route=%2Fwp%2Fv2%2Fmedia&parent=2457"}],"wp:term":[{"taxonomy":"category","embeddable":true,"href":"https:\/\/stourm.news\/index.php?rest_route=%2Fwp%2Fv2%2Fcategories&post=2457"},{"taxonomy":"post_tag","embeddable":true,"href":"https:\/\/stourm.news\/index.php?rest_route=%2Fwp%2Fv2%2Ftags&post=2457"}],"curies":[{"name":"wp","href":"https:\/\/api.w.org\/{rel}","templated":true}]}}