{"id":2460,"date":"2024-09-30T13:24:33","date_gmt":"2024-09-30T13:24:33","guid":{"rendered":"https:\/\/stourm.news\/?p=2460"},"modified":"2024-09-30T13:24:33","modified_gmt":"2024-09-30T13:24:33","slug":"rennes-un-blesse-par-balle-apres-des-coups-de-feu-dans-le-quartier-multiculturel-maurepas","status":"publish","type":"post","link":"https:\/\/stourm.news\/?p=2460","title":{"rendered":"Rennes : un bless\u00e9 par balle apr\u00e8s des coups de feu dans le quartier multiculturel Maurepas"},"content":{"rendered":"<p style=\"text-align: justify;\">Les faits se sont d\u00e9roul\u00e9s vers 12\u2009h\u200915, place du Gros-Ch\u00eane, dans le quartier <strong>Maurepas<\/strong> \u00e0 Rennes. Des <strong>tirs<\/strong> ont retenti faisant <strong>\u00ab\u2009un bless\u00e9 par balles\u2009\u00bb<\/strong>, selon nos informations. La victime aurait \u00e9t\u00e9 bless\u00e9e au niveau du genou apr\u00e8s un tir de pistolet \u00e0 grenaille.<\/p>\n<p style=\"text-align: justify;\">Des t\u00e9moins sur place indiquent avoir entendu deux tirs qui s\u2019apparentaient \u00e0 des bruits de p\u00e9tards. Selon une source polici\u00e8re, une enqu\u00eate a \u00e9t\u00e9 ouverte et confi\u00e9e \u00e0 la division de la criminalit\u00e9 organis\u00e9e et sp\u00e9cialis\u00e9e (DCOS).<\/p>\n<p style=\"text-align: justify;\">Ces tirs deviennent r\u00e9currents dans le quartier puisqu\u2019au petit matin du lundi 23 septembre, des coups de feu avaient r\u00e9veill\u00e9 les habitants du quartier.<\/p>\n<p style=\"text-align: justify;\">Au mois d\u2019ao\u00fbt, d\u2019autres \u00e9v\u00e9nements du m\u00eame type avaient eu lieu le 6 ao\u00fbt, puis dans la nuit du 7 au 8 ao\u00fbt, toujours \u00e0 Maurepas, mais aussi \u00e0 Cleunay.<\/p>\n<p style=\"text-align: justify;\">Ces actes de violences seraient li\u00e9s au trafic de stup\u00e9fiants.<\/p>\n<p>Source : <a href=\"https:\/\/actu.fr\/bretagne\/rennes_35238\/rennes-un-blesse-par-balle-apres-des-coups-de-feu-en-pleine-journee-a-maurepas_61669071.html\">Actu.fr<\/a><\/p>\n","protected":false},"excerpt":{"rendered":"<p>Les faits se sont d\u00e9roul\u00e9s vers 12\u2009h\u200915, place du Gros-Ch\u00eane, dans le quartier Maurepas \u00e0 Rennes. Des tirs ont retenti faisant \u00ab\u2009un bless\u00e9 par balles\u2009\u00bb, selon nos informations. La victime aurait \u00e9t\u00e9 bless\u00e9e au niveau du genou apr\u00e8s un tir de pistolet \u00e0 grenaille. Des t\u00e9moins sur place indiquent avoir entendu deux tirs qui s\u2019apparentaient [&hellip;]<\/p>\n","protected":false},"author":1,"featured_media":2461,"comment_status":"open","ping_status":"open","sticky":false,"template":"","format":"standard","meta":{"sb_editor_width":"","footnotes":""},"categories":[29,52,41,62],"tags":[],"class_list":["post-2460","post","type-post","status-publish","format-standard","has-post-thumbnail","hentry","category-drogue","category-faits-divers","category-ille-et-vilaine","category-revue-de-presse"],"relative_dates":{"created":"2 ans ago","modified":"2 ans ago"},"yoast_head":"<!-- This site is optimized with the Yoast SEO plugin v26.3 - https:\/\/yoast.com\/wordpress\/plugins\/seo\/ -->\n<title>Rennes : un bless\u00e9 par balle apr\u00e8s des coups de feu dans le quartier multiculturel Maurepas - STOURM<\/title>\n<meta name=\"robots\" content=\"index, follow, max-snippet:-1, max-image-preview:large, max-video-preview:-1\" \/>\n<link rel=\"canonical\" href=\"https:\/\/stourm.news\/?p=2460\" \/>\n<meta property=\"og:locale\" content=\"fr_FR\" \/>\n<meta property=\"og:type\" content=\"article\" \/>\n<meta property=\"og:title\" content=\"Rennes : un bless\u00e9 par balle apr\u00e8s des coups de feu dans le quartier multiculturel Maurepas - STOURM\" \/>\n<meta property=\"og:description\" content=\"Les faits se sont d\u00e9roul\u00e9s vers 12\u2009h\u200915, place du Gros-Ch\u00eane, dans le quartier Maurepas \u00e0 Rennes. Des tirs ont retenti faisant \u00ab\u2009un bless\u00e9 par balles\u2009\u00bb, selon nos informations. La victime aurait \u00e9t\u00e9 bless\u00e9e au niveau du genou apr\u00e8s un tir de pistolet \u00e0 grenaille. Des t\u00e9moins sur place indiquent avoir entendu deux tirs qui s\u2019apparentaient [&hellip;]\" \/>\n<meta property=\"og:url\" content=\"https:\/\/stourm.news\/?p=2460\" \/>\n<meta property=\"og:site_name\" content=\"STOURM\" \/>\n<meta property=\"article:publisher\" content=\"https:\/\/www.facebook.com\/stourmnews\/\" \/>\n<meta property=\"article:published_time\" content=\"2024-09-30T13:24:33+00:00\" \/>\n<meta property=\"og:image\" content=\"https:\/\/stourm.news\/wp-content\/uploads\/2024\/09\/maurepas-960x640-1.jpg\" \/>\n\t<meta property=\"og:image:width\" content=\"960\" \/>\n\t<meta property=\"og:image:height\" content=\"640\" \/>\n\t<meta property=\"og:image:type\" content=\"image\/jpeg\" \/>\n<meta name=\"author\" content=\"La r\u00e9daction\" \/>\n<meta name=\"twitter:card\" content=\"summary_large_image\" \/>\n<meta name=\"twitter:label1\" content=\"\u00c9crit par\" \/>\n\t<meta name=\"twitter:data1\" content=\"La r\u00e9daction\" \/>\n\t<meta name=\"twitter:label2\" content=\"Dur\u00e9e de lecture estim\u00e9e\" \/>\n\t<meta name=\"twitter:data2\" content=\"1 minute\" \/>\n<script type=\"application\/ld+json\" class=\"yoast-schema-graph\">{\"@context\":\"https:\/\/schema.org\",\"@graph\":[{\"@type\":\"Article\",\"@id\":\"https:\/\/stourm.news\/?p=2460#article\",\"isPartOf\":{\"@id\":\"https:\/\/stourm.news\/?p=2460\"},\"author\":{\"name\":\"La r\u00e9daction\",\"@id\":\"https:\/\/stourm.news\/#\/schema\/person\/c3e1dc65988632e190969234ef046cf9\"},\"headline\":\"Rennes : un bless\u00e9 par balle apr\u00e8s des coups de feu dans le quartier multiculturel Maurepas\",\"datePublished\":\"2024-09-30T13:24:33+00:00\",\"mainEntityOfPage\":{\"@id\":\"https:\/\/stourm.news\/?p=2460\"},\"wordCount\":180,\"commentCount\":0,\"publisher\":{\"@id\":\"https:\/\/stourm.news\/#organization\"},\"image\":{\"@id\":\"https:\/\/stourm.news\/?p=2460#primaryimage\"},\"thumbnailUrl\":\"https:\/\/stourm.news\/wp-content\/uploads\/2024\/09\/maurepas-960x640-1.jpg\",\"articleSection\":[\"Drogue\",\"Faits divers\",\"Ille-et-Vilaine\",\"Revue de presse\"],\"inLanguage\":\"fr-FR\",\"potentialAction\":[{\"@type\":\"CommentAction\",\"name\":\"Comment\",\"target\":[\"https:\/\/stourm.news\/?p=2460#respond\"]}]},{\"@type\":\"WebPage\",\"@id\":\"https:\/\/stourm.news\/?p=2460\",\"url\":\"https:\/\/stourm.news\/?p=2460\",\"name\":\"Rennes : un bless\u00e9 par balle apr\u00e8s des coups de feu dans le quartier multiculturel Maurepas - STOURM\",\"isPartOf\":{\"@id\":\"https:\/\/stourm.news\/#website\"},\"primaryImageOfPage\":{\"@id\":\"https:\/\/stourm.news\/?p=2460#primaryimage\"},\"image\":{\"@id\":\"https:\/\/stourm.news\/?p=2460#primaryimage\"},\"thumbnailUrl\":\"https:\/\/stourm.news\/wp-content\/uploads\/2024\/09\/maurepas-960x640-1.jpg\",\"datePublished\":\"2024-09-30T13:24:33+00:00\",\"breadcrumb\":{\"@id\":\"https:\/\/stourm.news\/?p=2460#breadcrumb\"},\"inLanguage\":\"fr-FR\",\"potentialAction\":[{\"@type\":\"ReadAction\",\"target\":[\"https:\/\/stourm.news\/?p=2460\"]}]},{\"@type\":\"ImageObject\",\"inLanguage\":\"fr-FR\",\"@id\":\"https:\/\/stourm.news\/?p=2460#primaryimage\",\"url\":\"https:\/\/stourm.news\/wp-content\/uploads\/2024\/09\/maurepas-960x640-1.jpg\",\"contentUrl\":\"https:\/\/stourm.news\/wp-content\/uploads\/2024\/09\/maurepas-960x640-1.jpg\",\"width\":960,\"height\":640},{\"@type\":\"BreadcrumbList\",\"@id\":\"https:\/\/stourm.news\/?p=2460#breadcrumb\",\"itemListElement\":[{\"@type\":\"ListItem\",\"position\":1,\"name\":\"Accueil\",\"item\":\"https:\/\/stourm.news\/\"},{\"@type\":\"ListItem\",\"position\":2,\"name\":\"Rennes : un bless\u00e9 par balle apr\u00e8s des coups de feu dans le quartier multiculturel Maurepas\"}]},{\"@type\":\"WebSite\",\"@id\":\"https:\/\/stourm.news\/#website\",\"url\":\"https:\/\/stourm.news\/\",\"name\":\"Stourm\",\"description\":\"Kazetenn Strollad Broadel Breizh\",\"publisher\":{\"@id\":\"https:\/\/stourm.news\/#organization\"},\"potentialAction\":[{\"@type\":\"SearchAction\",\"target\":{\"@type\":\"EntryPoint\",\"urlTemplate\":\"https:\/\/stourm.news\/?s={search_term_string}\"},\"query-input\":{\"@type\":\"PropertyValueSpecification\",\"valueRequired\":true,\"valueName\":\"search_term_string\"}}],\"inLanguage\":\"fr-FR\"},{\"@type\":\"Organization\",\"@id\":\"https:\/\/stourm.news\/#organization\",\"name\":\"Stourm\",\"url\":\"https:\/\/stourm.news\/\",\"logo\":{\"@type\":\"ImageObject\",\"inLanguage\":\"fr-FR\",\"@id\":\"https:\/\/stourm.news\/#\/schema\/logo\/image\/\",\"url\":\"https:\/\/stourm.news\/wp-content\/uploads\/2025\/11\/cropped-Capture-decran-2025-11-28-a-15.19.07.png\",\"contentUrl\":\"https:\/\/stourm.news\/wp-content\/uploads\/2025\/11\/cropped-Capture-decran-2025-11-28-a-15.19.07.png\",\"width\":1855,\"height\":383,\"caption\":\"Stourm\"},\"image\":{\"@id\":\"https:\/\/stourm.news\/#\/schema\/logo\/image\/\"},\"sameAs\":[\"https:\/\/www.facebook.com\/stourmnews\/\"]},{\"@type\":\"Person\",\"@id\":\"https:\/\/stourm.news\/#\/schema\/person\/c3e1dc65988632e190969234ef046cf9\",\"name\":\"La r\u00e9daction\",\"image\":{\"@type\":\"ImageObject\",\"inLanguage\":\"fr-FR\",\"@id\":\"https:\/\/stourm.news\/#\/schema\/person\/image\/\",\"url\":\"https:\/\/secure.gravatar.com\/avatar\/7463443f194b6b5fb706b074ca0ef59a0cfcfd720cb47764b0ec5a952ce422b3?s=96&d=mm&r=g\",\"contentUrl\":\"https:\/\/secure.gravatar.com\/avatar\/7463443f194b6b5fb706b074ca0ef59a0cfcfd720cb47764b0ec5a952ce422b3?s=96&d=mm&r=g\",\"caption\":\"La r\u00e9daction\"},\"sameAs\":[\"https:\/\/stourm.news\"],\"url\":\"https:\/\/stourm.news\/?author=1\"}]}<\/script>\n<!-- \/ Yoast SEO plugin. -->","yoast_head_json":{"title":"Rennes : un bless\u00e9 par balle apr\u00e8s des coups de feu dans le quartier multiculturel Maurepas - STOURM","robots":{"index":"index","follow":"follow","max-snippet":"max-snippet:-1","max-image-preview":"max-image-preview:large","max-video-preview":"max-video-preview:-1"},"canonical":"https:\/\/stourm.news\/?p=2460","og_locale":"fr_FR","og_type":"article","og_title":"Rennes : un bless\u00e9 par balle apr\u00e8s des coups de feu dans le quartier multiculturel Maurepas - STOURM","og_description":"Les faits se sont d\u00e9roul\u00e9s vers 12\u2009h\u200915, place du Gros-Ch\u00eane, dans le quartier Maurepas \u00e0 Rennes. Des tirs ont retenti faisant \u00ab\u2009un bless\u00e9 par balles\u2009\u00bb, selon nos informations. La victime aurait \u00e9t\u00e9 bless\u00e9e au niveau du genou apr\u00e8s un tir de pistolet \u00e0 grenaille. Des t\u00e9moins sur place indiquent avoir entendu deux tirs qui s\u2019apparentaient [&hellip;]","og_url":"https:\/\/stourm.news\/?p=2460","og_site_name":"STOURM","article_publisher":"https:\/\/www.facebook.com\/stourmnews\/","article_published_time":"2024-09-30T13:24:33+00:00","og_image":[{"width":960,"height":640,"url":"https:\/\/stourm.news\/wp-content\/uploads\/2024\/09\/maurepas-960x640-1.jpg","type":"image\/jpeg"}],"author":"La r\u00e9daction","twitter_card":"summary_large_image","twitter_misc":{"\u00c9crit par":"La r\u00e9daction","Dur\u00e9e de lecture estim\u00e9e":"1 minute"},"schema":{"@context":"https:\/\/schema.org","@graph":[{"@type":"Article","@id":"https:\/\/stourm.news\/?p=2460#article","isPartOf":{"@id":"https:\/\/stourm.news\/?p=2460"},"author":{"name":"La r\u00e9daction","@id":"https:\/\/stourm.news\/#\/schema\/person\/c3e1dc65988632e190969234ef046cf9"},"headline":"Rennes : un bless\u00e9 par balle apr\u00e8s des coups de feu dans le quartier multiculturel Maurepas","datePublished":"2024-09-30T13:24:33+00:00","mainEntityOfPage":{"@id":"https:\/\/stourm.news\/?p=2460"},"wordCount":180,"commentCount":0,"publisher":{"@id":"https:\/\/stourm.news\/#organization"},"image":{"@id":"https:\/\/stourm.news\/?p=2460#primaryimage"},"thumbnailUrl":"https:\/\/stourm.news\/wp-content\/uploads\/2024\/09\/maurepas-960x640-1.jpg","articleSection":["Drogue","Faits divers","Ille-et-Vilaine","Revue de presse"],"inLanguage":"fr-FR","potentialAction":[{"@type":"CommentAction","name":"Comment","target":["https:\/\/stourm.news\/?p=2460#respond"]}]},{"@type":"WebPage","@id":"https:\/\/stourm.news\/?p=2460","url":"https:\/\/stourm.news\/?p=2460","name":"Rennes : un bless\u00e9 par balle apr\u00e8s des coups de feu dans le quartier multiculturel Maurepas - STOURM","isPartOf":{"@id":"https:\/\/stourm.news\/#website"},"primaryImageOfPage":{"@id":"https:\/\/stourm.news\/?p=2460#primaryimage"},"image":{"@id":"https:\/\/stourm.news\/?p=2460#primaryimage"},"thumbnailUrl":"https:\/\/stourm.news\/wp-content\/uploads\/2024\/09\/maurepas-960x640-1.jpg","datePublished":"2024-09-30T13:24:33+00:00","breadcrumb":{"@id":"https:\/\/stourm.news\/?p=2460#breadcrumb"},"inLanguage":"fr-FR","potentialAction":[{"@type":"ReadAction","target":["https:\/\/stourm.news\/?p=2460"]}]},{"@type":"ImageObject","inLanguage":"fr-FR","@id":"https:\/\/stourm.news\/?p=2460#primaryimage","url":"https:\/\/stourm.news\/wp-content\/uploads\/2024\/09\/maurepas-960x640-1.jpg","contentUrl":"https:\/\/stourm.news\/wp-content\/uploads\/2024\/09\/maurepas-960x640-1.jpg","width":960,"height":640},{"@type":"BreadcrumbList","@id":"https:\/\/stourm.news\/?p=2460#breadcrumb","itemListElement":[{"@type":"ListItem","position":1,"name":"Accueil","item":"https:\/\/stourm.news\/"},{"@type":"ListItem","position":2,"name":"Rennes : un bless\u00e9 par balle apr\u00e8s des coups de feu dans le quartier multiculturel Maurepas"}]},{"@type":"WebSite","@id":"https:\/\/stourm.news\/#website","url":"https:\/\/stourm.news\/","name":"Stourm","description":"Kazetenn Strollad Broadel Breizh","publisher":{"@id":"https:\/\/stourm.news\/#organization"},"potentialAction":[{"@type":"SearchAction","target":{"@type":"EntryPoint","urlTemplate":"https:\/\/stourm.news\/?s={search_term_string}"},"query-input":{"@type":"PropertyValueSpecification","valueRequired":true,"valueName":"search_term_string"}}],"inLanguage":"fr-FR"},{"@type":"Organization","@id":"https:\/\/stourm.news\/#organization","name":"Stourm","url":"https:\/\/stourm.news\/","logo":{"@type":"ImageObject","inLanguage":"fr-FR","@id":"https:\/\/stourm.news\/#\/schema\/logo\/image\/","url":"https:\/\/stourm.news\/wp-content\/uploads\/2025\/11\/cropped-Capture-decran-2025-11-28-a-15.19.07.png","contentUrl":"https:\/\/stourm.news\/wp-content\/uploads\/2025\/11\/cropped-Capture-decran-2025-11-28-a-15.19.07.png","width":1855,"height":383,"caption":"Stourm"},"image":{"@id":"https:\/\/stourm.news\/#\/schema\/logo\/image\/"},"sameAs":["https:\/\/www.facebook.com\/stourmnews\/"]},{"@type":"Person","@id":"https:\/\/stourm.news\/#\/schema\/person\/c3e1dc65988632e190969234ef046cf9","name":"La r\u00e9daction","image":{"@type":"ImageObject","inLanguage":"fr-FR","@id":"https:\/\/stourm.news\/#\/schema\/person\/image\/","url":"https:\/\/secure.gravatar.com\/avatar\/7463443f194b6b5fb706b074ca0ef59a0cfcfd720cb47764b0ec5a952ce422b3?s=96&d=mm&r=g","contentUrl":"https:\/\/secure.gravatar.com\/avatar\/7463443f194b6b5fb706b074ca0ef59a0cfcfd720cb47764b0ec5a952ce422b3?s=96&d=mm&r=g","caption":"La r\u00e9daction"},"sameAs":["https:\/\/stourm.news"],"url":"https:\/\/stourm.news\/?author=1"}]}},"_links":{"self":[{"href":"https:\/\/stourm.news\/index.php?rest_route=\/wp\/v2\/posts\/2460","targetHints":{"allow":["GET"]}}],"collection":[{"href":"https:\/\/stourm.news\/index.php?rest_route=\/wp\/v2\/posts"}],"about":[{"href":"https:\/\/stourm.news\/index.php?rest_route=\/wp\/v2\/types\/post"}],"author":[{"embeddable":true,"href":"https:\/\/stourm.news\/index.php?rest_route=\/wp\/v2\/users\/1"}],"replies":[{"embeddable":true,"href":"https:\/\/stourm.news\/index.php?rest_route=%2Fwp%2Fv2%2Fcomments&post=2460"}],"version-history":[{"count":1,"href":"https:\/\/stourm.news\/index.php?rest_route=\/wp\/v2\/posts\/2460\/revisions"}],"predecessor-version":[{"id":2462,"href":"https:\/\/stourm.news\/index.php?rest_route=\/wp\/v2\/posts\/2460\/revisions\/2462"}],"wp:featuredmedia":[{"embeddable":true,"href":"https:\/\/stourm.news\/index.php?rest_route=\/wp\/v2\/media\/2461"}],"wp:attachment":[{"href":"https:\/\/stourm.news\/index.php?rest_route=%2Fwp%2Fv2%2Fmedia&parent=2460"}],"wp:term":[{"taxonomy":"category","embeddable":true,"href":"https:\/\/stourm.news\/index.php?rest_route=%2Fwp%2Fv2%2Fcategories&post=2460"},{"taxonomy":"post_tag","embeddable":true,"href":"https:\/\/stourm.news\/index.php?rest_route=%2Fwp%2Fv2%2Ftags&post=2460"}],"curies":[{"name":"wp","href":"https:\/\/api.w.org\/{rel}","templated":true}]}}