{"id":2595,"date":"2024-10-23T15:11:34","date_gmt":"2024-10-23T15:11:34","guid":{"rendered":"https:\/\/stourm.news\/?p=2595"},"modified":"2024-10-23T15:11:34","modified_gmt":"2024-10-23T15:11:34","slug":"militants-independantistes-kanak-incarceres-dans-lhexagone-la-cour-de-cassation-donne-raison-a-christian-tein","status":"publish","type":"post","link":"https:\/\/stourm.news\/?p=2595","title":{"rendered":"Militants ind\u00e9pendantistes kanak incarc\u00e9r\u00e9s dans l&rsquo;Hexagone : la Cour de cassation donne raison \u00e0 Christian Tein"},"content":{"rendered":"<p style=\"text-align: justify;\">C&rsquo;est une premi\u00e8re victoire judiciaire pour <strong>Christian Tein<\/strong>, le chef nationaliste de la Cellule de coordination des actions de terrain (CCAT), groupe point\u00e9 du doigt pour son r\u00f4le dans les violences qui ont essaim\u00e9 en Nouvelle-Cal\u00e9donie au mois de mai. Mardi 22 octobre, la Cour de cassation, \u00e0 Paris, a cass\u00e9 l&rsquo;arr\u00eat du 5 juillet de la chambre d\u2019instruction de la cour d\u2019appel de Noum\u00e9a qui avait confirm\u00e9 son placement en d\u00e9tention <strong>dans l&rsquo;Hexagone<\/strong>. Le militant ind\u00e9pendantiste kanak, incarc\u00e9r\u00e9 \u00e0 Mulhouse depuis le mois de juin, devra donc prochainement repasser devant un juge qui statuera sur son sort.<\/p>\n<p style=\"text-align: justify;\">Christian Tein, d\u00e9sign\u00e9 entre temps pr\u00e9sident du Front de lib\u00e9ration nationale kanak et socialiste (FLNKS), a \u00e9t\u00e9 transf\u00e9r\u00e9 dans l&rsquo;Hexagone il y a quatre mois avec six autres militants, \u00e0 pr\u00e8s de 17.000 km de leur territoire.<\/p>\n<p style=\"text-align: justify;\">Tous avaient fait appel de cette d\u00e9cision. Seules deux femmes ont \u00e9t\u00e9 autoris\u00e9es \u00e0 sortir de prison en juillet. Mais elles sont depuis assign\u00e9es \u00e0 r\u00e9sidence en attendant leur proc\u00e8s. Les cinq autres, dont Christian Tein, sont rest\u00e9s en prison, <strong>\u00e9parpill\u00e9s dans l&rsquo;Hexagone.<\/strong><\/p>\n<p style=\"text-align: justify;\">Suite \u00e0 la d\u00e9cision de la Cour d&rsquo;appel, les cinq hommes se sont pourvus en cassation, jugeant que leur droit \u00e0 la d\u00e9fense avait \u00e9t\u00e9 viol\u00e9. Mardi, devant la cour, leurs avocats ont fait valoir l&rsquo;argument qu&rsquo;ils n&rsquo;avaient pas \u00e9t\u00e9 mis au courant de leur envoi en prison dans l&rsquo;Hexagone au moment de la premi\u00e8re instance. S&rsquo;ils avaient su, ont-ils plaid\u00e9, ils auraient pu adapter leur d\u00e9fense.<\/p>\n<p style=\"text-align: justify;\">La Cour de cassation a cass\u00e9 deux d\u00e9cisions : celle concernant Christian Tein, mais aussi celle de Steve Un\u00eb, un autre militant ind\u00e9pendantiste. Cette instance juridique de dernier recours ne juge n\u00e9anmoins pas le fond des affaires, mais la forme. Un nouveau jugement devra donc trancher le sort des deux hommes. En revanche, la plus haute juridiction a rejet\u00e9 le pourvoi de Dimitri Tein Qenegei, Guillaume Vama et Yewa Waetheane, qui ne repasseront pas devant le juge.<\/p>\n<p style=\"text-align: justify;\">Source : <a href=\"https:\/\/la1ere.francetvinfo.fr\/militants-independantistes-kanaks-incarceres-dans-l-hexagone-la-cour-de-cassation-donne-raison-a-christian-tein-1530625.html\">France Info<\/a><\/p>\n","protected":false},"excerpt":{"rendered":"<p>C&rsquo;est une premi\u00e8re victoire judiciaire pour Christian Tein, le chef nationaliste de la Cellule de coordination des actions de terrain (CCAT), groupe point\u00e9 du doigt pour son r\u00f4le dans les violences qui ont essaim\u00e9 en Nouvelle-Cal\u00e9donie au mois de mai. Mardi 22 octobre, la Cour de cassation, \u00e0 Paris, a cass\u00e9 l&rsquo;arr\u00eat du 5 juillet [&hellip;]<\/p>\n","protected":false},"author":1,"featured_media":2596,"comment_status":"open","ping_status":"open","sticky":false,"template":"","format":"standard","meta":{"sb_editor_width":"","footnotes":""},"categories":[66,67,65],"tags":[],"class_list":["post-2595","post","type-post","status-publish","format-standard","has-post-thumbnail","hentry","category-international","category-politique","category-principale"],"relative_dates":{"created":"2 ans ago","modified":"2 ans ago"},"yoast_head":"<!-- This site is optimized with the Yoast SEO plugin v26.3 - https:\/\/yoast.com\/wordpress\/plugins\/seo\/ -->\n<title>Militants ind\u00e9pendantistes kanak incarc\u00e9r\u00e9s dans l&#039;Hexagone : la Cour de cassation donne raison \u00e0 Christian Tein - STOURM<\/title>\n<meta name=\"robots\" content=\"index, follow, max-snippet:-1, max-image-preview:large, max-video-preview:-1\" \/>\n<link rel=\"canonical\" href=\"https:\/\/stourm.news\/?p=2595\" \/>\n<meta property=\"og:locale\" content=\"fr_FR\" \/>\n<meta property=\"og:type\" content=\"article\" \/>\n<meta property=\"og:title\" content=\"Militants ind\u00e9pendantistes kanak incarc\u00e9r\u00e9s dans l&#039;Hexagone : la Cour de cassation donne raison \u00e0 Christian Tein - STOURM\" \/>\n<meta property=\"og:description\" content=\"C&rsquo;est une premi\u00e8re victoire judiciaire pour Christian Tein, le chef nationaliste de la Cellule de coordination des actions de terrain (CCAT), groupe point\u00e9 du doigt pour son r\u00f4le dans les violences qui ont essaim\u00e9 en Nouvelle-Cal\u00e9donie au mois de mai. Mardi 22 octobre, la Cour de cassation, \u00e0 Paris, a cass\u00e9 l&rsquo;arr\u00eat du 5 juillet [&hellip;]\" \/>\n<meta property=\"og:url\" content=\"https:\/\/stourm.news\/?p=2595\" \/>\n<meta property=\"og:site_name\" content=\"STOURM\" \/>\n<meta property=\"article:publisher\" content=\"https:\/\/www.facebook.com\/stourmnews\/\" \/>\n<meta property=\"article:published_time\" content=\"2024-10-23T15:11:34+00:00\" \/>\n<meta property=\"og:image\" content=\"https:\/\/stourm.news\/wp-content\/uploads\/2024\/10\/000-34wp3zh-667736ce7f338161137372.webp\" \/>\n\t<meta property=\"og:image:width\" content=\"930\" \/>\n\t<meta property=\"og:image:height\" content=\"620\" \/>\n\t<meta property=\"og:image:type\" content=\"image\/webp\" \/>\n<meta name=\"author\" content=\"La r\u00e9daction\" \/>\n<meta name=\"twitter:card\" content=\"summary_large_image\" \/>\n<meta name=\"twitter:label1\" content=\"\u00c9crit par\" \/>\n\t<meta name=\"twitter:data1\" content=\"La r\u00e9daction\" \/>\n\t<meta name=\"twitter:label2\" content=\"Dur\u00e9e de lecture estim\u00e9e\" \/>\n\t<meta name=\"twitter:data2\" content=\"2 minutes\" \/>\n<script type=\"application\/ld+json\" class=\"yoast-schema-graph\">{\"@context\":\"https:\/\/schema.org\",\"@graph\":[{\"@type\":\"Article\",\"@id\":\"https:\/\/stourm.news\/?p=2595#article\",\"isPartOf\":{\"@id\":\"https:\/\/stourm.news\/?p=2595\"},\"author\":{\"name\":\"La r\u00e9daction\",\"@id\":\"https:\/\/stourm.news\/#\/schema\/person\/c3e1dc65988632e190969234ef046cf9\"},\"headline\":\"Militants ind\u00e9pendantistes kanak incarc\u00e9r\u00e9s dans l&rsquo;Hexagone : la Cour de cassation donne raison \u00e0 Christian Tein\",\"datePublished\":\"2024-10-23T15:11:34+00:00\",\"mainEntityOfPage\":{\"@id\":\"https:\/\/stourm.news\/?p=2595\"},\"wordCount\":372,\"commentCount\":0,\"publisher\":{\"@id\":\"https:\/\/stourm.news\/#organization\"},\"image\":{\"@id\":\"https:\/\/stourm.news\/?p=2595#primaryimage\"},\"thumbnailUrl\":\"https:\/\/stourm.news\/wp-content\/uploads\/2024\/10\/000-34wp3zh-667736ce7f338161137372.webp\",\"articleSection\":[\"International\",\"Politique\",\"Principale\"],\"inLanguage\":\"fr-FR\",\"potentialAction\":[{\"@type\":\"CommentAction\",\"name\":\"Comment\",\"target\":[\"https:\/\/stourm.news\/?p=2595#respond\"]}]},{\"@type\":\"WebPage\",\"@id\":\"https:\/\/stourm.news\/?p=2595\",\"url\":\"https:\/\/stourm.news\/?p=2595\",\"name\":\"Militants ind\u00e9pendantistes kanak incarc\u00e9r\u00e9s dans l'Hexagone : la Cour de cassation donne raison \u00e0 Christian Tein - STOURM\",\"isPartOf\":{\"@id\":\"https:\/\/stourm.news\/#website\"},\"primaryImageOfPage\":{\"@id\":\"https:\/\/stourm.news\/?p=2595#primaryimage\"},\"image\":{\"@id\":\"https:\/\/stourm.news\/?p=2595#primaryimage\"},\"thumbnailUrl\":\"https:\/\/stourm.news\/wp-content\/uploads\/2024\/10\/000-34wp3zh-667736ce7f338161137372.webp\",\"datePublished\":\"2024-10-23T15:11:34+00:00\",\"breadcrumb\":{\"@id\":\"https:\/\/stourm.news\/?p=2595#breadcrumb\"},\"inLanguage\":\"fr-FR\",\"potentialAction\":[{\"@type\":\"ReadAction\",\"target\":[\"https:\/\/stourm.news\/?p=2595\"]}]},{\"@type\":\"ImageObject\",\"inLanguage\":\"fr-FR\",\"@id\":\"https:\/\/stourm.news\/?p=2595#primaryimage\",\"url\":\"https:\/\/stourm.news\/wp-content\/uploads\/2024\/10\/000-34wp3zh-667736ce7f338161137372.webp\",\"contentUrl\":\"https:\/\/stourm.news\/wp-content\/uploads\/2024\/10\/000-34wp3zh-667736ce7f338161137372.webp\",\"width\":930,\"height\":620},{\"@type\":\"BreadcrumbList\",\"@id\":\"https:\/\/stourm.news\/?p=2595#breadcrumb\",\"itemListElement\":[{\"@type\":\"ListItem\",\"position\":1,\"name\":\"Accueil\",\"item\":\"https:\/\/stourm.news\/\"},{\"@type\":\"ListItem\",\"position\":2,\"name\":\"Militants ind\u00e9pendantistes kanak incarc\u00e9r\u00e9s dans l&rsquo;Hexagone : la Cour de cassation donne raison \u00e0 Christian Tein\"}]},{\"@type\":\"WebSite\",\"@id\":\"https:\/\/stourm.news\/#website\",\"url\":\"https:\/\/stourm.news\/\",\"name\":\"Stourm\",\"description\":\"Kazetenn Strollad Broadel Breizh\",\"publisher\":{\"@id\":\"https:\/\/stourm.news\/#organization\"},\"potentialAction\":[{\"@type\":\"SearchAction\",\"target\":{\"@type\":\"EntryPoint\",\"urlTemplate\":\"https:\/\/stourm.news\/?s={search_term_string}\"},\"query-input\":{\"@type\":\"PropertyValueSpecification\",\"valueRequired\":true,\"valueName\":\"search_term_string\"}}],\"inLanguage\":\"fr-FR\"},{\"@type\":\"Organization\",\"@id\":\"https:\/\/stourm.news\/#organization\",\"name\":\"Stourm\",\"url\":\"https:\/\/stourm.news\/\",\"logo\":{\"@type\":\"ImageObject\",\"inLanguage\":\"fr-FR\",\"@id\":\"https:\/\/stourm.news\/#\/schema\/logo\/image\/\",\"url\":\"https:\/\/stourm.news\/wp-content\/uploads\/2025\/11\/cropped-Capture-decran-2025-11-28-a-15.19.07.png\",\"contentUrl\":\"https:\/\/stourm.news\/wp-content\/uploads\/2025\/11\/cropped-Capture-decran-2025-11-28-a-15.19.07.png\",\"width\":1855,\"height\":383,\"caption\":\"Stourm\"},\"image\":{\"@id\":\"https:\/\/stourm.news\/#\/schema\/logo\/image\/\"},\"sameAs\":[\"https:\/\/www.facebook.com\/stourmnews\/\"]},{\"@type\":\"Person\",\"@id\":\"https:\/\/stourm.news\/#\/schema\/person\/c3e1dc65988632e190969234ef046cf9\",\"name\":\"La r\u00e9daction\",\"image\":{\"@type\":\"ImageObject\",\"inLanguage\":\"fr-FR\",\"@id\":\"https:\/\/stourm.news\/#\/schema\/person\/image\/\",\"url\":\"https:\/\/secure.gravatar.com\/avatar\/7463443f194b6b5fb706b074ca0ef59a0cfcfd720cb47764b0ec5a952ce422b3?s=96&d=mm&r=g\",\"contentUrl\":\"https:\/\/secure.gravatar.com\/avatar\/7463443f194b6b5fb706b074ca0ef59a0cfcfd720cb47764b0ec5a952ce422b3?s=96&d=mm&r=g\",\"caption\":\"La r\u00e9daction\"},\"sameAs\":[\"https:\/\/stourm.news\"],\"url\":\"https:\/\/stourm.news\/?author=1\"}]}<\/script>\n<!-- \/ Yoast SEO plugin. -->","yoast_head_json":{"title":"Militants ind\u00e9pendantistes kanak incarc\u00e9r\u00e9s dans l'Hexagone : la Cour de cassation donne raison \u00e0 Christian Tein - STOURM","robots":{"index":"index","follow":"follow","max-snippet":"max-snippet:-1","max-image-preview":"max-image-preview:large","max-video-preview":"max-video-preview:-1"},"canonical":"https:\/\/stourm.news\/?p=2595","og_locale":"fr_FR","og_type":"article","og_title":"Militants ind\u00e9pendantistes kanak incarc\u00e9r\u00e9s dans l'Hexagone : la Cour de cassation donne raison \u00e0 Christian Tein - STOURM","og_description":"C&rsquo;est une premi\u00e8re victoire judiciaire pour Christian Tein, le chef nationaliste de la Cellule de coordination des actions de terrain (CCAT), groupe point\u00e9 du doigt pour son r\u00f4le dans les violences qui ont essaim\u00e9 en Nouvelle-Cal\u00e9donie au mois de mai. Mardi 22 octobre, la Cour de cassation, \u00e0 Paris, a cass\u00e9 l&rsquo;arr\u00eat du 5 juillet [&hellip;]","og_url":"https:\/\/stourm.news\/?p=2595","og_site_name":"STOURM","article_publisher":"https:\/\/www.facebook.com\/stourmnews\/","article_published_time":"2024-10-23T15:11:34+00:00","og_image":[{"width":930,"height":620,"url":"https:\/\/stourm.news\/wp-content\/uploads\/2024\/10\/000-34wp3zh-667736ce7f338161137372.webp","type":"image\/webp"}],"author":"La r\u00e9daction","twitter_card":"summary_large_image","twitter_misc":{"\u00c9crit par":"La r\u00e9daction","Dur\u00e9e de lecture estim\u00e9e":"2 minutes"},"schema":{"@context":"https:\/\/schema.org","@graph":[{"@type":"Article","@id":"https:\/\/stourm.news\/?p=2595#article","isPartOf":{"@id":"https:\/\/stourm.news\/?p=2595"},"author":{"name":"La r\u00e9daction","@id":"https:\/\/stourm.news\/#\/schema\/person\/c3e1dc65988632e190969234ef046cf9"},"headline":"Militants ind\u00e9pendantistes kanak incarc\u00e9r\u00e9s dans l&rsquo;Hexagone : la Cour de cassation donne raison \u00e0 Christian Tein","datePublished":"2024-10-23T15:11:34+00:00","mainEntityOfPage":{"@id":"https:\/\/stourm.news\/?p=2595"},"wordCount":372,"commentCount":0,"publisher":{"@id":"https:\/\/stourm.news\/#organization"},"image":{"@id":"https:\/\/stourm.news\/?p=2595#primaryimage"},"thumbnailUrl":"https:\/\/stourm.news\/wp-content\/uploads\/2024\/10\/000-34wp3zh-667736ce7f338161137372.webp","articleSection":["International","Politique","Principale"],"inLanguage":"fr-FR","potentialAction":[{"@type":"CommentAction","name":"Comment","target":["https:\/\/stourm.news\/?p=2595#respond"]}]},{"@type":"WebPage","@id":"https:\/\/stourm.news\/?p=2595","url":"https:\/\/stourm.news\/?p=2595","name":"Militants ind\u00e9pendantistes kanak incarc\u00e9r\u00e9s dans l'Hexagone : la Cour de cassation donne raison \u00e0 Christian Tein - STOURM","isPartOf":{"@id":"https:\/\/stourm.news\/#website"},"primaryImageOfPage":{"@id":"https:\/\/stourm.news\/?p=2595#primaryimage"},"image":{"@id":"https:\/\/stourm.news\/?p=2595#primaryimage"},"thumbnailUrl":"https:\/\/stourm.news\/wp-content\/uploads\/2024\/10\/000-34wp3zh-667736ce7f338161137372.webp","datePublished":"2024-10-23T15:11:34+00:00","breadcrumb":{"@id":"https:\/\/stourm.news\/?p=2595#breadcrumb"},"inLanguage":"fr-FR","potentialAction":[{"@type":"ReadAction","target":["https:\/\/stourm.news\/?p=2595"]}]},{"@type":"ImageObject","inLanguage":"fr-FR","@id":"https:\/\/stourm.news\/?p=2595#primaryimage","url":"https:\/\/stourm.news\/wp-content\/uploads\/2024\/10\/000-34wp3zh-667736ce7f338161137372.webp","contentUrl":"https:\/\/stourm.news\/wp-content\/uploads\/2024\/10\/000-34wp3zh-667736ce7f338161137372.webp","width":930,"height":620},{"@type":"BreadcrumbList","@id":"https:\/\/stourm.news\/?p=2595#breadcrumb","itemListElement":[{"@type":"ListItem","position":1,"name":"Accueil","item":"https:\/\/stourm.news\/"},{"@type":"ListItem","position":2,"name":"Militants ind\u00e9pendantistes kanak incarc\u00e9r\u00e9s dans l&rsquo;Hexagone : la Cour de cassation donne raison \u00e0 Christian Tein"}]},{"@type":"WebSite","@id":"https:\/\/stourm.news\/#website","url":"https:\/\/stourm.news\/","name":"Stourm","description":"Kazetenn Strollad Broadel Breizh","publisher":{"@id":"https:\/\/stourm.news\/#organization"},"potentialAction":[{"@type":"SearchAction","target":{"@type":"EntryPoint","urlTemplate":"https:\/\/stourm.news\/?s={search_term_string}"},"query-input":{"@type":"PropertyValueSpecification","valueRequired":true,"valueName":"search_term_string"}}],"inLanguage":"fr-FR"},{"@type":"Organization","@id":"https:\/\/stourm.news\/#organization","name":"Stourm","url":"https:\/\/stourm.news\/","logo":{"@type":"ImageObject","inLanguage":"fr-FR","@id":"https:\/\/stourm.news\/#\/schema\/logo\/image\/","url":"https:\/\/stourm.news\/wp-content\/uploads\/2025\/11\/cropped-Capture-decran-2025-11-28-a-15.19.07.png","contentUrl":"https:\/\/stourm.news\/wp-content\/uploads\/2025\/11\/cropped-Capture-decran-2025-11-28-a-15.19.07.png","width":1855,"height":383,"caption":"Stourm"},"image":{"@id":"https:\/\/stourm.news\/#\/schema\/logo\/image\/"},"sameAs":["https:\/\/www.facebook.com\/stourmnews\/"]},{"@type":"Person","@id":"https:\/\/stourm.news\/#\/schema\/person\/c3e1dc65988632e190969234ef046cf9","name":"La r\u00e9daction","image":{"@type":"ImageObject","inLanguage":"fr-FR","@id":"https:\/\/stourm.news\/#\/schema\/person\/image\/","url":"https:\/\/secure.gravatar.com\/avatar\/7463443f194b6b5fb706b074ca0ef59a0cfcfd720cb47764b0ec5a952ce422b3?s=96&d=mm&r=g","contentUrl":"https:\/\/secure.gravatar.com\/avatar\/7463443f194b6b5fb706b074ca0ef59a0cfcfd720cb47764b0ec5a952ce422b3?s=96&d=mm&r=g","caption":"La r\u00e9daction"},"sameAs":["https:\/\/stourm.news"],"url":"https:\/\/stourm.news\/?author=1"}]}},"_links":{"self":[{"href":"https:\/\/stourm.news\/index.php?rest_route=\/wp\/v2\/posts\/2595","targetHints":{"allow":["GET"]}}],"collection":[{"href":"https:\/\/stourm.news\/index.php?rest_route=\/wp\/v2\/posts"}],"about":[{"href":"https:\/\/stourm.news\/index.php?rest_route=\/wp\/v2\/types\/post"}],"author":[{"embeddable":true,"href":"https:\/\/stourm.news\/index.php?rest_route=\/wp\/v2\/users\/1"}],"replies":[{"embeddable":true,"href":"https:\/\/stourm.news\/index.php?rest_route=%2Fwp%2Fv2%2Fcomments&post=2595"}],"version-history":[{"count":1,"href":"https:\/\/stourm.news\/index.php?rest_route=\/wp\/v2\/posts\/2595\/revisions"}],"predecessor-version":[{"id":2597,"href":"https:\/\/stourm.news\/index.php?rest_route=\/wp\/v2\/posts\/2595\/revisions\/2597"}],"wp:featuredmedia":[{"embeddable":true,"href":"https:\/\/stourm.news\/index.php?rest_route=\/wp\/v2\/media\/2596"}],"wp:attachment":[{"href":"https:\/\/stourm.news\/index.php?rest_route=%2Fwp%2Fv2%2Fmedia&parent=2595"}],"wp:term":[{"taxonomy":"category","embeddable":true,"href":"https:\/\/stourm.news\/index.php?rest_route=%2Fwp%2Fv2%2Fcategories&post=2595"},{"taxonomy":"post_tag","embeddable":true,"href":"https:\/\/stourm.news\/index.php?rest_route=%2Fwp%2Fv2%2Ftags&post=2595"}],"curies":[{"name":"wp","href":"https:\/\/api.w.org\/{rel}","templated":true}]}}