{"id":2598,"date":"2024-10-24T08:28:28","date_gmt":"2024-10-24T08:28:28","guid":{"rendered":"https:\/\/stourm.news\/?p=2598"},"modified":"2024-10-24T08:28:28","modified_gmt":"2024-10-24T08:28:28","slug":"saint-brieuc-agression-sexuelle-par-un-algerien-dans-un-ascenseur-quand-il-sortira-il-te-violera","status":"publish","type":"post","link":"https:\/\/stourm.news\/?p=2598","title":{"rendered":"Saint-Brieuc : agression sexuelle par un Alg\u00e9rien dans un ascenseur, \u00ab\u00a0Quand il sortira il te violera\u00a0\u00bb"},"content":{"rendered":"<p style=\"text-align: justify;\">L\u2019agresseur, un jeune homme <strong>n\u00e9 en Alg\u00e9rie<\/strong> en 2003, a choisi de ne pas se pr\u00e9senter \u00e0 l\u2019audience du tribunal correctionnel de Saint-Brieuc (C\u00f4tes-d\u2019Armor) ce mardi 22 octobre. Sa jeune victime, qui \u00e9tait \u00e2g\u00e9e <strong>de 16 ans<\/strong> \u00e0 la date des faits en 2021, est pr\u00e9sente. Elle est assist\u00e9e de son avocate.<\/p>\n<p style=\"text-align: justify;\">Elle relate les faits \u00e0 la barre du tribunal, encore marqu\u00e9e par cette <strong>agression<\/strong>. Elle ne peut retenir ses larmes. C\u2019est en rentrant chez elle le 22 juillet 2021, dans le quartier de Balzac \u00e0 Saint-Brieuc, que la jeune fille est abord\u00e9e par son agresseur qu\u2019elle ne conna\u00eet que de vue.<\/p>\n<p style=\"text-align: justify;\"><strong>Des cris et des pleurs<\/strong><\/p>\n<p style=\"text-align: justify;\">Se trouvant proche de l\u2019entr\u00e9e d\u2019un b\u00e2timent, il saisit son bras et l\u2019attire dans l\u2019ascenseur. Une fois dans la cabine, il saute afin d\u2019en provoquer l\u2019arr\u00eat. Il se place derri\u00e8re elle, lui maintient les mains et tente de mettre la main dans son jean. Il n\u2019y parvient pas et glisse une main sous son tee-shirt. La cabine se remet en marche, les portes s\u2019ouvrent. Deux hommes voient la victime en pleurs. Son agresseur indique qu\u2019elle a eu peur de rester bloqu\u00e9e dans l\u2019ascenseur. Il quitte les lieux rapidement. Les deux t\u00e9moins raccompagnent la victime jusque devant chez elle. Elle ne leur parle pas de ce dont elle vient d\u2019\u00eatre victime.<\/p>\n<p style=\"text-align: justify;\"><strong>L\u2019agresseur retrouv\u00e9 sur les r\u00e9seaux sociaux<\/strong><\/p>\n<p style=\"text-align: justify;\">La jeune fille reste chez elle plusieurs jours sans sortir. Elle franchit le pas et croise son agresseur, <strong>qui l\u2019insulte<\/strong>. Elle finit par se confier \u00e0 sa m\u00e8re qui d\u00e9cide de l\u2019accompagner au commissariat afin de d\u00e9poser plainte. Elle conna\u00eet le pr\u00e9nom de son agresseur et confie aux enqu\u00eateurs une photographie retrouv\u00e9e sur un r\u00e9seau social. Malgr\u00e9 son jeune \u00e2ge, trois mentions figurent d\u00e9j\u00e0 au casier judiciaire du pr\u00e9venu : <strong>vente de stup\u00e9fiants, recel de vol et vol aggrav\u00e9 par des violences.<\/strong><\/p>\n<p style=\"text-align: justify;\">De l\u2019autre c\u00f4t\u00e9, les d\u00e9clarations ne varient pas. Elle d\u00e9crit toujours la m\u00eame agression, dans les m\u00eames circonstances. Tout au long de la proc\u00e9dure, la jeune fille<strong> est menac\u00e9e<\/strong> par son agresseur, mais \u00e9galement par <strong>des amis<\/strong> de ce dernier au moment de son incarc\u00e9ration. Son fr\u00e8re l\u2019appelle alors qu\u2019il est lui aussi incarc\u00e9r\u00e9. <strong>\u00ab Il n\u2019a pas r\u00e9ussi \u00e0 te violer, mais quand il sortira il te violera et te frappera par-dessus. \u00bb<\/strong><\/p>\n<p style=\"text-align: justify;\">Les deux jeunes hommes qui ont vu la victime et son agresseur sortir de l\u2019ascenseur sont menac\u00e9s \u00e0 leur tour. D\u2019ailleurs, aucun d\u2019eux ne t\u00e9moignera de fa\u00e7on officielle de peur de repr\u00e9sailles.<\/p>\n<p style=\"text-align: justify;\"><strong>Un changement de vie<\/strong><\/p>\n<p style=\"text-align: justify;\">Aujourd\u2019hui, la victime a chang\u00e9 de num\u00e9ro de t\u00e9l\u00e9phone, changer de pseudo sur les r\u00e9seaux sociaux et est m\u00eame partie vivre dans un autre d\u00e9partement. Le Minist\u00e8re public requiert 18 mois d\u2019emprisonnement assorti de la d\u00e9livrance d\u2019un mandat d\u2019arr\u00eat. Apr\u00e8s d\u00e9lib\u00e9rations, le tribunal aggrave le quantum de la peine sollicit\u00e9 \u00e0 deux ans d\u2019emprisonnement.<\/p>\n<p style=\"text-align: justify;\">Il lui est interdit de d\u00e9tenir une arme pour une dur\u00e9e de cinq ans, d\u2019exercer une activit\u00e9 en lien avec des mineurs et de se trouver sur le territoire fran\u00e7ais de fa\u00e7on d\u00e9finitive. Il sera inscrit au FIJAIS (Fichier des d\u00e9linquants sexuels).<\/p>\n<p style=\"text-align: justify;\">Il est de plus condamn\u00e9 \u00e0 indemniser la victime pour un montant de 4\u2009000 euros et 800 euros pour la m\u00e8re de celle-ci.<\/p>\n<p style=\"text-align: justify;\">Source : <a href=\"https:\/\/actu.fr\/bretagne\/saint-brieuc_22278\/saint-brieuc-agression-sexuelle-dans-un-ascenseur-quand-il-sortira-il-te-violera_61773279.html\">Actu.fr<\/a><\/p>\n","protected":false},"excerpt":{"rendered":"<p>L\u2019agresseur, un jeune homme n\u00e9 en Alg\u00e9rie en 2003, a choisi de ne pas se pr\u00e9senter \u00e0 l\u2019audience du tribunal correctionnel de Saint-Brieuc (C\u00f4tes-d\u2019Armor) ce mardi 22 octobre. Sa jeune victime, qui \u00e9tait \u00e2g\u00e9e de 16 ans \u00e0 la date des faits en 2021, est pr\u00e9sente. Elle est assist\u00e9e de son avocate. Elle relate les [&hellip;]<\/p>\n","protected":false},"author":1,"featured_media":2599,"comment_status":"open","ping_status":"open","sticky":false,"template":"","format":"standard","meta":{"sb_editor_width":"","footnotes":""},"categories":[34,39,33,62],"tags":[],"class_list":["post-2598","post","type-post","status-publish","format-standard","has-post-thumbnail","hentry","category-agression-sexuelle","category-cotes-darmor","category-immigration","category-revue-de-presse"],"relative_dates":{"created":"2 ans ago","modified":"2 ans ago"},"yoast_head":"<!-- This site is optimized with the Yoast SEO plugin v26.3 - https:\/\/yoast.com\/wordpress\/plugins\/seo\/ -->\n<title>Saint-Brieuc : agression sexuelle par un Alg\u00e9rien dans un ascenseur, &quot;Quand il sortira il te violera&quot; - STOURM<\/title>\n<meta name=\"robots\" content=\"index, follow, max-snippet:-1, max-image-preview:large, max-video-preview:-1\" \/>\n<link rel=\"canonical\" href=\"https:\/\/stourm.news\/?p=2598\" \/>\n<meta property=\"og:locale\" content=\"fr_FR\" \/>\n<meta property=\"og:type\" content=\"article\" \/>\n<meta property=\"og:title\" content=\"Saint-Brieuc : agression sexuelle par un Alg\u00e9rien dans un ascenseur, &quot;Quand il sortira il te violera&quot; - STOURM\" \/>\n<meta property=\"og:description\" content=\"L\u2019agresseur, un jeune homme n\u00e9 en Alg\u00e9rie en 2003, a choisi de ne pas se pr\u00e9senter \u00e0 l\u2019audience du tribunal correctionnel de Saint-Brieuc (C\u00f4tes-d\u2019Armor) ce mardi 22 octobre. Sa jeune victime, qui \u00e9tait \u00e2g\u00e9e de 16 ans \u00e0 la date des faits en 2021, est pr\u00e9sente. Elle est assist\u00e9e de son avocate. Elle relate les [&hellip;]\" \/>\n<meta property=\"og:url\" content=\"https:\/\/stourm.news\/?p=2598\" \/>\n<meta property=\"og:site_name\" content=\"STOURM\" \/>\n<meta property=\"article:publisher\" content=\"https:\/\/www.facebook.com\/stourmnews\/\" \/>\n<meta property=\"article:published_time\" content=\"2024-10-24T08:28:28+00:00\" \/>\n<meta property=\"og:image\" content=\"https:\/\/stourm.news\/wp-content\/uploads\/2024\/10\/fa968e5dd5f46d0a68e5dd5f48cc68v-960x640-1.jpg\" \/>\n\t<meta property=\"og:image:width\" content=\"960\" \/>\n\t<meta property=\"og:image:height\" content=\"640\" \/>\n\t<meta property=\"og:image:type\" content=\"image\/jpeg\" \/>\n<meta name=\"author\" content=\"La r\u00e9daction\" \/>\n<meta name=\"twitter:card\" content=\"summary_large_image\" \/>\n<meta name=\"twitter:label1\" content=\"\u00c9crit par\" \/>\n\t<meta name=\"twitter:data1\" content=\"La r\u00e9daction\" \/>\n\t<meta name=\"twitter:label2\" content=\"Dur\u00e9e de lecture estim\u00e9e\" \/>\n\t<meta name=\"twitter:data2\" content=\"3 minutes\" \/>\n<script type=\"application\/ld+json\" class=\"yoast-schema-graph\">{\"@context\":\"https:\/\/schema.org\",\"@graph\":[{\"@type\":\"Article\",\"@id\":\"https:\/\/stourm.news\/?p=2598#article\",\"isPartOf\":{\"@id\":\"https:\/\/stourm.news\/?p=2598\"},\"author\":{\"name\":\"La r\u00e9daction\",\"@id\":\"https:\/\/stourm.news\/#\/schema\/person\/c3e1dc65988632e190969234ef046cf9\"},\"headline\":\"Saint-Brieuc : agression sexuelle par un Alg\u00e9rien dans un ascenseur, \u00ab\u00a0Quand il sortira il te violera\u00a0\u00bb\",\"datePublished\":\"2024-10-24T08:28:28+00:00\",\"mainEntityOfPage\":{\"@id\":\"https:\/\/stourm.news\/?p=2598\"},\"wordCount\":626,\"commentCount\":0,\"publisher\":{\"@id\":\"https:\/\/stourm.news\/#organization\"},\"image\":{\"@id\":\"https:\/\/stourm.news\/?p=2598#primaryimage\"},\"thumbnailUrl\":\"https:\/\/stourm.news\/wp-content\/uploads\/2024\/10\/fa968e5dd5f46d0a68e5dd5f48cc68v-960x640-1.jpg\",\"articleSection\":[\"Agression sexuelle\",\"C\u00f4tes d'Armor\",\"Immigration\",\"Revue de presse\"],\"inLanguage\":\"fr-FR\",\"potentialAction\":[{\"@type\":\"CommentAction\",\"name\":\"Comment\",\"target\":[\"https:\/\/stourm.news\/?p=2598#respond\"]}]},{\"@type\":\"WebPage\",\"@id\":\"https:\/\/stourm.news\/?p=2598\",\"url\":\"https:\/\/stourm.news\/?p=2598\",\"name\":\"Saint-Brieuc : agression sexuelle par un Alg\u00e9rien dans un ascenseur, \\\"Quand il sortira il te violera\\\" - STOURM\",\"isPartOf\":{\"@id\":\"https:\/\/stourm.news\/#website\"},\"primaryImageOfPage\":{\"@id\":\"https:\/\/stourm.news\/?p=2598#primaryimage\"},\"image\":{\"@id\":\"https:\/\/stourm.news\/?p=2598#primaryimage\"},\"thumbnailUrl\":\"https:\/\/stourm.news\/wp-content\/uploads\/2024\/10\/fa968e5dd5f46d0a68e5dd5f48cc68v-960x640-1.jpg\",\"datePublished\":\"2024-10-24T08:28:28+00:00\",\"breadcrumb\":{\"@id\":\"https:\/\/stourm.news\/?p=2598#breadcrumb\"},\"inLanguage\":\"fr-FR\",\"potentialAction\":[{\"@type\":\"ReadAction\",\"target\":[\"https:\/\/stourm.news\/?p=2598\"]}]},{\"@type\":\"ImageObject\",\"inLanguage\":\"fr-FR\",\"@id\":\"https:\/\/stourm.news\/?p=2598#primaryimage\",\"url\":\"https:\/\/stourm.news\/wp-content\/uploads\/2024\/10\/fa968e5dd5f46d0a68e5dd5f48cc68v-960x640-1.jpg\",\"contentUrl\":\"https:\/\/stourm.news\/wp-content\/uploads\/2024\/10\/fa968e5dd5f46d0a68e5dd5f48cc68v-960x640-1.jpg\",\"width\":960,\"height\":640},{\"@type\":\"BreadcrumbList\",\"@id\":\"https:\/\/stourm.news\/?p=2598#breadcrumb\",\"itemListElement\":[{\"@type\":\"ListItem\",\"position\":1,\"name\":\"Accueil\",\"item\":\"https:\/\/stourm.news\/\"},{\"@type\":\"ListItem\",\"position\":2,\"name\":\"Saint-Brieuc : agression sexuelle par un Alg\u00e9rien dans un ascenseur, \u00ab\u00a0Quand il sortira il te violera\u00a0\u00bb\"}]},{\"@type\":\"WebSite\",\"@id\":\"https:\/\/stourm.news\/#website\",\"url\":\"https:\/\/stourm.news\/\",\"name\":\"Stourm\",\"description\":\"Kazetenn Strollad Broadel Breizh\",\"publisher\":{\"@id\":\"https:\/\/stourm.news\/#organization\"},\"potentialAction\":[{\"@type\":\"SearchAction\",\"target\":{\"@type\":\"EntryPoint\",\"urlTemplate\":\"https:\/\/stourm.news\/?s={search_term_string}\"},\"query-input\":{\"@type\":\"PropertyValueSpecification\",\"valueRequired\":true,\"valueName\":\"search_term_string\"}}],\"inLanguage\":\"fr-FR\"},{\"@type\":\"Organization\",\"@id\":\"https:\/\/stourm.news\/#organization\",\"name\":\"Stourm\",\"url\":\"https:\/\/stourm.news\/\",\"logo\":{\"@type\":\"ImageObject\",\"inLanguage\":\"fr-FR\",\"@id\":\"https:\/\/stourm.news\/#\/schema\/logo\/image\/\",\"url\":\"https:\/\/stourm.news\/wp-content\/uploads\/2025\/11\/cropped-Capture-decran-2025-11-28-a-15.19.07.png\",\"contentUrl\":\"https:\/\/stourm.news\/wp-content\/uploads\/2025\/11\/cropped-Capture-decran-2025-11-28-a-15.19.07.png\",\"width\":1855,\"height\":383,\"caption\":\"Stourm\"},\"image\":{\"@id\":\"https:\/\/stourm.news\/#\/schema\/logo\/image\/\"},\"sameAs\":[\"https:\/\/www.facebook.com\/stourmnews\/\"]},{\"@type\":\"Person\",\"@id\":\"https:\/\/stourm.news\/#\/schema\/person\/c3e1dc65988632e190969234ef046cf9\",\"name\":\"La r\u00e9daction\",\"image\":{\"@type\":\"ImageObject\",\"inLanguage\":\"fr-FR\",\"@id\":\"https:\/\/stourm.news\/#\/schema\/person\/image\/\",\"url\":\"https:\/\/secure.gravatar.com\/avatar\/7463443f194b6b5fb706b074ca0ef59a0cfcfd720cb47764b0ec5a952ce422b3?s=96&d=mm&r=g\",\"contentUrl\":\"https:\/\/secure.gravatar.com\/avatar\/7463443f194b6b5fb706b074ca0ef59a0cfcfd720cb47764b0ec5a952ce422b3?s=96&d=mm&r=g\",\"caption\":\"La r\u00e9daction\"},\"sameAs\":[\"https:\/\/stourm.news\"],\"url\":\"https:\/\/stourm.news\/?author=1\"}]}<\/script>\n<!-- \/ Yoast SEO plugin. -->","yoast_head_json":{"title":"Saint-Brieuc : agression sexuelle par un Alg\u00e9rien dans un ascenseur, \"Quand il sortira il te violera\" - STOURM","robots":{"index":"index","follow":"follow","max-snippet":"max-snippet:-1","max-image-preview":"max-image-preview:large","max-video-preview":"max-video-preview:-1"},"canonical":"https:\/\/stourm.news\/?p=2598","og_locale":"fr_FR","og_type":"article","og_title":"Saint-Brieuc : agression sexuelle par un Alg\u00e9rien dans un ascenseur, \"Quand il sortira il te violera\" - STOURM","og_description":"L\u2019agresseur, un jeune homme n\u00e9 en Alg\u00e9rie en 2003, a choisi de ne pas se pr\u00e9senter \u00e0 l\u2019audience du tribunal correctionnel de Saint-Brieuc (C\u00f4tes-d\u2019Armor) ce mardi 22 octobre. Sa jeune victime, qui \u00e9tait \u00e2g\u00e9e de 16 ans \u00e0 la date des faits en 2021, est pr\u00e9sente. Elle est assist\u00e9e de son avocate. Elle relate les [&hellip;]","og_url":"https:\/\/stourm.news\/?p=2598","og_site_name":"STOURM","article_publisher":"https:\/\/www.facebook.com\/stourmnews\/","article_published_time":"2024-10-24T08:28:28+00:00","og_image":[{"width":960,"height":640,"url":"https:\/\/stourm.news\/wp-content\/uploads\/2024\/10\/fa968e5dd5f46d0a68e5dd5f48cc68v-960x640-1.jpg","type":"image\/jpeg"}],"author":"La r\u00e9daction","twitter_card":"summary_large_image","twitter_misc":{"\u00c9crit par":"La r\u00e9daction","Dur\u00e9e de lecture estim\u00e9e":"3 minutes"},"schema":{"@context":"https:\/\/schema.org","@graph":[{"@type":"Article","@id":"https:\/\/stourm.news\/?p=2598#article","isPartOf":{"@id":"https:\/\/stourm.news\/?p=2598"},"author":{"name":"La r\u00e9daction","@id":"https:\/\/stourm.news\/#\/schema\/person\/c3e1dc65988632e190969234ef046cf9"},"headline":"Saint-Brieuc : agression sexuelle par un Alg\u00e9rien dans un ascenseur, \u00ab\u00a0Quand il sortira il te violera\u00a0\u00bb","datePublished":"2024-10-24T08:28:28+00:00","mainEntityOfPage":{"@id":"https:\/\/stourm.news\/?p=2598"},"wordCount":626,"commentCount":0,"publisher":{"@id":"https:\/\/stourm.news\/#organization"},"image":{"@id":"https:\/\/stourm.news\/?p=2598#primaryimage"},"thumbnailUrl":"https:\/\/stourm.news\/wp-content\/uploads\/2024\/10\/fa968e5dd5f46d0a68e5dd5f48cc68v-960x640-1.jpg","articleSection":["Agression sexuelle","C\u00f4tes d'Armor","Immigration","Revue de presse"],"inLanguage":"fr-FR","potentialAction":[{"@type":"CommentAction","name":"Comment","target":["https:\/\/stourm.news\/?p=2598#respond"]}]},{"@type":"WebPage","@id":"https:\/\/stourm.news\/?p=2598","url":"https:\/\/stourm.news\/?p=2598","name":"Saint-Brieuc : agression sexuelle par un Alg\u00e9rien dans un ascenseur, \"Quand il sortira il te violera\" - STOURM","isPartOf":{"@id":"https:\/\/stourm.news\/#website"},"primaryImageOfPage":{"@id":"https:\/\/stourm.news\/?p=2598#primaryimage"},"image":{"@id":"https:\/\/stourm.news\/?p=2598#primaryimage"},"thumbnailUrl":"https:\/\/stourm.news\/wp-content\/uploads\/2024\/10\/fa968e5dd5f46d0a68e5dd5f48cc68v-960x640-1.jpg","datePublished":"2024-10-24T08:28:28+00:00","breadcrumb":{"@id":"https:\/\/stourm.news\/?p=2598#breadcrumb"},"inLanguage":"fr-FR","potentialAction":[{"@type":"ReadAction","target":["https:\/\/stourm.news\/?p=2598"]}]},{"@type":"ImageObject","inLanguage":"fr-FR","@id":"https:\/\/stourm.news\/?p=2598#primaryimage","url":"https:\/\/stourm.news\/wp-content\/uploads\/2024\/10\/fa968e5dd5f46d0a68e5dd5f48cc68v-960x640-1.jpg","contentUrl":"https:\/\/stourm.news\/wp-content\/uploads\/2024\/10\/fa968e5dd5f46d0a68e5dd5f48cc68v-960x640-1.jpg","width":960,"height":640},{"@type":"BreadcrumbList","@id":"https:\/\/stourm.news\/?p=2598#breadcrumb","itemListElement":[{"@type":"ListItem","position":1,"name":"Accueil","item":"https:\/\/stourm.news\/"},{"@type":"ListItem","position":2,"name":"Saint-Brieuc : agression sexuelle par un Alg\u00e9rien dans un ascenseur, \u00ab\u00a0Quand il sortira il te violera\u00a0\u00bb"}]},{"@type":"WebSite","@id":"https:\/\/stourm.news\/#website","url":"https:\/\/stourm.news\/","name":"Stourm","description":"Kazetenn Strollad Broadel Breizh","publisher":{"@id":"https:\/\/stourm.news\/#organization"},"potentialAction":[{"@type":"SearchAction","target":{"@type":"EntryPoint","urlTemplate":"https:\/\/stourm.news\/?s={search_term_string}"},"query-input":{"@type":"PropertyValueSpecification","valueRequired":true,"valueName":"search_term_string"}}],"inLanguage":"fr-FR"},{"@type":"Organization","@id":"https:\/\/stourm.news\/#organization","name":"Stourm","url":"https:\/\/stourm.news\/","logo":{"@type":"ImageObject","inLanguage":"fr-FR","@id":"https:\/\/stourm.news\/#\/schema\/logo\/image\/","url":"https:\/\/stourm.news\/wp-content\/uploads\/2025\/11\/cropped-Capture-decran-2025-11-28-a-15.19.07.png","contentUrl":"https:\/\/stourm.news\/wp-content\/uploads\/2025\/11\/cropped-Capture-decran-2025-11-28-a-15.19.07.png","width":1855,"height":383,"caption":"Stourm"},"image":{"@id":"https:\/\/stourm.news\/#\/schema\/logo\/image\/"},"sameAs":["https:\/\/www.facebook.com\/stourmnews\/"]},{"@type":"Person","@id":"https:\/\/stourm.news\/#\/schema\/person\/c3e1dc65988632e190969234ef046cf9","name":"La r\u00e9daction","image":{"@type":"ImageObject","inLanguage":"fr-FR","@id":"https:\/\/stourm.news\/#\/schema\/person\/image\/","url":"https:\/\/secure.gravatar.com\/avatar\/7463443f194b6b5fb706b074ca0ef59a0cfcfd720cb47764b0ec5a952ce422b3?s=96&d=mm&r=g","contentUrl":"https:\/\/secure.gravatar.com\/avatar\/7463443f194b6b5fb706b074ca0ef59a0cfcfd720cb47764b0ec5a952ce422b3?s=96&d=mm&r=g","caption":"La r\u00e9daction"},"sameAs":["https:\/\/stourm.news"],"url":"https:\/\/stourm.news\/?author=1"}]}},"_links":{"self":[{"href":"https:\/\/stourm.news\/index.php?rest_route=\/wp\/v2\/posts\/2598","targetHints":{"allow":["GET"]}}],"collection":[{"href":"https:\/\/stourm.news\/index.php?rest_route=\/wp\/v2\/posts"}],"about":[{"href":"https:\/\/stourm.news\/index.php?rest_route=\/wp\/v2\/types\/post"}],"author":[{"embeddable":true,"href":"https:\/\/stourm.news\/index.php?rest_route=\/wp\/v2\/users\/1"}],"replies":[{"embeddable":true,"href":"https:\/\/stourm.news\/index.php?rest_route=%2Fwp%2Fv2%2Fcomments&post=2598"}],"version-history":[{"count":1,"href":"https:\/\/stourm.news\/index.php?rest_route=\/wp\/v2\/posts\/2598\/revisions"}],"predecessor-version":[{"id":2600,"href":"https:\/\/stourm.news\/index.php?rest_route=\/wp\/v2\/posts\/2598\/revisions\/2600"}],"wp:featuredmedia":[{"embeddable":true,"href":"https:\/\/stourm.news\/index.php?rest_route=\/wp\/v2\/media\/2599"}],"wp:attachment":[{"href":"https:\/\/stourm.news\/index.php?rest_route=%2Fwp%2Fv2%2Fmedia&parent=2598"}],"wp:term":[{"taxonomy":"category","embeddable":true,"href":"https:\/\/stourm.news\/index.php?rest_route=%2Fwp%2Fv2%2Fcategories&post=2598"},{"taxonomy":"post_tag","embeddable":true,"href":"https:\/\/stourm.news\/index.php?rest_route=%2Fwp%2Fv2%2Ftags&post=2598"}],"curies":[{"name":"wp","href":"https:\/\/api.w.org\/{rel}","templated":true}]}}