{"id":2601,"date":"2024-10-24T17:11:16","date_gmt":"2024-10-24T17:11:16","guid":{"rendered":"https:\/\/stourm.news\/?p=2601"},"modified":"2024-10-24T17:11:16","modified_gmt":"2024-10-24T17:11:16","slug":"meurtre-de-wilhem-houssin-ils-jouaient-au-foot-avec-sa-tete-jusqua-20-ans-de-prison-requis-pour-les-accuses","status":"publish","type":"post","link":"https:\/\/stourm.news\/?p=2601","title":{"rendered":"Meurtre de Wilhem Houssin :\u00a0\u00bbils jouaient au foot avec sa t\u00eate\u00a0\u00bb, jusqu&rsquo;\u00e0 20 ans de prison requis pour les accus\u00e9s"},"content":{"rendered":"<p style=\"text-align: justify;\">Au tribunal de Rennes, l&rsquo;atmosph\u00e8re est lourde dans la cour d&rsquo;assises des mineurs, ce jeudi 24 octobre 2024. Le proc\u00e8s des cinq jeunes accus\u00e9s d\u2019avoir battu \u00e0 mort <strong>Wilhem Houssin<\/strong>, un musicien de 49 ans, touche \u00e0 sa fin. C\u2019\u00e9tait une journ\u00e9e d\u2019\u00e9t\u00e9, le 21 juillet 2021, lorsqu\u2019ils ont crois\u00e9 la route de Wilhem. Un hasard tragique. Dix secondes ont suffi <strong>pour lui \u00f4ter la vie.<\/strong><\/p>\n<p style=\"text-align: justify;\">Ce jour-l\u00e0, Wilhem Houssin accompagnait une amie venue visiter un appartement pr\u00e8s de Rennes. Perdus, ils demandent leur chemin \u00e0 un groupe de jeunes. En quelques secondes, <strong>une explosion de violence<\/strong> s\u2019abat sur Wilhem. Dix secondes de coups, c\u2019est le temps qu\u2019il leur a fallu pour <strong>tuer<\/strong> ce p\u00e8re de famille. L&rsquo;avocate de la famille, Jade Dousselin, ouvre sa plaidoirie en mimant ce terrible d\u00e9compte : dix secondes pour massacrer un homme qui n\u2019avait rien fait d\u2019autre que poser une question.<\/p>\n<p style=\"text-align: justify;\">Les faits se sont d\u00e9roul\u00e9s sous l&rsquo;\u0153il d\u2019une cam\u00e9ra de surveillance. Un d\u00e9cha\u00eenement de violence, une brutalit\u00e9 qui laisse sans voix. La famille de Wilhem, elle, choisit la dignit\u00e9 pour raconter la vie bris\u00e9e de cet homme.<\/p>\n<p style=\"text-align: justify;\">Le p\u00e8re de Wilhem prend la parole, \u00e9mu mais calme : \u00ab\u00a0Je viens sans haine\u00a0\u00bb. Il parle de son fils, cet homme qui souffrait d\u2019une maladie incurable, \u201cla gentillesse\u201d. Son fils n\u2019aurait jamais fait de mal \u00e0 personne. Avec une voix pos\u00e9e, il d\u00e9peint l&rsquo;horreur des faits : \u00ab\u00a0Ces jeunes jouaient au foot avec la t\u00eate de mon fils. Ils criaient p\u00e9nalty !\u00a0\u00bb. L&rsquo;indicible est grav\u00e9 dans sa m\u00e9moire.<\/p>\n<p><img fetchpriority=\"high\" decoding=\"async\" class=\"alignnone size-medium\" src=\"https:\/\/france3-regions.francetvinfo.fr\/image\/T6HJbAsnBvQSFdlz4enNwhYUCZk\/0x0:1920x1080\/800x450\/filters:format(webp)\/regions\/2024\/10\/14\/frm-670d1e106e9bb478011021.jpg\" width=\"800\" height=\"450\" \/><\/p>\n<p style=\"text-align: justify;\">Face \u00e0 la d\u00e9fense qui avait \u00e9voqu\u00e9 une consommation excessive de cannabis pour expliquer la violence, le p\u00e8re balaye cette excuse : \u00ab\u00a0Le cannabis rend calme, pas violent\u00a0\u00bb, lance-t-il. Puis, il termine : \u00ab\u00a0Notre vie a chang\u00e9. Il me manque terriblement\u00a0\u00bb.<\/p>\n<p style=\"text-align: justify;\">Le petit fr\u00e8re de Wilhem, Beno\u00eet, t\u00e9moigne \u00e0 son tour. Il raconte l&rsquo;homme qui lui a donn\u00e9 ses premi\u00e8res cuill\u00e8res de compote, celui qui lui a fait aimer le monde : \u00ab\u00a0Wilhem, c\u2019\u00e9tait mon soleil, et ils me l\u2019ont \u00e9teint\u00a0\u00bb. Les mots sont simples, mais charg\u00e9s de douleur.<\/p>\n<p><img decoding=\"async\" class=\"alignnone size-medium\" src=\"https:\/\/france3-regions.francetvinfo.fr\/image\/nDdKFaSRxDFNLuRvYmfaKhiG6nc\/0x0:1920x1080\/800x450\/filters:format(webp)\/regions\/2024\/10\/14\/wilh-1-670d20206f81f375545314.jpg\" width=\"800\" height=\"450\" \/><\/p>\n<p style=\"text-align: justify;\">L\u2019ancienne compagne de Wilhem, m\u00e8re de leurs enfants, \u00e9voque cet \u00ab\u00a0artiste \u00e9corch\u00e9 vif\u00a0\u00bb qui ne supportait pas l\u2019injustice. Un homme g\u00e9n\u00e9reux, qui aurait donn\u00e9 \u00e0 ces jeunes \u00ab\u00a0sa chemise, son lit pour la nuit, son sourire pour la vie\u00a0\u00bb.<\/p>\n<p style=\"text-align: justify;\">Les enfants de Wilhem, eux aussi, ont pris la parole. Ses fils, Jo\u00ebl et Sacha, l\u2019un \u00e2g\u00e9 de 12 ans au moment des faits, confie : \u00ab\u00a0J\u2019ai tout perdu. J\u2019ai perdu son amour, son humour, sa force. Mais surtout, <strong>j\u2019ai perdu mon papa<\/strong>\u00ab\u00a0.<\/p>\n<p style=\"text-align: justify;\">La m\u00e8re de Wilhem, la voix pleine de retenue, pose une question qui reste sans r\u00e9ponse : \u00ab\u00a0Quand je regarde ces jeunes hommes qui baissent la t\u00eate dans le box, je ne sais pas \u00e0 quoi ils pensent\u00a0\u00bb. Puis, elle ajoute : \u00ab\u00a0Je sais que leur parcours n\u2019est pas simple, mais cela ne leur donne pas le droit de <strong>tuer<\/strong>\u00ab\u00a0. Son espoir est que \u00ab\u00a0la justice fasse son travail\u00a0\u00bb, m\u00eame si elle sait bien que\u00a0\u00bbcela ne ram\u00e8nera pas Wilhem\u00a0\u00bb.<\/p>\n<p style=\"text-align: justify;\">Le procureur a r\u00e9sum\u00e9 la violence de l&rsquo;acte, s\u00e9parant les cinq accus\u00e9s en deux groupes : les \u00ab\u00a0acharn\u00e9s\u00a0\u00bb et les \u00ab\u00a0suiveurs\u00a0\u00bb. \u00ab\u00a0Comment, en si peu de temps, <strong>peut-on tuer un homme \u00e0 mains nues<\/strong> ?\u00a0\u00bb questionne-t-il. Wilhem Houssin, bien qu\u2019alcoolis\u00e9 ce jour-l\u00e0, \u00e9tait un homme vivant \u00e0 15h14, dit-il. \u00ab\u00a0\u00c0 15h14mn53, il est un homme gai. Quinze secondes plus tard, son cerveau est inond\u00e9 de sang, sa mort est in\u00e9vitable\u00a0\u00bb.<\/p>\n<p><img decoding=\"async\" class=\"alignnone size-medium\" src=\"https:\/\/france3-regions.francetvinfo.fr\/image\/NL3Uu8Ra6XjsMNVA4GPQZTGsyvY\/0x0:1920x1080\/800x450\/filters:format(webp)\/regions\/2024\/10\/18\/wilhem-5-6712575ec4217507243157.jpg\" width=\"800\" height=\"450\" \/><\/p>\n<p style=\"text-align: justify;\">Le procureur rappelle que tous les accus\u00e9s ont contribu\u00e9 \u00e0 cette \u00ab\u00a0sc\u00e8ne unique de violence\u00a0\u00bb. Pour deux \u00ab\u00a0suiveurs\u00a0\u00bb, il demande 9 ans d&#8217;emprisonnement, 5 ans pour un troisi\u00e8me. Pour les deux jeunes les plus violents, 20 ans pour l\u2019instigateur de l\u2019acharnement, et 11 ans pour le plus jeune.<\/p>\n<p style=\"text-align: justify;\">Le verdict est attendu ce vendredi 25 octobre 2024 \u00e0 Rennes. La famille de Wilhem esp\u00e8re que justice sera rendue, m\u00eame si rien ne pourra apaiser leur douleur.<\/p>\n<p style=\"text-align: justify;\">Source : <a href=\"https:\/\/france3-regions.francetvinfo.fr\/bretagne\/ille-et-vilaine\/rennes\/meurtre-de-wilhem-houssin-ils-jouaient-au-foot-avec-sa-tete-jusqu-a-20-ans-de-prison-requis-pour-les-accuses-3050416.html\">France 3 Bretagne<\/a><\/p>\n","protected":false},"excerpt":{"rendered":"<p>Au tribunal de Rennes, l&rsquo;atmosph\u00e8re est lourde dans la cour d&rsquo;assises des mineurs, ce jeudi 24 octobre 2024. Le proc\u00e8s des cinq jeunes accus\u00e9s d\u2019avoir battu \u00e0 mort Wilhem Houssin, un musicien de 49 ans, touche \u00e0 sa fin. C\u2019\u00e9tait une journ\u00e9e d\u2019\u00e9t\u00e9, le 21 juillet 2021, lorsqu\u2019ils ont crois\u00e9 la route de Wilhem. Un [&hellip;]<\/p>\n","protected":false},"author":1,"featured_media":2549,"comment_status":"open","ping_status":"open","sticky":false,"template":"","format":"standard","meta":{"sb_editor_width":"","footnotes":""},"categories":[37,41,62],"tags":[],"class_list":["post-2601","post","type-post","status-publish","format-standard","has-post-thumbnail","hentry","category-homicide","category-ille-et-vilaine","category-revue-de-presse"],"relative_dates":{"created":"2 ans ago","modified":"2 ans ago"},"yoast_head":"<!-- This site is optimized with the Yoast SEO plugin v26.3 - https:\/\/yoast.com\/wordpress\/plugins\/seo\/ -->\n<title>Meurtre de Wilhem Houssin :&quot;ils jouaient au foot avec sa t\u00eate&quot;, jusqu&#039;\u00e0 20 ans de prison requis pour les accus\u00e9s - STOURM<\/title>\n<meta name=\"robots\" content=\"index, follow, max-snippet:-1, max-image-preview:large, max-video-preview:-1\" \/>\n<link rel=\"canonical\" href=\"https:\/\/stourm.news\/?p=2601\" \/>\n<meta property=\"og:locale\" content=\"fr_FR\" \/>\n<meta property=\"og:type\" content=\"article\" \/>\n<meta property=\"og:title\" content=\"Meurtre de Wilhem Houssin :&quot;ils jouaient au foot avec sa t\u00eate&quot;, jusqu&#039;\u00e0 20 ans de prison requis pour les accus\u00e9s - STOURM\" \/>\n<meta property=\"og:description\" content=\"Au tribunal de Rennes, l&rsquo;atmosph\u00e8re est lourde dans la cour d&rsquo;assises des mineurs, ce jeudi 24 octobre 2024. Le proc\u00e8s des cinq jeunes accus\u00e9s d\u2019avoir battu \u00e0 mort Wilhem Houssin, un musicien de 49 ans, touche \u00e0 sa fin. C\u2019\u00e9tait une journ\u00e9e d\u2019\u00e9t\u00e9, le 21 juillet 2021, lorsqu\u2019ils ont crois\u00e9 la route de Wilhem. Un [&hellip;]\" \/>\n<meta property=\"og:url\" content=\"https:\/\/stourm.news\/?p=2601\" \/>\n<meta property=\"og:site_name\" content=\"STOURM\" \/>\n<meta property=\"article:publisher\" content=\"https:\/\/www.facebook.com\/stourmnews\/\" \/>\n<meta property=\"article:published_time\" content=\"2024-10-24T17:11:16+00:00\" \/>\n<meta name=\"author\" content=\"La r\u00e9daction\" \/>\n<meta name=\"twitter:card\" content=\"summary_large_image\" \/>\n<meta name=\"twitter:label1\" content=\"\u00c9crit par\" \/>\n\t<meta name=\"twitter:data1\" content=\"La r\u00e9daction\" \/>\n\t<meta name=\"twitter:label2\" content=\"Dur\u00e9e de lecture estim\u00e9e\" \/>\n\t<meta name=\"twitter:data2\" content=\"4 minutes\" \/>\n<script type=\"application\/ld+json\" class=\"yoast-schema-graph\">{\"@context\":\"https:\/\/schema.org\",\"@graph\":[{\"@type\":\"Article\",\"@id\":\"https:\/\/stourm.news\/?p=2601#article\",\"isPartOf\":{\"@id\":\"https:\/\/stourm.news\/?p=2601\"},\"author\":{\"name\":\"La r\u00e9daction\",\"@id\":\"https:\/\/stourm.news\/#\/schema\/person\/c3e1dc65988632e190969234ef046cf9\"},\"headline\":\"Meurtre de Wilhem Houssin :\u00a0\u00bbils jouaient au foot avec sa t\u00eate\u00a0\u00bb, jusqu&rsquo;\u00e0 20 ans de prison requis pour les accus\u00e9s\",\"datePublished\":\"2024-10-24T17:11:16+00:00\",\"mainEntityOfPage\":{\"@id\":\"https:\/\/stourm.news\/?p=2601\"},\"wordCount\":717,\"commentCount\":0,\"publisher\":{\"@id\":\"https:\/\/stourm.news\/#organization\"},\"image\":{\"@id\":\"https:\/\/stourm.news\/?p=2601#primaryimage\"},\"thumbnailUrl\":\"https:\/\/stourm.news\/wp-content\/uploads\/2024\/10\/MjAyNDEwYjMxZGNkMWM5MjYzNGZjMGYzY2FmMWNiZGE1ZmYwNzI.avif\",\"articleSection\":[\"Homicide\",\"Ille-et-Vilaine\",\"Revue de presse\"],\"inLanguage\":\"fr-FR\",\"potentialAction\":[{\"@type\":\"CommentAction\",\"name\":\"Comment\",\"target\":[\"https:\/\/stourm.news\/?p=2601#respond\"]}]},{\"@type\":\"WebPage\",\"@id\":\"https:\/\/stourm.news\/?p=2601\",\"url\":\"https:\/\/stourm.news\/?p=2601\",\"name\":\"Meurtre de Wilhem Houssin :\\\"ils jouaient au foot avec sa t\u00eate\\\", jusqu'\u00e0 20 ans de prison requis pour les accus\u00e9s - STOURM\",\"isPartOf\":{\"@id\":\"https:\/\/stourm.news\/#website\"},\"primaryImageOfPage\":{\"@id\":\"https:\/\/stourm.news\/?p=2601#primaryimage\"},\"image\":{\"@id\":\"https:\/\/stourm.news\/?p=2601#primaryimage\"},\"thumbnailUrl\":\"https:\/\/stourm.news\/wp-content\/uploads\/2024\/10\/MjAyNDEwYjMxZGNkMWM5MjYzNGZjMGYzY2FmMWNiZGE1ZmYwNzI.avif\",\"datePublished\":\"2024-10-24T17:11:16+00:00\",\"breadcrumb\":{\"@id\":\"https:\/\/stourm.news\/?p=2601#breadcrumb\"},\"inLanguage\":\"fr-FR\",\"potentialAction\":[{\"@type\":\"ReadAction\",\"target\":[\"https:\/\/stourm.news\/?p=2601\"]}]},{\"@type\":\"ImageObject\",\"inLanguage\":\"fr-FR\",\"@id\":\"https:\/\/stourm.news\/?p=2601#primaryimage\",\"url\":\"https:\/\/stourm.news\/wp-content\/uploads\/2024\/10\/MjAyNDEwYjMxZGNkMWM5MjYzNGZjMGYzY2FmMWNiZGE1ZmYwNzI.avif\",\"contentUrl\":\"https:\/\/stourm.news\/wp-content\/uploads\/2024\/10\/MjAyNDEwYjMxZGNkMWM5MjYzNGZjMGYzY2FmMWNiZGE1ZmYwNzI.avif\",\"width\":1260,\"height\":708},{\"@type\":\"BreadcrumbList\",\"@id\":\"https:\/\/stourm.news\/?p=2601#breadcrumb\",\"itemListElement\":[{\"@type\":\"ListItem\",\"position\":1,\"name\":\"Accueil\",\"item\":\"https:\/\/stourm.news\/\"},{\"@type\":\"ListItem\",\"position\":2,\"name\":\"Meurtre de Wilhem Houssin :\u00a0\u00bbils jouaient au foot avec sa t\u00eate\u00a0\u00bb, jusqu&rsquo;\u00e0 20 ans de prison requis pour les accus\u00e9s\"}]},{\"@type\":\"WebSite\",\"@id\":\"https:\/\/stourm.news\/#website\",\"url\":\"https:\/\/stourm.news\/\",\"name\":\"Stourm\",\"description\":\"Kazetenn Strollad Broadel Breizh\",\"publisher\":{\"@id\":\"https:\/\/stourm.news\/#organization\"},\"potentialAction\":[{\"@type\":\"SearchAction\",\"target\":{\"@type\":\"EntryPoint\",\"urlTemplate\":\"https:\/\/stourm.news\/?s={search_term_string}\"},\"query-input\":{\"@type\":\"PropertyValueSpecification\",\"valueRequired\":true,\"valueName\":\"search_term_string\"}}],\"inLanguage\":\"fr-FR\"},{\"@type\":\"Organization\",\"@id\":\"https:\/\/stourm.news\/#organization\",\"name\":\"Stourm\",\"url\":\"https:\/\/stourm.news\/\",\"logo\":{\"@type\":\"ImageObject\",\"inLanguage\":\"fr-FR\",\"@id\":\"https:\/\/stourm.news\/#\/schema\/logo\/image\/\",\"url\":\"https:\/\/stourm.news\/wp-content\/uploads\/2025\/11\/cropped-Capture-decran-2025-11-28-a-15.19.07.png\",\"contentUrl\":\"https:\/\/stourm.news\/wp-content\/uploads\/2025\/11\/cropped-Capture-decran-2025-11-28-a-15.19.07.png\",\"width\":1855,\"height\":383,\"caption\":\"Stourm\"},\"image\":{\"@id\":\"https:\/\/stourm.news\/#\/schema\/logo\/image\/\"},\"sameAs\":[\"https:\/\/www.facebook.com\/stourmnews\/\"]},{\"@type\":\"Person\",\"@id\":\"https:\/\/stourm.news\/#\/schema\/person\/c3e1dc65988632e190969234ef046cf9\",\"name\":\"La r\u00e9daction\",\"image\":{\"@type\":\"ImageObject\",\"inLanguage\":\"fr-FR\",\"@id\":\"https:\/\/stourm.news\/#\/schema\/person\/image\/\",\"url\":\"https:\/\/secure.gravatar.com\/avatar\/7463443f194b6b5fb706b074ca0ef59a0cfcfd720cb47764b0ec5a952ce422b3?s=96&d=mm&r=g\",\"contentUrl\":\"https:\/\/secure.gravatar.com\/avatar\/7463443f194b6b5fb706b074ca0ef59a0cfcfd720cb47764b0ec5a952ce422b3?s=96&d=mm&r=g\",\"caption\":\"La r\u00e9daction\"},\"sameAs\":[\"https:\/\/stourm.news\"],\"url\":\"https:\/\/stourm.news\/?author=1\"}]}<\/script>\n<!-- \/ Yoast SEO plugin. -->","yoast_head_json":{"title":"Meurtre de Wilhem Houssin :\"ils jouaient au foot avec sa t\u00eate\", jusqu'\u00e0 20 ans de prison requis pour les accus\u00e9s - STOURM","robots":{"index":"index","follow":"follow","max-snippet":"max-snippet:-1","max-image-preview":"max-image-preview:large","max-video-preview":"max-video-preview:-1"},"canonical":"https:\/\/stourm.news\/?p=2601","og_locale":"fr_FR","og_type":"article","og_title":"Meurtre de Wilhem Houssin :\"ils jouaient au foot avec sa t\u00eate\", jusqu'\u00e0 20 ans de prison requis pour les accus\u00e9s - STOURM","og_description":"Au tribunal de Rennes, l&rsquo;atmosph\u00e8re est lourde dans la cour d&rsquo;assises des mineurs, ce jeudi 24 octobre 2024. Le proc\u00e8s des cinq jeunes accus\u00e9s d\u2019avoir battu \u00e0 mort Wilhem Houssin, un musicien de 49 ans, touche \u00e0 sa fin. C\u2019\u00e9tait une journ\u00e9e d\u2019\u00e9t\u00e9, le 21 juillet 2021, lorsqu\u2019ils ont crois\u00e9 la route de Wilhem. Un [&hellip;]","og_url":"https:\/\/stourm.news\/?p=2601","og_site_name":"STOURM","article_publisher":"https:\/\/www.facebook.com\/stourmnews\/","article_published_time":"2024-10-24T17:11:16+00:00","author":"La r\u00e9daction","twitter_card":"summary_large_image","twitter_misc":{"\u00c9crit par":"La r\u00e9daction","Dur\u00e9e de lecture estim\u00e9e":"4 minutes"},"schema":{"@context":"https:\/\/schema.org","@graph":[{"@type":"Article","@id":"https:\/\/stourm.news\/?p=2601#article","isPartOf":{"@id":"https:\/\/stourm.news\/?p=2601"},"author":{"name":"La r\u00e9daction","@id":"https:\/\/stourm.news\/#\/schema\/person\/c3e1dc65988632e190969234ef046cf9"},"headline":"Meurtre de Wilhem Houssin :\u00a0\u00bbils jouaient au foot avec sa t\u00eate\u00a0\u00bb, jusqu&rsquo;\u00e0 20 ans de prison requis pour les accus\u00e9s","datePublished":"2024-10-24T17:11:16+00:00","mainEntityOfPage":{"@id":"https:\/\/stourm.news\/?p=2601"},"wordCount":717,"commentCount":0,"publisher":{"@id":"https:\/\/stourm.news\/#organization"},"image":{"@id":"https:\/\/stourm.news\/?p=2601#primaryimage"},"thumbnailUrl":"https:\/\/stourm.news\/wp-content\/uploads\/2024\/10\/MjAyNDEwYjMxZGNkMWM5MjYzNGZjMGYzY2FmMWNiZGE1ZmYwNzI.avif","articleSection":["Homicide","Ille-et-Vilaine","Revue de presse"],"inLanguage":"fr-FR","potentialAction":[{"@type":"CommentAction","name":"Comment","target":["https:\/\/stourm.news\/?p=2601#respond"]}]},{"@type":"WebPage","@id":"https:\/\/stourm.news\/?p=2601","url":"https:\/\/stourm.news\/?p=2601","name":"Meurtre de Wilhem Houssin :\"ils jouaient au foot avec sa t\u00eate\", jusqu'\u00e0 20 ans de prison requis pour les accus\u00e9s - STOURM","isPartOf":{"@id":"https:\/\/stourm.news\/#website"},"primaryImageOfPage":{"@id":"https:\/\/stourm.news\/?p=2601#primaryimage"},"image":{"@id":"https:\/\/stourm.news\/?p=2601#primaryimage"},"thumbnailUrl":"https:\/\/stourm.news\/wp-content\/uploads\/2024\/10\/MjAyNDEwYjMxZGNkMWM5MjYzNGZjMGYzY2FmMWNiZGE1ZmYwNzI.avif","datePublished":"2024-10-24T17:11:16+00:00","breadcrumb":{"@id":"https:\/\/stourm.news\/?p=2601#breadcrumb"},"inLanguage":"fr-FR","potentialAction":[{"@type":"ReadAction","target":["https:\/\/stourm.news\/?p=2601"]}]},{"@type":"ImageObject","inLanguage":"fr-FR","@id":"https:\/\/stourm.news\/?p=2601#primaryimage","url":"https:\/\/stourm.news\/wp-content\/uploads\/2024\/10\/MjAyNDEwYjMxZGNkMWM5MjYzNGZjMGYzY2FmMWNiZGE1ZmYwNzI.avif","contentUrl":"https:\/\/stourm.news\/wp-content\/uploads\/2024\/10\/MjAyNDEwYjMxZGNkMWM5MjYzNGZjMGYzY2FmMWNiZGE1ZmYwNzI.avif","width":1260,"height":708},{"@type":"BreadcrumbList","@id":"https:\/\/stourm.news\/?p=2601#breadcrumb","itemListElement":[{"@type":"ListItem","position":1,"name":"Accueil","item":"https:\/\/stourm.news\/"},{"@type":"ListItem","position":2,"name":"Meurtre de Wilhem Houssin :\u00a0\u00bbils jouaient au foot avec sa t\u00eate\u00a0\u00bb, jusqu&rsquo;\u00e0 20 ans de prison requis pour les accus\u00e9s"}]},{"@type":"WebSite","@id":"https:\/\/stourm.news\/#website","url":"https:\/\/stourm.news\/","name":"Stourm","description":"Kazetenn Strollad Broadel Breizh","publisher":{"@id":"https:\/\/stourm.news\/#organization"},"potentialAction":[{"@type":"SearchAction","target":{"@type":"EntryPoint","urlTemplate":"https:\/\/stourm.news\/?s={search_term_string}"},"query-input":{"@type":"PropertyValueSpecification","valueRequired":true,"valueName":"search_term_string"}}],"inLanguage":"fr-FR"},{"@type":"Organization","@id":"https:\/\/stourm.news\/#organization","name":"Stourm","url":"https:\/\/stourm.news\/","logo":{"@type":"ImageObject","inLanguage":"fr-FR","@id":"https:\/\/stourm.news\/#\/schema\/logo\/image\/","url":"https:\/\/stourm.news\/wp-content\/uploads\/2025\/11\/cropped-Capture-decran-2025-11-28-a-15.19.07.png","contentUrl":"https:\/\/stourm.news\/wp-content\/uploads\/2025\/11\/cropped-Capture-decran-2025-11-28-a-15.19.07.png","width":1855,"height":383,"caption":"Stourm"},"image":{"@id":"https:\/\/stourm.news\/#\/schema\/logo\/image\/"},"sameAs":["https:\/\/www.facebook.com\/stourmnews\/"]},{"@type":"Person","@id":"https:\/\/stourm.news\/#\/schema\/person\/c3e1dc65988632e190969234ef046cf9","name":"La r\u00e9daction","image":{"@type":"ImageObject","inLanguage":"fr-FR","@id":"https:\/\/stourm.news\/#\/schema\/person\/image\/","url":"https:\/\/secure.gravatar.com\/avatar\/7463443f194b6b5fb706b074ca0ef59a0cfcfd720cb47764b0ec5a952ce422b3?s=96&d=mm&r=g","contentUrl":"https:\/\/secure.gravatar.com\/avatar\/7463443f194b6b5fb706b074ca0ef59a0cfcfd720cb47764b0ec5a952ce422b3?s=96&d=mm&r=g","caption":"La r\u00e9daction"},"sameAs":["https:\/\/stourm.news"],"url":"https:\/\/stourm.news\/?author=1"}]}},"_links":{"self":[{"href":"https:\/\/stourm.news\/index.php?rest_route=\/wp\/v2\/posts\/2601","targetHints":{"allow":["GET"]}}],"collection":[{"href":"https:\/\/stourm.news\/index.php?rest_route=\/wp\/v2\/posts"}],"about":[{"href":"https:\/\/stourm.news\/index.php?rest_route=\/wp\/v2\/types\/post"}],"author":[{"embeddable":true,"href":"https:\/\/stourm.news\/index.php?rest_route=\/wp\/v2\/users\/1"}],"replies":[{"embeddable":true,"href":"https:\/\/stourm.news\/index.php?rest_route=%2Fwp%2Fv2%2Fcomments&post=2601"}],"version-history":[{"count":1,"href":"https:\/\/stourm.news\/index.php?rest_route=\/wp\/v2\/posts\/2601\/revisions"}],"predecessor-version":[{"id":2602,"href":"https:\/\/stourm.news\/index.php?rest_route=\/wp\/v2\/posts\/2601\/revisions\/2602"}],"wp:featuredmedia":[{"embeddable":true,"href":"https:\/\/stourm.news\/index.php?rest_route=\/wp\/v2\/media\/2549"}],"wp:attachment":[{"href":"https:\/\/stourm.news\/index.php?rest_route=%2Fwp%2Fv2%2Fmedia&parent=2601"}],"wp:term":[{"taxonomy":"category","embeddable":true,"href":"https:\/\/stourm.news\/index.php?rest_route=%2Fwp%2Fv2%2Fcategories&post=2601"},{"taxonomy":"post_tag","embeddable":true,"href":"https:\/\/stourm.news\/index.php?rest_route=%2Fwp%2Fv2%2Ftags&post=2601"}],"curies":[{"name":"wp","href":"https:\/\/api.w.org\/{rel}","templated":true}]}}