{"id":2676,"date":"2025-10-30T14:51:15","date_gmt":"2025-10-30T14:51:15","guid":{"rendered":"https:\/\/stourm.news\/?p=2676"},"modified":"2025-10-30T18:13:41","modified_gmt":"2025-10-30T18:13:41","slug":"emsav-29-octobre-1878-naissance-de-meven-mordiern-ecrivain-en-langue-bretonne-celtisant-et-inspirateur-du-nationalisme-breton","status":"publish","type":"post","link":"https:\/\/stourm.news\/?p=2676","title":{"rendered":"Emsav : 29 octobre 1878, naissance de Meven Mordiern, \u00e9crivain en langue bretonne, celtisant et inspirateur du nationalisme breton"},"content":{"rendered":"<p style=\"text-align: justify;\"><strong>EMSAV &#8211;<\/strong> Meven Mordiern (29 octobre 1878 &#8211; 4 f\u00e9vrier 1949), Ren\u00e9 Le Roux \u00e0 l&rsquo;\u00e9tat-civil, est un \u00e9crivain de langue bretonne, un \u00e9rudit sp\u00e9cialiste de civilisation celtique et le principal collaborateur du linguiste Fran\u00e7ois Vall\u00e9e. Pendant l&rsquo;entre-deux-guerres, il a une influence importante sur l&rsquo;Emsav.<\/p>\n<p style=\"text-align: justify;\">Meven Mordiern na\u00eet le 29 octobre 1878 dans une famille bordelaise ais\u00e9e, sans origine bretonne identifi\u00e9e. Son p\u00e8re, un officier m\u00e9decin aux arm\u00e9es, une fois arriv\u00e9 en retraite (mars 1882) s&rsquo;installe \u00e0 Villiers pr\u00e8s de Vend\u00f4me (Loir-et-Cher). Ren\u00e9 Le Roux vit \u00e0 Villiers avec ses parents jusqu&rsquo;en mars 1891. De 1891 \u00e0 1897 il poursuit ses \u00e9tudes au Lyc\u00e9e Condorcet \u00e0 Paris. Il r\u00e9side \u00e0 Paris jusqu&rsquo;en 1920, mis \u00e0 part un s\u00e9jour \u00e0 Londres pour apprendre l&rsquo;anglais de juillet 1898 \u00e0 juin 1899. \u00c0 l&rsquo;exception des ann\u00e9es sous les drapeaux, pass\u00e9es \u00e0 Saint Denis durant la guerre de 1914-1918, il va consacrer toute son existence \u00e0 \u00e9tudier les civilisations celtiques, \u00e0 c\u00f4t\u00e9 de recherches ax\u00e9es autour des sciences de la nature et des sciences humaines.<\/p>\n<p style=\"text-align: justify;\">Apr\u00e8s la mort de sa m\u00e8re, en mars 1920, il part s&rsquo;installer dans le nord de la Bretagne, au village de Saint-H\u00e9lory en Pordic, \u00e0 quelques kilom\u00e8tres de Saint-Brieuc.<\/p>\n<p style=\"text-align: justify;\">S&rsquo;il n&rsquo;a appris le breton que tardivement, il a \u00e9t\u00e9 l&rsquo;un des principaux instigateurs du mouvement de cr\u00e9ation massive de n\u00e9ologismes bretons \u00e0 partir de racines celtiques, sur le mod\u00e8le notamment de l&rsquo;esp\u00e9ranto. En collaboration permanente avec le grammairien et lexicographe Fran\u00e7ois Vall\u00e9e, il est l&rsquo;auteur d&rsquo;un travail consid\u00e9rable sur les anciens Celtes : <strong>Notennou diwar-benn ar Gelted koz, Sketla Segobrani<\/strong>, mais aussi d&rsquo;une Histoire du Monde (Istor ar Bed) et d&rsquo;autres essais publi\u00e9s par la revue <strong>Gwalarn<\/strong>.<\/p>\n<p style=\"text-align: justify;\">Tr\u00e8s int\u00e9ress\u00e9 par les anciens Celtes, Meven Mordiern, qui se consid\u00e8re lui-m\u00eame comme un de leurs descendants, r\u00e9dige un ouvrage sur la civilisation celtique intitul\u00e9 <strong>Notennou diwar-benn ar Gelted koz, o istor hag o sevenadur ; dastumet hag urziet gant Meven Mordiern ha laket e brezoneg gant Abherve<\/strong> (Notes au sujet des anciens Celtes, leur histoire et leur civilisation ; r\u00e9unies et class\u00e9es par Meven Mordiern et traduites en breton par Abherve (Fran\u00e7ois Vall\u00e9e), qui para\u00eet \u00e0 partir de 1911, faisant l&rsquo;objet de plusieurs r\u00e9\u00e9ditions. Entam\u00e9e d\u00e8s 1944, une \u00e9dition collective a paru sous la forme d&rsquo;un gros in-octavo de 494 pages aux \u00e9ditions Skrido\u00f9 Breizh &#8211; \u00c9ditions de Bretagne en 1946; ainsi qu&rsquo;en 2015 sous une forme plus illustr\u00e9e aux \u00c9ditions An Alarc&rsquo;h pour un premier tome.<\/p>\n<p style=\"text-align: justify;\">Avec Fran\u00e7ois Vall\u00e9e (Abherve) et \u00c9mile Ernault (Barz Ar Gou\u00ebt), Meven Mordiern formait le groupe des \u00ab X3 \u00bb, passionn\u00e9 par l&rsquo;antiquit\u00e9 celtique, qui s&rsquo;attela au chantier de sa grande \u00ab saga \u00bb sur l&rsquo;antiquit\u00e9 celtique : les \u00ab Sketla Segobrani \u00bb, m\u00e9moires apocryphes du mercenaire celte Segobranos, dont le premier Livre \u00ab Dis Atir &#8211; Teutatis \u00bb est imprim\u00e9 chez Prud&rsquo;homme en 1923, les Livres II-III sortant en 1924 en un volume, et le Livre IV \u00ab Taranis &#8211; Esus \u00bb en 1925. Les \u00ab Sketla Segobrani \u00bb sont illustr\u00e9s par James Bouill\u00e9, membre des Seiz Breur.<\/p>\n<p style=\"text-align: justify;\">\u00c0 la fin de sa vie, ses rentes ayant perdu toute valeur, Ren\u00e9 Le Roux se trouve plong\u00e9 dans une affreuse mis\u00e8re (il survit en trempant du pain dans un bol de lait que lui fournit chaque matin son voisin agriculteur au village de Saint-H\u00e9lory &#8211; t\u00e9moignage recueilli en 1970)[r\u00e9f. n\u00e9cessaire]. Il meurt d\u00e9muni \u00e0 l&rsquo;h\u00f4pital de Quintin le 4 f\u00e9vrier 1949, quatre mois avant Fransez Vall\u00e9e. Meven Mordiern a confi\u00e9 ses derniers manuscrits \u00e0 Monsieur de Coatgoureden[r\u00e9f. souhait\u00e9e]. Par testament, en d\u00e9fiance de la France qui l&rsquo;a ruin\u00e9[r\u00e9f. n\u00e9cessaire], Meven Mordiern l\u00e8gue sa biblioth\u00e8que au gouvernement des \u00c9tats-Unis ; elle se trouve aujourd&rsquo;hui \u00e0 la Biblioth\u00e8que du Congr\u00e8s, \u00e0 Washington.<\/p>\n<p>Certaines de ses oeuvres sont disponibles sur l&rsquo;<strong><a href=\"https:\/\/bibliotheque.idbe.bzh\/auteur.php?id=meven-mordiern-814&amp;l=en\">IDBE<\/a><\/strong>.<\/p>\n<p>&nbsp;<\/p>\n","protected":false},"excerpt":{"rendered":"<p>EMSAV &#8211; Meven Mordiern (29 octobre 1878 &#8211; 4 f\u00e9vrier 1949), Ren\u00e9 Le Roux \u00e0 l&rsquo;\u00e9tat-civil, est un \u00e9crivain de langue bretonne, un \u00e9rudit sp\u00e9cialiste de civilisation celtique et le principal collaborateur du linguiste Fran\u00e7ois Vall\u00e9e. Pendant l&rsquo;entre-deux-guerres, il a une influence importante sur l&rsquo;Emsav. Meven Mordiern na\u00eet le 29 octobre 1878 dans une famille [&hellip;]<\/p>\n","protected":false},"author":1,"featured_media":4930,"comment_status":"open","ping_status":"open","sticky":false,"template":"","format":"standard","meta":{"sb_editor_width":"","footnotes":""},"categories":[74,65],"tags":[],"class_list":["post-2676","post","type-post","status-publish","format-standard","has-post-thumbnail","hentry","category-emsav","category-principale"],"relative_dates":{"created":"6 mois ago","modified":"6 mois ago"},"yoast_head":"<!-- This site is optimized with the Yoast SEO plugin v26.3 - https:\/\/yoast.com\/wordpress\/plugins\/seo\/ -->\n<title>Emsav : 29 octobre 1878, naissance de Meven Mordiern, \u00e9crivain en langue bretonne, celtisant et inspirateur du nationalisme breton - STOURM<\/title>\n<meta name=\"robots\" content=\"index, follow, max-snippet:-1, max-image-preview:large, max-video-preview:-1\" \/>\n<link rel=\"canonical\" href=\"https:\/\/stourm.news\/?p=2676\" \/>\n<meta property=\"og:locale\" content=\"fr_FR\" \/>\n<meta property=\"og:type\" content=\"article\" \/>\n<meta property=\"og:title\" content=\"Emsav : 29 octobre 1878, naissance de Meven Mordiern, \u00e9crivain en langue bretonne, celtisant et inspirateur du nationalisme breton - STOURM\" \/>\n<meta property=\"og:description\" content=\"EMSAV &#8211; Meven Mordiern (29 octobre 1878 &#8211; 4 f\u00e9vrier 1949), Ren\u00e9 Le Roux \u00e0 l&rsquo;\u00e9tat-civil, est un \u00e9crivain de langue bretonne, un \u00e9rudit sp\u00e9cialiste de civilisation celtique et le principal collaborateur du linguiste Fran\u00e7ois Vall\u00e9e. Pendant l&rsquo;entre-deux-guerres, il a une influence importante sur l&rsquo;Emsav. Meven Mordiern na\u00eet le 29 octobre 1878 dans une famille [&hellip;]\" \/>\n<meta property=\"og:url\" content=\"https:\/\/stourm.news\/?p=2676\" \/>\n<meta property=\"og:site_name\" content=\"STOURM\" \/>\n<meta property=\"article:publisher\" content=\"https:\/\/www.facebook.com\/stourmnews\/\" \/>\n<meta property=\"article:published_time\" content=\"2025-10-30T14:51:15+00:00\" \/>\n<meta property=\"article:modified_time\" content=\"2025-10-30T18:13:41+00:00\" \/>\n<meta property=\"og:image\" content=\"https:\/\/stourm.news\/wp-content\/uploads\/2025\/10\/Capture-decran-2025-10-31-a-03.10.10.png\" \/>\n\t<meta property=\"og:image:width\" content=\"872\" \/>\n\t<meta property=\"og:image:height\" content=\"544\" \/>\n\t<meta property=\"og:image:type\" content=\"image\/png\" \/>\n<meta name=\"author\" content=\"La r\u00e9daction\" \/>\n<meta name=\"twitter:card\" content=\"summary_large_image\" \/>\n<meta name=\"twitter:label1\" content=\"\u00c9crit par\" \/>\n\t<meta name=\"twitter:data1\" content=\"La r\u00e9daction\" \/>\n\t<meta name=\"twitter:label2\" content=\"Dur\u00e9e de lecture estim\u00e9e\" \/>\n\t<meta name=\"twitter:data2\" content=\"4 minutes\" \/>\n<script type=\"application\/ld+json\" class=\"yoast-schema-graph\">{\"@context\":\"https:\/\/schema.org\",\"@graph\":[{\"@type\":\"Article\",\"@id\":\"https:\/\/stourm.news\/?p=2676#article\",\"isPartOf\":{\"@id\":\"https:\/\/stourm.news\/?p=2676\"},\"author\":{\"name\":\"La r\u00e9daction\",\"@id\":\"https:\/\/stourm.news\/#\/schema\/person\/c3e1dc65988632e190969234ef046cf9\"},\"headline\":\"Emsav : 29 octobre 1878, naissance de Meven Mordiern, \u00e9crivain en langue bretonne, celtisant et inspirateur du nationalisme breton\",\"datePublished\":\"2025-10-30T14:51:15+00:00\",\"dateModified\":\"2025-10-30T18:13:41+00:00\",\"mainEntityOfPage\":{\"@id\":\"https:\/\/stourm.news\/?p=2676\"},\"wordCount\":677,\"commentCount\":0,\"publisher\":{\"@id\":\"https:\/\/stourm.news\/#organization\"},\"image\":{\"@id\":\"https:\/\/stourm.news\/?p=2676#primaryimage\"},\"thumbnailUrl\":\"https:\/\/stourm.news\/wp-content\/uploads\/2025\/10\/Capture-decran-2025-10-31-a-03.10.10.png\",\"articleSection\":[\"Emsav\",\"Principale\"],\"inLanguage\":\"fr-FR\",\"potentialAction\":[{\"@type\":\"CommentAction\",\"name\":\"Comment\",\"target\":[\"https:\/\/stourm.news\/?p=2676#respond\"]}]},{\"@type\":\"WebPage\",\"@id\":\"https:\/\/stourm.news\/?p=2676\",\"url\":\"https:\/\/stourm.news\/?p=2676\",\"name\":\"Emsav : 29 octobre 1878, naissance de Meven Mordiern, \u00e9crivain en langue bretonne, celtisant et inspirateur du nationalisme breton - STOURM\",\"isPartOf\":{\"@id\":\"https:\/\/stourm.news\/#website\"},\"primaryImageOfPage\":{\"@id\":\"https:\/\/stourm.news\/?p=2676#primaryimage\"},\"image\":{\"@id\":\"https:\/\/stourm.news\/?p=2676#primaryimage\"},\"thumbnailUrl\":\"https:\/\/stourm.news\/wp-content\/uploads\/2025\/10\/Capture-decran-2025-10-31-a-03.10.10.png\",\"datePublished\":\"2025-10-30T14:51:15+00:00\",\"dateModified\":\"2025-10-30T18:13:41+00:00\",\"breadcrumb\":{\"@id\":\"https:\/\/stourm.news\/?p=2676#breadcrumb\"},\"inLanguage\":\"fr-FR\",\"potentialAction\":[{\"@type\":\"ReadAction\",\"target\":[\"https:\/\/stourm.news\/?p=2676\"]}]},{\"@type\":\"ImageObject\",\"inLanguage\":\"fr-FR\",\"@id\":\"https:\/\/stourm.news\/?p=2676#primaryimage\",\"url\":\"https:\/\/stourm.news\/wp-content\/uploads\/2025\/10\/Capture-decran-2025-10-31-a-03.10.10.png\",\"contentUrl\":\"https:\/\/stourm.news\/wp-content\/uploads\/2025\/10\/Capture-decran-2025-10-31-a-03.10.10.png\",\"width\":872,\"height\":544},{\"@type\":\"BreadcrumbList\",\"@id\":\"https:\/\/stourm.news\/?p=2676#breadcrumb\",\"itemListElement\":[{\"@type\":\"ListItem\",\"position\":1,\"name\":\"Accueil\",\"item\":\"https:\/\/stourm.news\/\"},{\"@type\":\"ListItem\",\"position\":2,\"name\":\"Emsav : 29 octobre 1878, naissance de Meven Mordiern, \u00e9crivain en langue bretonne, celtisant et inspirateur du nationalisme breton\"}]},{\"@type\":\"WebSite\",\"@id\":\"https:\/\/stourm.news\/#website\",\"url\":\"https:\/\/stourm.news\/\",\"name\":\"Stourm\",\"description\":\"Kazetenn Strollad Broadel Breizh\",\"publisher\":{\"@id\":\"https:\/\/stourm.news\/#organization\"},\"potentialAction\":[{\"@type\":\"SearchAction\",\"target\":{\"@type\":\"EntryPoint\",\"urlTemplate\":\"https:\/\/stourm.news\/?s={search_term_string}\"},\"query-input\":{\"@type\":\"PropertyValueSpecification\",\"valueRequired\":true,\"valueName\":\"search_term_string\"}}],\"inLanguage\":\"fr-FR\"},{\"@type\":\"Organization\",\"@id\":\"https:\/\/stourm.news\/#organization\",\"name\":\"Stourm\",\"url\":\"https:\/\/stourm.news\/\",\"logo\":{\"@type\":\"ImageObject\",\"inLanguage\":\"fr-FR\",\"@id\":\"https:\/\/stourm.news\/#\/schema\/logo\/image\/\",\"url\":\"https:\/\/stourm.news\/wp-content\/uploads\/2025\/11\/cropped-Capture-decran-2025-11-28-a-15.19.07.png\",\"contentUrl\":\"https:\/\/stourm.news\/wp-content\/uploads\/2025\/11\/cropped-Capture-decran-2025-11-28-a-15.19.07.png\",\"width\":1855,\"height\":383,\"caption\":\"Stourm\"},\"image\":{\"@id\":\"https:\/\/stourm.news\/#\/schema\/logo\/image\/\"},\"sameAs\":[\"https:\/\/www.facebook.com\/stourmnews\/\"]},{\"@type\":\"Person\",\"@id\":\"https:\/\/stourm.news\/#\/schema\/person\/c3e1dc65988632e190969234ef046cf9\",\"name\":\"La r\u00e9daction\",\"image\":{\"@type\":\"ImageObject\",\"inLanguage\":\"fr-FR\",\"@id\":\"https:\/\/stourm.news\/#\/schema\/person\/image\/\",\"url\":\"https:\/\/secure.gravatar.com\/avatar\/7463443f194b6b5fb706b074ca0ef59a0cfcfd720cb47764b0ec5a952ce422b3?s=96&d=mm&r=g\",\"contentUrl\":\"https:\/\/secure.gravatar.com\/avatar\/7463443f194b6b5fb706b074ca0ef59a0cfcfd720cb47764b0ec5a952ce422b3?s=96&d=mm&r=g\",\"caption\":\"La r\u00e9daction\"},\"sameAs\":[\"https:\/\/stourm.news\"],\"url\":\"https:\/\/stourm.news\/?author=1\"}]}<\/script>\n<!-- \/ Yoast SEO plugin. -->","yoast_head_json":{"title":"Emsav : 29 octobre 1878, naissance de Meven Mordiern, \u00e9crivain en langue bretonne, celtisant et inspirateur du nationalisme breton - STOURM","robots":{"index":"index","follow":"follow","max-snippet":"max-snippet:-1","max-image-preview":"max-image-preview:large","max-video-preview":"max-video-preview:-1"},"canonical":"https:\/\/stourm.news\/?p=2676","og_locale":"fr_FR","og_type":"article","og_title":"Emsav : 29 octobre 1878, naissance de Meven Mordiern, \u00e9crivain en langue bretonne, celtisant et inspirateur du nationalisme breton - STOURM","og_description":"EMSAV &#8211; Meven Mordiern (29 octobre 1878 &#8211; 4 f\u00e9vrier 1949), Ren\u00e9 Le Roux \u00e0 l&rsquo;\u00e9tat-civil, est un \u00e9crivain de langue bretonne, un \u00e9rudit sp\u00e9cialiste de civilisation celtique et le principal collaborateur du linguiste Fran\u00e7ois Vall\u00e9e. Pendant l&rsquo;entre-deux-guerres, il a une influence importante sur l&rsquo;Emsav. Meven Mordiern na\u00eet le 29 octobre 1878 dans une famille [&hellip;]","og_url":"https:\/\/stourm.news\/?p=2676","og_site_name":"STOURM","article_publisher":"https:\/\/www.facebook.com\/stourmnews\/","article_published_time":"2025-10-30T14:51:15+00:00","article_modified_time":"2025-10-30T18:13:41+00:00","og_image":[{"width":872,"height":544,"url":"https:\/\/stourm.news\/wp-content\/uploads\/2025\/10\/Capture-decran-2025-10-31-a-03.10.10.png","type":"image\/png"}],"author":"La r\u00e9daction","twitter_card":"summary_large_image","twitter_misc":{"\u00c9crit par":"La r\u00e9daction","Dur\u00e9e de lecture estim\u00e9e":"4 minutes"},"schema":{"@context":"https:\/\/schema.org","@graph":[{"@type":"Article","@id":"https:\/\/stourm.news\/?p=2676#article","isPartOf":{"@id":"https:\/\/stourm.news\/?p=2676"},"author":{"name":"La r\u00e9daction","@id":"https:\/\/stourm.news\/#\/schema\/person\/c3e1dc65988632e190969234ef046cf9"},"headline":"Emsav : 29 octobre 1878, naissance de Meven Mordiern, \u00e9crivain en langue bretonne, celtisant et inspirateur du nationalisme breton","datePublished":"2025-10-30T14:51:15+00:00","dateModified":"2025-10-30T18:13:41+00:00","mainEntityOfPage":{"@id":"https:\/\/stourm.news\/?p=2676"},"wordCount":677,"commentCount":0,"publisher":{"@id":"https:\/\/stourm.news\/#organization"},"image":{"@id":"https:\/\/stourm.news\/?p=2676#primaryimage"},"thumbnailUrl":"https:\/\/stourm.news\/wp-content\/uploads\/2025\/10\/Capture-decran-2025-10-31-a-03.10.10.png","articleSection":["Emsav","Principale"],"inLanguage":"fr-FR","potentialAction":[{"@type":"CommentAction","name":"Comment","target":["https:\/\/stourm.news\/?p=2676#respond"]}]},{"@type":"WebPage","@id":"https:\/\/stourm.news\/?p=2676","url":"https:\/\/stourm.news\/?p=2676","name":"Emsav : 29 octobre 1878, naissance de Meven Mordiern, \u00e9crivain en langue bretonne, celtisant et inspirateur du nationalisme breton - STOURM","isPartOf":{"@id":"https:\/\/stourm.news\/#website"},"primaryImageOfPage":{"@id":"https:\/\/stourm.news\/?p=2676#primaryimage"},"image":{"@id":"https:\/\/stourm.news\/?p=2676#primaryimage"},"thumbnailUrl":"https:\/\/stourm.news\/wp-content\/uploads\/2025\/10\/Capture-decran-2025-10-31-a-03.10.10.png","datePublished":"2025-10-30T14:51:15+00:00","dateModified":"2025-10-30T18:13:41+00:00","breadcrumb":{"@id":"https:\/\/stourm.news\/?p=2676#breadcrumb"},"inLanguage":"fr-FR","potentialAction":[{"@type":"ReadAction","target":["https:\/\/stourm.news\/?p=2676"]}]},{"@type":"ImageObject","inLanguage":"fr-FR","@id":"https:\/\/stourm.news\/?p=2676#primaryimage","url":"https:\/\/stourm.news\/wp-content\/uploads\/2025\/10\/Capture-decran-2025-10-31-a-03.10.10.png","contentUrl":"https:\/\/stourm.news\/wp-content\/uploads\/2025\/10\/Capture-decran-2025-10-31-a-03.10.10.png","width":872,"height":544},{"@type":"BreadcrumbList","@id":"https:\/\/stourm.news\/?p=2676#breadcrumb","itemListElement":[{"@type":"ListItem","position":1,"name":"Accueil","item":"https:\/\/stourm.news\/"},{"@type":"ListItem","position":2,"name":"Emsav : 29 octobre 1878, naissance de Meven Mordiern, \u00e9crivain en langue bretonne, celtisant et inspirateur du nationalisme breton"}]},{"@type":"WebSite","@id":"https:\/\/stourm.news\/#website","url":"https:\/\/stourm.news\/","name":"Stourm","description":"Kazetenn Strollad Broadel Breizh","publisher":{"@id":"https:\/\/stourm.news\/#organization"},"potentialAction":[{"@type":"SearchAction","target":{"@type":"EntryPoint","urlTemplate":"https:\/\/stourm.news\/?s={search_term_string}"},"query-input":{"@type":"PropertyValueSpecification","valueRequired":true,"valueName":"search_term_string"}}],"inLanguage":"fr-FR"},{"@type":"Organization","@id":"https:\/\/stourm.news\/#organization","name":"Stourm","url":"https:\/\/stourm.news\/","logo":{"@type":"ImageObject","inLanguage":"fr-FR","@id":"https:\/\/stourm.news\/#\/schema\/logo\/image\/","url":"https:\/\/stourm.news\/wp-content\/uploads\/2025\/11\/cropped-Capture-decran-2025-11-28-a-15.19.07.png","contentUrl":"https:\/\/stourm.news\/wp-content\/uploads\/2025\/11\/cropped-Capture-decran-2025-11-28-a-15.19.07.png","width":1855,"height":383,"caption":"Stourm"},"image":{"@id":"https:\/\/stourm.news\/#\/schema\/logo\/image\/"},"sameAs":["https:\/\/www.facebook.com\/stourmnews\/"]},{"@type":"Person","@id":"https:\/\/stourm.news\/#\/schema\/person\/c3e1dc65988632e190969234ef046cf9","name":"La r\u00e9daction","image":{"@type":"ImageObject","inLanguage":"fr-FR","@id":"https:\/\/stourm.news\/#\/schema\/person\/image\/","url":"https:\/\/secure.gravatar.com\/avatar\/7463443f194b6b5fb706b074ca0ef59a0cfcfd720cb47764b0ec5a952ce422b3?s=96&d=mm&r=g","contentUrl":"https:\/\/secure.gravatar.com\/avatar\/7463443f194b6b5fb706b074ca0ef59a0cfcfd720cb47764b0ec5a952ce422b3?s=96&d=mm&r=g","caption":"La r\u00e9daction"},"sameAs":["https:\/\/stourm.news"],"url":"https:\/\/stourm.news\/?author=1"}]}},"_links":{"self":[{"href":"https:\/\/stourm.news\/index.php?rest_route=\/wp\/v2\/posts\/2676","targetHints":{"allow":["GET"]}}],"collection":[{"href":"https:\/\/stourm.news\/index.php?rest_route=\/wp\/v2\/posts"}],"about":[{"href":"https:\/\/stourm.news\/index.php?rest_route=\/wp\/v2\/types\/post"}],"author":[{"embeddable":true,"href":"https:\/\/stourm.news\/index.php?rest_route=\/wp\/v2\/users\/1"}],"replies":[{"embeddable":true,"href":"https:\/\/stourm.news\/index.php?rest_route=%2Fwp%2Fv2%2Fcomments&post=2676"}],"version-history":[{"count":1,"href":"https:\/\/stourm.news\/index.php?rest_route=\/wp\/v2\/posts\/2676\/revisions"}],"predecessor-version":[{"id":2678,"href":"https:\/\/stourm.news\/index.php?rest_route=\/wp\/v2\/posts\/2676\/revisions\/2678"}],"wp:featuredmedia":[{"embeddable":true,"href":"https:\/\/stourm.news\/index.php?rest_route=\/wp\/v2\/media\/4930"}],"wp:attachment":[{"href":"https:\/\/stourm.news\/index.php?rest_route=%2Fwp%2Fv2%2Fmedia&parent=2676"}],"wp:term":[{"taxonomy":"category","embeddable":true,"href":"https:\/\/stourm.news\/index.php?rest_route=%2Fwp%2Fv2%2Fcategories&post=2676"},{"taxonomy":"post_tag","embeddable":true,"href":"https:\/\/stourm.news\/index.php?rest_route=%2Fwp%2Fv2%2Ftags&post=2676"}],"curies":[{"name":"wp","href":"https:\/\/api.w.org\/{rel}","templated":true}]}}