{"id":2681,"date":"2024-10-30T15:57:33","date_gmt":"2024-10-30T15:57:33","guid":{"rendered":"https:\/\/stourm.news\/?p=2681"},"modified":"2024-11-02T08:04:58","modified_gmt":"2024-11-02T08:04:58","slug":"editorial-lillusion-dun-nationalisme-breton-modere","status":"publish","type":"post","link":"https:\/\/stourm.news\/?p=2681","title":{"rendered":"\u00c9ditorial : L&rsquo;illusion d&rsquo;un nationalisme breton \u00ab\u00a0mod\u00e9r\u00e9\u00a0\u00bb"},"content":{"rendered":"<p style=\"text-align: justify;\">Il y a une illusion persistante qui a emp\u00each\u00e9 longtemps toute perc\u00e9e nationaliste en Bretagne, c&rsquo;est celle du conformisme. Nous l&rsquo;avons vu, et nous le voyons \u00e0 nouveau depuis que le PNB s&rsquo;affirme plus nettement, des voix fragiles s&rsquo;\u00e9l\u00e8vent timidement, ici et l\u00e0, pour tant\u00f4t d\u00e9noncer le nationalisme sans concession du mouvement, tant\u00f4t sugg\u00e9rer une mod\u00e9ration, sur la forme ou le fond, gage de tous les succ\u00e8s futurs ! Bien entendu, ces pieux avocats n&rsquo;ont pas le premier r\u00e9sultat politique \u00e0 offrir en guise d&rsquo;argument, nous sommes pri\u00e9s de les croire sur parole. C&rsquo;est ne pas comprendre la nature du nationalisme breton, ni celle du Parti National Breton.<\/p>\n<p style=\"text-align: justify;\">Les mod\u00e9r\u00e9s, \u00e0 toutes les \u00e9poques, sont la voix consciente ou inconsciente de la bourgeoisie \u00e9tablie. Il va de soi qu&rsquo;en Bretagne cette bourgeoisie ne nourrit aucune tentation s\u00e9paratiste, sinon nous l&rsquo;aurions su depuis longtemps. Par d\u00e9finition francophile, elle ne r\u00eave que de statu quo. Il en d\u00e9coule une v\u00e9rit\u00e9 : le nationalisme breton, comme volont\u00e9 de rupture avec l&rsquo;\u00c9tat fran\u00e7ais, a fortiori sur une base ethnique, est une proposition politique et id\u00e9ologique qui ne peut \u00eatre conformiste, ni en conformit\u00e9 avec la soci\u00e9t\u00e9 fran\u00e7aise existante et dominante. Le nationalisme breton sera toujours l\u00e9gitimement suspect de conspiration contre la France, sa soci\u00e9t\u00e9 et ses int\u00e9r\u00eats. Tous les appels \u00e0 la \u00ab\u00a0mod\u00e9ration\u00a0\u00bb trahissent une pusillanimit\u00e9 face aux r\u00e9alit\u00e9s d&rsquo;un \u00c9tat fran\u00e7ais qui nous \u00e9crase et qui doivent \u00eatre boulevers\u00e9es, non pas confort\u00e9es, ouvertement ou implicitement. La mod\u00e9ration, c&rsquo;est-\u00e0-dire la compromission, est une voix doucereuse qui ne m\u00e8ne qu&rsquo;\u00e0 l&rsquo;\u00e9chec. Elle d\u00e9montre \u00e0 tous, \u00e0 commencer par nos ennemis, que celui qui l&rsquo;\u00e9coute n&rsquo;a pas la force de volont\u00e9 n\u00e9cessaire pour porter \u00e0 leur conclusion les cons\u00e9quences du nationalisme breton. Chez les Bretons, elle conforte le sentiment que ceux qui s&rsquo;en font les avocats doutent de leur force, voire de leur l\u00e9gitimit\u00e9.<\/p>\n<p style=\"text-align: justify;\">Dans le rayon des mod\u00e9rations disponibles, le r\u00e9gionalisme de gauche est par d\u00e9finition un doublon inutile dans la Bretagne sous clef hexagonale. L&rsquo;\u00c9tat fran\u00e7ais ne le redoute pas, ne l&rsquo;a jamais redout\u00e9, puisque 1789 l&rsquo;a engendr\u00e9. Quant au centrisme, de couleur f\u00e9d\u00e9raliste, il ne peut pas, avec sa f\u00e9brile timidit\u00e9, initier un mouvement de nature \u00e0 passionner les jeunes Bretons qui veulent s&rsquo;engager pour leur peuple, leur sang. L&rsquo;\u00e2ge moyen de ses ap\u00f4tres suffit \u00e0 le convaincre d&rsquo;inanit\u00e9. Ce marais, que certains appellent le \u00ab\u00a0mouvement breton\u00a0\u00bb, n&rsquo;a aucune esp\u00e8ce d&rsquo;int\u00e9r\u00eat politique, encore moins d&rsquo;avenir. Sur toutes les questions br\u00fblantes du moment auxquelles les Bretons veulent des solutions nettes, si ce n&rsquo;est pour aujourd&rsquo;hui, du moins pour demain, il faut une voix qui porte au dessus de la m\u00eal\u00e9e des partis fran\u00e7ais. La mod\u00e9ration et le conformisme, a contrario, ne peuvent qu&rsquo;\u00e9touffer la voix de la Bretagne nationale, la faire patauger dans l&rsquo;insignifiance \u00e0 coups de formules prudentes o\u00f9 le calcul politicien suinte.<\/p>\n<p style=\"text-align: justify;\">Le nationalisme breton est d&rsquo;abord un temp\u00e9rament, une disposition psychologique face \u00e0 la vie et face \u00e0 l&rsquo;ennemi. Il consiste \u00e0 d\u00e9fier avec audace l&rsquo;ordre fran\u00e7ais \u00e9tabli, \u00e0 inspirer un sentiment de r\u00e9volte dans des fragments du peuple, fussent-ils au d\u00e9but marginaux. Un incendie s&rsquo;allume par une \u00e9tincelle et le PNB, s&rsquo;il veut d\u00e9clencher l&rsquo;incendie historique qu&rsquo;il poursuit pour la Bretagne, doit d\u00e9montrer par sa force d&rsquo;\u00e2me et sa radicalit\u00e9 qu&rsquo;il veut un nouvel ordre de choses pour la Bretagne, non pas am\u00e9nager la spirale de la d\u00e9ch\u00e9ance fran\u00e7aise. \u00c0 l&rsquo;\u00e9vidence, les demi-solutions n&rsquo;y suffiront pas et ne susciteront que l&rsquo;indiff\u00e9rence g\u00e9n\u00e9rale comme c&rsquo;est d\u00e9j\u00e0 le cas apr\u00e8s 50 ans d&rsquo;anti-nationalisme, qu&rsquo;il soit r\u00e9gionaliste, f\u00e9d\u00e9raliste ou ind\u00e9pendantiste.<\/p>\n<p style=\"text-align: justify;\">Il y a deux opinions qui importent : celle du syst\u00e8me en place et la n\u00f4tre. Les deux sont irr\u00e9conciliables. Forger une g\u00e9n\u00e9ration de nationalistes herm\u00e9tiques \u00e0 toute forme de compromission avec l&rsquo;\u00c9tat fran\u00e7ais, sa soci\u00e9t\u00e9, ses partis et son id\u00e9ologie dominante est la premi\u00e8re t\u00e2che du PNB. Notre poids n&rsquo;est pas qu&rsquo;\u00e9lectoral, il est aussi spirituel : entre nous, partisans int\u00e9graux de la Bretagne nationale, et l&rsquo;\u00c9tat fran\u00e7ais, dans le champ des repr\u00e9sentations, il n&rsquo;y a rien. \u00c0 la vue d&rsquo;une force nationaliste pleinement inspir\u00e9e des figures r\u00e9volutionnaires de l&rsquo;Emsav, nos ennemis sauront que notre proposition est elle aussi r\u00e9volutionnaire au plein sens du mot. Les rires convenus de nos d\u00e9buts ont d\u00e9j\u00e0 faits place aux hurlements, aux insultes et aux menaces. C&rsquo;est la preuve la plus s\u00fbre que la voie emprunt\u00e9e par le mouvement est la bonne. C&rsquo;est la bienveillance de l&rsquo;ennemi qui doit inqui\u00e9ter un nationaliste breton. \u00c0 l&rsquo;approche du danger, \u00e9cartons r\u00e9solument les timides qui ne peuvent \u00eatre que des suiveurs et non des guides et avan\u00e7ons sur la voie que nous nous sommes donn\u00e9s. Aussi difficile que soit la t\u00e2che, les Bretons lucides et sinc\u00e8res sauront reconna\u00eetre en nous l&rsquo;alternative nouvelle qu&rsquo;ils attendent.<\/p>\n<p style=\"text-align: right;\"><strong>Ewen Broc&rsquo;han<\/strong><\/p>\n","protected":false},"excerpt":{"rendered":"<p>Il y a une illusion persistante qui a emp\u00each\u00e9 longtemps toute perc\u00e9e nationaliste en Bretagne, c&rsquo;est celle du conformisme. Nous l&rsquo;avons vu, et nous le voyons \u00e0 nouveau depuis que le PNB s&rsquo;affirme plus nettement, des voix fragiles s&rsquo;\u00e9l\u00e8vent timidement, ici et l\u00e0, pour tant\u00f4t d\u00e9noncer le nationalisme sans concession du mouvement, tant\u00f4t sugg\u00e9rer une [&hellip;]<\/p>\n","protected":false},"author":1,"featured_media":2682,"comment_status":"open","ping_status":"open","sticky":false,"template":"","format":"standard","meta":{"sb_editor_width":"","footnotes":""},"categories":[63,65],"tags":[],"class_list":["post-2681","post","type-post","status-publish","format-standard","has-post-thumbnail","hentry","category-editorial","category-principale"],"relative_dates":{"created":"1 an ago","modified":"1 an ago"},"yoast_head":"<!-- This site is optimized with the Yoast SEO plugin v26.3 - https:\/\/yoast.com\/wordpress\/plugins\/seo\/ -->\n<title>\u00c9ditorial : L&#039;illusion d&#039;un nationalisme breton &quot;mod\u00e9r\u00e9&quot; - STOURM<\/title>\n<meta name=\"robots\" content=\"index, follow, max-snippet:-1, max-image-preview:large, max-video-preview:-1\" \/>\n<link rel=\"canonical\" href=\"https:\/\/stourm.news\/?p=2681\" \/>\n<meta property=\"og:locale\" content=\"fr_FR\" \/>\n<meta property=\"og:type\" content=\"article\" \/>\n<meta property=\"og:title\" content=\"\u00c9ditorial : L&#039;illusion d&#039;un nationalisme breton &quot;mod\u00e9r\u00e9&quot; - STOURM\" \/>\n<meta property=\"og:description\" content=\"Il y a une illusion persistante qui a emp\u00each\u00e9 longtemps toute perc\u00e9e nationaliste en Bretagne, c&rsquo;est celle du conformisme. Nous l&rsquo;avons vu, et nous le voyons \u00e0 nouveau depuis que le PNB s&rsquo;affirme plus nettement, des voix fragiles s&rsquo;\u00e9l\u00e8vent timidement, ici et l\u00e0, pour tant\u00f4t d\u00e9noncer le nationalisme sans concession du mouvement, tant\u00f4t sugg\u00e9rer une [&hellip;]\" \/>\n<meta property=\"og:url\" content=\"https:\/\/stourm.news\/?p=2681\" \/>\n<meta property=\"og:site_name\" content=\"STOURM\" \/>\n<meta property=\"article:publisher\" content=\"https:\/\/www.facebook.com\/stourmnews\/\" \/>\n<meta property=\"article:published_time\" content=\"2024-10-30T15:57:33+00:00\" \/>\n<meta property=\"article:modified_time\" content=\"2024-11-02T08:04:58+00:00\" \/>\n<meta name=\"author\" content=\"La r\u00e9daction\" \/>\n<meta name=\"twitter:card\" content=\"summary_large_image\" \/>\n<meta name=\"twitter:label1\" content=\"\u00c9crit par\" \/>\n\t<meta name=\"twitter:data1\" content=\"La r\u00e9daction\" \/>\n\t<meta name=\"twitter:label2\" content=\"Dur\u00e9e de lecture estim\u00e9e\" \/>\n\t<meta name=\"twitter:data2\" content=\"5 minutes\" \/>\n<script type=\"application\/ld+json\" class=\"yoast-schema-graph\">{\"@context\":\"https:\/\/schema.org\",\"@graph\":[{\"@type\":\"Article\",\"@id\":\"https:\/\/stourm.news\/?p=2681#article\",\"isPartOf\":{\"@id\":\"https:\/\/stourm.news\/?p=2681\"},\"author\":{\"name\":\"La r\u00e9daction\",\"@id\":\"https:\/\/stourm.news\/#\/schema\/person\/c3e1dc65988632e190969234ef046cf9\"},\"headline\":\"\u00c9ditorial : L&rsquo;illusion d&rsquo;un nationalisme breton \u00ab\u00a0mod\u00e9r\u00e9\u00a0\u00bb\",\"datePublished\":\"2024-10-30T15:57:33+00:00\",\"dateModified\":\"2024-11-02T08:04:58+00:00\",\"mainEntityOfPage\":{\"@id\":\"https:\/\/stourm.news\/?p=2681\"},\"wordCount\":933,\"commentCount\":0,\"publisher\":{\"@id\":\"https:\/\/stourm.news\/#organization\"},\"image\":{\"@id\":\"https:\/\/stourm.news\/?p=2681#primaryimage\"},\"thumbnailUrl\":\"https:\/\/stourm.news\/wp-content\/uploads\/2024\/10\/HNQYRQV7ZJFKJL4O7DYMDV54VI.avif\",\"articleSection\":[\"Editorial\",\"Principale\"],\"inLanguage\":\"fr-FR\",\"potentialAction\":[{\"@type\":\"CommentAction\",\"name\":\"Comment\",\"target\":[\"https:\/\/stourm.news\/?p=2681#respond\"]}]},{\"@type\":\"WebPage\",\"@id\":\"https:\/\/stourm.news\/?p=2681\",\"url\":\"https:\/\/stourm.news\/?p=2681\",\"name\":\"\u00c9ditorial : L'illusion d'un nationalisme breton \\\"mod\u00e9r\u00e9\\\" - STOURM\",\"isPartOf\":{\"@id\":\"https:\/\/stourm.news\/#website\"},\"primaryImageOfPage\":{\"@id\":\"https:\/\/stourm.news\/?p=2681#primaryimage\"},\"image\":{\"@id\":\"https:\/\/stourm.news\/?p=2681#primaryimage\"},\"thumbnailUrl\":\"https:\/\/stourm.news\/wp-content\/uploads\/2024\/10\/HNQYRQV7ZJFKJL4O7DYMDV54VI.avif\",\"datePublished\":\"2024-10-30T15:57:33+00:00\",\"dateModified\":\"2024-11-02T08:04:58+00:00\",\"breadcrumb\":{\"@id\":\"https:\/\/stourm.news\/?p=2681#breadcrumb\"},\"inLanguage\":\"fr-FR\",\"potentialAction\":[{\"@type\":\"ReadAction\",\"target\":[\"https:\/\/stourm.news\/?p=2681\"]}]},{\"@type\":\"ImageObject\",\"inLanguage\":\"fr-FR\",\"@id\":\"https:\/\/stourm.news\/?p=2681#primaryimage\",\"url\":\"https:\/\/stourm.news\/wp-content\/uploads\/2024\/10\/HNQYRQV7ZJFKJL4O7DYMDV54VI.avif\",\"contentUrl\":\"https:\/\/stourm.news\/wp-content\/uploads\/2024\/10\/HNQYRQV7ZJFKJL4O7DYMDV54VI.avif\",\"width\":1200,\"height\":630},{\"@type\":\"BreadcrumbList\",\"@id\":\"https:\/\/stourm.news\/?p=2681#breadcrumb\",\"itemListElement\":[{\"@type\":\"ListItem\",\"position\":1,\"name\":\"Accueil\",\"item\":\"https:\/\/stourm.news\/\"},{\"@type\":\"ListItem\",\"position\":2,\"name\":\"\u00c9ditorial : L&rsquo;illusion d&rsquo;un nationalisme breton \u00ab\u00a0mod\u00e9r\u00e9\u00a0\u00bb\"}]},{\"@type\":\"WebSite\",\"@id\":\"https:\/\/stourm.news\/#website\",\"url\":\"https:\/\/stourm.news\/\",\"name\":\"Stourm\",\"description\":\"Kazetenn Strollad Broadel Breizh\",\"publisher\":{\"@id\":\"https:\/\/stourm.news\/#organization\"},\"potentialAction\":[{\"@type\":\"SearchAction\",\"target\":{\"@type\":\"EntryPoint\",\"urlTemplate\":\"https:\/\/stourm.news\/?s={search_term_string}\"},\"query-input\":{\"@type\":\"PropertyValueSpecification\",\"valueRequired\":true,\"valueName\":\"search_term_string\"}}],\"inLanguage\":\"fr-FR\"},{\"@type\":\"Organization\",\"@id\":\"https:\/\/stourm.news\/#organization\",\"name\":\"Stourm\",\"url\":\"https:\/\/stourm.news\/\",\"logo\":{\"@type\":\"ImageObject\",\"inLanguage\":\"fr-FR\",\"@id\":\"https:\/\/stourm.news\/#\/schema\/logo\/image\/\",\"url\":\"https:\/\/stourm.news\/wp-content\/uploads\/2025\/11\/cropped-Capture-decran-2025-11-28-a-15.19.07.png\",\"contentUrl\":\"https:\/\/stourm.news\/wp-content\/uploads\/2025\/11\/cropped-Capture-decran-2025-11-28-a-15.19.07.png\",\"width\":1855,\"height\":383,\"caption\":\"Stourm\"},\"image\":{\"@id\":\"https:\/\/stourm.news\/#\/schema\/logo\/image\/\"},\"sameAs\":[\"https:\/\/www.facebook.com\/stourmnews\/\"]},{\"@type\":\"Person\",\"@id\":\"https:\/\/stourm.news\/#\/schema\/person\/c3e1dc65988632e190969234ef046cf9\",\"name\":\"La r\u00e9daction\",\"image\":{\"@type\":\"ImageObject\",\"inLanguage\":\"fr-FR\",\"@id\":\"https:\/\/stourm.news\/#\/schema\/person\/image\/\",\"url\":\"https:\/\/secure.gravatar.com\/avatar\/7463443f194b6b5fb706b074ca0ef59a0cfcfd720cb47764b0ec5a952ce422b3?s=96&d=mm&r=g\",\"contentUrl\":\"https:\/\/secure.gravatar.com\/avatar\/7463443f194b6b5fb706b074ca0ef59a0cfcfd720cb47764b0ec5a952ce422b3?s=96&d=mm&r=g\",\"caption\":\"La r\u00e9daction\"},\"sameAs\":[\"https:\/\/stourm.news\"],\"url\":\"https:\/\/stourm.news\/?author=1\"}]}<\/script>\n<!-- \/ Yoast SEO plugin. -->","yoast_head_json":{"title":"\u00c9ditorial : L'illusion d'un nationalisme breton \"mod\u00e9r\u00e9\" - STOURM","robots":{"index":"index","follow":"follow","max-snippet":"max-snippet:-1","max-image-preview":"max-image-preview:large","max-video-preview":"max-video-preview:-1"},"canonical":"https:\/\/stourm.news\/?p=2681","og_locale":"fr_FR","og_type":"article","og_title":"\u00c9ditorial : L'illusion d'un nationalisme breton \"mod\u00e9r\u00e9\" - STOURM","og_description":"Il y a une illusion persistante qui a emp\u00each\u00e9 longtemps toute perc\u00e9e nationaliste en Bretagne, c&rsquo;est celle du conformisme. Nous l&rsquo;avons vu, et nous le voyons \u00e0 nouveau depuis que le PNB s&rsquo;affirme plus nettement, des voix fragiles s&rsquo;\u00e9l\u00e8vent timidement, ici et l\u00e0, pour tant\u00f4t d\u00e9noncer le nationalisme sans concession du mouvement, tant\u00f4t sugg\u00e9rer une [&hellip;]","og_url":"https:\/\/stourm.news\/?p=2681","og_site_name":"STOURM","article_publisher":"https:\/\/www.facebook.com\/stourmnews\/","article_published_time":"2024-10-30T15:57:33+00:00","article_modified_time":"2024-11-02T08:04:58+00:00","author":"La r\u00e9daction","twitter_card":"summary_large_image","twitter_misc":{"\u00c9crit par":"La r\u00e9daction","Dur\u00e9e de lecture estim\u00e9e":"5 minutes"},"schema":{"@context":"https:\/\/schema.org","@graph":[{"@type":"Article","@id":"https:\/\/stourm.news\/?p=2681#article","isPartOf":{"@id":"https:\/\/stourm.news\/?p=2681"},"author":{"name":"La r\u00e9daction","@id":"https:\/\/stourm.news\/#\/schema\/person\/c3e1dc65988632e190969234ef046cf9"},"headline":"\u00c9ditorial : L&rsquo;illusion d&rsquo;un nationalisme breton \u00ab\u00a0mod\u00e9r\u00e9\u00a0\u00bb","datePublished":"2024-10-30T15:57:33+00:00","dateModified":"2024-11-02T08:04:58+00:00","mainEntityOfPage":{"@id":"https:\/\/stourm.news\/?p=2681"},"wordCount":933,"commentCount":0,"publisher":{"@id":"https:\/\/stourm.news\/#organization"},"image":{"@id":"https:\/\/stourm.news\/?p=2681#primaryimage"},"thumbnailUrl":"https:\/\/stourm.news\/wp-content\/uploads\/2024\/10\/HNQYRQV7ZJFKJL4O7DYMDV54VI.avif","articleSection":["Editorial","Principale"],"inLanguage":"fr-FR","potentialAction":[{"@type":"CommentAction","name":"Comment","target":["https:\/\/stourm.news\/?p=2681#respond"]}]},{"@type":"WebPage","@id":"https:\/\/stourm.news\/?p=2681","url":"https:\/\/stourm.news\/?p=2681","name":"\u00c9ditorial : L'illusion d'un nationalisme breton \"mod\u00e9r\u00e9\" - STOURM","isPartOf":{"@id":"https:\/\/stourm.news\/#website"},"primaryImageOfPage":{"@id":"https:\/\/stourm.news\/?p=2681#primaryimage"},"image":{"@id":"https:\/\/stourm.news\/?p=2681#primaryimage"},"thumbnailUrl":"https:\/\/stourm.news\/wp-content\/uploads\/2024\/10\/HNQYRQV7ZJFKJL4O7DYMDV54VI.avif","datePublished":"2024-10-30T15:57:33+00:00","dateModified":"2024-11-02T08:04:58+00:00","breadcrumb":{"@id":"https:\/\/stourm.news\/?p=2681#breadcrumb"},"inLanguage":"fr-FR","potentialAction":[{"@type":"ReadAction","target":["https:\/\/stourm.news\/?p=2681"]}]},{"@type":"ImageObject","inLanguage":"fr-FR","@id":"https:\/\/stourm.news\/?p=2681#primaryimage","url":"https:\/\/stourm.news\/wp-content\/uploads\/2024\/10\/HNQYRQV7ZJFKJL4O7DYMDV54VI.avif","contentUrl":"https:\/\/stourm.news\/wp-content\/uploads\/2024\/10\/HNQYRQV7ZJFKJL4O7DYMDV54VI.avif","width":1200,"height":630},{"@type":"BreadcrumbList","@id":"https:\/\/stourm.news\/?p=2681#breadcrumb","itemListElement":[{"@type":"ListItem","position":1,"name":"Accueil","item":"https:\/\/stourm.news\/"},{"@type":"ListItem","position":2,"name":"\u00c9ditorial : L&rsquo;illusion d&rsquo;un nationalisme breton \u00ab\u00a0mod\u00e9r\u00e9\u00a0\u00bb"}]},{"@type":"WebSite","@id":"https:\/\/stourm.news\/#website","url":"https:\/\/stourm.news\/","name":"Stourm","description":"Kazetenn Strollad Broadel Breizh","publisher":{"@id":"https:\/\/stourm.news\/#organization"},"potentialAction":[{"@type":"SearchAction","target":{"@type":"EntryPoint","urlTemplate":"https:\/\/stourm.news\/?s={search_term_string}"},"query-input":{"@type":"PropertyValueSpecification","valueRequired":true,"valueName":"search_term_string"}}],"inLanguage":"fr-FR"},{"@type":"Organization","@id":"https:\/\/stourm.news\/#organization","name":"Stourm","url":"https:\/\/stourm.news\/","logo":{"@type":"ImageObject","inLanguage":"fr-FR","@id":"https:\/\/stourm.news\/#\/schema\/logo\/image\/","url":"https:\/\/stourm.news\/wp-content\/uploads\/2025\/11\/cropped-Capture-decran-2025-11-28-a-15.19.07.png","contentUrl":"https:\/\/stourm.news\/wp-content\/uploads\/2025\/11\/cropped-Capture-decran-2025-11-28-a-15.19.07.png","width":1855,"height":383,"caption":"Stourm"},"image":{"@id":"https:\/\/stourm.news\/#\/schema\/logo\/image\/"},"sameAs":["https:\/\/www.facebook.com\/stourmnews\/"]},{"@type":"Person","@id":"https:\/\/stourm.news\/#\/schema\/person\/c3e1dc65988632e190969234ef046cf9","name":"La r\u00e9daction","image":{"@type":"ImageObject","inLanguage":"fr-FR","@id":"https:\/\/stourm.news\/#\/schema\/person\/image\/","url":"https:\/\/secure.gravatar.com\/avatar\/7463443f194b6b5fb706b074ca0ef59a0cfcfd720cb47764b0ec5a952ce422b3?s=96&d=mm&r=g","contentUrl":"https:\/\/secure.gravatar.com\/avatar\/7463443f194b6b5fb706b074ca0ef59a0cfcfd720cb47764b0ec5a952ce422b3?s=96&d=mm&r=g","caption":"La r\u00e9daction"},"sameAs":["https:\/\/stourm.news"],"url":"https:\/\/stourm.news\/?author=1"}]}},"_links":{"self":[{"href":"https:\/\/stourm.news\/index.php?rest_route=\/wp\/v2\/posts\/2681","targetHints":{"allow":["GET"]}}],"collection":[{"href":"https:\/\/stourm.news\/index.php?rest_route=\/wp\/v2\/posts"}],"about":[{"href":"https:\/\/stourm.news\/index.php?rest_route=\/wp\/v2\/types\/post"}],"author":[{"embeddable":true,"href":"https:\/\/stourm.news\/index.php?rest_route=\/wp\/v2\/users\/1"}],"replies":[{"embeddable":true,"href":"https:\/\/stourm.news\/index.php?rest_route=%2Fwp%2Fv2%2Fcomments&post=2681"}],"version-history":[{"count":4,"href":"https:\/\/stourm.news\/index.php?rest_route=\/wp\/v2\/posts\/2681\/revisions"}],"predecessor-version":[{"id":2705,"href":"https:\/\/stourm.news\/index.php?rest_route=\/wp\/v2\/posts\/2681\/revisions\/2705"}],"wp:featuredmedia":[{"embeddable":true,"href":"https:\/\/stourm.news\/index.php?rest_route=\/wp\/v2\/media\/2682"}],"wp:attachment":[{"href":"https:\/\/stourm.news\/index.php?rest_route=%2Fwp%2Fv2%2Fmedia&parent=2681"}],"wp:term":[{"taxonomy":"category","embeddable":true,"href":"https:\/\/stourm.news\/index.php?rest_route=%2Fwp%2Fv2%2Fcategories&post=2681"},{"taxonomy":"post_tag","embeddable":true,"href":"https:\/\/stourm.news\/index.php?rest_route=%2Fwp%2Fv2%2Ftags&post=2681"}],"curies":[{"name":"wp","href":"https:\/\/api.w.org\/{rel}","templated":true}]}}