{"id":2686,"date":"2024-11-01T10:44:46","date_gmt":"2024-11-01T10:44:46","guid":{"rendered":"https:\/\/stourm.news\/?p=2686"},"modified":"2024-11-01T10:44:46","modified_gmt":"2024-11-01T10:44:46","slug":"brest-embuscade-tendue-contre-les-pompiers-dans-le-quartier-multiculturel-de-bellevue-voiture-incendiee-tirs-de-mortier","status":"publish","type":"post","link":"https:\/\/stourm.news\/?p=2686","title":{"rendered":"Brest : embuscade tendue contre les pompiers dans le quartier multiculturel de Bellevue (voiture incendi\u00e9e, tirs de mortier)"},"content":{"rendered":"<p style=\"text-align: justify;\">Les pompiers sont intervenus dans le quartier de <strong>Bellevue<\/strong>, \u00e0 Brest, ce jeudi 31 octobre 2024, vers 21 h 20, afin d\u2019\u00e9teindre un d\u00e9but <strong>d\u2019incendie<\/strong> qui s\u2019\u00e9tait d\u00e9clar\u00e9 dans une voiture, avenue de Provence. Sur place, il semble que les soldats du feu aient d\u00fb subir <strong>un accueil avec des tirs de mortier d\u2019artifice<\/strong>. Des poubelles avaient aussi \u00e9t\u00e9 dispos\u00e9es sur le rond-point pour <strong>emp\u00eacher l\u2019intervention<\/strong>. Les policiers sont alors venus en renfort pour s\u00e9curiser le p\u00e9rim\u00e8tre et permettre aux pompiers d\u2019\u00e9teindre le sinistre.<\/p>\n<p style=\"text-align: justify;\">Source : <a href=\"https:\/\/www.letelegramme.fr\/finistere\/brest-29200\/a-brest-tir-de-mortier-et-voiture-brulee-dans-le-quartier-de-bellevue-6693625.php\">Le T\u00e9l\u00e9gramme<\/a><\/p>\n","protected":false},"excerpt":{"rendered":"<p>Les pompiers sont intervenus dans le quartier de Bellevue, \u00e0 Brest, ce jeudi 31 octobre 2024, vers 21 h 20, afin d\u2019\u00e9teindre un d\u00e9but d\u2019incendie qui s\u2019\u00e9tait d\u00e9clar\u00e9 dans une voiture, avenue de Provence. Sur place, il semble que les soldats du feu aient d\u00fb subir un accueil avec des tirs de mortier d\u2019artifice. Des [&hellip;]<\/p>\n","protected":false},"author":1,"featured_media":2687,"comment_status":"open","ping_status":"open","sticky":false,"template":"","format":"standard","meta":{"sb_editor_width":"","footnotes":""},"categories":[52,38,62],"tags":[],"class_list":["post-2686","post","type-post","status-publish","format-standard","has-post-thumbnail","hentry","category-faits-divers","category-finistere","category-revue-de-presse"],"relative_dates":{"created":"1 an ago","modified":"1 an ago"},"yoast_head":"<!-- This site is optimized with the Yoast SEO plugin v26.3 - https:\/\/yoast.com\/wordpress\/plugins\/seo\/ -->\n<title>Brest : embuscade tendue contre les pompiers dans le quartier multiculturel de Bellevue (voiture incendi\u00e9e, tirs de mortier) - STOURM<\/title>\n<meta name=\"robots\" content=\"index, follow, max-snippet:-1, max-image-preview:large, max-video-preview:-1\" \/>\n<link rel=\"canonical\" href=\"https:\/\/stourm.news\/?p=2686\" \/>\n<meta property=\"og:locale\" content=\"fr_FR\" \/>\n<meta property=\"og:type\" content=\"article\" \/>\n<meta property=\"og:title\" content=\"Brest : embuscade tendue contre les pompiers dans le quartier multiculturel de Bellevue (voiture incendi\u00e9e, tirs de mortier) - STOURM\" \/>\n<meta property=\"og:description\" content=\"Les pompiers sont intervenus dans le quartier de Bellevue, \u00e0 Brest, ce jeudi 31 octobre 2024, vers 21 h 20, afin d\u2019\u00e9teindre un d\u00e9but d\u2019incendie qui s\u2019\u00e9tait d\u00e9clar\u00e9 dans une voiture, avenue de Provence. Sur place, il semble que les soldats du feu aient d\u00fb subir un accueil avec des tirs de mortier d\u2019artifice. Des [&hellip;]\" \/>\n<meta property=\"og:url\" content=\"https:\/\/stourm.news\/?p=2686\" \/>\n<meta property=\"og:site_name\" content=\"STOURM\" \/>\n<meta property=\"article:publisher\" content=\"https:\/\/www.facebook.com\/stourmnews\/\" \/>\n<meta property=\"article:published_time\" content=\"2024-11-01T10:44:46+00:00\" \/>\n<meta property=\"og:image\" content=\"https:\/\/stourm.news\/wp-content\/uploads\/2024\/11\/Capture-decran-2024-11-01-a-19.43.30.png\" \/>\n\t<meta property=\"og:image:width\" content=\"1342\" \/>\n\t<meta property=\"og:image:height\" content=\"840\" \/>\n\t<meta property=\"og:image:type\" content=\"image\/png\" \/>\n<meta name=\"author\" content=\"La r\u00e9daction\" \/>\n<meta name=\"twitter:card\" content=\"summary_large_image\" \/>\n<meta name=\"twitter:label1\" content=\"\u00c9crit par\" \/>\n\t<meta name=\"twitter:data1\" content=\"La r\u00e9daction\" \/>\n\t<meta name=\"twitter:label2\" content=\"Dur\u00e9e de lecture estim\u00e9e\" \/>\n\t<meta name=\"twitter:data2\" content=\"1 minute\" \/>\n<script type=\"application\/ld+json\" class=\"yoast-schema-graph\">{\"@context\":\"https:\/\/schema.org\",\"@graph\":[{\"@type\":\"Article\",\"@id\":\"https:\/\/stourm.news\/?p=2686#article\",\"isPartOf\":{\"@id\":\"https:\/\/stourm.news\/?p=2686\"},\"author\":{\"name\":\"La r\u00e9daction\",\"@id\":\"https:\/\/stourm.news\/#\/schema\/person\/c3e1dc65988632e190969234ef046cf9\"},\"headline\":\"Brest : embuscade tendue contre les pompiers dans le quartier multiculturel de Bellevue (voiture incendi\u00e9e, tirs de mortier)\",\"datePublished\":\"2024-11-01T10:44:46+00:00\",\"mainEntityOfPage\":{\"@id\":\"https:\/\/stourm.news\/?p=2686\"},\"wordCount\":115,\"commentCount\":0,\"publisher\":{\"@id\":\"https:\/\/stourm.news\/#organization\"},\"image\":{\"@id\":\"https:\/\/stourm.news\/?p=2686#primaryimage\"},\"thumbnailUrl\":\"https:\/\/stourm.news\/wp-content\/uploads\/2024\/11\/Capture-decran-2024-11-01-a-19.43.30.png\",\"articleSection\":[\"Faits divers\",\"Finist\u00e8re\",\"Revue de presse\"],\"inLanguage\":\"fr-FR\",\"potentialAction\":[{\"@type\":\"CommentAction\",\"name\":\"Comment\",\"target\":[\"https:\/\/stourm.news\/?p=2686#respond\"]}]},{\"@type\":\"WebPage\",\"@id\":\"https:\/\/stourm.news\/?p=2686\",\"url\":\"https:\/\/stourm.news\/?p=2686\",\"name\":\"Brest : embuscade tendue contre les pompiers dans le quartier multiculturel de Bellevue (voiture incendi\u00e9e, tirs de mortier) - STOURM\",\"isPartOf\":{\"@id\":\"https:\/\/stourm.news\/#website\"},\"primaryImageOfPage\":{\"@id\":\"https:\/\/stourm.news\/?p=2686#primaryimage\"},\"image\":{\"@id\":\"https:\/\/stourm.news\/?p=2686#primaryimage\"},\"thumbnailUrl\":\"https:\/\/stourm.news\/wp-content\/uploads\/2024\/11\/Capture-decran-2024-11-01-a-19.43.30.png\",\"datePublished\":\"2024-11-01T10:44:46+00:00\",\"breadcrumb\":{\"@id\":\"https:\/\/stourm.news\/?p=2686#breadcrumb\"},\"inLanguage\":\"fr-FR\",\"potentialAction\":[{\"@type\":\"ReadAction\",\"target\":[\"https:\/\/stourm.news\/?p=2686\"]}]},{\"@type\":\"ImageObject\",\"inLanguage\":\"fr-FR\",\"@id\":\"https:\/\/stourm.news\/?p=2686#primaryimage\",\"url\":\"https:\/\/stourm.news\/wp-content\/uploads\/2024\/11\/Capture-decran-2024-11-01-a-19.43.30.png\",\"contentUrl\":\"https:\/\/stourm.news\/wp-content\/uploads\/2024\/11\/Capture-decran-2024-11-01-a-19.43.30.png\",\"width\":1342,\"height\":840},{\"@type\":\"BreadcrumbList\",\"@id\":\"https:\/\/stourm.news\/?p=2686#breadcrumb\",\"itemListElement\":[{\"@type\":\"ListItem\",\"position\":1,\"name\":\"Accueil\",\"item\":\"https:\/\/stourm.news\/\"},{\"@type\":\"ListItem\",\"position\":2,\"name\":\"Brest : embuscade tendue contre les pompiers dans le quartier multiculturel de Bellevue (voiture incendi\u00e9e, tirs de mortier)\"}]},{\"@type\":\"WebSite\",\"@id\":\"https:\/\/stourm.news\/#website\",\"url\":\"https:\/\/stourm.news\/\",\"name\":\"Stourm\",\"description\":\"Kazetenn Strollad Broadel Breizh\",\"publisher\":{\"@id\":\"https:\/\/stourm.news\/#organization\"},\"potentialAction\":[{\"@type\":\"SearchAction\",\"target\":{\"@type\":\"EntryPoint\",\"urlTemplate\":\"https:\/\/stourm.news\/?s={search_term_string}\"},\"query-input\":{\"@type\":\"PropertyValueSpecification\",\"valueRequired\":true,\"valueName\":\"search_term_string\"}}],\"inLanguage\":\"fr-FR\"},{\"@type\":\"Organization\",\"@id\":\"https:\/\/stourm.news\/#organization\",\"name\":\"Stourm\",\"url\":\"https:\/\/stourm.news\/\",\"logo\":{\"@type\":\"ImageObject\",\"inLanguage\":\"fr-FR\",\"@id\":\"https:\/\/stourm.news\/#\/schema\/logo\/image\/\",\"url\":\"https:\/\/stourm.news\/wp-content\/uploads\/2025\/11\/cropped-Capture-decran-2025-11-28-a-15.19.07.png\",\"contentUrl\":\"https:\/\/stourm.news\/wp-content\/uploads\/2025\/11\/cropped-Capture-decran-2025-11-28-a-15.19.07.png\",\"width\":1855,\"height\":383,\"caption\":\"Stourm\"},\"image\":{\"@id\":\"https:\/\/stourm.news\/#\/schema\/logo\/image\/\"},\"sameAs\":[\"https:\/\/www.facebook.com\/stourmnews\/\"]},{\"@type\":\"Person\",\"@id\":\"https:\/\/stourm.news\/#\/schema\/person\/c3e1dc65988632e190969234ef046cf9\",\"name\":\"La r\u00e9daction\",\"image\":{\"@type\":\"ImageObject\",\"inLanguage\":\"fr-FR\",\"@id\":\"https:\/\/stourm.news\/#\/schema\/person\/image\/\",\"url\":\"https:\/\/secure.gravatar.com\/avatar\/7463443f194b6b5fb706b074ca0ef59a0cfcfd720cb47764b0ec5a952ce422b3?s=96&d=mm&r=g\",\"contentUrl\":\"https:\/\/secure.gravatar.com\/avatar\/7463443f194b6b5fb706b074ca0ef59a0cfcfd720cb47764b0ec5a952ce422b3?s=96&d=mm&r=g\",\"caption\":\"La r\u00e9daction\"},\"sameAs\":[\"https:\/\/stourm.news\"],\"url\":\"https:\/\/stourm.news\/?author=1\"}]}<\/script>\n<!-- \/ Yoast SEO plugin. -->","yoast_head_json":{"title":"Brest : embuscade tendue contre les pompiers dans le quartier multiculturel de Bellevue (voiture incendi\u00e9e, tirs de mortier) - STOURM","robots":{"index":"index","follow":"follow","max-snippet":"max-snippet:-1","max-image-preview":"max-image-preview:large","max-video-preview":"max-video-preview:-1"},"canonical":"https:\/\/stourm.news\/?p=2686","og_locale":"fr_FR","og_type":"article","og_title":"Brest : embuscade tendue contre les pompiers dans le quartier multiculturel de Bellevue (voiture incendi\u00e9e, tirs de mortier) - STOURM","og_description":"Les pompiers sont intervenus dans le quartier de Bellevue, \u00e0 Brest, ce jeudi 31 octobre 2024, vers 21 h 20, afin d\u2019\u00e9teindre un d\u00e9but d\u2019incendie qui s\u2019\u00e9tait d\u00e9clar\u00e9 dans une voiture, avenue de Provence. Sur place, il semble que les soldats du feu aient d\u00fb subir un accueil avec des tirs de mortier d\u2019artifice. Des [&hellip;]","og_url":"https:\/\/stourm.news\/?p=2686","og_site_name":"STOURM","article_publisher":"https:\/\/www.facebook.com\/stourmnews\/","article_published_time":"2024-11-01T10:44:46+00:00","og_image":[{"width":1342,"height":840,"url":"https:\/\/stourm.news\/wp-content\/uploads\/2024\/11\/Capture-decran-2024-11-01-a-19.43.30.png","type":"image\/png"}],"author":"La r\u00e9daction","twitter_card":"summary_large_image","twitter_misc":{"\u00c9crit par":"La r\u00e9daction","Dur\u00e9e de lecture estim\u00e9e":"1 minute"},"schema":{"@context":"https:\/\/schema.org","@graph":[{"@type":"Article","@id":"https:\/\/stourm.news\/?p=2686#article","isPartOf":{"@id":"https:\/\/stourm.news\/?p=2686"},"author":{"name":"La r\u00e9daction","@id":"https:\/\/stourm.news\/#\/schema\/person\/c3e1dc65988632e190969234ef046cf9"},"headline":"Brest : embuscade tendue contre les pompiers dans le quartier multiculturel de Bellevue (voiture incendi\u00e9e, tirs de mortier)","datePublished":"2024-11-01T10:44:46+00:00","mainEntityOfPage":{"@id":"https:\/\/stourm.news\/?p=2686"},"wordCount":115,"commentCount":0,"publisher":{"@id":"https:\/\/stourm.news\/#organization"},"image":{"@id":"https:\/\/stourm.news\/?p=2686#primaryimage"},"thumbnailUrl":"https:\/\/stourm.news\/wp-content\/uploads\/2024\/11\/Capture-decran-2024-11-01-a-19.43.30.png","articleSection":["Faits divers","Finist\u00e8re","Revue de presse"],"inLanguage":"fr-FR","potentialAction":[{"@type":"CommentAction","name":"Comment","target":["https:\/\/stourm.news\/?p=2686#respond"]}]},{"@type":"WebPage","@id":"https:\/\/stourm.news\/?p=2686","url":"https:\/\/stourm.news\/?p=2686","name":"Brest : embuscade tendue contre les pompiers dans le quartier multiculturel de Bellevue (voiture incendi\u00e9e, tirs de mortier) - STOURM","isPartOf":{"@id":"https:\/\/stourm.news\/#website"},"primaryImageOfPage":{"@id":"https:\/\/stourm.news\/?p=2686#primaryimage"},"image":{"@id":"https:\/\/stourm.news\/?p=2686#primaryimage"},"thumbnailUrl":"https:\/\/stourm.news\/wp-content\/uploads\/2024\/11\/Capture-decran-2024-11-01-a-19.43.30.png","datePublished":"2024-11-01T10:44:46+00:00","breadcrumb":{"@id":"https:\/\/stourm.news\/?p=2686#breadcrumb"},"inLanguage":"fr-FR","potentialAction":[{"@type":"ReadAction","target":["https:\/\/stourm.news\/?p=2686"]}]},{"@type":"ImageObject","inLanguage":"fr-FR","@id":"https:\/\/stourm.news\/?p=2686#primaryimage","url":"https:\/\/stourm.news\/wp-content\/uploads\/2024\/11\/Capture-decran-2024-11-01-a-19.43.30.png","contentUrl":"https:\/\/stourm.news\/wp-content\/uploads\/2024\/11\/Capture-decran-2024-11-01-a-19.43.30.png","width":1342,"height":840},{"@type":"BreadcrumbList","@id":"https:\/\/stourm.news\/?p=2686#breadcrumb","itemListElement":[{"@type":"ListItem","position":1,"name":"Accueil","item":"https:\/\/stourm.news\/"},{"@type":"ListItem","position":2,"name":"Brest : embuscade tendue contre les pompiers dans le quartier multiculturel de Bellevue (voiture incendi\u00e9e, tirs de mortier)"}]},{"@type":"WebSite","@id":"https:\/\/stourm.news\/#website","url":"https:\/\/stourm.news\/","name":"Stourm","description":"Kazetenn Strollad Broadel Breizh","publisher":{"@id":"https:\/\/stourm.news\/#organization"},"potentialAction":[{"@type":"SearchAction","target":{"@type":"EntryPoint","urlTemplate":"https:\/\/stourm.news\/?s={search_term_string}"},"query-input":{"@type":"PropertyValueSpecification","valueRequired":true,"valueName":"search_term_string"}}],"inLanguage":"fr-FR"},{"@type":"Organization","@id":"https:\/\/stourm.news\/#organization","name":"Stourm","url":"https:\/\/stourm.news\/","logo":{"@type":"ImageObject","inLanguage":"fr-FR","@id":"https:\/\/stourm.news\/#\/schema\/logo\/image\/","url":"https:\/\/stourm.news\/wp-content\/uploads\/2025\/11\/cropped-Capture-decran-2025-11-28-a-15.19.07.png","contentUrl":"https:\/\/stourm.news\/wp-content\/uploads\/2025\/11\/cropped-Capture-decran-2025-11-28-a-15.19.07.png","width":1855,"height":383,"caption":"Stourm"},"image":{"@id":"https:\/\/stourm.news\/#\/schema\/logo\/image\/"},"sameAs":["https:\/\/www.facebook.com\/stourmnews\/"]},{"@type":"Person","@id":"https:\/\/stourm.news\/#\/schema\/person\/c3e1dc65988632e190969234ef046cf9","name":"La r\u00e9daction","image":{"@type":"ImageObject","inLanguage":"fr-FR","@id":"https:\/\/stourm.news\/#\/schema\/person\/image\/","url":"https:\/\/secure.gravatar.com\/avatar\/7463443f194b6b5fb706b074ca0ef59a0cfcfd720cb47764b0ec5a952ce422b3?s=96&d=mm&r=g","contentUrl":"https:\/\/secure.gravatar.com\/avatar\/7463443f194b6b5fb706b074ca0ef59a0cfcfd720cb47764b0ec5a952ce422b3?s=96&d=mm&r=g","caption":"La r\u00e9daction"},"sameAs":["https:\/\/stourm.news"],"url":"https:\/\/stourm.news\/?author=1"}]}},"_links":{"self":[{"href":"https:\/\/stourm.news\/index.php?rest_route=\/wp\/v2\/posts\/2686","targetHints":{"allow":["GET"]}}],"collection":[{"href":"https:\/\/stourm.news\/index.php?rest_route=\/wp\/v2\/posts"}],"about":[{"href":"https:\/\/stourm.news\/index.php?rest_route=\/wp\/v2\/types\/post"}],"author":[{"embeddable":true,"href":"https:\/\/stourm.news\/index.php?rest_route=\/wp\/v2\/users\/1"}],"replies":[{"embeddable":true,"href":"https:\/\/stourm.news\/index.php?rest_route=%2Fwp%2Fv2%2Fcomments&post=2686"}],"version-history":[{"count":1,"href":"https:\/\/stourm.news\/index.php?rest_route=\/wp\/v2\/posts\/2686\/revisions"}],"predecessor-version":[{"id":2688,"href":"https:\/\/stourm.news\/index.php?rest_route=\/wp\/v2\/posts\/2686\/revisions\/2688"}],"wp:featuredmedia":[{"embeddable":true,"href":"https:\/\/stourm.news\/index.php?rest_route=\/wp\/v2\/media\/2687"}],"wp:attachment":[{"href":"https:\/\/stourm.news\/index.php?rest_route=%2Fwp%2Fv2%2Fmedia&parent=2686"}],"wp:term":[{"taxonomy":"category","embeddable":true,"href":"https:\/\/stourm.news\/index.php?rest_route=%2Fwp%2Fv2%2Fcategories&post=2686"},{"taxonomy":"post_tag","embeddable":true,"href":"https:\/\/stourm.news\/index.php?rest_route=%2Fwp%2Fv2%2Ftags&post=2686"}],"curies":[{"name":"wp","href":"https:\/\/api.w.org\/{rel}","templated":true}]}}