{"id":2692,"date":"2024-11-01T10:57:24","date_gmt":"2024-11-01T10:57:24","guid":{"rendered":"https:\/\/stourm.news\/?p=2692"},"modified":"2024-11-01T10:57:24","modified_gmt":"2024-11-01T10:57:24","slug":"reglement-de-comptes-entre-gangs-ethniques-a-rennes-2-hommes-places-en-detention-apres-une-tentative-de-meurtre","status":"publish","type":"post","link":"https:\/\/stourm.news\/?p=2692","title":{"rendered":"R\u00e8glement de comptes entre gangs ethniques \u00e0 Rennes : 2 hommes plac\u00e9s en d\u00e9tention apr\u00e8s une tentative de meurtre"},"content":{"rendered":"<p style=\"text-align: justify;\">Deux hommes ont \u00e9t\u00e9 mis en examen ce jeudi 31 octobre pour <strong>\u00ab\u00a0tentative de meurtre en bande organis\u00e9e\u00a0\u00bb<\/strong>, \u00ab\u00a0association de malfaiteurs en vue de commettre un crime\u00a0\u00bb et \u00ab\u00a0d\u00e9tention d\u2018armes de cat\u00e9gorie A\u00a0\u00bb a annonc\u00e9 le procureur de la R\u00e9publique de Rennes dans un communiqu\u00e9 de ce jeudi 31 octobre.<\/p>\n<p style=\"text-align: justify;\">Ces deux individus avaient \u00e9t\u00e9 interpel\u00e9s lundi 28 octobre dans la soir\u00e9e. Ils sont soup\u00e7onn\u00e9s d&rsquo;\u00eatre <strong>les auteurs des tirs<\/strong> qui ont bless\u00e9 un homme d\u00e9but octobre \u00e0 Rennes.<\/p>\n<p style=\"text-align: justify;\"><strong>Des tirs depuis un scooter<\/strong><\/p>\n<p style=\"text-align: justify;\">Le 6 octobre dernier, vers 3h45, \u00ab\u00a0un individu d\u00e9favorablement connu des services de police notamment pour <strong>des infractions \u00e0 la l\u00e9gislation sur les stup\u00e9fiants<\/strong>\u00a0\u00bb comme le pr\u00e9cise le communiqu\u00e9, a \u00e9t\u00e9 la cible <strong>d\u2019une tentative de meurtre<\/strong> par deux individus mont\u00e9s sur un scooter alors qu\u2019il se trouvait rue Saint-Michel, en plein c\u0153ur historique de Rennes.<\/p>\n<p style=\"text-align: justify;\">Selon le parquet, le \u00ab\u00a0commando\u00a0\u00bb \u00e9tait \u00ab\u00a0v\u00eatu de sombre et encapuch\u00e9\u00a0\u00bb. Les deux hommes \u00e9taient <strong>\u00ab\u00a0arm\u00e9s chacun d\u2019une arme de poing\u00a0\u00bb<\/strong>. Ils avaient fait feu \u00e0 trois reprises sur la victime. La victime <strong>avait \u00e9t\u00e9 bless\u00e9e par balle<\/strong> \u00e0 l\u2019abdomen et transport\u00e9e \u00e0 l&rsquo;h\u00f4pital.<\/p>\n<p style=\"text-align: justify;\"><strong>Fusillade sur fond de trafic de drogue<\/strong><\/p>\n<p style=\"text-align: justify;\">La Division de la Criminalit\u00e9 Organis\u00e9e et Sp\u00e9cialis\u00e9e de Rennes, saisie par le parquet de Rennes, avait pu confirmer la version de la victime qui avait d\u00e9clar\u00e9 avoir \u00e9t\u00e9 bless\u00e9e puis poursuivie par ses agresseurs pour <strong>\u00ab\u00a0un contentieux li\u00e9 \u00e0 une dette de stup\u00e9fiants\u00a0\u00bb<\/strong>.<\/p>\n<p style=\"text-align: justify;\">Suite aux investigations, les deux agresseurs, \u00e9galement <strong>\u00ab\u00a0tr\u00e8s d\u00e9favorablement connus des services de police et la justice\u00a0\u00bb<\/strong>, ont \u00e9t\u00e9 localis\u00e9s puis interpell\u00e9s lundi.<\/p>\n<p style=\"text-align: justify;\">\u00c0 l&rsquo;issue de leur garde \u00e0 vue, les deux suspects ont \u00e9t\u00e9 plac\u00e9s en d\u00e9tention provisoire par le juge des libert\u00e9s et de la d\u00e9tention.<\/p>\n<p>Source : <a href=\"https:\/\/france3-regions.francetvinfo.fr\/bretagne\/ille-et-vilaine\/rennes\/fusillade-et-tentative-de-meurtre-rue-saint-michel-a-rennes-deux-hommes-places-en-detention-provisoire-3053911.html\">France 3 Bretagne<\/a><\/p>\n","protected":false},"excerpt":{"rendered":"<p>Deux hommes ont \u00e9t\u00e9 mis en examen ce jeudi 31 octobre pour \u00ab\u00a0tentative de meurtre en bande organis\u00e9e\u00a0\u00bb, \u00ab\u00a0association de malfaiteurs en vue de commettre un crime\u00a0\u00bb et \u00ab\u00a0d\u00e9tention d\u2018armes de cat\u00e9gorie A\u00a0\u00bb a annonc\u00e9 le procureur de la R\u00e9publique de Rennes dans un communiqu\u00e9 de ce jeudi 31 octobre. Ces deux individus avaient \u00e9t\u00e9 [&hellip;]<\/p>\n","protected":false},"author":1,"featured_media":2693,"comment_status":"open","ping_status":"open","sticky":false,"template":"","format":"standard","meta":{"sb_editor_width":"","footnotes":""},"categories":[29,37,41,62],"tags":[],"class_list":["post-2692","post","type-post","status-publish","format-standard","has-post-thumbnail","hentry","category-drogue","category-homicide","category-ille-et-vilaine","category-revue-de-presse"],"relative_dates":{"created":"1 an ago","modified":"1 an ago"},"yoast_head":"<!-- This site is optimized with the Yoast SEO plugin v26.3 - https:\/\/yoast.com\/wordpress\/plugins\/seo\/ -->\n<title>R\u00e8glement de comptes entre gangs ethniques \u00e0 Rennes : 2 hommes plac\u00e9s en d\u00e9tention apr\u00e8s une tentative de meurtre - STOURM<\/title>\n<meta name=\"robots\" content=\"index, follow, max-snippet:-1, max-image-preview:large, max-video-preview:-1\" \/>\n<link rel=\"canonical\" href=\"https:\/\/stourm.news\/?p=2692\" \/>\n<meta property=\"og:locale\" content=\"fr_FR\" \/>\n<meta property=\"og:type\" content=\"article\" \/>\n<meta property=\"og:title\" content=\"R\u00e8glement de comptes entre gangs ethniques \u00e0 Rennes : 2 hommes plac\u00e9s en d\u00e9tention apr\u00e8s une tentative de meurtre - STOURM\" \/>\n<meta property=\"og:description\" content=\"Deux hommes ont \u00e9t\u00e9 mis en examen ce jeudi 31 octobre pour \u00ab\u00a0tentative de meurtre en bande organis\u00e9e\u00a0\u00bb, \u00ab\u00a0association de malfaiteurs en vue de commettre un crime\u00a0\u00bb et \u00ab\u00a0d\u00e9tention d\u2018armes de cat\u00e9gorie A\u00a0\u00bb a annonc\u00e9 le procureur de la R\u00e9publique de Rennes dans un communiqu\u00e9 de ce jeudi 31 octobre. Ces deux individus avaient \u00e9t\u00e9 [&hellip;]\" \/>\n<meta property=\"og:url\" content=\"https:\/\/stourm.news\/?p=2692\" \/>\n<meta property=\"og:site_name\" content=\"STOURM\" \/>\n<meta property=\"article:publisher\" content=\"https:\/\/www.facebook.com\/stourmnews\/\" \/>\n<meta property=\"article:published_time\" content=\"2024-11-01T10:57:24+00:00\" \/>\n<meta property=\"og:image\" content=\"https:\/\/stourm.news\/wp-content\/uploads\/2024\/11\/5f05ed46c56c8_ripou-4920536.jpg.webp\" \/>\n\t<meta property=\"og:image:width\" content=\"930\" \/>\n\t<meta property=\"og:image:height\" content=\"620\" \/>\n\t<meta property=\"og:image:type\" content=\"image\/webp\" \/>\n<meta name=\"author\" content=\"La r\u00e9daction\" \/>\n<meta name=\"twitter:card\" content=\"summary_large_image\" \/>\n<meta name=\"twitter:label1\" content=\"\u00c9crit par\" \/>\n\t<meta name=\"twitter:data1\" content=\"La r\u00e9daction\" \/>\n\t<meta name=\"twitter:label2\" content=\"Dur\u00e9e de lecture estim\u00e9e\" \/>\n\t<meta name=\"twitter:data2\" content=\"2 minutes\" \/>\n<script type=\"application\/ld+json\" class=\"yoast-schema-graph\">{\"@context\":\"https:\/\/schema.org\",\"@graph\":[{\"@type\":\"Article\",\"@id\":\"https:\/\/stourm.news\/?p=2692#article\",\"isPartOf\":{\"@id\":\"https:\/\/stourm.news\/?p=2692\"},\"author\":{\"name\":\"La r\u00e9daction\",\"@id\":\"https:\/\/stourm.news\/#\/schema\/person\/c3e1dc65988632e190969234ef046cf9\"},\"headline\":\"R\u00e8glement de comptes entre gangs ethniques \u00e0 Rennes : 2 hommes plac\u00e9s en d\u00e9tention apr\u00e8s une tentative de meurtre\",\"datePublished\":\"2024-11-01T10:57:24+00:00\",\"mainEntityOfPage\":{\"@id\":\"https:\/\/stourm.news\/?p=2692\"},\"wordCount\":336,\"commentCount\":0,\"publisher\":{\"@id\":\"https:\/\/stourm.news\/#organization\"},\"image\":{\"@id\":\"https:\/\/stourm.news\/?p=2692#primaryimage\"},\"thumbnailUrl\":\"https:\/\/stourm.news\/wp-content\/uploads\/2024\/11\/5f05ed46c56c8_ripou-4920536.jpg.webp\",\"articleSection\":[\"Drogue\",\"Homicide\",\"Ille-et-Vilaine\",\"Revue de presse\"],\"inLanguage\":\"fr-FR\",\"potentialAction\":[{\"@type\":\"CommentAction\",\"name\":\"Comment\",\"target\":[\"https:\/\/stourm.news\/?p=2692#respond\"]}]},{\"@type\":\"WebPage\",\"@id\":\"https:\/\/stourm.news\/?p=2692\",\"url\":\"https:\/\/stourm.news\/?p=2692\",\"name\":\"R\u00e8glement de comptes entre gangs ethniques \u00e0 Rennes : 2 hommes plac\u00e9s en d\u00e9tention apr\u00e8s une tentative de meurtre - STOURM\",\"isPartOf\":{\"@id\":\"https:\/\/stourm.news\/#website\"},\"primaryImageOfPage\":{\"@id\":\"https:\/\/stourm.news\/?p=2692#primaryimage\"},\"image\":{\"@id\":\"https:\/\/stourm.news\/?p=2692#primaryimage\"},\"thumbnailUrl\":\"https:\/\/stourm.news\/wp-content\/uploads\/2024\/11\/5f05ed46c56c8_ripou-4920536.jpg.webp\",\"datePublished\":\"2024-11-01T10:57:24+00:00\",\"breadcrumb\":{\"@id\":\"https:\/\/stourm.news\/?p=2692#breadcrumb\"},\"inLanguage\":\"fr-FR\",\"potentialAction\":[{\"@type\":\"ReadAction\",\"target\":[\"https:\/\/stourm.news\/?p=2692\"]}]},{\"@type\":\"ImageObject\",\"inLanguage\":\"fr-FR\",\"@id\":\"https:\/\/stourm.news\/?p=2692#primaryimage\",\"url\":\"https:\/\/stourm.news\/wp-content\/uploads\/2024\/11\/5f05ed46c56c8_ripou-4920536.jpg.webp\",\"contentUrl\":\"https:\/\/stourm.news\/wp-content\/uploads\/2024\/11\/5f05ed46c56c8_ripou-4920536.jpg.webp\",\"width\":930,\"height\":620},{\"@type\":\"BreadcrumbList\",\"@id\":\"https:\/\/stourm.news\/?p=2692#breadcrumb\",\"itemListElement\":[{\"@type\":\"ListItem\",\"position\":1,\"name\":\"Accueil\",\"item\":\"https:\/\/stourm.news\/\"},{\"@type\":\"ListItem\",\"position\":2,\"name\":\"R\u00e8glement de comptes entre gangs ethniques \u00e0 Rennes : 2 hommes plac\u00e9s en d\u00e9tention apr\u00e8s une tentative de meurtre\"}]},{\"@type\":\"WebSite\",\"@id\":\"https:\/\/stourm.news\/#website\",\"url\":\"https:\/\/stourm.news\/\",\"name\":\"Stourm\",\"description\":\"Kazetenn Strollad Broadel Breizh\",\"publisher\":{\"@id\":\"https:\/\/stourm.news\/#organization\"},\"potentialAction\":[{\"@type\":\"SearchAction\",\"target\":{\"@type\":\"EntryPoint\",\"urlTemplate\":\"https:\/\/stourm.news\/?s={search_term_string}\"},\"query-input\":{\"@type\":\"PropertyValueSpecification\",\"valueRequired\":true,\"valueName\":\"search_term_string\"}}],\"inLanguage\":\"fr-FR\"},{\"@type\":\"Organization\",\"@id\":\"https:\/\/stourm.news\/#organization\",\"name\":\"Stourm\",\"url\":\"https:\/\/stourm.news\/\",\"logo\":{\"@type\":\"ImageObject\",\"inLanguage\":\"fr-FR\",\"@id\":\"https:\/\/stourm.news\/#\/schema\/logo\/image\/\",\"url\":\"https:\/\/stourm.news\/wp-content\/uploads\/2025\/11\/cropped-Capture-decran-2025-11-28-a-15.19.07.png\",\"contentUrl\":\"https:\/\/stourm.news\/wp-content\/uploads\/2025\/11\/cropped-Capture-decran-2025-11-28-a-15.19.07.png\",\"width\":1855,\"height\":383,\"caption\":\"Stourm\"},\"image\":{\"@id\":\"https:\/\/stourm.news\/#\/schema\/logo\/image\/\"},\"sameAs\":[\"https:\/\/www.facebook.com\/stourmnews\/\"]},{\"@type\":\"Person\",\"@id\":\"https:\/\/stourm.news\/#\/schema\/person\/c3e1dc65988632e190969234ef046cf9\",\"name\":\"La r\u00e9daction\",\"image\":{\"@type\":\"ImageObject\",\"inLanguage\":\"fr-FR\",\"@id\":\"https:\/\/stourm.news\/#\/schema\/person\/image\/\",\"url\":\"https:\/\/secure.gravatar.com\/avatar\/7463443f194b6b5fb706b074ca0ef59a0cfcfd720cb47764b0ec5a952ce422b3?s=96&d=mm&r=g\",\"contentUrl\":\"https:\/\/secure.gravatar.com\/avatar\/7463443f194b6b5fb706b074ca0ef59a0cfcfd720cb47764b0ec5a952ce422b3?s=96&d=mm&r=g\",\"caption\":\"La r\u00e9daction\"},\"sameAs\":[\"https:\/\/stourm.news\"],\"url\":\"https:\/\/stourm.news\/?author=1\"}]}<\/script>\n<!-- \/ Yoast SEO plugin. -->","yoast_head_json":{"title":"R\u00e8glement de comptes entre gangs ethniques \u00e0 Rennes : 2 hommes plac\u00e9s en d\u00e9tention apr\u00e8s une tentative de meurtre - STOURM","robots":{"index":"index","follow":"follow","max-snippet":"max-snippet:-1","max-image-preview":"max-image-preview:large","max-video-preview":"max-video-preview:-1"},"canonical":"https:\/\/stourm.news\/?p=2692","og_locale":"fr_FR","og_type":"article","og_title":"R\u00e8glement de comptes entre gangs ethniques \u00e0 Rennes : 2 hommes plac\u00e9s en d\u00e9tention apr\u00e8s une tentative de meurtre - STOURM","og_description":"Deux hommes ont \u00e9t\u00e9 mis en examen ce jeudi 31 octobre pour \u00ab\u00a0tentative de meurtre en bande organis\u00e9e\u00a0\u00bb, \u00ab\u00a0association de malfaiteurs en vue de commettre un crime\u00a0\u00bb et \u00ab\u00a0d\u00e9tention d\u2018armes de cat\u00e9gorie A\u00a0\u00bb a annonc\u00e9 le procureur de la R\u00e9publique de Rennes dans un communiqu\u00e9 de ce jeudi 31 octobre. Ces deux individus avaient \u00e9t\u00e9 [&hellip;]","og_url":"https:\/\/stourm.news\/?p=2692","og_site_name":"STOURM","article_publisher":"https:\/\/www.facebook.com\/stourmnews\/","article_published_time":"2024-11-01T10:57:24+00:00","og_image":[{"width":930,"height":620,"url":"https:\/\/stourm.news\/wp-content\/uploads\/2024\/11\/5f05ed46c56c8_ripou-4920536.jpg.webp","type":"image\/webp"}],"author":"La r\u00e9daction","twitter_card":"summary_large_image","twitter_misc":{"\u00c9crit par":"La r\u00e9daction","Dur\u00e9e de lecture estim\u00e9e":"2 minutes"},"schema":{"@context":"https:\/\/schema.org","@graph":[{"@type":"Article","@id":"https:\/\/stourm.news\/?p=2692#article","isPartOf":{"@id":"https:\/\/stourm.news\/?p=2692"},"author":{"name":"La r\u00e9daction","@id":"https:\/\/stourm.news\/#\/schema\/person\/c3e1dc65988632e190969234ef046cf9"},"headline":"R\u00e8glement de comptes entre gangs ethniques \u00e0 Rennes : 2 hommes plac\u00e9s en d\u00e9tention apr\u00e8s une tentative de meurtre","datePublished":"2024-11-01T10:57:24+00:00","mainEntityOfPage":{"@id":"https:\/\/stourm.news\/?p=2692"},"wordCount":336,"commentCount":0,"publisher":{"@id":"https:\/\/stourm.news\/#organization"},"image":{"@id":"https:\/\/stourm.news\/?p=2692#primaryimage"},"thumbnailUrl":"https:\/\/stourm.news\/wp-content\/uploads\/2024\/11\/5f05ed46c56c8_ripou-4920536.jpg.webp","articleSection":["Drogue","Homicide","Ille-et-Vilaine","Revue de presse"],"inLanguage":"fr-FR","potentialAction":[{"@type":"CommentAction","name":"Comment","target":["https:\/\/stourm.news\/?p=2692#respond"]}]},{"@type":"WebPage","@id":"https:\/\/stourm.news\/?p=2692","url":"https:\/\/stourm.news\/?p=2692","name":"R\u00e8glement de comptes entre gangs ethniques \u00e0 Rennes : 2 hommes plac\u00e9s en d\u00e9tention apr\u00e8s une tentative de meurtre - STOURM","isPartOf":{"@id":"https:\/\/stourm.news\/#website"},"primaryImageOfPage":{"@id":"https:\/\/stourm.news\/?p=2692#primaryimage"},"image":{"@id":"https:\/\/stourm.news\/?p=2692#primaryimage"},"thumbnailUrl":"https:\/\/stourm.news\/wp-content\/uploads\/2024\/11\/5f05ed46c56c8_ripou-4920536.jpg.webp","datePublished":"2024-11-01T10:57:24+00:00","breadcrumb":{"@id":"https:\/\/stourm.news\/?p=2692#breadcrumb"},"inLanguage":"fr-FR","potentialAction":[{"@type":"ReadAction","target":["https:\/\/stourm.news\/?p=2692"]}]},{"@type":"ImageObject","inLanguage":"fr-FR","@id":"https:\/\/stourm.news\/?p=2692#primaryimage","url":"https:\/\/stourm.news\/wp-content\/uploads\/2024\/11\/5f05ed46c56c8_ripou-4920536.jpg.webp","contentUrl":"https:\/\/stourm.news\/wp-content\/uploads\/2024\/11\/5f05ed46c56c8_ripou-4920536.jpg.webp","width":930,"height":620},{"@type":"BreadcrumbList","@id":"https:\/\/stourm.news\/?p=2692#breadcrumb","itemListElement":[{"@type":"ListItem","position":1,"name":"Accueil","item":"https:\/\/stourm.news\/"},{"@type":"ListItem","position":2,"name":"R\u00e8glement de comptes entre gangs ethniques \u00e0 Rennes : 2 hommes plac\u00e9s en d\u00e9tention apr\u00e8s une tentative de meurtre"}]},{"@type":"WebSite","@id":"https:\/\/stourm.news\/#website","url":"https:\/\/stourm.news\/","name":"Stourm","description":"Kazetenn Strollad Broadel Breizh","publisher":{"@id":"https:\/\/stourm.news\/#organization"},"potentialAction":[{"@type":"SearchAction","target":{"@type":"EntryPoint","urlTemplate":"https:\/\/stourm.news\/?s={search_term_string}"},"query-input":{"@type":"PropertyValueSpecification","valueRequired":true,"valueName":"search_term_string"}}],"inLanguage":"fr-FR"},{"@type":"Organization","@id":"https:\/\/stourm.news\/#organization","name":"Stourm","url":"https:\/\/stourm.news\/","logo":{"@type":"ImageObject","inLanguage":"fr-FR","@id":"https:\/\/stourm.news\/#\/schema\/logo\/image\/","url":"https:\/\/stourm.news\/wp-content\/uploads\/2025\/11\/cropped-Capture-decran-2025-11-28-a-15.19.07.png","contentUrl":"https:\/\/stourm.news\/wp-content\/uploads\/2025\/11\/cropped-Capture-decran-2025-11-28-a-15.19.07.png","width":1855,"height":383,"caption":"Stourm"},"image":{"@id":"https:\/\/stourm.news\/#\/schema\/logo\/image\/"},"sameAs":["https:\/\/www.facebook.com\/stourmnews\/"]},{"@type":"Person","@id":"https:\/\/stourm.news\/#\/schema\/person\/c3e1dc65988632e190969234ef046cf9","name":"La r\u00e9daction","image":{"@type":"ImageObject","inLanguage":"fr-FR","@id":"https:\/\/stourm.news\/#\/schema\/person\/image\/","url":"https:\/\/secure.gravatar.com\/avatar\/7463443f194b6b5fb706b074ca0ef59a0cfcfd720cb47764b0ec5a952ce422b3?s=96&d=mm&r=g","contentUrl":"https:\/\/secure.gravatar.com\/avatar\/7463443f194b6b5fb706b074ca0ef59a0cfcfd720cb47764b0ec5a952ce422b3?s=96&d=mm&r=g","caption":"La r\u00e9daction"},"sameAs":["https:\/\/stourm.news"],"url":"https:\/\/stourm.news\/?author=1"}]}},"_links":{"self":[{"href":"https:\/\/stourm.news\/index.php?rest_route=\/wp\/v2\/posts\/2692","targetHints":{"allow":["GET"]}}],"collection":[{"href":"https:\/\/stourm.news\/index.php?rest_route=\/wp\/v2\/posts"}],"about":[{"href":"https:\/\/stourm.news\/index.php?rest_route=\/wp\/v2\/types\/post"}],"author":[{"embeddable":true,"href":"https:\/\/stourm.news\/index.php?rest_route=\/wp\/v2\/users\/1"}],"replies":[{"embeddable":true,"href":"https:\/\/stourm.news\/index.php?rest_route=%2Fwp%2Fv2%2Fcomments&post=2692"}],"version-history":[{"count":1,"href":"https:\/\/stourm.news\/index.php?rest_route=\/wp\/v2\/posts\/2692\/revisions"}],"predecessor-version":[{"id":2694,"href":"https:\/\/stourm.news\/index.php?rest_route=\/wp\/v2\/posts\/2692\/revisions\/2694"}],"wp:featuredmedia":[{"embeddable":true,"href":"https:\/\/stourm.news\/index.php?rest_route=\/wp\/v2\/media\/2693"}],"wp:attachment":[{"href":"https:\/\/stourm.news\/index.php?rest_route=%2Fwp%2Fv2%2Fmedia&parent=2692"}],"wp:term":[{"taxonomy":"category","embeddable":true,"href":"https:\/\/stourm.news\/index.php?rest_route=%2Fwp%2Fv2%2Fcategories&post=2692"},{"taxonomy":"post_tag","embeddable":true,"href":"https:\/\/stourm.news\/index.php?rest_route=%2Fwp%2Fv2%2Ftags&post=2692"}],"curies":[{"name":"wp","href":"https:\/\/api.w.org\/{rel}","templated":true}]}}