{"id":2695,"date":"2024-11-01T11:01:45","date_gmt":"2024-11-01T11:01:45","guid":{"rendered":"https:\/\/stourm.news\/?p=2695"},"modified":"2024-11-01T11:01:45","modified_gmt":"2024-11-01T11:01:45","slug":"nantes-interpelle-avec-un-couteau-il-agresse-un-policier-au-commissariat-age-de-18-ans-lagresseur-est-deja-bien-connu-des-services-de-police","status":"publish","type":"post","link":"https:\/\/stourm.news\/?p=2695","title":{"rendered":"Nantes : interpell\u00e9 avec un couteau, il agresse un policier au commissariat. \u00c2g\u00e9 de 18 ans, l\u2019agresseur est d\u00e9j\u00e0 bien connu des services de police"},"content":{"rendered":"<p style=\"text-align: justify;\">Lundi 28 octobre 2024, aux alentours de 14 h, un jeune adulte de 18 ans a \u00e9t\u00e9 arr\u00eat\u00e9 par les forces de l\u2019ordre au square de la Perouse, en plein centre de Nantes. Au moment de l\u2019interpellation, l\u2019individu \u00e9tait en possession <strong>d\u2019un couteau<\/strong>.<\/p>\n<p style=\"text-align: justify;\">Conduit au commissariat Waldeck Rousseau, la situation a rapidement d\u00e9g\u00e9n\u00e9r\u00e9. Comme le relate Actu.fr, \u00e0 peine arriv\u00e9 dans les locaux, le jeune homme a ass\u00e9n\u00e9 <strong>un coup de poing<\/strong> \u00e0 un policier, comme l\u2019a rapport\u00e9 une source polici\u00e8re. Ce geste violent vient alourdir <strong>un casier d\u00e9j\u00e0 charg\u00e9<\/strong> : le jeune homme est en effet connu des forces de l\u2019ordre.<\/p>\n<p style=\"text-align: justify;\">Par ailleurs, une interdiction de se trouver dans le centre-ville de Nantes avait \u00e9t\u00e9 \u00e9mise \u00e0 son encontre, restriction qu\u2019il n\u2019a visiblement pas respect\u00e9e en se trouvant sur le lieu de son interpellation. Des sanctions suppl\u00e9mentaires pourraient donc \u00eatre envisag\u00e9es, tant pour <strong>le port d\u2019arme blanche<\/strong> que pour le non-respect de cette interdiction et <strong>l\u2019agression d\u2019un fonctionnaire de police.<\/strong><\/p>\n<p style=\"text-align: justify;\">L\u2019enqu\u00eate suit son cours pour clarifier les circonstances de l\u2019incident et d\u00e9terminer les suites judiciaires \u00e0 apporter \u00e0 cette affaire.<\/p>\n<p style=\"text-align: justify;\">Source : <a href=\"https:\/\/actuforcesdelordre.fr\/2024\/10\/31\/nantes-interpelle-avec-un-couteau-il-agresse-un-policier-au-commissariat-age-de-18-ans-lagresseur-est-deja-bien-connu-des-services-de-police\/\">Actu des Forces de l&rsquo;Ordre<\/a><\/p>\n","protected":false},"excerpt":{"rendered":"<p>Lundi 28 octobre 2024, aux alentours de 14 h, un jeune adulte de 18 ans a \u00e9t\u00e9 arr\u00eat\u00e9 par les forces de l\u2019ordre au square de la Perouse, en plein centre de Nantes. Au moment de l\u2019interpellation, l\u2019individu \u00e9tait en possession d\u2019un couteau. Conduit au commissariat Waldeck Rousseau, la situation a rapidement d\u00e9g\u00e9n\u00e9r\u00e9. Comme le [&hellip;]<\/p>\n","protected":false},"author":1,"featured_media":2696,"comment_status":"open","ping_status":"open","sticky":false,"template":"","format":"standard","meta":{"sb_editor_width":"","footnotes":""},"categories":[31,52,42,62],"tags":[],"class_list":["post-2695","post","type-post","status-publish","format-standard","has-post-thumbnail","hentry","category-agression","category-faits-divers","category-loire-atlantique","category-revue-de-presse"],"relative_dates":{"created":"1 an ago","modified":"1 an ago"},"yoast_head":"<!-- This site is optimized with the Yoast SEO plugin v26.3 - https:\/\/yoast.com\/wordpress\/plugins\/seo\/ -->\n<title>Nantes : interpell\u00e9 avec un couteau, il agresse un policier au commissariat. \u00c2g\u00e9 de 18 ans, l\u2019agresseur est d\u00e9j\u00e0 bien connu des services de police - STOURM<\/title>\n<meta name=\"robots\" content=\"index, follow, max-snippet:-1, max-image-preview:large, max-video-preview:-1\" \/>\n<link rel=\"canonical\" href=\"https:\/\/stourm.news\/?p=2695\" \/>\n<meta property=\"og:locale\" content=\"fr_FR\" \/>\n<meta property=\"og:type\" content=\"article\" \/>\n<meta property=\"og:title\" content=\"Nantes : interpell\u00e9 avec un couteau, il agresse un policier au commissariat. \u00c2g\u00e9 de 18 ans, l\u2019agresseur est d\u00e9j\u00e0 bien connu des services de police - STOURM\" \/>\n<meta property=\"og:description\" content=\"Lundi 28 octobre 2024, aux alentours de 14 h, un jeune adulte de 18 ans a \u00e9t\u00e9 arr\u00eat\u00e9 par les forces de l\u2019ordre au square de la Perouse, en plein centre de Nantes. Au moment de l\u2019interpellation, l\u2019individu \u00e9tait en possession d\u2019un couteau. Conduit au commissariat Waldeck Rousseau, la situation a rapidement d\u00e9g\u00e9n\u00e9r\u00e9. Comme le [&hellip;]\" \/>\n<meta property=\"og:url\" content=\"https:\/\/stourm.news\/?p=2695\" \/>\n<meta property=\"og:site_name\" content=\"STOURM\" \/>\n<meta property=\"article:publisher\" content=\"https:\/\/www.facebook.com\/stourmnews\/\" \/>\n<meta property=\"article:published_time\" content=\"2024-11-01T11:01:45+00:00\" \/>\n<meta property=\"og:image\" content=\"https:\/\/stourm.news\/wp-content\/uploads\/2024\/11\/Nantes.jpg\" \/>\n\t<meta property=\"og:image:width\" content=\"1920\" \/>\n\t<meta property=\"og:image:height\" content=\"1080\" \/>\n\t<meta property=\"og:image:type\" content=\"image\/jpeg\" \/>\n<meta name=\"author\" content=\"La r\u00e9daction\" \/>\n<meta name=\"twitter:card\" content=\"summary_large_image\" \/>\n<meta name=\"twitter:label1\" content=\"\u00c9crit par\" \/>\n\t<meta name=\"twitter:data1\" content=\"La r\u00e9daction\" \/>\n\t<meta name=\"twitter:label2\" content=\"Dur\u00e9e de lecture estim\u00e9e\" \/>\n\t<meta name=\"twitter:data2\" content=\"1 minute\" \/>\n<script type=\"application\/ld+json\" class=\"yoast-schema-graph\">{\"@context\":\"https:\/\/schema.org\",\"@graph\":[{\"@type\":\"Article\",\"@id\":\"https:\/\/stourm.news\/?p=2695#article\",\"isPartOf\":{\"@id\":\"https:\/\/stourm.news\/?p=2695\"},\"author\":{\"name\":\"La r\u00e9daction\",\"@id\":\"https:\/\/stourm.news\/#\/schema\/person\/c3e1dc65988632e190969234ef046cf9\"},\"headline\":\"Nantes : interpell\u00e9 avec un couteau, il agresse un policier au commissariat. \u00c2g\u00e9 de 18 ans, l\u2019agresseur est d\u00e9j\u00e0 bien connu des services de police\",\"datePublished\":\"2024-11-01T11:01:45+00:00\",\"mainEntityOfPage\":{\"@id\":\"https:\/\/stourm.news\/?p=2695\"},\"wordCount\":229,\"commentCount\":0,\"publisher\":{\"@id\":\"https:\/\/stourm.news\/#organization\"},\"image\":{\"@id\":\"https:\/\/stourm.news\/?p=2695#primaryimage\"},\"thumbnailUrl\":\"https:\/\/stourm.news\/wp-content\/uploads\/2024\/11\/Nantes.jpg\",\"articleSection\":[\"Agression\",\"Faits divers\",\"Loire-Atlantique\",\"Revue de presse\"],\"inLanguage\":\"fr-FR\",\"potentialAction\":[{\"@type\":\"CommentAction\",\"name\":\"Comment\",\"target\":[\"https:\/\/stourm.news\/?p=2695#respond\"]}]},{\"@type\":\"WebPage\",\"@id\":\"https:\/\/stourm.news\/?p=2695\",\"url\":\"https:\/\/stourm.news\/?p=2695\",\"name\":\"Nantes : interpell\u00e9 avec un couteau, il agresse un policier au commissariat. \u00c2g\u00e9 de 18 ans, l\u2019agresseur est d\u00e9j\u00e0 bien connu des services de police - STOURM\",\"isPartOf\":{\"@id\":\"https:\/\/stourm.news\/#website\"},\"primaryImageOfPage\":{\"@id\":\"https:\/\/stourm.news\/?p=2695#primaryimage\"},\"image\":{\"@id\":\"https:\/\/stourm.news\/?p=2695#primaryimage\"},\"thumbnailUrl\":\"https:\/\/stourm.news\/wp-content\/uploads\/2024\/11\/Nantes.jpg\",\"datePublished\":\"2024-11-01T11:01:45+00:00\",\"breadcrumb\":{\"@id\":\"https:\/\/stourm.news\/?p=2695#breadcrumb\"},\"inLanguage\":\"fr-FR\",\"potentialAction\":[{\"@type\":\"ReadAction\",\"target\":[\"https:\/\/stourm.news\/?p=2695\"]}]},{\"@type\":\"ImageObject\",\"inLanguage\":\"fr-FR\",\"@id\":\"https:\/\/stourm.news\/?p=2695#primaryimage\",\"url\":\"https:\/\/stourm.news\/wp-content\/uploads\/2024\/11\/Nantes.jpg\",\"contentUrl\":\"https:\/\/stourm.news\/wp-content\/uploads\/2024\/11\/Nantes.jpg\",\"width\":1920,\"height\":1080},{\"@type\":\"BreadcrumbList\",\"@id\":\"https:\/\/stourm.news\/?p=2695#breadcrumb\",\"itemListElement\":[{\"@type\":\"ListItem\",\"position\":1,\"name\":\"Accueil\",\"item\":\"https:\/\/stourm.news\/\"},{\"@type\":\"ListItem\",\"position\":2,\"name\":\"Nantes : interpell\u00e9 avec un couteau, il agresse un policier au commissariat. \u00c2g\u00e9 de 18 ans, l\u2019agresseur est d\u00e9j\u00e0 bien connu des services de police\"}]},{\"@type\":\"WebSite\",\"@id\":\"https:\/\/stourm.news\/#website\",\"url\":\"https:\/\/stourm.news\/\",\"name\":\"Stourm\",\"description\":\"Kazetenn Strollad Broadel Breizh\",\"publisher\":{\"@id\":\"https:\/\/stourm.news\/#organization\"},\"potentialAction\":[{\"@type\":\"SearchAction\",\"target\":{\"@type\":\"EntryPoint\",\"urlTemplate\":\"https:\/\/stourm.news\/?s={search_term_string}\"},\"query-input\":{\"@type\":\"PropertyValueSpecification\",\"valueRequired\":true,\"valueName\":\"search_term_string\"}}],\"inLanguage\":\"fr-FR\"},{\"@type\":\"Organization\",\"@id\":\"https:\/\/stourm.news\/#organization\",\"name\":\"Stourm\",\"url\":\"https:\/\/stourm.news\/\",\"logo\":{\"@type\":\"ImageObject\",\"inLanguage\":\"fr-FR\",\"@id\":\"https:\/\/stourm.news\/#\/schema\/logo\/image\/\",\"url\":\"https:\/\/stourm.news\/wp-content\/uploads\/2025\/11\/cropped-Capture-decran-2025-11-28-a-15.19.07.png\",\"contentUrl\":\"https:\/\/stourm.news\/wp-content\/uploads\/2025\/11\/cropped-Capture-decran-2025-11-28-a-15.19.07.png\",\"width\":1855,\"height\":383,\"caption\":\"Stourm\"},\"image\":{\"@id\":\"https:\/\/stourm.news\/#\/schema\/logo\/image\/\"},\"sameAs\":[\"https:\/\/www.facebook.com\/stourmnews\/\"]},{\"@type\":\"Person\",\"@id\":\"https:\/\/stourm.news\/#\/schema\/person\/c3e1dc65988632e190969234ef046cf9\",\"name\":\"La r\u00e9daction\",\"image\":{\"@type\":\"ImageObject\",\"inLanguage\":\"fr-FR\",\"@id\":\"https:\/\/stourm.news\/#\/schema\/person\/image\/\",\"url\":\"https:\/\/secure.gravatar.com\/avatar\/7463443f194b6b5fb706b074ca0ef59a0cfcfd720cb47764b0ec5a952ce422b3?s=96&d=mm&r=g\",\"contentUrl\":\"https:\/\/secure.gravatar.com\/avatar\/7463443f194b6b5fb706b074ca0ef59a0cfcfd720cb47764b0ec5a952ce422b3?s=96&d=mm&r=g\",\"caption\":\"La r\u00e9daction\"},\"sameAs\":[\"https:\/\/stourm.news\"],\"url\":\"https:\/\/stourm.news\/?author=1\"}]}<\/script>\n<!-- \/ Yoast SEO plugin. -->","yoast_head_json":{"title":"Nantes : interpell\u00e9 avec un couteau, il agresse un policier au commissariat. \u00c2g\u00e9 de 18 ans, l\u2019agresseur est d\u00e9j\u00e0 bien connu des services de police - STOURM","robots":{"index":"index","follow":"follow","max-snippet":"max-snippet:-1","max-image-preview":"max-image-preview:large","max-video-preview":"max-video-preview:-1"},"canonical":"https:\/\/stourm.news\/?p=2695","og_locale":"fr_FR","og_type":"article","og_title":"Nantes : interpell\u00e9 avec un couteau, il agresse un policier au commissariat. \u00c2g\u00e9 de 18 ans, l\u2019agresseur est d\u00e9j\u00e0 bien connu des services de police - STOURM","og_description":"Lundi 28 octobre 2024, aux alentours de 14 h, un jeune adulte de 18 ans a \u00e9t\u00e9 arr\u00eat\u00e9 par les forces de l\u2019ordre au square de la Perouse, en plein centre de Nantes. Au moment de l\u2019interpellation, l\u2019individu \u00e9tait en possession d\u2019un couteau. Conduit au commissariat Waldeck Rousseau, la situation a rapidement d\u00e9g\u00e9n\u00e9r\u00e9. Comme le [&hellip;]","og_url":"https:\/\/stourm.news\/?p=2695","og_site_name":"STOURM","article_publisher":"https:\/\/www.facebook.com\/stourmnews\/","article_published_time":"2024-11-01T11:01:45+00:00","og_image":[{"width":1920,"height":1080,"url":"https:\/\/stourm.news\/wp-content\/uploads\/2024\/11\/Nantes.jpg","type":"image\/jpeg"}],"author":"La r\u00e9daction","twitter_card":"summary_large_image","twitter_misc":{"\u00c9crit par":"La r\u00e9daction","Dur\u00e9e de lecture estim\u00e9e":"1 minute"},"schema":{"@context":"https:\/\/schema.org","@graph":[{"@type":"Article","@id":"https:\/\/stourm.news\/?p=2695#article","isPartOf":{"@id":"https:\/\/stourm.news\/?p=2695"},"author":{"name":"La r\u00e9daction","@id":"https:\/\/stourm.news\/#\/schema\/person\/c3e1dc65988632e190969234ef046cf9"},"headline":"Nantes : interpell\u00e9 avec un couteau, il agresse un policier au commissariat. \u00c2g\u00e9 de 18 ans, l\u2019agresseur est d\u00e9j\u00e0 bien connu des services de police","datePublished":"2024-11-01T11:01:45+00:00","mainEntityOfPage":{"@id":"https:\/\/stourm.news\/?p=2695"},"wordCount":229,"commentCount":0,"publisher":{"@id":"https:\/\/stourm.news\/#organization"},"image":{"@id":"https:\/\/stourm.news\/?p=2695#primaryimage"},"thumbnailUrl":"https:\/\/stourm.news\/wp-content\/uploads\/2024\/11\/Nantes.jpg","articleSection":["Agression","Faits divers","Loire-Atlantique","Revue de presse"],"inLanguage":"fr-FR","potentialAction":[{"@type":"CommentAction","name":"Comment","target":["https:\/\/stourm.news\/?p=2695#respond"]}]},{"@type":"WebPage","@id":"https:\/\/stourm.news\/?p=2695","url":"https:\/\/stourm.news\/?p=2695","name":"Nantes : interpell\u00e9 avec un couteau, il agresse un policier au commissariat. \u00c2g\u00e9 de 18 ans, l\u2019agresseur est d\u00e9j\u00e0 bien connu des services de police - STOURM","isPartOf":{"@id":"https:\/\/stourm.news\/#website"},"primaryImageOfPage":{"@id":"https:\/\/stourm.news\/?p=2695#primaryimage"},"image":{"@id":"https:\/\/stourm.news\/?p=2695#primaryimage"},"thumbnailUrl":"https:\/\/stourm.news\/wp-content\/uploads\/2024\/11\/Nantes.jpg","datePublished":"2024-11-01T11:01:45+00:00","breadcrumb":{"@id":"https:\/\/stourm.news\/?p=2695#breadcrumb"},"inLanguage":"fr-FR","potentialAction":[{"@type":"ReadAction","target":["https:\/\/stourm.news\/?p=2695"]}]},{"@type":"ImageObject","inLanguage":"fr-FR","@id":"https:\/\/stourm.news\/?p=2695#primaryimage","url":"https:\/\/stourm.news\/wp-content\/uploads\/2024\/11\/Nantes.jpg","contentUrl":"https:\/\/stourm.news\/wp-content\/uploads\/2024\/11\/Nantes.jpg","width":1920,"height":1080},{"@type":"BreadcrumbList","@id":"https:\/\/stourm.news\/?p=2695#breadcrumb","itemListElement":[{"@type":"ListItem","position":1,"name":"Accueil","item":"https:\/\/stourm.news\/"},{"@type":"ListItem","position":2,"name":"Nantes : interpell\u00e9 avec un couteau, il agresse un policier au commissariat. \u00c2g\u00e9 de 18 ans, l\u2019agresseur est d\u00e9j\u00e0 bien connu des services de police"}]},{"@type":"WebSite","@id":"https:\/\/stourm.news\/#website","url":"https:\/\/stourm.news\/","name":"Stourm","description":"Kazetenn Strollad Broadel Breizh","publisher":{"@id":"https:\/\/stourm.news\/#organization"},"potentialAction":[{"@type":"SearchAction","target":{"@type":"EntryPoint","urlTemplate":"https:\/\/stourm.news\/?s={search_term_string}"},"query-input":{"@type":"PropertyValueSpecification","valueRequired":true,"valueName":"search_term_string"}}],"inLanguage":"fr-FR"},{"@type":"Organization","@id":"https:\/\/stourm.news\/#organization","name":"Stourm","url":"https:\/\/stourm.news\/","logo":{"@type":"ImageObject","inLanguage":"fr-FR","@id":"https:\/\/stourm.news\/#\/schema\/logo\/image\/","url":"https:\/\/stourm.news\/wp-content\/uploads\/2025\/11\/cropped-Capture-decran-2025-11-28-a-15.19.07.png","contentUrl":"https:\/\/stourm.news\/wp-content\/uploads\/2025\/11\/cropped-Capture-decran-2025-11-28-a-15.19.07.png","width":1855,"height":383,"caption":"Stourm"},"image":{"@id":"https:\/\/stourm.news\/#\/schema\/logo\/image\/"},"sameAs":["https:\/\/www.facebook.com\/stourmnews\/"]},{"@type":"Person","@id":"https:\/\/stourm.news\/#\/schema\/person\/c3e1dc65988632e190969234ef046cf9","name":"La r\u00e9daction","image":{"@type":"ImageObject","inLanguage":"fr-FR","@id":"https:\/\/stourm.news\/#\/schema\/person\/image\/","url":"https:\/\/secure.gravatar.com\/avatar\/7463443f194b6b5fb706b074ca0ef59a0cfcfd720cb47764b0ec5a952ce422b3?s=96&d=mm&r=g","contentUrl":"https:\/\/secure.gravatar.com\/avatar\/7463443f194b6b5fb706b074ca0ef59a0cfcfd720cb47764b0ec5a952ce422b3?s=96&d=mm&r=g","caption":"La r\u00e9daction"},"sameAs":["https:\/\/stourm.news"],"url":"https:\/\/stourm.news\/?author=1"}]}},"_links":{"self":[{"href":"https:\/\/stourm.news\/index.php?rest_route=\/wp\/v2\/posts\/2695","targetHints":{"allow":["GET"]}}],"collection":[{"href":"https:\/\/stourm.news\/index.php?rest_route=\/wp\/v2\/posts"}],"about":[{"href":"https:\/\/stourm.news\/index.php?rest_route=\/wp\/v2\/types\/post"}],"author":[{"embeddable":true,"href":"https:\/\/stourm.news\/index.php?rest_route=\/wp\/v2\/users\/1"}],"replies":[{"embeddable":true,"href":"https:\/\/stourm.news\/index.php?rest_route=%2Fwp%2Fv2%2Fcomments&post=2695"}],"version-history":[{"count":1,"href":"https:\/\/stourm.news\/index.php?rest_route=\/wp\/v2\/posts\/2695\/revisions"}],"predecessor-version":[{"id":2697,"href":"https:\/\/stourm.news\/index.php?rest_route=\/wp\/v2\/posts\/2695\/revisions\/2697"}],"wp:featuredmedia":[{"embeddable":true,"href":"https:\/\/stourm.news\/index.php?rest_route=\/wp\/v2\/media\/2696"}],"wp:attachment":[{"href":"https:\/\/stourm.news\/index.php?rest_route=%2Fwp%2Fv2%2Fmedia&parent=2695"}],"wp:term":[{"taxonomy":"category","embeddable":true,"href":"https:\/\/stourm.news\/index.php?rest_route=%2Fwp%2Fv2%2Fcategories&post=2695"},{"taxonomy":"post_tag","embeddable":true,"href":"https:\/\/stourm.news\/index.php?rest_route=%2Fwp%2Fv2%2Ftags&post=2695"}],"curies":[{"name":"wp","href":"https:\/\/api.w.org\/{rel}","templated":true}]}}