{"id":2701,"date":"2024-11-01T11:18:36","date_gmt":"2024-11-01T11:18:36","guid":{"rendered":"https:\/\/stourm.news\/?p=2701"},"modified":"2024-11-01T11:18:36","modified_gmt":"2024-11-01T11:18:36","slug":"debut-de-la-construction-du-mur-le-long-de-la-frontiere-polonaise-78-des-polonais-soutiennent-le-projet","status":"publish","type":"post","link":"https:\/\/stourm.news\/?p=2701","title":{"rendered":"D\u00e9but de la construction du mur le long de la fronti\u00e8re polonaise (78% des Polonais soutiennent le projet)"},"content":{"rendered":"<p>Le Premier ministre Donald Tusk a annonc\u00e9 hier soir sur les r\u00e9seaux sociaux le d\u00e9but des travaux du Bouclier de l&rsquo;Est, des fortifications destin\u00e9es \u00e0 renforcer la s\u00e9curit\u00e9 de la fronti\u00e8re polonaise avec la Russie et le Belarus.<\/p>\n<p>\u00ab La construction du Bouclier de l&rsquo;Est a commenc\u00e9 ! Premiers travaux \u00e0 la fronti\u00e8re avec la Russie \u00bb, a \u00e9crit M. Tusk sur X.<\/p>\n<blockquote class=\"twitter-tweet\">\n<p dir=\"ltr\" lang=\"pl\">Budowa Tarczy Wsch\u00f3d ruszy\u0142a! Pierwsze roboty przy granicy z Rosj\u0105. <a href=\"https:\/\/t.co\/2B6glKESx7\">pic.twitter.com\/2B6glKESx7<\/a><\/p>\n<p>\u2014 Donald Tusk (@donaldtusk) <a href=\"https:\/\/twitter.com\/donaldtusk\/status\/1852083177797374230?ref_src=twsrc%5Etfw\">October 31, 2024<\/a><\/p><\/blockquote>\n<p><script async src=\"https:\/\/platform.twitter.com\/widgets.js\" charset=\"utf-8\"><\/script><\/p>\n<p style=\"text-align: justify;\">\u00ab Le Bouclier de l&rsquo;Est n&rsquo;est plus seulement un plan, une hypoth\u00e8se, une r\u00e9solution du Conseil des ministres, mais apr\u00e8s les tests que nous avons men\u00e9s (&#8230;) je peux l&rsquo;affirmer sans risque : la construction du Bouclier de l&rsquo;Est commencera dans les prochains jours \u00bb, a d\u00e9clar\u00e9 le vice-Premier ministre et ministre de la D\u00e9fense nationale W\u0142adys\u0142aw Kosiniak-Kamysz le 25 octobre.<\/p>\n<p style=\"text-align: justify;\">Le projet b\u00e9n\u00e9ficie du soutien <strong>de la majorit\u00e9 des Polonais<\/strong>, une enqu\u00eate r\u00e9alis\u00e9e pour le compte de Rzeczpospolita montrant que <strong>78,2 %<\/strong> des personnes interrog\u00e9es<strong> sont favorables au renforcement de la fronti\u00e8re<\/strong> par la construction de fortifications et de renforts. Quelque 11,7 % ont d\u00e9clar\u00e9 le contraire, et 10,2 % n&rsquo;avaient pas d&rsquo;opinion sur le sujet.<\/p>\n<p style=\"text-align: justify;\">Le Conseil des ministres polonais a adopt\u00e9 en juin une r\u00e9solution sur la mise en place du \u00ab Programme national de dissuasion et de d\u00e9fense &#8211; Bouclier de l&rsquo;Est \u00bb et a allou\u00e9 10 milliards de PLN (2,3 milliards d&rsquo;euros) \u00e0 sa r\u00e9alisation.<\/p>\n<p><a href=\"https:\/\/rmx.news\/article\/construction-on-polands-east-shield-bordering-russia-begins-majority-of-poles-back-the-move\/\">Source\u00a0<\/a><\/p>\n","protected":false},"excerpt":{"rendered":"<p>Le Premier ministre Donald Tusk a annonc\u00e9 hier soir sur les r\u00e9seaux sociaux le d\u00e9but des travaux du Bouclier de l&rsquo;Est, des fortifications destin\u00e9es \u00e0 renforcer la s\u00e9curit\u00e9 de la fronti\u00e8re polonaise avec la Russie et le Belarus. \u00ab La construction du Bouclier de l&rsquo;Est a commenc\u00e9 ! Premiers travaux \u00e0 la fronti\u00e8re avec la [&hellip;]<\/p>\n","protected":false},"author":1,"featured_media":2702,"comment_status":"open","ping_status":"open","sticky":false,"template":"","format":"standard","meta":{"sb_editor_width":"","footnotes":""},"categories":[33,66,65],"tags":[],"class_list":["post-2701","post","type-post","status-publish","format-standard","has-post-thumbnail","hentry","category-immigration","category-international","category-principale"],"relative_dates":{"created":"1 an ago","modified":"1 an ago"},"yoast_head":"<!-- This site is optimized with the Yoast SEO plugin v26.3 - https:\/\/yoast.com\/wordpress\/plugins\/seo\/ -->\n<title>D\u00e9but de la construction du mur le long de la fronti\u00e8re polonaise (78% des Polonais soutiennent le projet) - STOURM<\/title>\n<meta name=\"robots\" content=\"index, follow, max-snippet:-1, max-image-preview:large, max-video-preview:-1\" \/>\n<link rel=\"canonical\" href=\"https:\/\/stourm.news\/?p=2701\" \/>\n<meta property=\"og:locale\" content=\"fr_FR\" \/>\n<meta property=\"og:type\" content=\"article\" \/>\n<meta property=\"og:title\" content=\"D\u00e9but de la construction du mur le long de la fronti\u00e8re polonaise (78% des Polonais soutiennent le projet) - STOURM\" \/>\n<meta property=\"og:description\" content=\"Le Premier ministre Donald Tusk a annonc\u00e9 hier soir sur les r\u00e9seaux sociaux le d\u00e9but des travaux du Bouclier de l&rsquo;Est, des fortifications destin\u00e9es \u00e0 renforcer la s\u00e9curit\u00e9 de la fronti\u00e8re polonaise avec la Russie et le Belarus. \u00ab La construction du Bouclier de l&rsquo;Est a commenc\u00e9 ! Premiers travaux \u00e0 la fronti\u00e8re avec la [&hellip;]\" \/>\n<meta property=\"og:url\" content=\"https:\/\/stourm.news\/?p=2701\" \/>\n<meta property=\"og:site_name\" content=\"STOURM\" \/>\n<meta property=\"article:publisher\" content=\"https:\/\/www.facebook.com\/stourmnews\/\" \/>\n<meta property=\"article:published_time\" content=\"2024-11-01T11:18:36+00:00\" \/>\n<meta property=\"og:image\" content=\"https:\/\/stourm.news\/wp-content\/uploads\/2024\/11\/Capture-decran-2024-11-01-a-20.18.07.png\" \/>\n\t<meta property=\"og:image:width\" content=\"1118\" \/>\n\t<meta property=\"og:image:height\" content=\"800\" \/>\n\t<meta property=\"og:image:type\" content=\"image\/png\" \/>\n<meta name=\"author\" content=\"La r\u00e9daction\" \/>\n<meta name=\"twitter:card\" content=\"summary_large_image\" \/>\n<meta name=\"twitter:label1\" content=\"\u00c9crit par\" \/>\n\t<meta name=\"twitter:data1\" content=\"La r\u00e9daction\" \/>\n\t<meta name=\"twitter:label2\" content=\"Dur\u00e9e de lecture estim\u00e9e\" \/>\n\t<meta name=\"twitter:data2\" content=\"2 minutes\" \/>\n<script type=\"application\/ld+json\" class=\"yoast-schema-graph\">{\"@context\":\"https:\/\/schema.org\",\"@graph\":[{\"@type\":\"Article\",\"@id\":\"https:\/\/stourm.news\/?p=2701#article\",\"isPartOf\":{\"@id\":\"https:\/\/stourm.news\/?p=2701\"},\"author\":{\"name\":\"La r\u00e9daction\",\"@id\":\"https:\/\/stourm.news\/#\/schema\/person\/c3e1dc65988632e190969234ef046cf9\"},\"headline\":\"D\u00e9but de la construction du mur le long de la fronti\u00e8re polonaise (78% des Polonais soutiennent le projet)\",\"datePublished\":\"2024-11-01T11:18:36+00:00\",\"mainEntityOfPage\":{\"@id\":\"https:\/\/stourm.news\/?p=2701\"},\"wordCount\":278,\"commentCount\":0,\"publisher\":{\"@id\":\"https:\/\/stourm.news\/#organization\"},\"image\":{\"@id\":\"https:\/\/stourm.news\/?p=2701#primaryimage\"},\"thumbnailUrl\":\"https:\/\/stourm.news\/wp-content\/uploads\/2024\/11\/Capture-decran-2024-11-01-a-20.18.07.png\",\"articleSection\":[\"Immigration\",\"International\",\"Principale\"],\"inLanguage\":\"fr-FR\",\"potentialAction\":[{\"@type\":\"CommentAction\",\"name\":\"Comment\",\"target\":[\"https:\/\/stourm.news\/?p=2701#respond\"]}]},{\"@type\":\"WebPage\",\"@id\":\"https:\/\/stourm.news\/?p=2701\",\"url\":\"https:\/\/stourm.news\/?p=2701\",\"name\":\"D\u00e9but de la construction du mur le long de la fronti\u00e8re polonaise (78% des Polonais soutiennent le projet) - STOURM\",\"isPartOf\":{\"@id\":\"https:\/\/stourm.news\/#website\"},\"primaryImageOfPage\":{\"@id\":\"https:\/\/stourm.news\/?p=2701#primaryimage\"},\"image\":{\"@id\":\"https:\/\/stourm.news\/?p=2701#primaryimage\"},\"thumbnailUrl\":\"https:\/\/stourm.news\/wp-content\/uploads\/2024\/11\/Capture-decran-2024-11-01-a-20.18.07.png\",\"datePublished\":\"2024-11-01T11:18:36+00:00\",\"breadcrumb\":{\"@id\":\"https:\/\/stourm.news\/?p=2701#breadcrumb\"},\"inLanguage\":\"fr-FR\",\"potentialAction\":[{\"@type\":\"ReadAction\",\"target\":[\"https:\/\/stourm.news\/?p=2701\"]}]},{\"@type\":\"ImageObject\",\"inLanguage\":\"fr-FR\",\"@id\":\"https:\/\/stourm.news\/?p=2701#primaryimage\",\"url\":\"https:\/\/stourm.news\/wp-content\/uploads\/2024\/11\/Capture-decran-2024-11-01-a-20.18.07.png\",\"contentUrl\":\"https:\/\/stourm.news\/wp-content\/uploads\/2024\/11\/Capture-decran-2024-11-01-a-20.18.07.png\",\"width\":1118,\"height\":800},{\"@type\":\"BreadcrumbList\",\"@id\":\"https:\/\/stourm.news\/?p=2701#breadcrumb\",\"itemListElement\":[{\"@type\":\"ListItem\",\"position\":1,\"name\":\"Accueil\",\"item\":\"https:\/\/stourm.news\/\"},{\"@type\":\"ListItem\",\"position\":2,\"name\":\"D\u00e9but de la construction du mur le long de la fronti\u00e8re polonaise (78% des Polonais soutiennent le projet)\"}]},{\"@type\":\"WebSite\",\"@id\":\"https:\/\/stourm.news\/#website\",\"url\":\"https:\/\/stourm.news\/\",\"name\":\"Stourm\",\"description\":\"Kazetenn Strollad Broadel Breizh\",\"publisher\":{\"@id\":\"https:\/\/stourm.news\/#organization\"},\"potentialAction\":[{\"@type\":\"SearchAction\",\"target\":{\"@type\":\"EntryPoint\",\"urlTemplate\":\"https:\/\/stourm.news\/?s={search_term_string}\"},\"query-input\":{\"@type\":\"PropertyValueSpecification\",\"valueRequired\":true,\"valueName\":\"search_term_string\"}}],\"inLanguage\":\"fr-FR\"},{\"@type\":\"Organization\",\"@id\":\"https:\/\/stourm.news\/#organization\",\"name\":\"Stourm\",\"url\":\"https:\/\/stourm.news\/\",\"logo\":{\"@type\":\"ImageObject\",\"inLanguage\":\"fr-FR\",\"@id\":\"https:\/\/stourm.news\/#\/schema\/logo\/image\/\",\"url\":\"https:\/\/stourm.news\/wp-content\/uploads\/2025\/11\/cropped-Capture-decran-2025-11-28-a-15.19.07.png\",\"contentUrl\":\"https:\/\/stourm.news\/wp-content\/uploads\/2025\/11\/cropped-Capture-decran-2025-11-28-a-15.19.07.png\",\"width\":1855,\"height\":383,\"caption\":\"Stourm\"},\"image\":{\"@id\":\"https:\/\/stourm.news\/#\/schema\/logo\/image\/\"},\"sameAs\":[\"https:\/\/www.facebook.com\/stourmnews\/\"]},{\"@type\":\"Person\",\"@id\":\"https:\/\/stourm.news\/#\/schema\/person\/c3e1dc65988632e190969234ef046cf9\",\"name\":\"La r\u00e9daction\",\"image\":{\"@type\":\"ImageObject\",\"inLanguage\":\"fr-FR\",\"@id\":\"https:\/\/stourm.news\/#\/schema\/person\/image\/\",\"url\":\"https:\/\/secure.gravatar.com\/avatar\/7463443f194b6b5fb706b074ca0ef59a0cfcfd720cb47764b0ec5a952ce422b3?s=96&d=mm&r=g\",\"contentUrl\":\"https:\/\/secure.gravatar.com\/avatar\/7463443f194b6b5fb706b074ca0ef59a0cfcfd720cb47764b0ec5a952ce422b3?s=96&d=mm&r=g\",\"caption\":\"La r\u00e9daction\"},\"sameAs\":[\"https:\/\/stourm.news\"],\"url\":\"https:\/\/stourm.news\/?author=1\"}]}<\/script>\n<!-- \/ Yoast SEO plugin. -->","yoast_head_json":{"title":"D\u00e9but de la construction du mur le long de la fronti\u00e8re polonaise (78% des Polonais soutiennent le projet) - STOURM","robots":{"index":"index","follow":"follow","max-snippet":"max-snippet:-1","max-image-preview":"max-image-preview:large","max-video-preview":"max-video-preview:-1"},"canonical":"https:\/\/stourm.news\/?p=2701","og_locale":"fr_FR","og_type":"article","og_title":"D\u00e9but de la construction du mur le long de la fronti\u00e8re polonaise (78% des Polonais soutiennent le projet) - STOURM","og_description":"Le Premier ministre Donald Tusk a annonc\u00e9 hier soir sur les r\u00e9seaux sociaux le d\u00e9but des travaux du Bouclier de l&rsquo;Est, des fortifications destin\u00e9es \u00e0 renforcer la s\u00e9curit\u00e9 de la fronti\u00e8re polonaise avec la Russie et le Belarus. \u00ab La construction du Bouclier de l&rsquo;Est a commenc\u00e9 ! Premiers travaux \u00e0 la fronti\u00e8re avec la [&hellip;]","og_url":"https:\/\/stourm.news\/?p=2701","og_site_name":"STOURM","article_publisher":"https:\/\/www.facebook.com\/stourmnews\/","article_published_time":"2024-11-01T11:18:36+00:00","og_image":[{"width":1118,"height":800,"url":"https:\/\/stourm.news\/wp-content\/uploads\/2024\/11\/Capture-decran-2024-11-01-a-20.18.07.png","type":"image\/png"}],"author":"La r\u00e9daction","twitter_card":"summary_large_image","twitter_misc":{"\u00c9crit par":"La r\u00e9daction","Dur\u00e9e de lecture estim\u00e9e":"2 minutes"},"schema":{"@context":"https:\/\/schema.org","@graph":[{"@type":"Article","@id":"https:\/\/stourm.news\/?p=2701#article","isPartOf":{"@id":"https:\/\/stourm.news\/?p=2701"},"author":{"name":"La r\u00e9daction","@id":"https:\/\/stourm.news\/#\/schema\/person\/c3e1dc65988632e190969234ef046cf9"},"headline":"D\u00e9but de la construction du mur le long de la fronti\u00e8re polonaise (78% des Polonais soutiennent le projet)","datePublished":"2024-11-01T11:18:36+00:00","mainEntityOfPage":{"@id":"https:\/\/stourm.news\/?p=2701"},"wordCount":278,"commentCount":0,"publisher":{"@id":"https:\/\/stourm.news\/#organization"},"image":{"@id":"https:\/\/stourm.news\/?p=2701#primaryimage"},"thumbnailUrl":"https:\/\/stourm.news\/wp-content\/uploads\/2024\/11\/Capture-decran-2024-11-01-a-20.18.07.png","articleSection":["Immigration","International","Principale"],"inLanguage":"fr-FR","potentialAction":[{"@type":"CommentAction","name":"Comment","target":["https:\/\/stourm.news\/?p=2701#respond"]}]},{"@type":"WebPage","@id":"https:\/\/stourm.news\/?p=2701","url":"https:\/\/stourm.news\/?p=2701","name":"D\u00e9but de la construction du mur le long de la fronti\u00e8re polonaise (78% des Polonais soutiennent le projet) - STOURM","isPartOf":{"@id":"https:\/\/stourm.news\/#website"},"primaryImageOfPage":{"@id":"https:\/\/stourm.news\/?p=2701#primaryimage"},"image":{"@id":"https:\/\/stourm.news\/?p=2701#primaryimage"},"thumbnailUrl":"https:\/\/stourm.news\/wp-content\/uploads\/2024\/11\/Capture-decran-2024-11-01-a-20.18.07.png","datePublished":"2024-11-01T11:18:36+00:00","breadcrumb":{"@id":"https:\/\/stourm.news\/?p=2701#breadcrumb"},"inLanguage":"fr-FR","potentialAction":[{"@type":"ReadAction","target":["https:\/\/stourm.news\/?p=2701"]}]},{"@type":"ImageObject","inLanguage":"fr-FR","@id":"https:\/\/stourm.news\/?p=2701#primaryimage","url":"https:\/\/stourm.news\/wp-content\/uploads\/2024\/11\/Capture-decran-2024-11-01-a-20.18.07.png","contentUrl":"https:\/\/stourm.news\/wp-content\/uploads\/2024\/11\/Capture-decran-2024-11-01-a-20.18.07.png","width":1118,"height":800},{"@type":"BreadcrumbList","@id":"https:\/\/stourm.news\/?p=2701#breadcrumb","itemListElement":[{"@type":"ListItem","position":1,"name":"Accueil","item":"https:\/\/stourm.news\/"},{"@type":"ListItem","position":2,"name":"D\u00e9but de la construction du mur le long de la fronti\u00e8re polonaise (78% des Polonais soutiennent le projet)"}]},{"@type":"WebSite","@id":"https:\/\/stourm.news\/#website","url":"https:\/\/stourm.news\/","name":"Stourm","description":"Kazetenn Strollad Broadel Breizh","publisher":{"@id":"https:\/\/stourm.news\/#organization"},"potentialAction":[{"@type":"SearchAction","target":{"@type":"EntryPoint","urlTemplate":"https:\/\/stourm.news\/?s={search_term_string}"},"query-input":{"@type":"PropertyValueSpecification","valueRequired":true,"valueName":"search_term_string"}}],"inLanguage":"fr-FR"},{"@type":"Organization","@id":"https:\/\/stourm.news\/#organization","name":"Stourm","url":"https:\/\/stourm.news\/","logo":{"@type":"ImageObject","inLanguage":"fr-FR","@id":"https:\/\/stourm.news\/#\/schema\/logo\/image\/","url":"https:\/\/stourm.news\/wp-content\/uploads\/2025\/11\/cropped-Capture-decran-2025-11-28-a-15.19.07.png","contentUrl":"https:\/\/stourm.news\/wp-content\/uploads\/2025\/11\/cropped-Capture-decran-2025-11-28-a-15.19.07.png","width":1855,"height":383,"caption":"Stourm"},"image":{"@id":"https:\/\/stourm.news\/#\/schema\/logo\/image\/"},"sameAs":["https:\/\/www.facebook.com\/stourmnews\/"]},{"@type":"Person","@id":"https:\/\/stourm.news\/#\/schema\/person\/c3e1dc65988632e190969234ef046cf9","name":"La r\u00e9daction","image":{"@type":"ImageObject","inLanguage":"fr-FR","@id":"https:\/\/stourm.news\/#\/schema\/person\/image\/","url":"https:\/\/secure.gravatar.com\/avatar\/7463443f194b6b5fb706b074ca0ef59a0cfcfd720cb47764b0ec5a952ce422b3?s=96&d=mm&r=g","contentUrl":"https:\/\/secure.gravatar.com\/avatar\/7463443f194b6b5fb706b074ca0ef59a0cfcfd720cb47764b0ec5a952ce422b3?s=96&d=mm&r=g","caption":"La r\u00e9daction"},"sameAs":["https:\/\/stourm.news"],"url":"https:\/\/stourm.news\/?author=1"}]}},"_links":{"self":[{"href":"https:\/\/stourm.news\/index.php?rest_route=\/wp\/v2\/posts\/2701","targetHints":{"allow":["GET"]}}],"collection":[{"href":"https:\/\/stourm.news\/index.php?rest_route=\/wp\/v2\/posts"}],"about":[{"href":"https:\/\/stourm.news\/index.php?rest_route=\/wp\/v2\/types\/post"}],"author":[{"embeddable":true,"href":"https:\/\/stourm.news\/index.php?rest_route=\/wp\/v2\/users\/1"}],"replies":[{"embeddable":true,"href":"https:\/\/stourm.news\/index.php?rest_route=%2Fwp%2Fv2%2Fcomments&post=2701"}],"version-history":[{"count":1,"href":"https:\/\/stourm.news\/index.php?rest_route=\/wp\/v2\/posts\/2701\/revisions"}],"predecessor-version":[{"id":2703,"href":"https:\/\/stourm.news\/index.php?rest_route=\/wp\/v2\/posts\/2701\/revisions\/2703"}],"wp:featuredmedia":[{"embeddable":true,"href":"https:\/\/stourm.news\/index.php?rest_route=\/wp\/v2\/media\/2702"}],"wp:attachment":[{"href":"https:\/\/stourm.news\/index.php?rest_route=%2Fwp%2Fv2%2Fmedia&parent=2701"}],"wp:term":[{"taxonomy":"category","embeddable":true,"href":"https:\/\/stourm.news\/index.php?rest_route=%2Fwp%2Fv2%2Fcategories&post=2701"},{"taxonomy":"post_tag","embeddable":true,"href":"https:\/\/stourm.news\/index.php?rest_route=%2Fwp%2Fv2%2Ftags&post=2701"}],"curies":[{"name":"wp","href":"https:\/\/api.w.org\/{rel}","templated":true}]}}