{"id":2719,"date":"2024-11-03T04:23:08","date_gmt":"2024-11-03T04:23:08","guid":{"rendered":"https:\/\/stourm.news\/?p=2719"},"modified":"2024-11-03T04:23:23","modified_gmt":"2024-11-03T04:23:23","slug":"a-rennes-un-deuxieme-homme-poignarde-ce-samedi","status":"publish","type":"post","link":"https:\/\/stourm.news\/?p=2719","title":{"rendered":"\u00c0 Rennes, un deuxi\u00e8me homme poignard\u00e9 ce samedi"},"content":{"rendered":"<p style=\"text-align: justify;\">Un Rennais \u00e2g\u00e9 de 29 ans a \u00e9t\u00e9 agress\u00e9, ce samedi, vers 19 h 40, en centre-ville de Rennes, \u00e0 proximit\u00e9 imm\u00e9diate de la place de Bretagne, par trois individus. La victime, qui pr\u00e9sentait cinq plaies au thorax, a \u00e9t\u00e9 prise en charge par les secours et transport\u00e9e au CHR Pontchaillou.<\/p>\n<p style=\"text-align: justify;\">L\u2019homme est connu des services de police pour des faits en lien avec le trafic de stup\u00e9fiants. Vers 22 h, un homme s\u2019est pr\u00e9sent\u00e9 au commissariat de Rennes pour dire qu\u2019il \u00e9tait l\u2019auteur des coups de couteau, selon une source polici\u00e8re.<\/p>\n<p style=\"text-align: justify;\">Plus t\u00f4t dans la journ\u00e9e, un jeune homme de 19 ans est mort, apr\u00e8s avoir re\u00e7u trois coups de couteau, dans le quartier de Bourg-l\u2019\u00c9v\u00eaque. Selon nos informations, ces deux affaires ne seraient pas li\u00e9es.<\/p>\n<p>Source : <a href=\"https:\/\/www.letelegramme.fr\/bretagne\/un-homme-agresse-en-centre-ville-a-rennes-son-pronostic-vital-engage-6694504.php\">Le T\u00e9l\u00e9gramme<\/a><\/p>\n","protected":false},"excerpt":{"rendered":"<p>Un Rennais \u00e2g\u00e9 de 29 ans a \u00e9t\u00e9 agress\u00e9, ce samedi, vers 19 h 40, en centre-ville de Rennes, \u00e0 proximit\u00e9 imm\u00e9diate de la place de Bretagne, par trois individus. La victime, qui pr\u00e9sentait cinq plaies au thorax, a \u00e9t\u00e9 prise en charge par les secours et transport\u00e9e au CHR Pontchaillou. L\u2019homme est connu des [&hellip;]<\/p>\n","protected":false},"author":1,"featured_media":2721,"comment_status":"open","ping_status":"open","sticky":false,"template":"","format":"standard","meta":{"sb_editor_width":"","footnotes":""},"categories":[31,41,62],"tags":[],"class_list":["post-2719","post","type-post","status-publish","format-standard","has-post-thumbnail","hentry","category-agression","category-ille-et-vilaine","category-revue-de-presse"],"relative_dates":{"created":"1 an ago","modified":"1 an ago"},"yoast_head":"<!-- This site is optimized with the Yoast SEO plugin v26.3 - https:\/\/yoast.com\/wordpress\/plugins\/seo\/ -->\n<title>\u00c0 Rennes, un deuxi\u00e8me homme poignard\u00e9 ce samedi - STOURM<\/title>\n<meta name=\"robots\" content=\"index, follow, max-snippet:-1, max-image-preview:large, max-video-preview:-1\" \/>\n<link rel=\"canonical\" href=\"https:\/\/stourm.news\/?p=2719\" \/>\n<meta property=\"og:locale\" content=\"fr_FR\" \/>\n<meta property=\"og:type\" content=\"article\" \/>\n<meta property=\"og:title\" content=\"\u00c0 Rennes, un deuxi\u00e8me homme poignard\u00e9 ce samedi - STOURM\" \/>\n<meta property=\"og:description\" content=\"Un Rennais \u00e2g\u00e9 de 29 ans a \u00e9t\u00e9 agress\u00e9, ce samedi, vers 19 h 40, en centre-ville de Rennes, \u00e0 proximit\u00e9 imm\u00e9diate de la place de Bretagne, par trois individus. La victime, qui pr\u00e9sentait cinq plaies au thorax, a \u00e9t\u00e9 prise en charge par les secours et transport\u00e9e au CHR Pontchaillou. L\u2019homme est connu des [&hellip;]\" \/>\n<meta property=\"og:url\" content=\"https:\/\/stourm.news\/?p=2719\" \/>\n<meta property=\"og:site_name\" content=\"STOURM\" \/>\n<meta property=\"article:publisher\" content=\"https:\/\/www.facebook.com\/stourmnews\/\" \/>\n<meta property=\"article:published_time\" content=\"2024-11-03T04:23:08+00:00\" \/>\n<meta property=\"article:modified_time\" content=\"2024-11-03T04:23:23+00:00\" \/>\n<meta property=\"og:image\" content=\"https:\/\/stourm.news\/wp-content\/uploads\/2024\/11\/6726a2b7ec14f86e721f6a99.webp\" \/>\n\t<meta property=\"og:image:width\" content=\"1200\" \/>\n\t<meta property=\"og:image:height\" content=\"750\" \/>\n\t<meta property=\"og:image:type\" content=\"image\/webp\" \/>\n<meta name=\"author\" content=\"La r\u00e9daction\" \/>\n<meta name=\"twitter:card\" content=\"summary_large_image\" \/>\n<meta name=\"twitter:label1\" content=\"\u00c9crit par\" \/>\n\t<meta name=\"twitter:data1\" content=\"La r\u00e9daction\" \/>\n\t<meta name=\"twitter:label2\" content=\"Dur\u00e9e de lecture estim\u00e9e\" \/>\n\t<meta name=\"twitter:data2\" content=\"1 minute\" \/>\n<script type=\"application\/ld+json\" class=\"yoast-schema-graph\">{\"@context\":\"https:\/\/schema.org\",\"@graph\":[{\"@type\":\"Article\",\"@id\":\"https:\/\/stourm.news\/?p=2719#article\",\"isPartOf\":{\"@id\":\"https:\/\/stourm.news\/?p=2719\"},\"author\":{\"name\":\"La r\u00e9daction\",\"@id\":\"https:\/\/stourm.news\/#\/schema\/person\/c3e1dc65988632e190969234ef046cf9\"},\"headline\":\"\u00c0 Rennes, un deuxi\u00e8me homme poignard\u00e9 ce samedi\",\"datePublished\":\"2024-11-03T04:23:08+00:00\",\"dateModified\":\"2024-11-03T04:23:23+00:00\",\"mainEntityOfPage\":{\"@id\":\"https:\/\/stourm.news\/?p=2719\"},\"wordCount\":151,\"commentCount\":0,\"publisher\":{\"@id\":\"https:\/\/stourm.news\/#organization\"},\"image\":{\"@id\":\"https:\/\/stourm.news\/?p=2719#primaryimage\"},\"thumbnailUrl\":\"https:\/\/stourm.news\/wp-content\/uploads\/2024\/11\/6726a2b7ec14f86e721f6a99.webp\",\"articleSection\":[\"Agression\",\"Ille-et-Vilaine\",\"Revue de presse\"],\"inLanguage\":\"fr-FR\",\"potentialAction\":[{\"@type\":\"CommentAction\",\"name\":\"Comment\",\"target\":[\"https:\/\/stourm.news\/?p=2719#respond\"]}]},{\"@type\":\"WebPage\",\"@id\":\"https:\/\/stourm.news\/?p=2719\",\"url\":\"https:\/\/stourm.news\/?p=2719\",\"name\":\"\u00c0 Rennes, un deuxi\u00e8me homme poignard\u00e9 ce samedi - STOURM\",\"isPartOf\":{\"@id\":\"https:\/\/stourm.news\/#website\"},\"primaryImageOfPage\":{\"@id\":\"https:\/\/stourm.news\/?p=2719#primaryimage\"},\"image\":{\"@id\":\"https:\/\/stourm.news\/?p=2719#primaryimage\"},\"thumbnailUrl\":\"https:\/\/stourm.news\/wp-content\/uploads\/2024\/11\/6726a2b7ec14f86e721f6a99.webp\",\"datePublished\":\"2024-11-03T04:23:08+00:00\",\"dateModified\":\"2024-11-03T04:23:23+00:00\",\"breadcrumb\":{\"@id\":\"https:\/\/stourm.news\/?p=2719#breadcrumb\"},\"inLanguage\":\"fr-FR\",\"potentialAction\":[{\"@type\":\"ReadAction\",\"target\":[\"https:\/\/stourm.news\/?p=2719\"]}]},{\"@type\":\"ImageObject\",\"inLanguage\":\"fr-FR\",\"@id\":\"https:\/\/stourm.news\/?p=2719#primaryimage\",\"url\":\"https:\/\/stourm.news\/wp-content\/uploads\/2024\/11\/6726a2b7ec14f86e721f6a99.webp\",\"contentUrl\":\"https:\/\/stourm.news\/wp-content\/uploads\/2024\/11\/6726a2b7ec14f86e721f6a99.webp\",\"width\":1200,\"height\":750},{\"@type\":\"BreadcrumbList\",\"@id\":\"https:\/\/stourm.news\/?p=2719#breadcrumb\",\"itemListElement\":[{\"@type\":\"ListItem\",\"position\":1,\"name\":\"Accueil\",\"item\":\"https:\/\/stourm.news\/\"},{\"@type\":\"ListItem\",\"position\":2,\"name\":\"\u00c0 Rennes, un deuxi\u00e8me homme poignard\u00e9 ce samedi\"}]},{\"@type\":\"WebSite\",\"@id\":\"https:\/\/stourm.news\/#website\",\"url\":\"https:\/\/stourm.news\/\",\"name\":\"Stourm\",\"description\":\"Kazetenn Strollad Broadel Breizh\",\"publisher\":{\"@id\":\"https:\/\/stourm.news\/#organization\"},\"potentialAction\":[{\"@type\":\"SearchAction\",\"target\":{\"@type\":\"EntryPoint\",\"urlTemplate\":\"https:\/\/stourm.news\/?s={search_term_string}\"},\"query-input\":{\"@type\":\"PropertyValueSpecification\",\"valueRequired\":true,\"valueName\":\"search_term_string\"}}],\"inLanguage\":\"fr-FR\"},{\"@type\":\"Organization\",\"@id\":\"https:\/\/stourm.news\/#organization\",\"name\":\"Stourm\",\"url\":\"https:\/\/stourm.news\/\",\"logo\":{\"@type\":\"ImageObject\",\"inLanguage\":\"fr-FR\",\"@id\":\"https:\/\/stourm.news\/#\/schema\/logo\/image\/\",\"url\":\"https:\/\/stourm.news\/wp-content\/uploads\/2025\/11\/cropped-Capture-decran-2025-11-28-a-15.19.07.png\",\"contentUrl\":\"https:\/\/stourm.news\/wp-content\/uploads\/2025\/11\/cropped-Capture-decran-2025-11-28-a-15.19.07.png\",\"width\":1855,\"height\":383,\"caption\":\"Stourm\"},\"image\":{\"@id\":\"https:\/\/stourm.news\/#\/schema\/logo\/image\/\"},\"sameAs\":[\"https:\/\/www.facebook.com\/stourmnews\/\"]},{\"@type\":\"Person\",\"@id\":\"https:\/\/stourm.news\/#\/schema\/person\/c3e1dc65988632e190969234ef046cf9\",\"name\":\"La r\u00e9daction\",\"image\":{\"@type\":\"ImageObject\",\"inLanguage\":\"fr-FR\",\"@id\":\"https:\/\/stourm.news\/#\/schema\/person\/image\/\",\"url\":\"https:\/\/secure.gravatar.com\/avatar\/7463443f194b6b5fb706b074ca0ef59a0cfcfd720cb47764b0ec5a952ce422b3?s=96&d=mm&r=g\",\"contentUrl\":\"https:\/\/secure.gravatar.com\/avatar\/7463443f194b6b5fb706b074ca0ef59a0cfcfd720cb47764b0ec5a952ce422b3?s=96&d=mm&r=g\",\"caption\":\"La r\u00e9daction\"},\"sameAs\":[\"https:\/\/stourm.news\"],\"url\":\"https:\/\/stourm.news\/?author=1\"}]}<\/script>\n<!-- \/ Yoast SEO plugin. -->","yoast_head_json":{"title":"\u00c0 Rennes, un deuxi\u00e8me homme poignard\u00e9 ce samedi - STOURM","robots":{"index":"index","follow":"follow","max-snippet":"max-snippet:-1","max-image-preview":"max-image-preview:large","max-video-preview":"max-video-preview:-1"},"canonical":"https:\/\/stourm.news\/?p=2719","og_locale":"fr_FR","og_type":"article","og_title":"\u00c0 Rennes, un deuxi\u00e8me homme poignard\u00e9 ce samedi - STOURM","og_description":"Un Rennais \u00e2g\u00e9 de 29 ans a \u00e9t\u00e9 agress\u00e9, ce samedi, vers 19 h 40, en centre-ville de Rennes, \u00e0 proximit\u00e9 imm\u00e9diate de la place de Bretagne, par trois individus. La victime, qui pr\u00e9sentait cinq plaies au thorax, a \u00e9t\u00e9 prise en charge par les secours et transport\u00e9e au CHR Pontchaillou. L\u2019homme est connu des [&hellip;]","og_url":"https:\/\/stourm.news\/?p=2719","og_site_name":"STOURM","article_publisher":"https:\/\/www.facebook.com\/stourmnews\/","article_published_time":"2024-11-03T04:23:08+00:00","article_modified_time":"2024-11-03T04:23:23+00:00","og_image":[{"width":1200,"height":750,"url":"https:\/\/stourm.news\/wp-content\/uploads\/2024\/11\/6726a2b7ec14f86e721f6a99.webp","type":"image\/webp"}],"author":"La r\u00e9daction","twitter_card":"summary_large_image","twitter_misc":{"\u00c9crit par":"La r\u00e9daction","Dur\u00e9e de lecture estim\u00e9e":"1 minute"},"schema":{"@context":"https:\/\/schema.org","@graph":[{"@type":"Article","@id":"https:\/\/stourm.news\/?p=2719#article","isPartOf":{"@id":"https:\/\/stourm.news\/?p=2719"},"author":{"name":"La r\u00e9daction","@id":"https:\/\/stourm.news\/#\/schema\/person\/c3e1dc65988632e190969234ef046cf9"},"headline":"\u00c0 Rennes, un deuxi\u00e8me homme poignard\u00e9 ce samedi","datePublished":"2024-11-03T04:23:08+00:00","dateModified":"2024-11-03T04:23:23+00:00","mainEntityOfPage":{"@id":"https:\/\/stourm.news\/?p=2719"},"wordCount":151,"commentCount":0,"publisher":{"@id":"https:\/\/stourm.news\/#organization"},"image":{"@id":"https:\/\/stourm.news\/?p=2719#primaryimage"},"thumbnailUrl":"https:\/\/stourm.news\/wp-content\/uploads\/2024\/11\/6726a2b7ec14f86e721f6a99.webp","articleSection":["Agression","Ille-et-Vilaine","Revue de presse"],"inLanguage":"fr-FR","potentialAction":[{"@type":"CommentAction","name":"Comment","target":["https:\/\/stourm.news\/?p=2719#respond"]}]},{"@type":"WebPage","@id":"https:\/\/stourm.news\/?p=2719","url":"https:\/\/stourm.news\/?p=2719","name":"\u00c0 Rennes, un deuxi\u00e8me homme poignard\u00e9 ce samedi - STOURM","isPartOf":{"@id":"https:\/\/stourm.news\/#website"},"primaryImageOfPage":{"@id":"https:\/\/stourm.news\/?p=2719#primaryimage"},"image":{"@id":"https:\/\/stourm.news\/?p=2719#primaryimage"},"thumbnailUrl":"https:\/\/stourm.news\/wp-content\/uploads\/2024\/11\/6726a2b7ec14f86e721f6a99.webp","datePublished":"2024-11-03T04:23:08+00:00","dateModified":"2024-11-03T04:23:23+00:00","breadcrumb":{"@id":"https:\/\/stourm.news\/?p=2719#breadcrumb"},"inLanguage":"fr-FR","potentialAction":[{"@type":"ReadAction","target":["https:\/\/stourm.news\/?p=2719"]}]},{"@type":"ImageObject","inLanguage":"fr-FR","@id":"https:\/\/stourm.news\/?p=2719#primaryimage","url":"https:\/\/stourm.news\/wp-content\/uploads\/2024\/11\/6726a2b7ec14f86e721f6a99.webp","contentUrl":"https:\/\/stourm.news\/wp-content\/uploads\/2024\/11\/6726a2b7ec14f86e721f6a99.webp","width":1200,"height":750},{"@type":"BreadcrumbList","@id":"https:\/\/stourm.news\/?p=2719#breadcrumb","itemListElement":[{"@type":"ListItem","position":1,"name":"Accueil","item":"https:\/\/stourm.news\/"},{"@type":"ListItem","position":2,"name":"\u00c0 Rennes, un deuxi\u00e8me homme poignard\u00e9 ce samedi"}]},{"@type":"WebSite","@id":"https:\/\/stourm.news\/#website","url":"https:\/\/stourm.news\/","name":"Stourm","description":"Kazetenn Strollad Broadel Breizh","publisher":{"@id":"https:\/\/stourm.news\/#organization"},"potentialAction":[{"@type":"SearchAction","target":{"@type":"EntryPoint","urlTemplate":"https:\/\/stourm.news\/?s={search_term_string}"},"query-input":{"@type":"PropertyValueSpecification","valueRequired":true,"valueName":"search_term_string"}}],"inLanguage":"fr-FR"},{"@type":"Organization","@id":"https:\/\/stourm.news\/#organization","name":"Stourm","url":"https:\/\/stourm.news\/","logo":{"@type":"ImageObject","inLanguage":"fr-FR","@id":"https:\/\/stourm.news\/#\/schema\/logo\/image\/","url":"https:\/\/stourm.news\/wp-content\/uploads\/2025\/11\/cropped-Capture-decran-2025-11-28-a-15.19.07.png","contentUrl":"https:\/\/stourm.news\/wp-content\/uploads\/2025\/11\/cropped-Capture-decran-2025-11-28-a-15.19.07.png","width":1855,"height":383,"caption":"Stourm"},"image":{"@id":"https:\/\/stourm.news\/#\/schema\/logo\/image\/"},"sameAs":["https:\/\/www.facebook.com\/stourmnews\/"]},{"@type":"Person","@id":"https:\/\/stourm.news\/#\/schema\/person\/c3e1dc65988632e190969234ef046cf9","name":"La r\u00e9daction","image":{"@type":"ImageObject","inLanguage":"fr-FR","@id":"https:\/\/stourm.news\/#\/schema\/person\/image\/","url":"https:\/\/secure.gravatar.com\/avatar\/7463443f194b6b5fb706b074ca0ef59a0cfcfd720cb47764b0ec5a952ce422b3?s=96&d=mm&r=g","contentUrl":"https:\/\/secure.gravatar.com\/avatar\/7463443f194b6b5fb706b074ca0ef59a0cfcfd720cb47764b0ec5a952ce422b3?s=96&d=mm&r=g","caption":"La r\u00e9daction"},"sameAs":["https:\/\/stourm.news"],"url":"https:\/\/stourm.news\/?author=1"}]}},"_links":{"self":[{"href":"https:\/\/stourm.news\/index.php?rest_route=\/wp\/v2\/posts\/2719","targetHints":{"allow":["GET"]}}],"collection":[{"href":"https:\/\/stourm.news\/index.php?rest_route=\/wp\/v2\/posts"}],"about":[{"href":"https:\/\/stourm.news\/index.php?rest_route=\/wp\/v2\/types\/post"}],"author":[{"embeddable":true,"href":"https:\/\/stourm.news\/index.php?rest_route=\/wp\/v2\/users\/1"}],"replies":[{"embeddable":true,"href":"https:\/\/stourm.news\/index.php?rest_route=%2Fwp%2Fv2%2Fcomments&post=2719"}],"version-history":[{"count":1,"href":"https:\/\/stourm.news\/index.php?rest_route=\/wp\/v2\/posts\/2719\/revisions"}],"predecessor-version":[{"id":2720,"href":"https:\/\/stourm.news\/index.php?rest_route=\/wp\/v2\/posts\/2719\/revisions\/2720"}],"wp:featuredmedia":[{"embeddable":true,"href":"https:\/\/stourm.news\/index.php?rest_route=\/wp\/v2\/media\/2721"}],"wp:attachment":[{"href":"https:\/\/stourm.news\/index.php?rest_route=%2Fwp%2Fv2%2Fmedia&parent=2719"}],"wp:term":[{"taxonomy":"category","embeddable":true,"href":"https:\/\/stourm.news\/index.php?rest_route=%2Fwp%2Fv2%2Fcategories&post=2719"},{"taxonomy":"post_tag","embeddable":true,"href":"https:\/\/stourm.news\/index.php?rest_route=%2Fwp%2Fv2%2Ftags&post=2719"}],"curies":[{"name":"wp","href":"https:\/\/api.w.org\/{rel}","templated":true}]}}