{"id":2722,"date":"2024-11-04T07:50:26","date_gmt":"2024-11-04T07:50:26","guid":{"rendered":"https:\/\/stourm.news\/?p=2722"},"modified":"2024-11-04T07:50:26","modified_gmt":"2024-11-04T07:50:26","slug":"hommage-solennel-du-parti-national-breton-a-fransez-debauvais","status":"publish","type":"post","link":"https:\/\/stourm.news\/?p=2722","title":{"rendered":"Hommage solennel du Parti National Breton \u00e0 Fransez Debauvais"},"content":{"rendered":"<p style=\"text-align: justify;\">Pour la quatri\u00e8me et derni\u00e8re journ\u00e9e du Parti de l&rsquo;ann\u00e9e 2024 traditionnellement consacr\u00e9 aux h\u00e9ros bretons, les militants du Parti National Breton ont rendu un hommage solennel \u00e0 Fransez Debauvais, p\u00e8re fondateur du nationalisme breton en qualit\u00e9 de chef de <em>Breiz Atao<\/em>.<\/p>\n<p style=\"text-align: justify;\">Les nationalistes se sont rassembl\u00e9s dimanche 3 novembre autour de la tombe de Deb, \u00e0 Rennes, sur laquelle se dresse la croix celtique, et aux c\u00f4t\u00e9s duquel repose son \u00e9pouse, la fid\u00e8le militante Anna Youennou. Apr\u00e8s un d\u00e9p\u00f4t de gerbe et un moment de recueillement, un discours a \u00e9t\u00e9 prononc\u00e9 en m\u00e9moire du chef breton. La cornemuse a ensuite raisonn\u00e9 dans le cimeti\u00e8re du Nord de Rennes, tandis que les banni\u00e8res du mouvement formaient une haie d&rsquo;honneur autour de la s\u00e9pulture de notre compatriote, h\u00e9ros de la Bretagne nationale.<\/p>\n<p><strong><em>Chers camarades,<\/em><\/strong><\/p>\n<p style=\"text-align: justify;\"><strong><em>Nous sommes r\u00e9unis ici pour honorer la m\u00e9moire d\u2019un homme qui a consacr\u00e9 sa vie, ses id\u00e9es, et son \u00e2me enti\u00e8re \u00e0 la cause bretonne. Fransez Debauvais n\u2019\u00e9tait pas seulement un patriote ; il incarnait, pour beaucoup, la Bretagne elle-m\u00eame, cette terre de l\u00e9gendes et de luttes, de r\u00eaves et de d\u00e9fis.<\/em><\/strong><\/p>\n<p style=\"text-align: justify;\"><strong><em>En des temps tourment\u00e9s, Fransez Debauvais a eu le courage d\u2019oser r\u00eaver d\u2019une Bretagne forte, d\u2019une Bretagne libre. En cofondant le Parti national breton en 1931, il a trac\u00e9 un chemin pour tous ceux qui souhaitaient voir rena\u00eetre la langue, l\u2019histoire et la culture bretonnes, refusant l\u2019effacement, s\u2019opposant au silence. Face \u00e0 l\u2019oubli, il a brandi l\u2019orgueil ; face \u00e0 l\u2019indiff\u00e9rence, il a oppos\u00e9 la ferveur.<\/em><\/strong><\/p>\n<p style=\"text-align: justify;\"><strong><em>Fransez Debauvais savait que d\u00e9fendre l\u2019identit\u00e9 bretonne n\u2019\u00e9tait pas chose ais\u00e9e. Mais pour lui, cela allait au-del\u00e0 d\u2019une simple revendication politique. C\u2019\u00e9tait une mission. Il a v\u00e9cu pour voir sa terre renouer avec sa grandeur, avec sa dignit\u00e9. Certes, ses choix ont parfois \u00e9t\u00e9 controvers\u00e9s ; pourtant, il demeure pour nous, avant tout, un homme d\u2019id\u00e9al, de passion et de volont\u00e9.<\/em><\/strong><\/p>\n<p style=\"text-align: justify;\"><strong><em>Sa vision ne meurt pas avec lui. Elle reste vivante dans les c\u0153urs de ceux qui continuent de croire en une Bretagne forte et vivante. En ces temps d\u2019incertitude, o\u00f9 la m\u00e9moire collective est trop souvent \u00e9touff\u00e9e, puissions-nous nous souvenir de cet homme qui a tant donn\u00e9 pour que la Bretagne ne s\u2019\u00e9teigne jamais. \u00c0 nous de reprendre le flambeau et de poursuivre son r\u00eave, pour une Bretagne o\u00f9 chacun peut \u00eatre fier de son histoire, de sa culture et de son peuple.<\/em><\/strong><\/p>\n<p style=\"text-align: justify;\"><strong><em>Fransez Debauvais repose ici, mais son esprit, lui, vit toujours \u00e0 travers nous, dans les collines et les vents de cette Bretagne qu\u2019il aimait tant.<\/em><\/strong><\/p>\n<p style=\"text-align: justify;\"><strong><em>Kevarc&rsquo;h dit, Deb. Nous ne t\u2019oublions pas.<\/em><\/strong><\/p>\n<p style=\"text-align: justify;\">Pour le Parti National Breton, l&rsquo;Emsav est une tradition vivante. S&rsquo;il regarde r\u00e9solument vers l&rsquo;avenir, il doit entretenir la m\u00e9moire militante de la nation bretonne \u00e0 travers ses figures \u00e9minentes. Fransez Debauvais, journaliste et activiste, a jou\u00e9 un r\u00f4le de premier plan dans la formation du nationalisme breton. Son exemple inspire et oblige les Bretons dans leur lutte pour la libert\u00e9.<\/p>\n<p style=\"text-align: right;\"><strong>Budig Gourmaelon<\/strong><\/p>\n","protected":false},"excerpt":{"rendered":"<p>Pour la quatri\u00e8me et derni\u00e8re journ\u00e9e du Parti de l&rsquo;ann\u00e9e 2024 traditionnellement consacr\u00e9 aux h\u00e9ros bretons, les militants du Parti National Breton ont rendu un hommage solennel \u00e0 Fransez Debauvais, p\u00e8re fondateur du nationalisme breton en qualit\u00e9 de chef de Breiz Atao. Les nationalistes se sont rassembl\u00e9s dimanche 3 novembre autour de la tombe de [&hellip;]<\/p>\n","protected":false},"author":1,"featured_media":2726,"comment_status":"open","ping_status":"open","sticky":false,"template":"","format":"standard","meta":{"sb_editor_width":"","footnotes":""},"categories":[58,65,49],"tags":[],"class_list":["post-2722","post","type-post","status-publish","format-standard","has-post-thumbnail","hentry","category-breizh","category-principale","category-vie-du-parti"],"relative_dates":{"created":"1 an ago","modified":"1 an ago"},"yoast_head":"<!-- This site is optimized with the Yoast SEO plugin v26.3 - https:\/\/yoast.com\/wordpress\/plugins\/seo\/ -->\n<title>Hommage solennel du Parti National Breton \u00e0 Fransez Debauvais - STOURM<\/title>\n<meta name=\"robots\" content=\"index, follow, max-snippet:-1, max-image-preview:large, max-video-preview:-1\" \/>\n<link rel=\"canonical\" href=\"https:\/\/stourm.news\/?p=2722\" \/>\n<meta property=\"og:locale\" content=\"fr_FR\" \/>\n<meta property=\"og:type\" content=\"article\" \/>\n<meta property=\"og:title\" content=\"Hommage solennel du Parti National Breton \u00e0 Fransez Debauvais - STOURM\" \/>\n<meta property=\"og:description\" content=\"Pour la quatri\u00e8me et derni\u00e8re journ\u00e9e du Parti de l&rsquo;ann\u00e9e 2024 traditionnellement consacr\u00e9 aux h\u00e9ros bretons, les militants du Parti National Breton ont rendu un hommage solennel \u00e0 Fransez Debauvais, p\u00e8re fondateur du nationalisme breton en qualit\u00e9 de chef de Breiz Atao. Les nationalistes se sont rassembl\u00e9s dimanche 3 novembre autour de la tombe de [&hellip;]\" \/>\n<meta property=\"og:url\" content=\"https:\/\/stourm.news\/?p=2722\" \/>\n<meta property=\"og:site_name\" content=\"STOURM\" \/>\n<meta property=\"article:publisher\" content=\"https:\/\/www.facebook.com\/stourmnews\/\" \/>\n<meta property=\"article:published_time\" content=\"2024-11-04T07:50:26+00:00\" \/>\n<meta property=\"og:image\" content=\"https:\/\/stourm.news\/wp-content\/uploads\/2024\/11\/a867e24f-2f8b-4962-9261-d998ede395db.jpg\" \/>\n\t<meta property=\"og:image:width\" content=\"751\" \/>\n\t<meta property=\"og:image:height\" content=\"524\" \/>\n\t<meta property=\"og:image:type\" content=\"image\/jpeg\" \/>\n<meta name=\"author\" content=\"La r\u00e9daction\" \/>\n<meta name=\"twitter:card\" content=\"summary_large_image\" \/>\n<meta name=\"twitter:label1\" content=\"\u00c9crit par\" \/>\n\t<meta name=\"twitter:data1\" content=\"La r\u00e9daction\" \/>\n\t<meta name=\"twitter:label2\" content=\"Dur\u00e9e de lecture estim\u00e9e\" \/>\n\t<meta name=\"twitter:data2\" content=\"3 minutes\" \/>\n<script type=\"application\/ld+json\" class=\"yoast-schema-graph\">{\"@context\":\"https:\/\/schema.org\",\"@graph\":[{\"@type\":\"Article\",\"@id\":\"https:\/\/stourm.news\/?p=2722#article\",\"isPartOf\":{\"@id\":\"https:\/\/stourm.news\/?p=2722\"},\"author\":{\"name\":\"La r\u00e9daction\",\"@id\":\"https:\/\/stourm.news\/#\/schema\/person\/c3e1dc65988632e190969234ef046cf9\"},\"headline\":\"Hommage solennel du Parti National Breton \u00e0 Fransez Debauvais\",\"datePublished\":\"2024-11-04T07:50:26+00:00\",\"mainEntityOfPage\":{\"@id\":\"https:\/\/stourm.news\/?p=2722\"},\"wordCount\":552,\"commentCount\":0,\"publisher\":{\"@id\":\"https:\/\/stourm.news\/#organization\"},\"image\":{\"@id\":\"https:\/\/stourm.news\/?p=2722#primaryimage\"},\"thumbnailUrl\":\"https:\/\/stourm.news\/wp-content\/uploads\/2024\/11\/a867e24f-2f8b-4962-9261-d998ede395db.jpg\",\"articleSection\":[\"Breizh\",\"Principale\",\"Vie du Parti\"],\"inLanguage\":\"fr-FR\",\"potentialAction\":[{\"@type\":\"CommentAction\",\"name\":\"Comment\",\"target\":[\"https:\/\/stourm.news\/?p=2722#respond\"]}]},{\"@type\":\"WebPage\",\"@id\":\"https:\/\/stourm.news\/?p=2722\",\"url\":\"https:\/\/stourm.news\/?p=2722\",\"name\":\"Hommage solennel du Parti National Breton \u00e0 Fransez Debauvais - STOURM\",\"isPartOf\":{\"@id\":\"https:\/\/stourm.news\/#website\"},\"primaryImageOfPage\":{\"@id\":\"https:\/\/stourm.news\/?p=2722#primaryimage\"},\"image\":{\"@id\":\"https:\/\/stourm.news\/?p=2722#primaryimage\"},\"thumbnailUrl\":\"https:\/\/stourm.news\/wp-content\/uploads\/2024\/11\/a867e24f-2f8b-4962-9261-d998ede395db.jpg\",\"datePublished\":\"2024-11-04T07:50:26+00:00\",\"breadcrumb\":{\"@id\":\"https:\/\/stourm.news\/?p=2722#breadcrumb\"},\"inLanguage\":\"fr-FR\",\"potentialAction\":[{\"@type\":\"ReadAction\",\"target\":[\"https:\/\/stourm.news\/?p=2722\"]}]},{\"@type\":\"ImageObject\",\"inLanguage\":\"fr-FR\",\"@id\":\"https:\/\/stourm.news\/?p=2722#primaryimage\",\"url\":\"https:\/\/stourm.news\/wp-content\/uploads\/2024\/11\/a867e24f-2f8b-4962-9261-d998ede395db.jpg\",\"contentUrl\":\"https:\/\/stourm.news\/wp-content\/uploads\/2024\/11\/a867e24f-2f8b-4962-9261-d998ede395db.jpg\",\"width\":751,\"height\":524},{\"@type\":\"BreadcrumbList\",\"@id\":\"https:\/\/stourm.news\/?p=2722#breadcrumb\",\"itemListElement\":[{\"@type\":\"ListItem\",\"position\":1,\"name\":\"Accueil\",\"item\":\"https:\/\/stourm.news\/\"},{\"@type\":\"ListItem\",\"position\":2,\"name\":\"Hommage solennel du Parti National Breton \u00e0 Fransez Debauvais\"}]},{\"@type\":\"WebSite\",\"@id\":\"https:\/\/stourm.news\/#website\",\"url\":\"https:\/\/stourm.news\/\",\"name\":\"Stourm\",\"description\":\"Kazetenn Strollad Broadel Breizh\",\"publisher\":{\"@id\":\"https:\/\/stourm.news\/#organization\"},\"potentialAction\":[{\"@type\":\"SearchAction\",\"target\":{\"@type\":\"EntryPoint\",\"urlTemplate\":\"https:\/\/stourm.news\/?s={search_term_string}\"},\"query-input\":{\"@type\":\"PropertyValueSpecification\",\"valueRequired\":true,\"valueName\":\"search_term_string\"}}],\"inLanguage\":\"fr-FR\"},{\"@type\":\"Organization\",\"@id\":\"https:\/\/stourm.news\/#organization\",\"name\":\"Stourm\",\"url\":\"https:\/\/stourm.news\/\",\"logo\":{\"@type\":\"ImageObject\",\"inLanguage\":\"fr-FR\",\"@id\":\"https:\/\/stourm.news\/#\/schema\/logo\/image\/\",\"url\":\"https:\/\/stourm.news\/wp-content\/uploads\/2025\/11\/cropped-Capture-decran-2025-11-28-a-15.19.07.png\",\"contentUrl\":\"https:\/\/stourm.news\/wp-content\/uploads\/2025\/11\/cropped-Capture-decran-2025-11-28-a-15.19.07.png\",\"width\":1855,\"height\":383,\"caption\":\"Stourm\"},\"image\":{\"@id\":\"https:\/\/stourm.news\/#\/schema\/logo\/image\/\"},\"sameAs\":[\"https:\/\/www.facebook.com\/stourmnews\/\"]},{\"@type\":\"Person\",\"@id\":\"https:\/\/stourm.news\/#\/schema\/person\/c3e1dc65988632e190969234ef046cf9\",\"name\":\"La r\u00e9daction\",\"image\":{\"@type\":\"ImageObject\",\"inLanguage\":\"fr-FR\",\"@id\":\"https:\/\/stourm.news\/#\/schema\/person\/image\/\",\"url\":\"https:\/\/secure.gravatar.com\/avatar\/7463443f194b6b5fb706b074ca0ef59a0cfcfd720cb47764b0ec5a952ce422b3?s=96&d=mm&r=g\",\"contentUrl\":\"https:\/\/secure.gravatar.com\/avatar\/7463443f194b6b5fb706b074ca0ef59a0cfcfd720cb47764b0ec5a952ce422b3?s=96&d=mm&r=g\",\"caption\":\"La r\u00e9daction\"},\"sameAs\":[\"https:\/\/stourm.news\"],\"url\":\"https:\/\/stourm.news\/?author=1\"}]}<\/script>\n<!-- \/ Yoast SEO plugin. -->","yoast_head_json":{"title":"Hommage solennel du Parti National Breton \u00e0 Fransez Debauvais - STOURM","robots":{"index":"index","follow":"follow","max-snippet":"max-snippet:-1","max-image-preview":"max-image-preview:large","max-video-preview":"max-video-preview:-1"},"canonical":"https:\/\/stourm.news\/?p=2722","og_locale":"fr_FR","og_type":"article","og_title":"Hommage solennel du Parti National Breton \u00e0 Fransez Debauvais - STOURM","og_description":"Pour la quatri\u00e8me et derni\u00e8re journ\u00e9e du Parti de l&rsquo;ann\u00e9e 2024 traditionnellement consacr\u00e9 aux h\u00e9ros bretons, les militants du Parti National Breton ont rendu un hommage solennel \u00e0 Fransez Debauvais, p\u00e8re fondateur du nationalisme breton en qualit\u00e9 de chef de Breiz Atao. Les nationalistes se sont rassembl\u00e9s dimanche 3 novembre autour de la tombe de [&hellip;]","og_url":"https:\/\/stourm.news\/?p=2722","og_site_name":"STOURM","article_publisher":"https:\/\/www.facebook.com\/stourmnews\/","article_published_time":"2024-11-04T07:50:26+00:00","og_image":[{"width":751,"height":524,"url":"https:\/\/stourm.news\/wp-content\/uploads\/2024\/11\/a867e24f-2f8b-4962-9261-d998ede395db.jpg","type":"image\/jpeg"}],"author":"La r\u00e9daction","twitter_card":"summary_large_image","twitter_misc":{"\u00c9crit par":"La r\u00e9daction","Dur\u00e9e de lecture estim\u00e9e":"3 minutes"},"schema":{"@context":"https:\/\/schema.org","@graph":[{"@type":"Article","@id":"https:\/\/stourm.news\/?p=2722#article","isPartOf":{"@id":"https:\/\/stourm.news\/?p=2722"},"author":{"name":"La r\u00e9daction","@id":"https:\/\/stourm.news\/#\/schema\/person\/c3e1dc65988632e190969234ef046cf9"},"headline":"Hommage solennel du Parti National Breton \u00e0 Fransez Debauvais","datePublished":"2024-11-04T07:50:26+00:00","mainEntityOfPage":{"@id":"https:\/\/stourm.news\/?p=2722"},"wordCount":552,"commentCount":0,"publisher":{"@id":"https:\/\/stourm.news\/#organization"},"image":{"@id":"https:\/\/stourm.news\/?p=2722#primaryimage"},"thumbnailUrl":"https:\/\/stourm.news\/wp-content\/uploads\/2024\/11\/a867e24f-2f8b-4962-9261-d998ede395db.jpg","articleSection":["Breizh","Principale","Vie du Parti"],"inLanguage":"fr-FR","potentialAction":[{"@type":"CommentAction","name":"Comment","target":["https:\/\/stourm.news\/?p=2722#respond"]}]},{"@type":"WebPage","@id":"https:\/\/stourm.news\/?p=2722","url":"https:\/\/stourm.news\/?p=2722","name":"Hommage solennel du Parti National Breton \u00e0 Fransez Debauvais - STOURM","isPartOf":{"@id":"https:\/\/stourm.news\/#website"},"primaryImageOfPage":{"@id":"https:\/\/stourm.news\/?p=2722#primaryimage"},"image":{"@id":"https:\/\/stourm.news\/?p=2722#primaryimage"},"thumbnailUrl":"https:\/\/stourm.news\/wp-content\/uploads\/2024\/11\/a867e24f-2f8b-4962-9261-d998ede395db.jpg","datePublished":"2024-11-04T07:50:26+00:00","breadcrumb":{"@id":"https:\/\/stourm.news\/?p=2722#breadcrumb"},"inLanguage":"fr-FR","potentialAction":[{"@type":"ReadAction","target":["https:\/\/stourm.news\/?p=2722"]}]},{"@type":"ImageObject","inLanguage":"fr-FR","@id":"https:\/\/stourm.news\/?p=2722#primaryimage","url":"https:\/\/stourm.news\/wp-content\/uploads\/2024\/11\/a867e24f-2f8b-4962-9261-d998ede395db.jpg","contentUrl":"https:\/\/stourm.news\/wp-content\/uploads\/2024\/11\/a867e24f-2f8b-4962-9261-d998ede395db.jpg","width":751,"height":524},{"@type":"BreadcrumbList","@id":"https:\/\/stourm.news\/?p=2722#breadcrumb","itemListElement":[{"@type":"ListItem","position":1,"name":"Accueil","item":"https:\/\/stourm.news\/"},{"@type":"ListItem","position":2,"name":"Hommage solennel du Parti National Breton \u00e0 Fransez Debauvais"}]},{"@type":"WebSite","@id":"https:\/\/stourm.news\/#website","url":"https:\/\/stourm.news\/","name":"Stourm","description":"Kazetenn Strollad Broadel Breizh","publisher":{"@id":"https:\/\/stourm.news\/#organization"},"potentialAction":[{"@type":"SearchAction","target":{"@type":"EntryPoint","urlTemplate":"https:\/\/stourm.news\/?s={search_term_string}"},"query-input":{"@type":"PropertyValueSpecification","valueRequired":true,"valueName":"search_term_string"}}],"inLanguage":"fr-FR"},{"@type":"Organization","@id":"https:\/\/stourm.news\/#organization","name":"Stourm","url":"https:\/\/stourm.news\/","logo":{"@type":"ImageObject","inLanguage":"fr-FR","@id":"https:\/\/stourm.news\/#\/schema\/logo\/image\/","url":"https:\/\/stourm.news\/wp-content\/uploads\/2025\/11\/cropped-Capture-decran-2025-11-28-a-15.19.07.png","contentUrl":"https:\/\/stourm.news\/wp-content\/uploads\/2025\/11\/cropped-Capture-decran-2025-11-28-a-15.19.07.png","width":1855,"height":383,"caption":"Stourm"},"image":{"@id":"https:\/\/stourm.news\/#\/schema\/logo\/image\/"},"sameAs":["https:\/\/www.facebook.com\/stourmnews\/"]},{"@type":"Person","@id":"https:\/\/stourm.news\/#\/schema\/person\/c3e1dc65988632e190969234ef046cf9","name":"La r\u00e9daction","image":{"@type":"ImageObject","inLanguage":"fr-FR","@id":"https:\/\/stourm.news\/#\/schema\/person\/image\/","url":"https:\/\/secure.gravatar.com\/avatar\/7463443f194b6b5fb706b074ca0ef59a0cfcfd720cb47764b0ec5a952ce422b3?s=96&d=mm&r=g","contentUrl":"https:\/\/secure.gravatar.com\/avatar\/7463443f194b6b5fb706b074ca0ef59a0cfcfd720cb47764b0ec5a952ce422b3?s=96&d=mm&r=g","caption":"La r\u00e9daction"},"sameAs":["https:\/\/stourm.news"],"url":"https:\/\/stourm.news\/?author=1"}]}},"_links":{"self":[{"href":"https:\/\/stourm.news\/index.php?rest_route=\/wp\/v2\/posts\/2722","targetHints":{"allow":["GET"]}}],"collection":[{"href":"https:\/\/stourm.news\/index.php?rest_route=\/wp\/v2\/posts"}],"about":[{"href":"https:\/\/stourm.news\/index.php?rest_route=\/wp\/v2\/types\/post"}],"author":[{"embeddable":true,"href":"https:\/\/stourm.news\/index.php?rest_route=\/wp\/v2\/users\/1"}],"replies":[{"embeddable":true,"href":"https:\/\/stourm.news\/index.php?rest_route=%2Fwp%2Fv2%2Fcomments&post=2722"}],"version-history":[{"count":1,"href":"https:\/\/stourm.news\/index.php?rest_route=\/wp\/v2\/posts\/2722\/revisions"}],"predecessor-version":[{"id":2727,"href":"https:\/\/stourm.news\/index.php?rest_route=\/wp\/v2\/posts\/2722\/revisions\/2727"}],"wp:featuredmedia":[{"embeddable":true,"href":"https:\/\/stourm.news\/index.php?rest_route=\/wp\/v2\/media\/2726"}],"wp:attachment":[{"href":"https:\/\/stourm.news\/index.php?rest_route=%2Fwp%2Fv2%2Fmedia&parent=2722"}],"wp:term":[{"taxonomy":"category","embeddable":true,"href":"https:\/\/stourm.news\/index.php?rest_route=%2Fwp%2Fv2%2Fcategories&post=2722"},{"taxonomy":"post_tag","embeddable":true,"href":"https:\/\/stourm.news\/index.php?rest_route=%2Fwp%2Fv2%2Ftags&post=2722"}],"curies":[{"name":"wp","href":"https:\/\/api.w.org\/{rel}","templated":true}]}}