{"id":2723,"date":"2024-11-04T06:08:27","date_gmt":"2024-11-04T06:08:27","guid":{"rendered":"https:\/\/stourm.news\/?p=2723"},"modified":"2024-11-04T07:55:02","modified_gmt":"2024-11-04T07:55:02","slug":"saint-brieuc-un-migrant-pakistanais-arme-dun-couteau-blesse-grievement-un-homme-a-la-tete","status":"publish","type":"post","link":"https:\/\/stourm.news\/?p=2723","title":{"rendered":"Saint-Brieuc : un migrant pakistanais arm\u00e9 d\u2019un couteau blesse gri\u00e8vement un homme \u00e0 la t\u00eate"},"content":{"rendered":"<p style=\"text-align: justify;\">Un homme de 23 ans, a \u00e9t\u00e9 condamn\u00e9 \u00e0 36 mois d\u2019emprisonnement dont 21 mois avec sursis probatoire durant deux ans pour des <strong>violences<\/strong> commises avec <strong>un couteau<\/strong> par le tribunal correctionnel de Saint-Brieuc (C\u00f4tes-d\u2019Armor), ce dimanche 3 novembre 2024.<\/p>\n<p style=\"text-align: justify;\">Sur place, ils trouvent un homme \u00e2g\u00e9 de 25 ans qui pr\u00e9sente une plaie \u00e0 la t\u00eate, Sa blessure n\u00e9cessitera quinze points de suture et justifiera une interruption temporaire totale (ITT) de dix jours.<\/p>\n<p style=\"text-align: justify;\">\u00ab Il a \u00e9t\u00e9 \u00e9tabli que la victime avait eu une premi\u00e8re altercation avec un autre homme qui a \u00e9t\u00e9 plac\u00e9 en garde \u00e0 vue, expose Nicolas Heitz, procureur de la R\u00e9publique. Un second individu a \u00e9t\u00e9 entendu comme t\u00e9moin avant de se r\u00e9v\u00e9ler \u00eatre l\u2019auteur principal des violences. \u00bb Ce dernier, un <strong>Pakistanais<\/strong> de 23 ans, en situation r\u00e9guli\u00e8re sur le territoire national, s\u2019est pr\u00e9sent\u00e9 de nouveau au commissariat o\u00f9 il a \u00e9t\u00e9 retenu en garde \u00e0 vue.<\/p>\n<p style=\"text-align: justify;\">Source : <a href=\"https:\/\/www.ouest-france.fr\/societe\/justice\/a-saint-brieuc-un-homme-condamne-et-incarcere-apres-une-agression-au-couteau-976261d6-99f7-11ef-940c-520b50887c11\">Ouest-France<\/a><\/p>\n","protected":false},"excerpt":{"rendered":"<p>Un homme de 23 ans, a \u00e9t\u00e9 condamn\u00e9 \u00e0 36 mois d\u2019emprisonnement dont 21 mois avec sursis probatoire durant deux ans pour des violences commises avec un couteau par le tribunal correctionnel de Saint-Brieuc (C\u00f4tes-d\u2019Armor), ce dimanche 3 novembre 2024. Sur place, ils trouvent un homme \u00e2g\u00e9 de 25 ans qui pr\u00e9sente une plaie \u00e0 [&hellip;]<\/p>\n","protected":false},"author":1,"featured_media":2724,"comment_status":"open","ping_status":"open","sticky":false,"template":"","format":"standard","meta":{"sb_editor_width":"","footnotes":""},"categories":[31,39,62],"tags":[],"class_list":["post-2723","post","type-post","status-publish","format-standard","has-post-thumbnail","hentry","category-agression","category-cotes-darmor","category-revue-de-presse"],"relative_dates":{"created":"1 an ago","modified":"1 an ago"},"yoast_head":"<!-- This site is optimized with the Yoast SEO plugin v26.3 - https:\/\/yoast.com\/wordpress\/plugins\/seo\/ -->\n<title>Saint-Brieuc : un migrant pakistanais arm\u00e9 d\u2019un couteau blesse gri\u00e8vement un homme \u00e0 la t\u00eate - STOURM<\/title>\n<meta name=\"robots\" content=\"index, follow, max-snippet:-1, max-image-preview:large, max-video-preview:-1\" \/>\n<link rel=\"canonical\" href=\"https:\/\/stourm.news\/?p=2723\" \/>\n<meta property=\"og:locale\" content=\"fr_FR\" \/>\n<meta property=\"og:type\" content=\"article\" \/>\n<meta property=\"og:title\" content=\"Saint-Brieuc : un migrant pakistanais arm\u00e9 d\u2019un couteau blesse gri\u00e8vement un homme \u00e0 la t\u00eate - STOURM\" \/>\n<meta property=\"og:description\" content=\"Un homme de 23 ans, a \u00e9t\u00e9 condamn\u00e9 \u00e0 36 mois d\u2019emprisonnement dont 21 mois avec sursis probatoire durant deux ans pour des violences commises avec un couteau par le tribunal correctionnel de Saint-Brieuc (C\u00f4tes-d\u2019Armor), ce dimanche 3 novembre 2024. Sur place, ils trouvent un homme \u00e2g\u00e9 de 25 ans qui pr\u00e9sente une plaie \u00e0 [&hellip;]\" \/>\n<meta property=\"og:url\" content=\"https:\/\/stourm.news\/?p=2723\" \/>\n<meta property=\"og:site_name\" content=\"STOURM\" \/>\n<meta property=\"article:publisher\" content=\"https:\/\/www.facebook.com\/stourmnews\/\" \/>\n<meta property=\"article:published_time\" content=\"2024-11-04T06:08:27+00:00\" \/>\n<meta property=\"article:modified_time\" content=\"2024-11-04T07:55:02+00:00\" \/>\n<meta property=\"og:image\" content=\"https:\/\/stourm.news\/wp-content\/uploads\/2024\/11\/image-2.png\" \/>\n\t<meta property=\"og:image:width\" content=\"999\" \/>\n\t<meta property=\"og:image:height\" content=\"589\" \/>\n\t<meta property=\"og:image:type\" content=\"image\/png\" \/>\n<meta name=\"author\" content=\"La r\u00e9daction\" \/>\n<meta name=\"twitter:card\" content=\"summary_large_image\" \/>\n<meta name=\"twitter:label1\" content=\"\u00c9crit par\" \/>\n\t<meta name=\"twitter:data1\" content=\"La r\u00e9daction\" \/>\n\t<meta name=\"twitter:label2\" content=\"Dur\u00e9e de lecture estim\u00e9e\" \/>\n\t<meta name=\"twitter:data2\" content=\"1 minute\" \/>\n<script type=\"application\/ld+json\" class=\"yoast-schema-graph\">{\"@context\":\"https:\/\/schema.org\",\"@graph\":[{\"@type\":\"Article\",\"@id\":\"https:\/\/stourm.news\/?p=2723#article\",\"isPartOf\":{\"@id\":\"https:\/\/stourm.news\/?p=2723\"},\"author\":{\"name\":\"La r\u00e9daction\",\"@id\":\"https:\/\/stourm.news\/#\/schema\/person\/c3e1dc65988632e190969234ef046cf9\"},\"headline\":\"Saint-Brieuc : un migrant pakistanais arm\u00e9 d\u2019un couteau blesse gri\u00e8vement un homme \u00e0 la t\u00eate\",\"datePublished\":\"2024-11-04T06:08:27+00:00\",\"dateModified\":\"2024-11-04T07:55:02+00:00\",\"mainEntityOfPage\":{\"@id\":\"https:\/\/stourm.news\/?p=2723\"},\"wordCount\":174,\"commentCount\":0,\"publisher\":{\"@id\":\"https:\/\/stourm.news\/#organization\"},\"image\":{\"@id\":\"https:\/\/stourm.news\/?p=2723#primaryimage\"},\"thumbnailUrl\":\"https:\/\/stourm.news\/wp-content\/uploads\/2024\/11\/image-2.png\",\"articleSection\":[\"Agression\",\"C\u00f4tes d'Armor\",\"Revue de presse\"],\"inLanguage\":\"fr-FR\",\"potentialAction\":[{\"@type\":\"CommentAction\",\"name\":\"Comment\",\"target\":[\"https:\/\/stourm.news\/?p=2723#respond\"]}]},{\"@type\":\"WebPage\",\"@id\":\"https:\/\/stourm.news\/?p=2723\",\"url\":\"https:\/\/stourm.news\/?p=2723\",\"name\":\"Saint-Brieuc : un migrant pakistanais arm\u00e9 d\u2019un couteau blesse gri\u00e8vement un homme \u00e0 la t\u00eate - STOURM\",\"isPartOf\":{\"@id\":\"https:\/\/stourm.news\/#website\"},\"primaryImageOfPage\":{\"@id\":\"https:\/\/stourm.news\/?p=2723#primaryimage\"},\"image\":{\"@id\":\"https:\/\/stourm.news\/?p=2723#primaryimage\"},\"thumbnailUrl\":\"https:\/\/stourm.news\/wp-content\/uploads\/2024\/11\/image-2.png\",\"datePublished\":\"2024-11-04T06:08:27+00:00\",\"dateModified\":\"2024-11-04T07:55:02+00:00\",\"breadcrumb\":{\"@id\":\"https:\/\/stourm.news\/?p=2723#breadcrumb\"},\"inLanguage\":\"fr-FR\",\"potentialAction\":[{\"@type\":\"ReadAction\",\"target\":[\"https:\/\/stourm.news\/?p=2723\"]}]},{\"@type\":\"ImageObject\",\"inLanguage\":\"fr-FR\",\"@id\":\"https:\/\/stourm.news\/?p=2723#primaryimage\",\"url\":\"https:\/\/stourm.news\/wp-content\/uploads\/2024\/11\/image-2.png\",\"contentUrl\":\"https:\/\/stourm.news\/wp-content\/uploads\/2024\/11\/image-2.png\",\"width\":999,\"height\":589},{\"@type\":\"BreadcrumbList\",\"@id\":\"https:\/\/stourm.news\/?p=2723#breadcrumb\",\"itemListElement\":[{\"@type\":\"ListItem\",\"position\":1,\"name\":\"Accueil\",\"item\":\"https:\/\/stourm.news\/\"},{\"@type\":\"ListItem\",\"position\":2,\"name\":\"Saint-Brieuc : un migrant pakistanais arm\u00e9 d\u2019un couteau blesse gri\u00e8vement un homme \u00e0 la t\u00eate\"}]},{\"@type\":\"WebSite\",\"@id\":\"https:\/\/stourm.news\/#website\",\"url\":\"https:\/\/stourm.news\/\",\"name\":\"Stourm\",\"description\":\"Kazetenn Strollad Broadel Breizh\",\"publisher\":{\"@id\":\"https:\/\/stourm.news\/#organization\"},\"potentialAction\":[{\"@type\":\"SearchAction\",\"target\":{\"@type\":\"EntryPoint\",\"urlTemplate\":\"https:\/\/stourm.news\/?s={search_term_string}\"},\"query-input\":{\"@type\":\"PropertyValueSpecification\",\"valueRequired\":true,\"valueName\":\"search_term_string\"}}],\"inLanguage\":\"fr-FR\"},{\"@type\":\"Organization\",\"@id\":\"https:\/\/stourm.news\/#organization\",\"name\":\"Stourm\",\"url\":\"https:\/\/stourm.news\/\",\"logo\":{\"@type\":\"ImageObject\",\"inLanguage\":\"fr-FR\",\"@id\":\"https:\/\/stourm.news\/#\/schema\/logo\/image\/\",\"url\":\"https:\/\/stourm.news\/wp-content\/uploads\/2025\/11\/cropped-Capture-decran-2025-11-28-a-15.19.07.png\",\"contentUrl\":\"https:\/\/stourm.news\/wp-content\/uploads\/2025\/11\/cropped-Capture-decran-2025-11-28-a-15.19.07.png\",\"width\":1855,\"height\":383,\"caption\":\"Stourm\"},\"image\":{\"@id\":\"https:\/\/stourm.news\/#\/schema\/logo\/image\/\"},\"sameAs\":[\"https:\/\/www.facebook.com\/stourmnews\/\"]},{\"@type\":\"Person\",\"@id\":\"https:\/\/stourm.news\/#\/schema\/person\/c3e1dc65988632e190969234ef046cf9\",\"name\":\"La r\u00e9daction\",\"image\":{\"@type\":\"ImageObject\",\"inLanguage\":\"fr-FR\",\"@id\":\"https:\/\/stourm.news\/#\/schema\/person\/image\/\",\"url\":\"https:\/\/secure.gravatar.com\/avatar\/7463443f194b6b5fb706b074ca0ef59a0cfcfd720cb47764b0ec5a952ce422b3?s=96&d=mm&r=g\",\"contentUrl\":\"https:\/\/secure.gravatar.com\/avatar\/7463443f194b6b5fb706b074ca0ef59a0cfcfd720cb47764b0ec5a952ce422b3?s=96&d=mm&r=g\",\"caption\":\"La r\u00e9daction\"},\"sameAs\":[\"https:\/\/stourm.news\"],\"url\":\"https:\/\/stourm.news\/?author=1\"}]}<\/script>\n<!-- \/ Yoast SEO plugin. -->","yoast_head_json":{"title":"Saint-Brieuc : un migrant pakistanais arm\u00e9 d\u2019un couteau blesse gri\u00e8vement un homme \u00e0 la t\u00eate - STOURM","robots":{"index":"index","follow":"follow","max-snippet":"max-snippet:-1","max-image-preview":"max-image-preview:large","max-video-preview":"max-video-preview:-1"},"canonical":"https:\/\/stourm.news\/?p=2723","og_locale":"fr_FR","og_type":"article","og_title":"Saint-Brieuc : un migrant pakistanais arm\u00e9 d\u2019un couteau blesse gri\u00e8vement un homme \u00e0 la t\u00eate - STOURM","og_description":"Un homme de 23 ans, a \u00e9t\u00e9 condamn\u00e9 \u00e0 36 mois d\u2019emprisonnement dont 21 mois avec sursis probatoire durant deux ans pour des violences commises avec un couteau par le tribunal correctionnel de Saint-Brieuc (C\u00f4tes-d\u2019Armor), ce dimanche 3 novembre 2024. Sur place, ils trouvent un homme \u00e2g\u00e9 de 25 ans qui pr\u00e9sente une plaie \u00e0 [&hellip;]","og_url":"https:\/\/stourm.news\/?p=2723","og_site_name":"STOURM","article_publisher":"https:\/\/www.facebook.com\/stourmnews\/","article_published_time":"2024-11-04T06:08:27+00:00","article_modified_time":"2024-11-04T07:55:02+00:00","og_image":[{"width":999,"height":589,"url":"https:\/\/stourm.news\/wp-content\/uploads\/2024\/11\/image-2.png","type":"image\/png"}],"author":"La r\u00e9daction","twitter_card":"summary_large_image","twitter_misc":{"\u00c9crit par":"La r\u00e9daction","Dur\u00e9e de lecture estim\u00e9e":"1 minute"},"schema":{"@context":"https:\/\/schema.org","@graph":[{"@type":"Article","@id":"https:\/\/stourm.news\/?p=2723#article","isPartOf":{"@id":"https:\/\/stourm.news\/?p=2723"},"author":{"name":"La r\u00e9daction","@id":"https:\/\/stourm.news\/#\/schema\/person\/c3e1dc65988632e190969234ef046cf9"},"headline":"Saint-Brieuc : un migrant pakistanais arm\u00e9 d\u2019un couteau blesse gri\u00e8vement un homme \u00e0 la t\u00eate","datePublished":"2024-11-04T06:08:27+00:00","dateModified":"2024-11-04T07:55:02+00:00","mainEntityOfPage":{"@id":"https:\/\/stourm.news\/?p=2723"},"wordCount":174,"commentCount":0,"publisher":{"@id":"https:\/\/stourm.news\/#organization"},"image":{"@id":"https:\/\/stourm.news\/?p=2723#primaryimage"},"thumbnailUrl":"https:\/\/stourm.news\/wp-content\/uploads\/2024\/11\/image-2.png","articleSection":["Agression","C\u00f4tes d'Armor","Revue de presse"],"inLanguage":"fr-FR","potentialAction":[{"@type":"CommentAction","name":"Comment","target":["https:\/\/stourm.news\/?p=2723#respond"]}]},{"@type":"WebPage","@id":"https:\/\/stourm.news\/?p=2723","url":"https:\/\/stourm.news\/?p=2723","name":"Saint-Brieuc : un migrant pakistanais arm\u00e9 d\u2019un couteau blesse gri\u00e8vement un homme \u00e0 la t\u00eate - STOURM","isPartOf":{"@id":"https:\/\/stourm.news\/#website"},"primaryImageOfPage":{"@id":"https:\/\/stourm.news\/?p=2723#primaryimage"},"image":{"@id":"https:\/\/stourm.news\/?p=2723#primaryimage"},"thumbnailUrl":"https:\/\/stourm.news\/wp-content\/uploads\/2024\/11\/image-2.png","datePublished":"2024-11-04T06:08:27+00:00","dateModified":"2024-11-04T07:55:02+00:00","breadcrumb":{"@id":"https:\/\/stourm.news\/?p=2723#breadcrumb"},"inLanguage":"fr-FR","potentialAction":[{"@type":"ReadAction","target":["https:\/\/stourm.news\/?p=2723"]}]},{"@type":"ImageObject","inLanguage":"fr-FR","@id":"https:\/\/stourm.news\/?p=2723#primaryimage","url":"https:\/\/stourm.news\/wp-content\/uploads\/2024\/11\/image-2.png","contentUrl":"https:\/\/stourm.news\/wp-content\/uploads\/2024\/11\/image-2.png","width":999,"height":589},{"@type":"BreadcrumbList","@id":"https:\/\/stourm.news\/?p=2723#breadcrumb","itemListElement":[{"@type":"ListItem","position":1,"name":"Accueil","item":"https:\/\/stourm.news\/"},{"@type":"ListItem","position":2,"name":"Saint-Brieuc : un migrant pakistanais arm\u00e9 d\u2019un couteau blesse gri\u00e8vement un homme \u00e0 la t\u00eate"}]},{"@type":"WebSite","@id":"https:\/\/stourm.news\/#website","url":"https:\/\/stourm.news\/","name":"Stourm","description":"Kazetenn Strollad Broadel Breizh","publisher":{"@id":"https:\/\/stourm.news\/#organization"},"potentialAction":[{"@type":"SearchAction","target":{"@type":"EntryPoint","urlTemplate":"https:\/\/stourm.news\/?s={search_term_string}"},"query-input":{"@type":"PropertyValueSpecification","valueRequired":true,"valueName":"search_term_string"}}],"inLanguage":"fr-FR"},{"@type":"Organization","@id":"https:\/\/stourm.news\/#organization","name":"Stourm","url":"https:\/\/stourm.news\/","logo":{"@type":"ImageObject","inLanguage":"fr-FR","@id":"https:\/\/stourm.news\/#\/schema\/logo\/image\/","url":"https:\/\/stourm.news\/wp-content\/uploads\/2025\/11\/cropped-Capture-decran-2025-11-28-a-15.19.07.png","contentUrl":"https:\/\/stourm.news\/wp-content\/uploads\/2025\/11\/cropped-Capture-decran-2025-11-28-a-15.19.07.png","width":1855,"height":383,"caption":"Stourm"},"image":{"@id":"https:\/\/stourm.news\/#\/schema\/logo\/image\/"},"sameAs":["https:\/\/www.facebook.com\/stourmnews\/"]},{"@type":"Person","@id":"https:\/\/stourm.news\/#\/schema\/person\/c3e1dc65988632e190969234ef046cf9","name":"La r\u00e9daction","image":{"@type":"ImageObject","inLanguage":"fr-FR","@id":"https:\/\/stourm.news\/#\/schema\/person\/image\/","url":"https:\/\/secure.gravatar.com\/avatar\/7463443f194b6b5fb706b074ca0ef59a0cfcfd720cb47764b0ec5a952ce422b3?s=96&d=mm&r=g","contentUrl":"https:\/\/secure.gravatar.com\/avatar\/7463443f194b6b5fb706b074ca0ef59a0cfcfd720cb47764b0ec5a952ce422b3?s=96&d=mm&r=g","caption":"La r\u00e9daction"},"sameAs":["https:\/\/stourm.news"],"url":"https:\/\/stourm.news\/?author=1"}]}},"_links":{"self":[{"href":"https:\/\/stourm.news\/index.php?rest_route=\/wp\/v2\/posts\/2723","targetHints":{"allow":["GET"]}}],"collection":[{"href":"https:\/\/stourm.news\/index.php?rest_route=\/wp\/v2\/posts"}],"about":[{"href":"https:\/\/stourm.news\/index.php?rest_route=\/wp\/v2\/types\/post"}],"author":[{"embeddable":true,"href":"https:\/\/stourm.news\/index.php?rest_route=\/wp\/v2\/users\/1"}],"replies":[{"embeddable":true,"href":"https:\/\/stourm.news\/index.php?rest_route=%2Fwp%2Fv2%2Fcomments&post=2723"}],"version-history":[{"count":1,"href":"https:\/\/stourm.news\/index.php?rest_route=\/wp\/v2\/posts\/2723\/revisions"}],"predecessor-version":[{"id":2725,"href":"https:\/\/stourm.news\/index.php?rest_route=\/wp\/v2\/posts\/2723\/revisions\/2725"}],"wp:featuredmedia":[{"embeddable":true,"href":"https:\/\/stourm.news\/index.php?rest_route=\/wp\/v2\/media\/2724"}],"wp:attachment":[{"href":"https:\/\/stourm.news\/index.php?rest_route=%2Fwp%2Fv2%2Fmedia&parent=2723"}],"wp:term":[{"taxonomy":"category","embeddable":true,"href":"https:\/\/stourm.news\/index.php?rest_route=%2Fwp%2Fv2%2Fcategories&post=2723"},{"taxonomy":"post_tag","embeddable":true,"href":"https:\/\/stourm.news\/index.php?rest_route=%2Fwp%2Fv2%2Ftags&post=2723"}],"curies":[{"name":"wp","href":"https:\/\/api.w.org\/{rel}","templated":true}]}}