{"id":2733,"date":"2024-11-05T09:21:26","date_gmt":"2024-11-05T09:21:26","guid":{"rendered":"https:\/\/stourm.news\/?p=2733"},"modified":"2024-11-05T09:21:26","modified_gmt":"2024-11-05T09:21:26","slug":"on-nous-a-conseille-de-changer-de-metier-apres-des-menaces-de-mort-par-un-partisan-de-letat-islamique-les-enseignants-du-lycee-jean-perrin-se-sentent-abandonnes","status":"publish","type":"post","link":"https:\/\/stourm.news\/?p=2733","title":{"rendered":"\u00ab\u00a0On nous a conseill\u00e9 de changer de m\u00e9tier\u00a0\u00bb : apr\u00e8s des menaces de mort par un partisan de l&rsquo;\u00c9tat Islamique, les enseignants du lyc\u00e9e Jean Perrin se sentent abandonn\u00e9s"},"content":{"rendered":"<p style=\"text-align: justify;\">Les lyc\u00e9ens ont repris l&rsquo;\u00e9cole avec une heure de retard ce lundi 4 novembre. Plus d&rsquo;un mois apr\u00e8s l&rsquo;arrestation et la mise en examen d&rsquo;un \u00e9l\u00e8ve pour <strong>\u00ab\u00a0menaces de mort\u00a0\u00bb<\/strong> envers une de leur coll\u00e8gue (<strong><a href=\"https:\/\/www.lepoint.fr\/societe\/a-reze-un-eleve-radicalise-menace-de-mort-sa-prof-14-09-2024-2570251_23.php\">par un partisan de l&rsquo;\u00c9tat Islamique<\/a><\/strong>, ndlr), les professeurs du lyc\u00e9e Jean Perrin d\u00e9noncent un dialogue rompu avec leur cheffe d&rsquo;\u00e9tablissement.<\/p>\n<p style=\"text-align: justify;\">Les salles de classe du lyc\u00e9e Jean Perrin sont rest\u00e9es closes ce lundi matin. Pourtant, les professeurs \u00e9taient bien l\u00e0, d\u00e8s 8 heures. Mais, ils ont commenc\u00e9 ce jour de rentr\u00e9e en troquant leurs fiches de cours par les tracts syndicaux.<\/p>\n<p style=\"text-align: justify;\">\u00ab\u00a0Tout le personnel de l&rsquo;\u00e9tablissement a \u00e9t\u00e9 invit\u00e9 \u00e0 une heure d&rsquo;information syndicale. Les \u00e9l\u00e8ves ont \u00e9t\u00e9 pr\u00e9venus en amont\u00a0\u00bb, informe une enseignante de lettre et d&rsquo;histoire. Au cours de cette r\u00e9union, une majorit\u00e9 d&rsquo;enseignants, mais \u00e9galement des agents administratifs du lyc\u00e9e, sont revenus sur les r\u00e9cents \u00e9v\u00e9nements qui ont bouscul\u00e9 la cit\u00e9 scolaire.<\/p>\n<p style=\"text-align: justify;\">Le 17 septembre dernier, un lyc\u00e9en a \u00e9t\u00e9 mis en examen pour <strong>\u00ab\u00a0apologie publique d\u2019un acte de terrorisme\u00a0\u00bb<\/strong> et <strong>\u00ab\u00a0menaces de mort\u00a0\u00bb<\/strong> contre une enseignante de l&rsquo;\u00e9tablissement&#8230; Quelques jours auparavant, sur l&rsquo;application Telegram, l&rsquo;adolescent affirmait vouloir <strong>\u00ab\u00a0planter \u00e0 la jugulaire\u00a0\u00bb<\/strong> cette professeure. Le message a \u00e9t\u00e9 rep\u00e9r\u00e9 par les services de renseignements.<\/p>\n<p style=\"text-align: justify;\">\u00ab\u00a0Ce fut un choc pour nous. Maintenant, \u00e7a va bient\u00f4t faire deux mois que \u00e7a s&rsquo;est pass\u00e9 et on ne se sent toujours pas soutenu par notre direction et l&rsquo;ensemble de l&rsquo;\u00c9ducation nationale\u00a0\u00bb, confie la professeure de lettre et d&rsquo;histoire, le visage ferm\u00e9 et les yeux fatigu\u00e9s, \u00e0 la sortie de la r\u00e9union.<\/p>\n<p style=\"text-align: justify;\"><strong>Un dialogue rompu avec la proviseure<\/strong><\/p>\n<p style=\"text-align: justify;\">\u00c0 l&rsquo;origine de cette heure d&rsquo;information syndicale, une phrase prononc\u00e9e par la proviseure du lyc\u00e9e dans les colonnes de nos confr\u00e8res de Ouest-France. \u00ab\u00a0Personne n\u2019avait vraiment vu de signaux faibles\u00a0\u00bb, avait-elle d\u00e9clar\u00e9 au sujet de l&rsquo;adolescent mis en examen.<\/p>\n<p style=\"text-align: justify;\">Un &lsquo;signal faible&rsquo; est par d\u00e9finition \u00ab\u00a0une information pr\u00e9coce de faible intensit\u00e9 annonciatrice d&rsquo;une menace\u00a0\u00bb.<\/p>\n<p style=\"text-align: justify;\">\u00ab\u00a0Ses termes laissent \u00e0 penser que rien n&rsquo;aurait pu pr\u00e9dire ce qui allait se passer. Peut-\u00eatre, mais deux jours avant le message sur Telegram, ce m\u00eame \u00e9l\u00e8ve avait point\u00e9 notre coll\u00e8gue <strong>en mimant un tir d&rsquo;arme \u00e0 feu<\/strong>. Un rapport d&rsquo;incident avait donc \u00e9t\u00e9 envoy\u00e9 \u00e0 la direction du lyc\u00e9e dans la foul\u00e9e. Et \u00e7a faisait d\u00e9j\u00e0 suite \u00e0 des signalements de l&rsquo;ann\u00e9e derni\u00e8re\u2026\u00a0\u00bb, pr\u00e9cise une enseignante d&rsquo;histoire g\u00e9ographie.<\/p>\n<p style=\"text-align: justify;\">\u00ab\u00a0On lui demande de mettre en place une m\u00e9diation pour r\u00e9tablir le dialogue avec notre cheffe d&rsquo;\u00e9tablissement. On attendait une r\u00e9ponse aujourd&rsquo;hui\u00a0\u00bb, pr\u00e9cise-t-elle. En cas de refus, les signataires mena\u00e7aient de se mettre en gr\u00e8ve.<\/p>\n<p style=\"text-align: justify;\">Et ce lundi matin, ils n&rsquo;ont eu comme r\u00e9ponse que l&rsquo;absence de leur proviseur : \u00ab\u00a0Elle n&rsquo;est pas venue, \u00e0 cause d&rsquo;un rendez-vous m\u00e9dical. Puis, le rectorat annonce lui chercher un rempla\u00e7ant. Donc, on pense qu&rsquo;elle ne reviendra pas tout de suite\u00a0\u00bb, informe la professeure. La cheffe d&rsquo;\u00e9tablissement devait \u00eatre de retour d&rsquo;un premier arr\u00eat maladie de pr\u00e8s de trois semaines ce lundi matin.<\/p>\n<p style=\"text-align: justify;\">Pour le moment, la direction du lyc\u00e9e Jean Perrin est assur\u00e9e par int\u00e9rim et le corps enseignant assure ne pas faire gr\u00e8ve dans les jours \u00e0 venir. \u00ab\u00a0On veut aussi pr\u00e9server nos \u00e9l\u00e8ves de tout \u00e7a\u00a0\u00bb, ajoute l&rsquo;enseignante d&rsquo;histoire et g\u00e9ographie.<\/p>\n<p style=\"text-align: justify;\">Pour elle, la sortie de sa proviseure dans le quotidien r\u00e9gional est un signe de <strong>d\u00e9saveu<\/strong>. \u00ab\u00a0\u00c7a signifie<strong> qu&rsquo;elle ne nous soutient pas<\/strong>\u00ab\u00a0, appuie-t-elle. Avec une centaine d&rsquo;autres professeurs et membres du personnel du lyc\u00e9e, cette enseignante a sign\u00e9 une lettre adress\u00e9e \u00e0 la rectrice d&rsquo;Acad\u00e9mie, avant les vacances de la Toussaint.<\/p>\n<p style=\"text-align: justify;\"><strong>Une situation ins\u00e9curisante<\/strong><\/p>\n<p style=\"text-align: justify;\">\u00c0 quelques minutes de retourner dans leurs classes respectives, les deux enseignantes se disent <strong>inqui\u00e8tes<\/strong> par la situation. \u00ab\u00a0Au moment m\u00eame o\u00f9 s\u2019ouvre le proc\u00e8s de Samuel Paty, on sait qu&rsquo;on n&rsquo;est soutenu ni par notre direction, ni par notre institution. <strong>On ne se sent pas en s\u00e9curit\u00e9<\/strong>\u00ab\u00a0, affirme l&rsquo;une d&rsquo;elles.<\/p>\n<p style=\"text-align: justify;\">Toutes deux professeures depuis plus de 10 ans dans l&rsquo;\u00e9tablissement rez\u00e9en, elles assurent aimer leurs m\u00e9tiers et leurs \u00e9l\u00e8ves. \u00ab\u00a0Mais apr\u00e8s l&rsquo;\u00e9pisode <strong>des menaces de mort<\/strong>, on a eu acc\u00e8s \u00e0 une cellule psychologique. La psychologue a conseill\u00e9 \u00e0 certains de nos coll\u00e8gues <strong>de changer de m\u00e9tier<\/strong>\u2026 Voil\u00e0 le seul soutien qu&rsquo;on a eu et ce n&rsquo;est pas encourageant\u00a0\u00bb, d\u00e9plorent-elles.<\/p>\n<p style=\"text-align: justify;\">Quant \u00e0 leur coll\u00e8gue victime <strong>des menaces de mort<\/strong>, elle attend toujours un retour du rectorat pour savoir s&rsquo;il lui valide le statut \u00ab\u00a0d&rsquo;accident de service\u00a0\u00bb. \u00ab\u00a0Et on ne lui pas apport\u00e9 automatiquement la protection fonctionnelle \u00e0 laquelle tout agent public a le droit\u00a0\u00bb, ajoutent les enseignantes qui attendent d\u00e9sormais des r\u00e9ponses concr\u00e8tes de la part du rectorat.<\/p>\n<p style=\"text-align: justify;\">Source : <a href=\"https:\/\/france3-regions.francetvinfo.fr\/pays-de-la-loire\/loire-atlantique\/nantes\/on-nous-a-conseille-de-changer-de-metier-apres-des-menaces-de-mort-contre-une-de-leur-collegue-les-enseignants-du-lycee-jean-perrin-se-sentent-abandonnes-3054916.html\">France 3 <\/a><\/p>\n","protected":false},"excerpt":{"rendered":"<p>Les lyc\u00e9ens ont repris l&rsquo;\u00e9cole avec une heure de retard ce lundi 4 novembre. Plus d&rsquo;un mois apr\u00e8s l&rsquo;arrestation et la mise en examen d&rsquo;un \u00e9l\u00e8ve pour \u00ab\u00a0menaces de mort\u00a0\u00bb envers une de leur coll\u00e8gue (par un partisan de l&rsquo;\u00c9tat Islamique, ndlr), les professeurs du lyc\u00e9e Jean Perrin d\u00e9noncent un dialogue rompu avec leur cheffe [&hellip;]<\/p>\n","protected":false},"author":1,"featured_media":2734,"comment_status":"open","ping_status":"open","sticky":false,"template":"","format":"standard","meta":{"sb_editor_width":"","footnotes":""},"categories":[32,42,65],"tags":[],"class_list":["post-2733","post","type-post","status-publish","format-standard","has-post-thumbnail","hentry","category-islamisme","category-loire-atlantique","category-principale"],"relative_dates":{"created":"1 an ago","modified":"1 an ago"},"yoast_head":"<!-- This site is optimized with the Yoast SEO plugin v26.3 - https:\/\/yoast.com\/wordpress\/plugins\/seo\/ -->\n<title>&quot;On nous a conseill\u00e9 de changer de m\u00e9tier&quot; : apr\u00e8s des menaces de mort par un partisan de l&#039;\u00c9tat Islamique, les enseignants du lyc\u00e9e Jean Perrin se sentent abandonn\u00e9s - STOURM<\/title>\n<meta name=\"robots\" content=\"index, follow, max-snippet:-1, max-image-preview:large, max-video-preview:-1\" \/>\n<link rel=\"canonical\" href=\"https:\/\/stourm.news\/?p=2733\" \/>\n<meta property=\"og:locale\" content=\"fr_FR\" \/>\n<meta property=\"og:type\" content=\"article\" \/>\n<meta property=\"og:title\" content=\"&quot;On nous a conseill\u00e9 de changer de m\u00e9tier&quot; : apr\u00e8s des menaces de mort par un partisan de l&#039;\u00c9tat Islamique, les enseignants du lyc\u00e9e Jean Perrin se sentent abandonn\u00e9s - STOURM\" \/>\n<meta property=\"og:description\" content=\"Les lyc\u00e9ens ont repris l&rsquo;\u00e9cole avec une heure de retard ce lundi 4 novembre. Plus d&rsquo;un mois apr\u00e8s l&rsquo;arrestation et la mise en examen d&rsquo;un \u00e9l\u00e8ve pour \u00ab\u00a0menaces de mort\u00a0\u00bb envers une de leur coll\u00e8gue (par un partisan de l&rsquo;\u00c9tat Islamique, ndlr), les professeurs du lyc\u00e9e Jean Perrin d\u00e9noncent un dialogue rompu avec leur cheffe [&hellip;]\" \/>\n<meta property=\"og:url\" content=\"https:\/\/stourm.news\/?p=2733\" \/>\n<meta property=\"og:site_name\" content=\"STOURM\" \/>\n<meta property=\"article:publisher\" content=\"https:\/\/www.facebook.com\/stourmnews\/\" \/>\n<meta property=\"article:published_time\" content=\"2024-11-05T09:21:26+00:00\" \/>\n<meta property=\"og:image\" content=\"https:\/\/stourm.news\/wp-content\/uploads\/2024\/11\/1200x680_sc_946813-emfa4h1vuy-whr.jpg\" \/>\n\t<meta property=\"og:image:width\" content=\"1191\" \/>\n\t<meta property=\"og:image:height\" content=\"675\" \/>\n\t<meta property=\"og:image:type\" content=\"image\/jpeg\" \/>\n<meta name=\"author\" content=\"La r\u00e9daction\" \/>\n<meta name=\"twitter:card\" content=\"summary_large_image\" \/>\n<meta name=\"twitter:label1\" content=\"\u00c9crit par\" \/>\n\t<meta name=\"twitter:data1\" content=\"La r\u00e9daction\" \/>\n\t<meta name=\"twitter:label2\" content=\"Dur\u00e9e de lecture estim\u00e9e\" \/>\n\t<meta name=\"twitter:data2\" content=\"4 minutes\" \/>\n<script type=\"application\/ld+json\" class=\"yoast-schema-graph\">{\"@context\":\"https:\/\/schema.org\",\"@graph\":[{\"@type\":\"Article\",\"@id\":\"https:\/\/stourm.news\/?p=2733#article\",\"isPartOf\":{\"@id\":\"https:\/\/stourm.news\/?p=2733\"},\"author\":{\"name\":\"La r\u00e9daction\",\"@id\":\"https:\/\/stourm.news\/#\/schema\/person\/c3e1dc65988632e190969234ef046cf9\"},\"headline\":\"\u00ab\u00a0On nous a conseill\u00e9 de changer de m\u00e9tier\u00a0\u00bb : apr\u00e8s des menaces de mort par un partisan de l&rsquo;\u00c9tat Islamique, les enseignants du lyc\u00e9e Jean Perrin se sentent abandonn\u00e9s\",\"datePublished\":\"2024-11-05T09:21:26+00:00\",\"mainEntityOfPage\":{\"@id\":\"https:\/\/stourm.news\/?p=2733\"},\"wordCount\":895,\"commentCount\":0,\"publisher\":{\"@id\":\"https:\/\/stourm.news\/#organization\"},\"image\":{\"@id\":\"https:\/\/stourm.news\/?p=2733#primaryimage\"},\"thumbnailUrl\":\"https:\/\/stourm.news\/wp-content\/uploads\/2024\/11\/1200x680_sc_946813-emfa4h1vuy-whr.jpg\",\"articleSection\":[\"Islamisme\",\"Loire-Atlantique\",\"Principale\"],\"inLanguage\":\"fr-FR\",\"potentialAction\":[{\"@type\":\"CommentAction\",\"name\":\"Comment\",\"target\":[\"https:\/\/stourm.news\/?p=2733#respond\"]}]},{\"@type\":\"WebPage\",\"@id\":\"https:\/\/stourm.news\/?p=2733\",\"url\":\"https:\/\/stourm.news\/?p=2733\",\"name\":\"\\\"On nous a conseill\u00e9 de changer de m\u00e9tier\\\" : apr\u00e8s des menaces de mort par un partisan de l'\u00c9tat Islamique, les enseignants du lyc\u00e9e Jean Perrin se sentent abandonn\u00e9s - STOURM\",\"isPartOf\":{\"@id\":\"https:\/\/stourm.news\/#website\"},\"primaryImageOfPage\":{\"@id\":\"https:\/\/stourm.news\/?p=2733#primaryimage\"},\"image\":{\"@id\":\"https:\/\/stourm.news\/?p=2733#primaryimage\"},\"thumbnailUrl\":\"https:\/\/stourm.news\/wp-content\/uploads\/2024\/11\/1200x680_sc_946813-emfa4h1vuy-whr.jpg\",\"datePublished\":\"2024-11-05T09:21:26+00:00\",\"breadcrumb\":{\"@id\":\"https:\/\/stourm.news\/?p=2733#breadcrumb\"},\"inLanguage\":\"fr-FR\",\"potentialAction\":[{\"@type\":\"ReadAction\",\"target\":[\"https:\/\/stourm.news\/?p=2733\"]}]},{\"@type\":\"ImageObject\",\"inLanguage\":\"fr-FR\",\"@id\":\"https:\/\/stourm.news\/?p=2733#primaryimage\",\"url\":\"https:\/\/stourm.news\/wp-content\/uploads\/2024\/11\/1200x680_sc_946813-emfa4h1vuy-whr.jpg\",\"contentUrl\":\"https:\/\/stourm.news\/wp-content\/uploads\/2024\/11\/1200x680_sc_946813-emfa4h1vuy-whr.jpg\",\"width\":1191,\"height\":675},{\"@type\":\"BreadcrumbList\",\"@id\":\"https:\/\/stourm.news\/?p=2733#breadcrumb\",\"itemListElement\":[{\"@type\":\"ListItem\",\"position\":1,\"name\":\"Accueil\",\"item\":\"https:\/\/stourm.news\/\"},{\"@type\":\"ListItem\",\"position\":2,\"name\":\"\u00ab\u00a0On nous a conseill\u00e9 de changer de m\u00e9tier\u00a0\u00bb : apr\u00e8s des menaces de mort par un partisan de l&rsquo;\u00c9tat Islamique, les enseignants du lyc\u00e9e Jean Perrin se sentent abandonn\u00e9s\"}]},{\"@type\":\"WebSite\",\"@id\":\"https:\/\/stourm.news\/#website\",\"url\":\"https:\/\/stourm.news\/\",\"name\":\"Stourm\",\"description\":\"Kazetenn Strollad Broadel Breizh\",\"publisher\":{\"@id\":\"https:\/\/stourm.news\/#organization\"},\"potentialAction\":[{\"@type\":\"SearchAction\",\"target\":{\"@type\":\"EntryPoint\",\"urlTemplate\":\"https:\/\/stourm.news\/?s={search_term_string}\"},\"query-input\":{\"@type\":\"PropertyValueSpecification\",\"valueRequired\":true,\"valueName\":\"search_term_string\"}}],\"inLanguage\":\"fr-FR\"},{\"@type\":\"Organization\",\"@id\":\"https:\/\/stourm.news\/#organization\",\"name\":\"Stourm\",\"url\":\"https:\/\/stourm.news\/\",\"logo\":{\"@type\":\"ImageObject\",\"inLanguage\":\"fr-FR\",\"@id\":\"https:\/\/stourm.news\/#\/schema\/logo\/image\/\",\"url\":\"https:\/\/stourm.news\/wp-content\/uploads\/2025\/11\/cropped-Capture-decran-2025-11-28-a-15.19.07.png\",\"contentUrl\":\"https:\/\/stourm.news\/wp-content\/uploads\/2025\/11\/cropped-Capture-decran-2025-11-28-a-15.19.07.png\",\"width\":1855,\"height\":383,\"caption\":\"Stourm\"},\"image\":{\"@id\":\"https:\/\/stourm.news\/#\/schema\/logo\/image\/\"},\"sameAs\":[\"https:\/\/www.facebook.com\/stourmnews\/\"]},{\"@type\":\"Person\",\"@id\":\"https:\/\/stourm.news\/#\/schema\/person\/c3e1dc65988632e190969234ef046cf9\",\"name\":\"La r\u00e9daction\",\"image\":{\"@type\":\"ImageObject\",\"inLanguage\":\"fr-FR\",\"@id\":\"https:\/\/stourm.news\/#\/schema\/person\/image\/\",\"url\":\"https:\/\/secure.gravatar.com\/avatar\/7463443f194b6b5fb706b074ca0ef59a0cfcfd720cb47764b0ec5a952ce422b3?s=96&d=mm&r=g\",\"contentUrl\":\"https:\/\/secure.gravatar.com\/avatar\/7463443f194b6b5fb706b074ca0ef59a0cfcfd720cb47764b0ec5a952ce422b3?s=96&d=mm&r=g\",\"caption\":\"La r\u00e9daction\"},\"sameAs\":[\"https:\/\/stourm.news\"],\"url\":\"https:\/\/stourm.news\/?author=1\"}]}<\/script>\n<!-- \/ Yoast SEO plugin. -->","yoast_head_json":{"title":"\"On nous a conseill\u00e9 de changer de m\u00e9tier\" : apr\u00e8s des menaces de mort par un partisan de l'\u00c9tat Islamique, les enseignants du lyc\u00e9e Jean Perrin se sentent abandonn\u00e9s - STOURM","robots":{"index":"index","follow":"follow","max-snippet":"max-snippet:-1","max-image-preview":"max-image-preview:large","max-video-preview":"max-video-preview:-1"},"canonical":"https:\/\/stourm.news\/?p=2733","og_locale":"fr_FR","og_type":"article","og_title":"\"On nous a conseill\u00e9 de changer de m\u00e9tier\" : apr\u00e8s des menaces de mort par un partisan de l'\u00c9tat Islamique, les enseignants du lyc\u00e9e Jean Perrin se sentent abandonn\u00e9s - STOURM","og_description":"Les lyc\u00e9ens ont repris l&rsquo;\u00e9cole avec une heure de retard ce lundi 4 novembre. Plus d&rsquo;un mois apr\u00e8s l&rsquo;arrestation et la mise en examen d&rsquo;un \u00e9l\u00e8ve pour \u00ab\u00a0menaces de mort\u00a0\u00bb envers une de leur coll\u00e8gue (par un partisan de l&rsquo;\u00c9tat Islamique, ndlr), les professeurs du lyc\u00e9e Jean Perrin d\u00e9noncent un dialogue rompu avec leur cheffe [&hellip;]","og_url":"https:\/\/stourm.news\/?p=2733","og_site_name":"STOURM","article_publisher":"https:\/\/www.facebook.com\/stourmnews\/","article_published_time":"2024-11-05T09:21:26+00:00","og_image":[{"width":1191,"height":675,"url":"https:\/\/stourm.news\/wp-content\/uploads\/2024\/11\/1200x680_sc_946813-emfa4h1vuy-whr.jpg","type":"image\/jpeg"}],"author":"La r\u00e9daction","twitter_card":"summary_large_image","twitter_misc":{"\u00c9crit par":"La r\u00e9daction","Dur\u00e9e de lecture estim\u00e9e":"4 minutes"},"schema":{"@context":"https:\/\/schema.org","@graph":[{"@type":"Article","@id":"https:\/\/stourm.news\/?p=2733#article","isPartOf":{"@id":"https:\/\/stourm.news\/?p=2733"},"author":{"name":"La r\u00e9daction","@id":"https:\/\/stourm.news\/#\/schema\/person\/c3e1dc65988632e190969234ef046cf9"},"headline":"\u00ab\u00a0On nous a conseill\u00e9 de changer de m\u00e9tier\u00a0\u00bb : apr\u00e8s des menaces de mort par un partisan de l&rsquo;\u00c9tat Islamique, les enseignants du lyc\u00e9e Jean Perrin se sentent abandonn\u00e9s","datePublished":"2024-11-05T09:21:26+00:00","mainEntityOfPage":{"@id":"https:\/\/stourm.news\/?p=2733"},"wordCount":895,"commentCount":0,"publisher":{"@id":"https:\/\/stourm.news\/#organization"},"image":{"@id":"https:\/\/stourm.news\/?p=2733#primaryimage"},"thumbnailUrl":"https:\/\/stourm.news\/wp-content\/uploads\/2024\/11\/1200x680_sc_946813-emfa4h1vuy-whr.jpg","articleSection":["Islamisme","Loire-Atlantique","Principale"],"inLanguage":"fr-FR","potentialAction":[{"@type":"CommentAction","name":"Comment","target":["https:\/\/stourm.news\/?p=2733#respond"]}]},{"@type":"WebPage","@id":"https:\/\/stourm.news\/?p=2733","url":"https:\/\/stourm.news\/?p=2733","name":"\"On nous a conseill\u00e9 de changer de m\u00e9tier\" : apr\u00e8s des menaces de mort par un partisan de l'\u00c9tat Islamique, les enseignants du lyc\u00e9e Jean Perrin se sentent abandonn\u00e9s - STOURM","isPartOf":{"@id":"https:\/\/stourm.news\/#website"},"primaryImageOfPage":{"@id":"https:\/\/stourm.news\/?p=2733#primaryimage"},"image":{"@id":"https:\/\/stourm.news\/?p=2733#primaryimage"},"thumbnailUrl":"https:\/\/stourm.news\/wp-content\/uploads\/2024\/11\/1200x680_sc_946813-emfa4h1vuy-whr.jpg","datePublished":"2024-11-05T09:21:26+00:00","breadcrumb":{"@id":"https:\/\/stourm.news\/?p=2733#breadcrumb"},"inLanguage":"fr-FR","potentialAction":[{"@type":"ReadAction","target":["https:\/\/stourm.news\/?p=2733"]}]},{"@type":"ImageObject","inLanguage":"fr-FR","@id":"https:\/\/stourm.news\/?p=2733#primaryimage","url":"https:\/\/stourm.news\/wp-content\/uploads\/2024\/11\/1200x680_sc_946813-emfa4h1vuy-whr.jpg","contentUrl":"https:\/\/stourm.news\/wp-content\/uploads\/2024\/11\/1200x680_sc_946813-emfa4h1vuy-whr.jpg","width":1191,"height":675},{"@type":"BreadcrumbList","@id":"https:\/\/stourm.news\/?p=2733#breadcrumb","itemListElement":[{"@type":"ListItem","position":1,"name":"Accueil","item":"https:\/\/stourm.news\/"},{"@type":"ListItem","position":2,"name":"\u00ab\u00a0On nous a conseill\u00e9 de changer de m\u00e9tier\u00a0\u00bb : apr\u00e8s des menaces de mort par un partisan de l&rsquo;\u00c9tat Islamique, les enseignants du lyc\u00e9e Jean Perrin se sentent abandonn\u00e9s"}]},{"@type":"WebSite","@id":"https:\/\/stourm.news\/#website","url":"https:\/\/stourm.news\/","name":"Stourm","description":"Kazetenn Strollad Broadel Breizh","publisher":{"@id":"https:\/\/stourm.news\/#organization"},"potentialAction":[{"@type":"SearchAction","target":{"@type":"EntryPoint","urlTemplate":"https:\/\/stourm.news\/?s={search_term_string}"},"query-input":{"@type":"PropertyValueSpecification","valueRequired":true,"valueName":"search_term_string"}}],"inLanguage":"fr-FR"},{"@type":"Organization","@id":"https:\/\/stourm.news\/#organization","name":"Stourm","url":"https:\/\/stourm.news\/","logo":{"@type":"ImageObject","inLanguage":"fr-FR","@id":"https:\/\/stourm.news\/#\/schema\/logo\/image\/","url":"https:\/\/stourm.news\/wp-content\/uploads\/2025\/11\/cropped-Capture-decran-2025-11-28-a-15.19.07.png","contentUrl":"https:\/\/stourm.news\/wp-content\/uploads\/2025\/11\/cropped-Capture-decran-2025-11-28-a-15.19.07.png","width":1855,"height":383,"caption":"Stourm"},"image":{"@id":"https:\/\/stourm.news\/#\/schema\/logo\/image\/"},"sameAs":["https:\/\/www.facebook.com\/stourmnews\/"]},{"@type":"Person","@id":"https:\/\/stourm.news\/#\/schema\/person\/c3e1dc65988632e190969234ef046cf9","name":"La r\u00e9daction","image":{"@type":"ImageObject","inLanguage":"fr-FR","@id":"https:\/\/stourm.news\/#\/schema\/person\/image\/","url":"https:\/\/secure.gravatar.com\/avatar\/7463443f194b6b5fb706b074ca0ef59a0cfcfd720cb47764b0ec5a952ce422b3?s=96&d=mm&r=g","contentUrl":"https:\/\/secure.gravatar.com\/avatar\/7463443f194b6b5fb706b074ca0ef59a0cfcfd720cb47764b0ec5a952ce422b3?s=96&d=mm&r=g","caption":"La r\u00e9daction"},"sameAs":["https:\/\/stourm.news"],"url":"https:\/\/stourm.news\/?author=1"}]}},"_links":{"self":[{"href":"https:\/\/stourm.news\/index.php?rest_route=\/wp\/v2\/posts\/2733","targetHints":{"allow":["GET"]}}],"collection":[{"href":"https:\/\/stourm.news\/index.php?rest_route=\/wp\/v2\/posts"}],"about":[{"href":"https:\/\/stourm.news\/index.php?rest_route=\/wp\/v2\/types\/post"}],"author":[{"embeddable":true,"href":"https:\/\/stourm.news\/index.php?rest_route=\/wp\/v2\/users\/1"}],"replies":[{"embeddable":true,"href":"https:\/\/stourm.news\/index.php?rest_route=%2Fwp%2Fv2%2Fcomments&post=2733"}],"version-history":[{"count":1,"href":"https:\/\/stourm.news\/index.php?rest_route=\/wp\/v2\/posts\/2733\/revisions"}],"predecessor-version":[{"id":2735,"href":"https:\/\/stourm.news\/index.php?rest_route=\/wp\/v2\/posts\/2733\/revisions\/2735"}],"wp:featuredmedia":[{"embeddable":true,"href":"https:\/\/stourm.news\/index.php?rest_route=\/wp\/v2\/media\/2734"}],"wp:attachment":[{"href":"https:\/\/stourm.news\/index.php?rest_route=%2Fwp%2Fv2%2Fmedia&parent=2733"}],"wp:term":[{"taxonomy":"category","embeddable":true,"href":"https:\/\/stourm.news\/index.php?rest_route=%2Fwp%2Fv2%2Fcategories&post=2733"},{"taxonomy":"post_tag","embeddable":true,"href":"https:\/\/stourm.news\/index.php?rest_route=%2Fwp%2Fv2%2Ftags&post=2733"}],"curies":[{"name":"wp","href":"https:\/\/api.w.org\/{rel}","templated":true}]}}