{"id":2742,"date":"2024-11-05T14:21:55","date_gmt":"2024-11-05T14:21:55","guid":{"rendered":"https:\/\/stourm.news\/?p=2742"},"modified":"2024-11-05T14:22:04","modified_gmt":"2024-11-05T14:22:04","slug":"vannes-un-jeune-homme-poignarde-un-migrant-clandestin-de-17-ans-ecroue-pour-tentative-de-meurtre","status":"publish","type":"post","link":"https:\/\/stourm.news\/?p=2742","title":{"rendered":"Vannes : un jeune homme poignard\u00e9, un migrant clandestin de 17 ans \u00e9crou\u00e9 pour tentative de meurtre"},"content":{"rendered":"<p style=\"text-align: justify;\">Un homme d\u2019une vingtaine d\u2019ann\u00e9es a re\u00e7u <strong>un coup de couteau<\/strong>, jeudi 31 octobre, vers 23 h 40 dans les jardins de la Garenne \u00e0 Vannes (Morbihan). Un mineur, suspect\u00e9 d\u2019\u00eatre l\u2019auteur de cette agression, a \u00e9t\u00e9 interpell\u00e9 et plac\u00e9 en d\u00e9tention provisoire.<\/p>\n<p style=\"text-align: justify;\">Un jeune homme d\u2019une vingtaine d\u2019ann\u00e9es <strong>a \u00e9t\u00e9 poignard\u00e9<\/strong>, dans les jardins de la Garenne, \u00e0 Vannes (Morbihan). La lame serait pass\u00e9e <strong>\u00e0 quelques centim\u00e8tres du c\u0153ur<\/strong>.<\/p>\n<p style=\"text-align: justify;\">Les faits se sont d\u00e9roul\u00e9s jeudi 31 octobre vers 23 h 40. Ce sont des policiers de la Bac (Brigade anti-criminalit\u00e9) qui circulaient dans le secteur qui ont d\u00e9couvert la victime <strong>ensanglant\u00e9e<\/strong>. Ils l\u2019ont imm\u00e9diatement prise en charge, en effectuant un point de compression, le temps de l\u2019arriv\u00e9e des pompiers et du Samu (Service d\u2019aide m\u00e9dicale urgente).<\/p>\n<p style=\"text-align: justify;\">Moins de trois quarts d\u2019heure plus tard, les policiers ont interpell\u00e9 deux jeunes hommes. Le premier a rapidement \u00e9t\u00e9 mis hors de cause. \u00a0Le second, suspect\u00e9 d\u2019avoir frapp\u00e9 la victime \u00e0 l\u2019aide <strong>d\u2019un couteau de cuisine<\/strong>, a \u00e9t\u00e9 plac\u00e9 en garde \u00e0 vue. Il s\u2019agirait <strong>d\u2019un \u00e9tranger<\/strong> de 17 ans, <strong>en situation irr\u00e9guli\u00e8re<\/strong> sur le territoire fran\u00e7ais. D\u00e9f\u00e9r\u00e9 au parquet, il a \u00e9t\u00e9 mis en examen <strong>pour tentative d\u2019homicide<\/strong> et incarc\u00e9r\u00e9 \u00e0 la maison d\u2019arr\u00eat de Brest.<\/p>\n<p style=\"text-align: justify;\">Le bless\u00e9, qui avait \u00e9t\u00e9 transport\u00e9 dans un \u00e9tat grave au centre hospitalier, serait, aujourd\u2019hui, hors de danger.<\/p>\n<p style=\"text-align: justify;\">Source : <a href=\"https:\/\/www.ouest-france.fr\/societe\/faits-divers\/info-ouest-france-un-jeune-homme-poignarde-dans-les-jardins-de-la-garenne-a-vannes-c7f84cea-9b71-11ef-ad61-4b47559018ee\">Ouest-France<\/a><\/p>\n","protected":false},"excerpt":{"rendered":"<p>Un homme d\u2019une vingtaine d\u2019ann\u00e9es a re\u00e7u un coup de couteau, jeudi 31 octobre, vers 23 h 40 dans les jardins de la Garenne \u00e0 Vannes (Morbihan). Un mineur, suspect\u00e9 d\u2019\u00eatre l\u2019auteur de cette agression, a \u00e9t\u00e9 interpell\u00e9 et plac\u00e9 en d\u00e9tention provisoire. Un jeune homme d\u2019une vingtaine d\u2019ann\u00e9es a \u00e9t\u00e9 poignard\u00e9, dans les jardins [&hellip;]<\/p>\n","protected":false},"author":1,"featured_media":2743,"comment_status":"open","ping_status":"open","sticky":false,"template":"","format":"standard","meta":{"sb_editor_width":"","footnotes":""},"categories":[31,33,40,62],"tags":[],"class_list":["post-2742","post","type-post","status-publish","format-standard","has-post-thumbnail","hentry","category-agression","category-immigration","category-morbihan","category-revue-de-presse"],"relative_dates":{"created":"1 an ago","modified":"1 an ago"},"yoast_head":"<!-- This site is optimized with the Yoast SEO plugin v26.3 - https:\/\/yoast.com\/wordpress\/plugins\/seo\/ -->\n<title>Vannes : un jeune homme poignard\u00e9, un migrant clandestin de 17 ans \u00e9crou\u00e9 pour tentative de meurtre - STOURM<\/title>\n<meta name=\"robots\" content=\"index, follow, max-snippet:-1, max-image-preview:large, max-video-preview:-1\" \/>\n<link rel=\"canonical\" href=\"https:\/\/stourm.news\/?p=2742\" \/>\n<meta property=\"og:locale\" content=\"fr_FR\" \/>\n<meta property=\"og:type\" content=\"article\" \/>\n<meta property=\"og:title\" content=\"Vannes : un jeune homme poignard\u00e9, un migrant clandestin de 17 ans \u00e9crou\u00e9 pour tentative de meurtre - STOURM\" \/>\n<meta property=\"og:description\" content=\"Un homme d\u2019une vingtaine d\u2019ann\u00e9es a re\u00e7u un coup de couteau, jeudi 31 octobre, vers 23 h 40 dans les jardins de la Garenne \u00e0 Vannes (Morbihan). Un mineur, suspect\u00e9 d\u2019\u00eatre l\u2019auteur de cette agression, a \u00e9t\u00e9 interpell\u00e9 et plac\u00e9 en d\u00e9tention provisoire. Un jeune homme d\u2019une vingtaine d\u2019ann\u00e9es a \u00e9t\u00e9 poignard\u00e9, dans les jardins [&hellip;]\" \/>\n<meta property=\"og:url\" content=\"https:\/\/stourm.news\/?p=2742\" \/>\n<meta property=\"og:site_name\" content=\"STOURM\" \/>\n<meta property=\"article:publisher\" content=\"https:\/\/www.facebook.com\/stourmnews\/\" \/>\n<meta property=\"article:published_time\" content=\"2024-11-05T14:21:55+00:00\" \/>\n<meta property=\"article:modified_time\" content=\"2024-11-05T14:22:04+00:00\" \/>\n<meta property=\"og:image\" content=\"https:\/\/stourm.news\/wp-content\/uploads\/2024\/11\/AdobeStock_377844150-1-scaled-1.jpg\" \/>\n\t<meta property=\"og:image:width\" content=\"2560\" \/>\n\t<meta property=\"og:image:height\" content=\"1705\" \/>\n\t<meta property=\"og:image:type\" content=\"image\/jpeg\" \/>\n<meta name=\"author\" content=\"La r\u00e9daction\" \/>\n<meta name=\"twitter:card\" content=\"summary_large_image\" \/>\n<meta name=\"twitter:label1\" content=\"\u00c9crit par\" \/>\n\t<meta name=\"twitter:data1\" content=\"La r\u00e9daction\" \/>\n\t<meta name=\"twitter:label2\" content=\"Dur\u00e9e de lecture estim\u00e9e\" \/>\n\t<meta name=\"twitter:data2\" content=\"2 minutes\" \/>\n<script type=\"application\/ld+json\" class=\"yoast-schema-graph\">{\"@context\":\"https:\/\/schema.org\",\"@graph\":[{\"@type\":\"Article\",\"@id\":\"https:\/\/stourm.news\/?p=2742#article\",\"isPartOf\":{\"@id\":\"https:\/\/stourm.news\/?p=2742\"},\"author\":{\"name\":\"La r\u00e9daction\",\"@id\":\"https:\/\/stourm.news\/#\/schema\/person\/c3e1dc65988632e190969234ef046cf9\"},\"headline\":\"Vannes : un jeune homme poignard\u00e9, un migrant clandestin de 17 ans \u00e9crou\u00e9 pour tentative de meurtre\",\"datePublished\":\"2024-11-05T14:21:55+00:00\",\"dateModified\":\"2024-11-05T14:22:04+00:00\",\"mainEntityOfPage\":{\"@id\":\"https:\/\/stourm.news\/?p=2742\"},\"wordCount\":265,\"commentCount\":0,\"publisher\":{\"@id\":\"https:\/\/stourm.news\/#organization\"},\"image\":{\"@id\":\"https:\/\/stourm.news\/?p=2742#primaryimage\"},\"thumbnailUrl\":\"https:\/\/stourm.news\/wp-content\/uploads\/2024\/11\/AdobeStock_377844150-1-scaled-1.jpg\",\"articleSection\":[\"Agression\",\"Immigration\",\"Morbihan\",\"Revue de presse\"],\"inLanguage\":\"fr-FR\",\"potentialAction\":[{\"@type\":\"CommentAction\",\"name\":\"Comment\",\"target\":[\"https:\/\/stourm.news\/?p=2742#respond\"]}]},{\"@type\":\"WebPage\",\"@id\":\"https:\/\/stourm.news\/?p=2742\",\"url\":\"https:\/\/stourm.news\/?p=2742\",\"name\":\"Vannes : un jeune homme poignard\u00e9, un migrant clandestin de 17 ans \u00e9crou\u00e9 pour tentative de meurtre - STOURM\",\"isPartOf\":{\"@id\":\"https:\/\/stourm.news\/#website\"},\"primaryImageOfPage\":{\"@id\":\"https:\/\/stourm.news\/?p=2742#primaryimage\"},\"image\":{\"@id\":\"https:\/\/stourm.news\/?p=2742#primaryimage\"},\"thumbnailUrl\":\"https:\/\/stourm.news\/wp-content\/uploads\/2024\/11\/AdobeStock_377844150-1-scaled-1.jpg\",\"datePublished\":\"2024-11-05T14:21:55+00:00\",\"dateModified\":\"2024-11-05T14:22:04+00:00\",\"breadcrumb\":{\"@id\":\"https:\/\/stourm.news\/?p=2742#breadcrumb\"},\"inLanguage\":\"fr-FR\",\"potentialAction\":[{\"@type\":\"ReadAction\",\"target\":[\"https:\/\/stourm.news\/?p=2742\"]}]},{\"@type\":\"ImageObject\",\"inLanguage\":\"fr-FR\",\"@id\":\"https:\/\/stourm.news\/?p=2742#primaryimage\",\"url\":\"https:\/\/stourm.news\/wp-content\/uploads\/2024\/11\/AdobeStock_377844150-1-scaled-1.jpg\",\"contentUrl\":\"https:\/\/stourm.news\/wp-content\/uploads\/2024\/11\/AdobeStock_377844150-1-scaled-1.jpg\",\"width\":2560,\"height\":1705},{\"@type\":\"BreadcrumbList\",\"@id\":\"https:\/\/stourm.news\/?p=2742#breadcrumb\",\"itemListElement\":[{\"@type\":\"ListItem\",\"position\":1,\"name\":\"Accueil\",\"item\":\"https:\/\/stourm.news\/\"},{\"@type\":\"ListItem\",\"position\":2,\"name\":\"Vannes : un jeune homme poignard\u00e9, un migrant clandestin de 17 ans \u00e9crou\u00e9 pour tentative de meurtre\"}]},{\"@type\":\"WebSite\",\"@id\":\"https:\/\/stourm.news\/#website\",\"url\":\"https:\/\/stourm.news\/\",\"name\":\"Stourm\",\"description\":\"Kazetenn Strollad Broadel Breizh\",\"publisher\":{\"@id\":\"https:\/\/stourm.news\/#organization\"},\"potentialAction\":[{\"@type\":\"SearchAction\",\"target\":{\"@type\":\"EntryPoint\",\"urlTemplate\":\"https:\/\/stourm.news\/?s={search_term_string}\"},\"query-input\":{\"@type\":\"PropertyValueSpecification\",\"valueRequired\":true,\"valueName\":\"search_term_string\"}}],\"inLanguage\":\"fr-FR\"},{\"@type\":\"Organization\",\"@id\":\"https:\/\/stourm.news\/#organization\",\"name\":\"Stourm\",\"url\":\"https:\/\/stourm.news\/\",\"logo\":{\"@type\":\"ImageObject\",\"inLanguage\":\"fr-FR\",\"@id\":\"https:\/\/stourm.news\/#\/schema\/logo\/image\/\",\"url\":\"https:\/\/stourm.news\/wp-content\/uploads\/2025\/11\/cropped-Capture-decran-2025-11-28-a-15.19.07.png\",\"contentUrl\":\"https:\/\/stourm.news\/wp-content\/uploads\/2025\/11\/cropped-Capture-decran-2025-11-28-a-15.19.07.png\",\"width\":1855,\"height\":383,\"caption\":\"Stourm\"},\"image\":{\"@id\":\"https:\/\/stourm.news\/#\/schema\/logo\/image\/\"},\"sameAs\":[\"https:\/\/www.facebook.com\/stourmnews\/\"]},{\"@type\":\"Person\",\"@id\":\"https:\/\/stourm.news\/#\/schema\/person\/c3e1dc65988632e190969234ef046cf9\",\"name\":\"La r\u00e9daction\",\"image\":{\"@type\":\"ImageObject\",\"inLanguage\":\"fr-FR\",\"@id\":\"https:\/\/stourm.news\/#\/schema\/person\/image\/\",\"url\":\"https:\/\/secure.gravatar.com\/avatar\/7463443f194b6b5fb706b074ca0ef59a0cfcfd720cb47764b0ec5a952ce422b3?s=96&d=mm&r=g\",\"contentUrl\":\"https:\/\/secure.gravatar.com\/avatar\/7463443f194b6b5fb706b074ca0ef59a0cfcfd720cb47764b0ec5a952ce422b3?s=96&d=mm&r=g\",\"caption\":\"La r\u00e9daction\"},\"sameAs\":[\"https:\/\/stourm.news\"],\"url\":\"https:\/\/stourm.news\/?author=1\"}]}<\/script>\n<!-- \/ Yoast SEO plugin. -->","yoast_head_json":{"title":"Vannes : un jeune homme poignard\u00e9, un migrant clandestin de 17 ans \u00e9crou\u00e9 pour tentative de meurtre - STOURM","robots":{"index":"index","follow":"follow","max-snippet":"max-snippet:-1","max-image-preview":"max-image-preview:large","max-video-preview":"max-video-preview:-1"},"canonical":"https:\/\/stourm.news\/?p=2742","og_locale":"fr_FR","og_type":"article","og_title":"Vannes : un jeune homme poignard\u00e9, un migrant clandestin de 17 ans \u00e9crou\u00e9 pour tentative de meurtre - STOURM","og_description":"Un homme d\u2019une vingtaine d\u2019ann\u00e9es a re\u00e7u un coup de couteau, jeudi 31 octobre, vers 23 h 40 dans les jardins de la Garenne \u00e0 Vannes (Morbihan). Un mineur, suspect\u00e9 d\u2019\u00eatre l\u2019auteur de cette agression, a \u00e9t\u00e9 interpell\u00e9 et plac\u00e9 en d\u00e9tention provisoire. Un jeune homme d\u2019une vingtaine d\u2019ann\u00e9es a \u00e9t\u00e9 poignard\u00e9, dans les jardins [&hellip;]","og_url":"https:\/\/stourm.news\/?p=2742","og_site_name":"STOURM","article_publisher":"https:\/\/www.facebook.com\/stourmnews\/","article_published_time":"2024-11-05T14:21:55+00:00","article_modified_time":"2024-11-05T14:22:04+00:00","og_image":[{"width":2560,"height":1705,"url":"https:\/\/stourm.news\/wp-content\/uploads\/2024\/11\/AdobeStock_377844150-1-scaled-1.jpg","type":"image\/jpeg"}],"author":"La r\u00e9daction","twitter_card":"summary_large_image","twitter_misc":{"\u00c9crit par":"La r\u00e9daction","Dur\u00e9e de lecture estim\u00e9e":"2 minutes"},"schema":{"@context":"https:\/\/schema.org","@graph":[{"@type":"Article","@id":"https:\/\/stourm.news\/?p=2742#article","isPartOf":{"@id":"https:\/\/stourm.news\/?p=2742"},"author":{"name":"La r\u00e9daction","@id":"https:\/\/stourm.news\/#\/schema\/person\/c3e1dc65988632e190969234ef046cf9"},"headline":"Vannes : un jeune homme poignard\u00e9, un migrant clandestin de 17 ans \u00e9crou\u00e9 pour tentative de meurtre","datePublished":"2024-11-05T14:21:55+00:00","dateModified":"2024-11-05T14:22:04+00:00","mainEntityOfPage":{"@id":"https:\/\/stourm.news\/?p=2742"},"wordCount":265,"commentCount":0,"publisher":{"@id":"https:\/\/stourm.news\/#organization"},"image":{"@id":"https:\/\/stourm.news\/?p=2742#primaryimage"},"thumbnailUrl":"https:\/\/stourm.news\/wp-content\/uploads\/2024\/11\/AdobeStock_377844150-1-scaled-1.jpg","articleSection":["Agression","Immigration","Morbihan","Revue de presse"],"inLanguage":"fr-FR","potentialAction":[{"@type":"CommentAction","name":"Comment","target":["https:\/\/stourm.news\/?p=2742#respond"]}]},{"@type":"WebPage","@id":"https:\/\/stourm.news\/?p=2742","url":"https:\/\/stourm.news\/?p=2742","name":"Vannes : un jeune homme poignard\u00e9, un migrant clandestin de 17 ans \u00e9crou\u00e9 pour tentative de meurtre - STOURM","isPartOf":{"@id":"https:\/\/stourm.news\/#website"},"primaryImageOfPage":{"@id":"https:\/\/stourm.news\/?p=2742#primaryimage"},"image":{"@id":"https:\/\/stourm.news\/?p=2742#primaryimage"},"thumbnailUrl":"https:\/\/stourm.news\/wp-content\/uploads\/2024\/11\/AdobeStock_377844150-1-scaled-1.jpg","datePublished":"2024-11-05T14:21:55+00:00","dateModified":"2024-11-05T14:22:04+00:00","breadcrumb":{"@id":"https:\/\/stourm.news\/?p=2742#breadcrumb"},"inLanguage":"fr-FR","potentialAction":[{"@type":"ReadAction","target":["https:\/\/stourm.news\/?p=2742"]}]},{"@type":"ImageObject","inLanguage":"fr-FR","@id":"https:\/\/stourm.news\/?p=2742#primaryimage","url":"https:\/\/stourm.news\/wp-content\/uploads\/2024\/11\/AdobeStock_377844150-1-scaled-1.jpg","contentUrl":"https:\/\/stourm.news\/wp-content\/uploads\/2024\/11\/AdobeStock_377844150-1-scaled-1.jpg","width":2560,"height":1705},{"@type":"BreadcrumbList","@id":"https:\/\/stourm.news\/?p=2742#breadcrumb","itemListElement":[{"@type":"ListItem","position":1,"name":"Accueil","item":"https:\/\/stourm.news\/"},{"@type":"ListItem","position":2,"name":"Vannes : un jeune homme poignard\u00e9, un migrant clandestin de 17 ans \u00e9crou\u00e9 pour tentative de meurtre"}]},{"@type":"WebSite","@id":"https:\/\/stourm.news\/#website","url":"https:\/\/stourm.news\/","name":"Stourm","description":"Kazetenn Strollad Broadel Breizh","publisher":{"@id":"https:\/\/stourm.news\/#organization"},"potentialAction":[{"@type":"SearchAction","target":{"@type":"EntryPoint","urlTemplate":"https:\/\/stourm.news\/?s={search_term_string}"},"query-input":{"@type":"PropertyValueSpecification","valueRequired":true,"valueName":"search_term_string"}}],"inLanguage":"fr-FR"},{"@type":"Organization","@id":"https:\/\/stourm.news\/#organization","name":"Stourm","url":"https:\/\/stourm.news\/","logo":{"@type":"ImageObject","inLanguage":"fr-FR","@id":"https:\/\/stourm.news\/#\/schema\/logo\/image\/","url":"https:\/\/stourm.news\/wp-content\/uploads\/2025\/11\/cropped-Capture-decran-2025-11-28-a-15.19.07.png","contentUrl":"https:\/\/stourm.news\/wp-content\/uploads\/2025\/11\/cropped-Capture-decran-2025-11-28-a-15.19.07.png","width":1855,"height":383,"caption":"Stourm"},"image":{"@id":"https:\/\/stourm.news\/#\/schema\/logo\/image\/"},"sameAs":["https:\/\/www.facebook.com\/stourmnews\/"]},{"@type":"Person","@id":"https:\/\/stourm.news\/#\/schema\/person\/c3e1dc65988632e190969234ef046cf9","name":"La r\u00e9daction","image":{"@type":"ImageObject","inLanguage":"fr-FR","@id":"https:\/\/stourm.news\/#\/schema\/person\/image\/","url":"https:\/\/secure.gravatar.com\/avatar\/7463443f194b6b5fb706b074ca0ef59a0cfcfd720cb47764b0ec5a952ce422b3?s=96&d=mm&r=g","contentUrl":"https:\/\/secure.gravatar.com\/avatar\/7463443f194b6b5fb706b074ca0ef59a0cfcfd720cb47764b0ec5a952ce422b3?s=96&d=mm&r=g","caption":"La r\u00e9daction"},"sameAs":["https:\/\/stourm.news"],"url":"https:\/\/stourm.news\/?author=1"}]}},"_links":{"self":[{"href":"https:\/\/stourm.news\/index.php?rest_route=\/wp\/v2\/posts\/2742","targetHints":{"allow":["GET"]}}],"collection":[{"href":"https:\/\/stourm.news\/index.php?rest_route=\/wp\/v2\/posts"}],"about":[{"href":"https:\/\/stourm.news\/index.php?rest_route=\/wp\/v2\/types\/post"}],"author":[{"embeddable":true,"href":"https:\/\/stourm.news\/index.php?rest_route=\/wp\/v2\/users\/1"}],"replies":[{"embeddable":true,"href":"https:\/\/stourm.news\/index.php?rest_route=%2Fwp%2Fv2%2Fcomments&post=2742"}],"version-history":[{"count":1,"href":"https:\/\/stourm.news\/index.php?rest_route=\/wp\/v2\/posts\/2742\/revisions"}],"predecessor-version":[{"id":2744,"href":"https:\/\/stourm.news\/index.php?rest_route=\/wp\/v2\/posts\/2742\/revisions\/2744"}],"wp:featuredmedia":[{"embeddable":true,"href":"https:\/\/stourm.news\/index.php?rest_route=\/wp\/v2\/media\/2743"}],"wp:attachment":[{"href":"https:\/\/stourm.news\/index.php?rest_route=%2Fwp%2Fv2%2Fmedia&parent=2742"}],"wp:term":[{"taxonomy":"category","embeddable":true,"href":"https:\/\/stourm.news\/index.php?rest_route=%2Fwp%2Fv2%2Fcategories&post=2742"},{"taxonomy":"post_tag","embeddable":true,"href":"https:\/\/stourm.news\/index.php?rest_route=%2Fwp%2Fv2%2Ftags&post=2742"}],"curies":[{"name":"wp","href":"https:\/\/api.w.org\/{rel}","templated":true}]}}